{"id":24596,"date":"2025-12-18T20:08:44","date_gmt":"2025-12-18T19:08:44","guid":{"rendered":"https:\/\/veritasinfo.org\/?p=24596"},"modified":"2025-12-18T20:08:44","modified_gmt":"2025-12-18T19:08:44","slug":"trumpi-nuk-deshiron-ta-shohe-me-vuciqin-me-sy-analisti-serb-shpjegon-arsyet","status":"publish","type":"post","link":"https:\/\/veritasinfo.org\/?p=24596","title":{"rendered":"Trumpi nuk d\u00ebshiron ta shoh\u00eb m\u00eb Vu\u00e7iqin me sy\u201d \u2013 analisti serb shpjegon arsyet"},"content":{"rendered":"<p>Prishtin\u00eb 18 Dhjetor 2025 20:06<\/p>\n<p>Vendimi i kompanis\u00eb s\u00eb dh\u00ebndrit t\u00eb presidentit t\u00eb SHBA-s\u00eb, Donald Trump, p\u00ebr t&#8217;u t\u00ebrhequr nga projekti luksoz \u00ebsht\u00eb m\u00eb shum\u00eb se prov\u00eb e qart\u00eb se presidenti serb Aleksandar Vu\u00e7iq i ka shp\u00ebrdoruar t\u00eb gjitha shanset e tij me Uashingtonin.<\/p>\n<p>K\u00ebshtu s\u00eb paku vler\u00ebson analisti i politik\u00ebs s\u00eb jashtme, Boshko Jakshiq, shkruajn\u00eb mediat serbe.<\/p>\n<p>Madje Jakshiqi beson se n\u00eb fund t\u00eb fundit \u201cTrumpi nuk d\u00ebshiron ta shoh\u00eb m\u00eb Vu\u00e7iqin me sy\u201d.<\/p>\n<p>N\u00eb k\u00ebt\u00eb drejtim, ai thekson se nj\u00eb tjet\u00ebr p\u00ebrpjekje e Vu\u00e7iqit p\u00ebr t\u00eb riparuar marr\u00ebdh\u00ebniet e d\u00ebmtuara me Uashingtonin d\u00ebshtoi.<\/p>\n<p>P\u00ebr Jakshiqin, shpjegimi me t\u00eb cilin kompania e dh\u00ebndrit t\u00eb Donald Trump e braktisi projektin \u00ebsht\u00eb jasht\u00ebzakonisht i r\u00ebnd\u00ebsish\u00ebm.<\/p>\n<p>Kujtojm\u00eb se njoftimi p\u00ebr t\u00ebrheqjen e kompanis\u00eb s\u00eb Kushnerit u publikua m\u00eb 15 dhjetor &#8211; n\u00eb dit\u00ebn kur Prokuroria p\u00ebr Krim t\u00eb Organizuar n\u00eb Serbi ngriti aktakuz\u00eb ndaj ministrit serb t\u00eb Kultur\u00ebs, Nikolla Sellakoviq, p\u00ebr shkelje ligjore gjat\u00eb heqjes s\u00eb statusit t\u00eb monumentit kulturor ndaj nd\u00ebrtes\u00ebs s\u00eb Shtabit t\u00eb P\u00ebrgjithsh\u00ebm.<\/p>\n<p>Dhe n\u00eb nj\u00eb deklarat\u00eb me shkrim p\u00ebr Radion Evropa e Lir\u00eb, kompania investuese \u201cAffinity Partners\u201d tha se \u201cvizioni yn\u00eb p\u00ebr projektin n\u00eb Beograd ishte t\u00eb ofronim nj\u00eb dizajn elegant dhe frym\u00ebzues, q\u00eb pasqyronte p\u00ebrparimin e Serbis\u00eb\u201d.<\/p>\n<p>\u201cJemi krenar\u00eb p\u00ebr arkitektur\u00ebn q\u00eb ka krijuar ekipi yn\u00eb. Sepse, projektet me kuptim duhet t\u00eb bashkojn\u00eb, jo t\u00eb ndajn\u00eb, dhe nga respekti p\u00ebr popullin e Serbis\u00eb dhe p\u00ebr qytetin e Beogradit, ne po e t\u00ebrheqim aplikimin ton\u00eb dhe po e b\u00ebjm\u00eb nj\u00eb hap pas n\u00eb k\u00ebt\u00eb moment\u201d, thuhej n\u00eb deklarat\u00eb.<\/p>\n<p>Dhe Jakshiqi nuk ka dyshime se ky mesazh i d\u00ebrguar nga ana tjet\u00ebr e Atlantikut p\u00ebrputhet n\u00eb m\u00ebnyr\u00eb t\u00eb p\u00ebrkryer me rrjedhat e marr\u00ebdh\u00ebnieve amerikano-serbe n\u00eb koh\u00ebt e fundit.<\/p>\n<p>Ai kujton se ata ishin m\u00eb shum\u00eb se t\u00eb shqet\u00ebsuar nga sjellja e Vu\u00e7iqit n\u00eb maj t\u00eb k\u00ebtij viti, kur ai u p\u00ebrpoq t\u00eb hynte n\u00eb konvent\u00ebn republikane n\u00eb Florida.<\/p>\n<p>&#8220;Familja Trump, NIS-i dhe KE-ja\u201d &#8211; Vu\u00e7iqi mori tri goditje t\u00eb fuqishme brenda nj\u00eb muaji e gjysm\u00eb<\/p>\n<p>P\u00ebr t\u00eb kujtuar, presidenti i Serbis\u00eb shkoi p\u00ebr nj\u00eb vizit\u00eb n\u00eb SHBA pranver\u00ebn e kaluar, nga e cila u kthye pa planifikuar pas dy dit\u00ebsh, dhe si\u00e7 u njoftua n\u00eb at\u00eb koh\u00eb, p\u00ebr arsye sh\u00ebndet\u00ebsore.<\/p>\n<p>Sipas raporteve jozyrtare t\u00eb medias, Vu\u00e7iqi priste t\u00eb takohej me Trumpin n\u00eb takimin e republikan\u00ebve n\u00eb Florida, por kjo nuk ndodhi.<\/p>\n<p>&#8220;P\u00ebrshtypja ime \u00ebsht\u00eb se Donald Trump nuk d\u00ebshiron m\u00eb ta shoh\u00eb Aleksandar Vu\u00e7i\u00e7in me sy. Duket se Vu\u00e7iqi i ka shp\u00ebrdoruar shanset e tij me Trumpin, ashtu si\u00e7 i shp\u00ebrdoroi ato me Mosk\u00ebn dhe Bashkimin Evropian&#8221;, thekson Jakshiqi.<\/p>\n<p>Ai paralajm\u00ebron gjithashtu se amerikan\u00ebt nuk e falin faktin q\u00eb Vu\u00e7iqi u p\u00ebrpoq t&#8217;i p\u00ebrfshij\u00eb ata n\u00eb aferat e tij t\u00eb brendshme t\u00eb korrupsionit.<\/p>\n<p>Andaj, sipas mendimit t\u00eb tij, Vu\u00e7iqi praktikisht ia mbylli der\u00ebn vetes me Donald Trumpin.<\/p>\n<p>Duke komentuar se si ky episod i fundit n\u00eb marr\u00ebdh\u00ebniet serbo-amerikane mund t\u00eb reflektoj\u00eb n\u00eb historin\u00eb e sanksioneve amerikane kund\u00ebr Industris\u00eb Serbe t\u00eb Naft\u00ebs, Jakshiqi thekson se kjo \u00ebsht\u00eb vet\u00ebm nj\u00eb vazhdim i seris\u00eb s\u00eb aferave q\u00eb Vu\u00e7iqi b\u00ebri n\u00eb marr\u00ebdh\u00ebniet me amerikan\u00ebt.<\/p>\n<p>N\u00eb vendin ku gjendeshin nd\u00ebrtesat e Shtabit t\u00eb P\u00ebrgjithsh\u00ebm t\u00eb Ushtris\u00eb s\u00eb Jugosllavis\u00eb, t\u00eb shkat\u00ebrruara gjat\u00eb bombardimeve t\u00eb NATO-s m\u00eb 1999, kompania investuese \u201cAffinity Partners\u201d kishte planifikuar nj\u00eb kompleks banimi dhe biznesi me mark\u00ebn Trump.<\/p>\n<p>E Vu\u00e7iqi tha se p\u00ebr shkak t\u00eb \u201cgjuetis\u00eb s\u00eb shtrigave\u201d q\u00eb u b\u00eb ndaj investitorit dhe nd\u00ebrtimit, Serbia humbi nj\u00eb investim t\u00eb vlefsh\u00ebm prej s\u00eb paku 750 milion\u00eb eurosh.<\/p>\n<p>Ai faj\u00ebsoi Prokurorin\u00eb dhe \u201cbllokuesit\u201d &#8211; si\u00e7 i quan ai protestuesit antiqeveritar\u00eb q\u00eb protestojn\u00eb p\u00ebr m\u00eb shum\u00eb se nj\u00eb vit kund\u00ebr Qeveris\u00eb s\u00eb udh\u00ebhequr nga Partia P\u00ebrparimtare Serbe.<\/p>\n<p>\u201cPersonalisht, do t\u00eb kujdesem q\u00eb t\u00eb gjith\u00eb ata q\u00eb kan\u00eb kontribuuar n\u00eb shkaktimin e k\u00ebtij d\u00ebmi, t\u00eb p\u00ebrgjigjen\u201d, tha presidenti serb.<\/p>\n<p>Ai paralajm\u00ebroi se do t\u00eb \u201cparaqes\u00eb personalisht kall\u00ebzime penale\u201d kund\u00ebr \u201ct\u00eb gjith\u00eb atyre q\u00eb mor\u00ebn pjes\u00eb n\u00eb \u2018gjuetin\u00eb e shtrigave\u2019 dhe shkat\u00ebrrimin e investimit\u201d, duke i akuzuar p\u00ebr \u201cd\u00ebm ekonomik ndaj Serbis\u00eb\u201d.<\/p>\n<p>Ai i hodhi posht\u00eb akuzat p\u00ebr korrupsion n\u00eb k\u00ebt\u00eb projekt.<\/p>\n","protected":false},"excerpt":{"rendered":"<p>Prishtin\u00eb 18 Dhjetor 2025 20:06 Vendimi i kompanis\u00eb s\u00eb dh\u00ebndrit t\u00eb presidentit t\u00eb SHBA-s\u00eb, Donald Trump, p\u00ebr t&#8217;u t\u00ebrhequr nga projekti luksoz \u00ebsht\u00eb m\u00eb shum\u00eb<\/p>\n","protected":false},"author":6,"featured_media":24597,"comment_status":"open","ping_status":"open","sticky":false,"template":"","format":"standard","meta":{"footnotes":""},"categories":[58],"tags":[],"class_list":["post-24596","post","type-post","status-publish","format-standard","has-post-thumbnail","hentry","category-politike-sq"],"yoast_head":"<!-- This site is optimized with the Yoast SEO plugin v25.3.1 - https:\/\/yoast.com\/wordpress\/plugins\/seo\/ -->\n<title>Trumpi nuk d\u00ebshiron ta shoh\u00eb m\u00eb Vu\u00e7iqin me sy\u201d \u2013 analisti serb shpjegon arsyet -<\/title>\n<meta name=\"robots\" content=\"index, follow, max-snippet:-1, max-image-preview:large, max-video-preview:-1\" \/>\n<link rel=\"canonical\" href=\"https:\/\/veritasinfo.org\/?p=24596\" \/>\n<meta property=\"og:locale\" content=\"en_US\" \/>\n<meta property=\"og:type\" content=\"article\" \/>\n<meta property=\"og:title\" content=\"Trumpi nuk d\u00ebshiron ta shoh\u00eb m\u00eb Vu\u00e7iqin me sy\u201d \u2013 analisti serb shpjegon arsyet -\" \/>\n<meta property=\"og:description\" content=\"Prishtin\u00eb 18 Dhjetor 2025 20:06 Vendimi i kompanis\u00eb s\u00eb dh\u00ebndrit t\u00eb presidentit t\u00eb SHBA-s\u00eb, Donald Trump, p\u00ebr t&#8217;u t\u00ebrhequr nga projekti luksoz \u00ebsht\u00eb m\u00eb shum\u00eb\" \/>\n<meta property=\"og:url\" content=\"https:\/\/veritasinfo.org\/?p=24596\" \/>\n<meta property=\"article:published_time\" content=\"2025-12-18T19:08:44+00:00\" \/>\n<meta property=\"og:image\" content=\"https:\/\/veritasinfo.org\/wp-content\/uploads\/2025\/12\/auto_image_11766056228.webp\" \/>\n\t<meta property=\"og:image:width\" content=\"1245\" \/>\n\t<meta property=\"og:image:height\" content=\"700\" \/>\n\t<meta property=\"og:image:type\" content=\"image\/webp\" \/>\n<meta name=\"author\" content=\"US5\" \/>\n<meta name=\"twitter:card\" content=\"summary_large_image\" \/>\n<meta name=\"twitter:label1\" content=\"Written by\" \/>\n\t<meta name=\"twitter:data1\" content=\"US5\" \/>\n<script type=\"application\/ld+json\" class=\"yoast-schema-graph\">{\"@context\":\"https:\/\/schema.org\",\"@graph\":[{\"@type\":\"WebPage\",\"@id\":\"https:\/\/veritasinfo.org\/?p=24596\",\"url\":\"https:\/\/veritasinfo.org\/?p=24596\",\"name\":\"Trumpi nuk d\u00ebshiron ta shoh\u00eb m\u00eb Vu\u00e7iqin me sy\u201d \u2013 analisti serb shpjegon arsyet -\",\"isPartOf\":{\"@id\":\"https:\/\/veritasinfo.org\/#website\"},\"primaryImageOfPage\":{\"@id\":\"https:\/\/veritasinfo.org\/?p=24596#primaryimage\"},\"image\":{\"@id\":\"https:\/\/veritasinfo.org\/?p=24596#primaryimage\"},\"thumbnailUrl\":\"https:\/\/veritasinfo.org\/wp-content\/uploads\/2025\/12\/auto_image_11766056228.webp\",\"datePublished\":\"2025-12-18T19:08:44+00:00\",\"author\":{\"@id\":\"https:\/\/veritasinfo.org\/#\/schema\/person\/bc442336e35414d04494ab8fb45db4c6\"},\"breadcrumb\":{\"@id\":\"https:\/\/veritasinfo.org\/?p=24596#breadcrumb\"},\"inLanguage\":\"en-US\",\"potentialAction\":[{\"@type\":\"ReadAction\",\"target\":[\"https:\/\/veritasinfo.org\/?p=24596\"]}]},{\"@type\":\"ImageObject\",\"inLanguage\":\"en-US\",\"@id\":\"https:\/\/veritasinfo.org\/?p=24596#primaryimage\",\"url\":\"https:\/\/veritasinfo.org\/wp-content\/uploads\/2025\/12\/auto_image_11766056228.webp\",\"contentUrl\":\"https:\/\/veritasinfo.org\/wp-content\/uploads\/2025\/12\/auto_image_11766056228.webp\",\"width\":1245,\"height\":700},{\"@type\":\"BreadcrumbList\",\"@id\":\"https:\/\/veritasinfo.org\/?p=24596#breadcrumb\",\"itemListElement\":[{\"@type\":\"ListItem\",\"position\":1,\"name\":\"Home\",\"item\":\"https:\/\/veritasinfo.org\/\"},{\"@type\":\"ListItem\",\"position\":2,\"name\":\"Trumpi nuk d\u00ebshiron ta shoh\u00eb m\u00eb Vu\u00e7iqin me sy\u201d \u2013 analisti serb shpjegon arsyet\"}]},{\"@type\":\"WebSite\",\"@id\":\"https:\/\/veritasinfo.org\/#website\",\"url\":\"https:\/\/veritasinfo.org\/\",\"name\":\"\",\"description\":\"\",\"potentialAction\":[{\"@type\":\"SearchAction\",\"target\":{\"@type\":\"EntryPoint\",\"urlTemplate\":\"https:\/\/veritasinfo.org\/?s={search_term_string}\"},\"query-input\":{\"@type\":\"PropertyValueSpecification\",\"valueRequired\":true,\"valueName\":\"search_term_string\"}}],\"inLanguage\":\"en-US\"},{\"@type\":\"Person\",\"@id\":\"https:\/\/veritasinfo.org\/#\/schema\/person\/bc442336e35414d04494ab8fb45db4c6\",\"name\":\"US5\",\"image\":{\"@type\":\"ImageObject\",\"inLanguage\":\"en-US\",\"@id\":\"https:\/\/veritasinfo.org\/#\/schema\/person\/image\/\",\"url\":\"https:\/\/secure.gravatar.com\/avatar\/16a61e7272a0c5d001121ebb9e60e925d5816e4ac1e443ed3e640d9a6ae55d0c?s=96&d=mm&r=g\",\"contentUrl\":\"https:\/\/secure.gravatar.com\/avatar\/16a61e7272a0c5d001121ebb9e60e925d5816e4ac1e443ed3e640d9a6ae55d0c?s=96&d=mm&r=g\",\"caption\":\"US5\"},\"url\":\"https:\/\/veritasinfo.org\/?author=6\"}]}<\/script>\n<!-- \/ Yoast SEO plugin. -->","yoast_head_json":{"title":"Trumpi nuk d\u00ebshiron ta shoh\u00eb m\u00eb Vu\u00e7iqin me sy\u201d \u2013 analisti serb shpjegon arsyet -","robots":{"index":"index","follow":"follow","max-snippet":"max-snippet:-1","max-image-preview":"max-image-preview:large","max-video-preview":"max-video-preview:-1"},"canonical":"https:\/\/veritasinfo.org\/?p=24596","og_locale":"en_US","og_type":"article","og_title":"Trumpi nuk d\u00ebshiron ta shoh\u00eb m\u00eb Vu\u00e7iqin me sy\u201d \u2013 analisti serb shpjegon arsyet -","og_description":"Prishtin\u00eb 18 Dhjetor 2025 20:06 Vendimi i kompanis\u00eb s\u00eb dh\u00ebndrit t\u00eb presidentit t\u00eb SHBA-s\u00eb, Donald Trump, p\u00ebr t&#8217;u t\u00ebrhequr nga projekti luksoz \u00ebsht\u00eb m\u00eb shum\u00eb","og_url":"https:\/\/veritasinfo.org\/?p=24596","article_published_time":"2025-12-18T19:08:44+00:00","og_image":[{"width":1245,"height":700,"url":"https:\/\/veritasinfo.org\/wp-content\/uploads\/2025\/12\/auto_image_11766056228.webp","type":"image\/webp"}],"author":"US5","twitter_card":"summary_large_image","twitter_misc":{"Written by":"US5"},"schema":{"@context":"https:\/\/schema.org","@graph":[{"@type":"WebPage","@id":"https:\/\/veritasinfo.org\/?p=24596","url":"https:\/\/veritasinfo.org\/?p=24596","name":"Trumpi nuk d\u00ebshiron ta shoh\u00eb m\u00eb Vu\u00e7iqin me sy\u201d \u2013 analisti serb shpjegon arsyet -","isPartOf":{"@id":"https:\/\/veritasinfo.org\/#website"},"primaryImageOfPage":{"@id":"https:\/\/veritasinfo.org\/?p=24596#primaryimage"},"image":{"@id":"https:\/\/veritasinfo.org\/?p=24596#primaryimage"},"thumbnailUrl":"https:\/\/veritasinfo.org\/wp-content\/uploads\/2025\/12\/auto_image_11766056228.webp","datePublished":"2025-12-18T19:08:44+00:00","author":{"@id":"https:\/\/veritasinfo.org\/#\/schema\/person\/bc442336e35414d04494ab8fb45db4c6"},"breadcrumb":{"@id":"https:\/\/veritasinfo.org\/?p=24596#breadcrumb"},"inLanguage":"en-US","potentialAction":[{"@type":"ReadAction","target":["https:\/\/veritasinfo.org\/?p=24596"]}]},{"@type":"ImageObject","inLanguage":"en-US","@id":"https:\/\/veritasinfo.org\/?p=24596#primaryimage","url":"https:\/\/veritasinfo.org\/wp-content\/uploads\/2025\/12\/auto_image_11766056228.webp","contentUrl":"https:\/\/veritasinfo.org\/wp-content\/uploads\/2025\/12\/auto_image_11766056228.webp","width":1245,"height":700},{"@type":"BreadcrumbList","@id":"https:\/\/veritasinfo.org\/?p=24596#breadcrumb","itemListElement":[{"@type":"ListItem","position":1,"name":"Home","item":"https:\/\/veritasinfo.org\/"},{"@type":"ListItem","position":2,"name":"Trumpi nuk d\u00ebshiron ta shoh\u00eb m\u00eb Vu\u00e7iqin me sy\u201d \u2013 analisti serb shpjegon arsyet"}]},{"@type":"WebSite","@id":"https:\/\/veritasinfo.org\/#website","url":"https:\/\/veritasinfo.org\/","name":"","description":"","potentialAction":[{"@type":"SearchAction","target":{"@type":"EntryPoint","urlTemplate":"https:\/\/veritasinfo.org\/?s={search_term_string}"},"query-input":{"@type":"PropertyValueSpecification","valueRequired":true,"valueName":"search_term_string"}}],"inLanguage":"en-US"},{"@type":"Person","@id":"https:\/\/veritasinfo.org\/#\/schema\/person\/bc442336e35414d04494ab8fb45db4c6","name":"US5","image":{"@type":"ImageObject","inLanguage":"en-US","@id":"https:\/\/veritasinfo.org\/#\/schema\/person\/image\/","url":"https:\/\/secure.gravatar.com\/avatar\/16a61e7272a0c5d001121ebb9e60e925d5816e4ac1e443ed3e640d9a6ae55d0c?s=96&d=mm&r=g","contentUrl":"https:\/\/secure.gravatar.com\/avatar\/16a61e7272a0c5d001121ebb9e60e925d5816e4ac1e443ed3e640d9a6ae55d0c?s=96&d=mm&r=g","caption":"US5"},"url":"https:\/\/veritasinfo.org\/?author=6"}]}},"featured_image_urls":{"full":["https:\/\/veritasinfo.org\/wp-content\/uploads\/2025\/12\/auto_image_11766056228.webp",1245,700,false],"thumbnail":["https:\/\/veritasinfo.org\/wp-content\/uploads\/2025\/12\/auto_image_11766056228-150x150.webp",150,150,true],"medium":["https:\/\/veritasinfo.org\/wp-content\/uploads\/2025\/12\/auto_image_11766056228-300x169.webp",300,169,true],"medium_large":["https:\/\/veritasinfo.org\/wp-content\/uploads\/2025\/12\/auto_image_11766056228-768x432.webp",640,360,true],"large":["https:\/\/veritasinfo.org\/wp-content\/uploads\/2025\/12\/auto_image_11766056228-1024x576.webp",640,360,true],"1536x1536":["https:\/\/veritasinfo.org\/wp-content\/uploads\/2025\/12\/auto_image_11766056228.webp",1245,700,false],"2048x2048":["https:\/\/veritasinfo.org\/wp-content\/uploads\/2025\/12\/auto_image_11766056228.webp",1245,700,false],"kreeti-slider-full":["https:\/\/veritasinfo.org\/wp-content\/uploads\/2025\/12\/auto_image_11766056228.webp",1245,700,false],"kreeti-featured":["https:\/\/veritasinfo.org\/wp-content\/uploads\/2025\/12\/auto_image_11766056228.webp",1024,576,false],"kreeti-medium":["https:\/\/veritasinfo.org\/wp-content\/uploads\/2025\/12\/auto_image_11766056228.webp",720,405,false],"kreeti-medium-square":["https:\/\/veritasinfo.org\/wp-content\/uploads\/2025\/12\/auto_image_11766056228.webp",350,197,false]},"author_info":{"info":["US5"]},"category_info":"<a href=\"https:\/\/veritasinfo.org\/?cat=58\" rel=\"category\">Politik\u00eb<\/a>","tag_info":"Politik\u00eb","comment_count":"0","_links":{"self":[{"href":"https:\/\/veritasinfo.org\/index.php?rest_route=\/wp\/v2\/posts\/24596","targetHints":{"allow":["GET"]}}],"collection":[{"href":"https:\/\/veritasinfo.org\/index.php?rest_route=\/wp\/v2\/posts"}],"about":[{"href":"https:\/\/veritasinfo.org\/index.php?rest_route=\/wp\/v2\/types\/post"}],"author":[{"embeddable":true,"href":"https:\/\/veritasinfo.org\/index.php?rest_route=\/wp\/v2\/users\/6"}],"replies":[{"embeddable":true,"href":"https:\/\/veritasinfo.org\/index.php?rest_route=%2Fwp%2Fv2%2Fcomments&post=24596"}],"version-history":[{"count":1,"href":"https:\/\/veritasinfo.org\/index.php?rest_route=\/wp\/v2\/posts\/24596\/revisions"}],"predecessor-version":[{"id":24598,"href":"https:\/\/veritasinfo.org\/index.php?rest_route=\/wp\/v2\/posts\/24596\/revisions\/24598"}],"wp:featuredmedia":[{"embeddable":true,"href":"https:\/\/veritasinfo.org\/index.php?rest_route=\/wp\/v2\/media\/24597"}],"wp:attachment":[{"href":"https:\/\/veritasinfo.org\/index.php?rest_route=%2Fwp%2Fv2%2Fmedia&parent=24596"}],"wp:term":[{"taxonomy":"category","embeddable":true,"href":"https:\/\/veritasinfo.org\/index.php?rest_route=%2Fwp%2Fv2%2Fcategories&post=24596"},{"taxonomy":"post_tag","embeddable":true,"href":"https:\/\/veritasinfo.org\/index.php?rest_route=%2Fwp%2Fv2%2Ftags&post=24596"}],"curies":[{"name":"wp","href":"https:\/\/api.w.org\/{rel}","templated":true}]}}