{"id":24582,"date":"2025-12-18T18:19:48","date_gmt":"2025-12-18T17:19:48","guid":{"rendered":"https:\/\/veritasinfo.org\/?p=24582"},"modified":"2025-12-18T18:19:48","modified_gmt":"2025-12-18T17:19:48","slug":"hapet-drejtoria-e-re-e-policise-kufitare-ne-leposaviq","status":"publish","type":"post","link":"https:\/\/veritasinfo.org\/?p=24582","title":{"rendered":"Hapet Drejtoria e re e Policis\u00eb Kufitare n\u00eb Leposaviq"},"content":{"rendered":"<p>Prishtin\u00eb, 18 Dhjetor 2025, 18:03<\/p>\n<p>Sot n\u00eb Leposaviq u hap Drejtoria e Policis\u00eb Kufitare p\u00ebr veri, e vendosur n\u00eb nd\u00ebrtes\u00ebn ku kan\u00eb qen\u00eb t\u00eb vendosura strukturat paralele serbe, dhe n\u00eb ngjarje mori pjes\u00eb ministri n\u00eb detyr\u00eb i Pun\u00ebve t\u00eb Brendshme, Xhelal Sve\u00e7la, i cili deklaroi se hapja e k\u00ebtij objekti nuk \u00ebsht\u00eb nj\u00eb fushat\u00eb parazgjedhore, pavar\u00ebsisht se ndodh menj\u00ebher\u00eb n\u00eb fillim t\u00eb saj.<\/p>\n<p>Ministria e Pun\u00ebve t\u00eb Brendshme e Kosov\u00ebs ka b\u00ebr\u00eb t\u00eb ditur se Policia e Kosov\u00ebs po zgjeron kapacitetet e saj me themelimin e Drejtoris\u00eb s\u00eb Kat\u00ebrt Rajonale t\u00eb Policis\u00eb Kufitare, dhe se oficer\u00ebt kufitar\u00eb t\u00eb Drejtoris\u00eb Rajonale t\u00eb Policis\u00eb Kufitare Veriore sot kan\u00eb filluar pun\u00ebn n\u00eb ambientet e reja n\u00eb Leposaviq.<\/p>\n<p>Sipas ministrit Sve\u00e7la, drejtorija e re n\u00eb zon\u00ebn e p\u00ebrgjegj\u00ebsis\u00eb mbulon territorin e komunave De\u00e7an, Pej\u00eb, Istog, Zubin Potok, Leposaviq, Zve\u00e7an, Mitrovic\u00eb, Vushtrri dhe Skenderaj, dhe q\u00ebllimi i formimit t\u00eb saj \u00ebsht\u00eb forcimi i siguris\u00eb kufitare dhe zbatimi m\u00eb efikas i ligjit n\u00eb parandalimin e krimit nd\u00ebrkufitar.<\/p>\n<p>Sve\u00e7la deklaroi p\u00ebr gazetar\u00ebt se b\u00ebhet fjal\u00eb p\u00ebr p\u00ebrmir\u00ebsimin e pun\u00ebs s\u00eb policis\u00eb dhe kushteve p\u00ebr punonj\u00ebsit e saj.<\/p>\n<p>&#8220;Kjo nuk \u00ebsht\u00eb nj\u00eb fushat\u00eb parazgjedhore. Sot hapim drejtorin\u00eb e re t\u00eb policis\u00eb kufitare p\u00ebr veri. Po p\u00ebrmir\u00ebsojm\u00eb kushtet e pun\u00ebs p\u00ebr polic\u00ebt tan\u00eb q\u00eb jan\u00eb t\u00eb ngarkuar me mbik\u00ebqyrjen e kufirit dhe detyrat e tjera q\u00eb kan\u00eb si polic\u00eb kufitar\u00eb&#8221;, tha Sve\u00e7la.<\/p>\n<p>Ai sqaroi se p\u00ebr nevojat e drejtoris\u00eb s\u00eb re po p\u00ebrdoret nj\u00eb pjes\u00eb e nd\u00ebrtes\u00ebs, rreth nj\u00eb kat e gjysm\u00eb i nd\u00ebrtes\u00ebs, dhe se punonj\u00ebsit e policis\u00eb jan\u00eb tashm\u00eb vendosur dhe kryejn\u00eb aktivisht detyrat e tyre.<\/p>\n","protected":false},"excerpt":{"rendered":"<p>Prishtin\u00eb, 18 Dhjetor 2025, 18:03 Sot n\u00eb Leposaviq u hap Drejtoria e Policis\u00eb Kufitare p\u00ebr veri, e vendosur n\u00eb nd\u00ebrtes\u00ebn ku kan\u00eb qen\u00eb t\u00eb vendosura<\/p>\n","protected":false},"author":6,"featured_media":24579,"comment_status":"open","ping_status":"open","sticky":false,"template":"","format":"standard","meta":{"footnotes":""},"categories":[60],"tags":[],"class_list":["post-24582","post","type-post","status-publish","format-standard","has-post-thumbnail","hentry","category-shoqerore-sq"],"yoast_head":"<!-- This site is optimized with the Yoast SEO plugin v25.3.1 - https:\/\/yoast.com\/wordpress\/plugins\/seo\/ -->\n<title>Hapet Drejtoria e re e Policis\u00eb Kufitare n\u00eb Leposaviq -<\/title>\n<meta name=\"robots\" content=\"index, follow, max-snippet:-1, max-image-preview:large, max-video-preview:-1\" \/>\n<link rel=\"canonical\" href=\"https:\/\/veritasinfo.org\/?p=24582\" \/>\n<meta property=\"og:locale\" content=\"en_US\" \/>\n<meta property=\"og:type\" content=\"article\" \/>\n<meta property=\"og:title\" content=\"Hapet Drejtoria e re e Policis\u00eb Kufitare n\u00eb Leposaviq -\" \/>\n<meta property=\"og:description\" content=\"Prishtin\u00eb, 18 Dhjetor 2025, 18:03 Sot n\u00eb Leposaviq u hap Drejtoria e Policis\u00eb Kufitare p\u00ebr veri, e vendosur n\u00eb nd\u00ebrtes\u00ebn ku kan\u00eb qen\u00eb t\u00eb vendosura\" \/>\n<meta property=\"og:url\" content=\"https:\/\/veritasinfo.org\/?p=24582\" \/>\n<meta property=\"article:published_time\" content=\"2025-12-18T17:19:48+00:00\" \/>\n<meta property=\"og:image\" content=\"https:\/\/veritasinfo.org\/wp-content\/uploads\/2025\/12\/597380252_1408694314600174_7866389865178936503_n-1536x864-1.jpg\" \/>\n\t<meta property=\"og:image:width\" content=\"1536\" \/>\n\t<meta property=\"og:image:height\" content=\"864\" \/>\n\t<meta property=\"og:image:type\" content=\"image\/jpeg\" \/>\n<meta name=\"author\" content=\"US5\" \/>\n<meta name=\"twitter:card\" content=\"summary_large_image\" \/>\n<meta name=\"twitter:label1\" content=\"Written by\" \/>\n\t<meta name=\"twitter:data1\" content=\"US5\" \/>\n<script type=\"application\/ld+json\" class=\"yoast-schema-graph\">{\"@context\":\"https:\/\/schema.org\",\"@graph\":[{\"@type\":\"WebPage\",\"@id\":\"https:\/\/veritasinfo.org\/?p=24582\",\"url\":\"https:\/\/veritasinfo.org\/?p=24582\",\"name\":\"Hapet Drejtoria e re e Policis\u00eb Kufitare n\u00eb Leposaviq -\",\"isPartOf\":{\"@id\":\"https:\/\/veritasinfo.org\/#website\"},\"primaryImageOfPage\":{\"@id\":\"https:\/\/veritasinfo.org\/?p=24582#primaryimage\"},\"image\":{\"@id\":\"https:\/\/veritasinfo.org\/?p=24582#primaryimage\"},\"thumbnailUrl\":\"https:\/\/veritasinfo.org\/wp-content\/uploads\/2025\/12\/597380252_1408694314600174_7866389865178936503_n-1536x864-1.jpg\",\"datePublished\":\"2025-12-18T17:19:48+00:00\",\"author\":{\"@id\":\"https:\/\/veritasinfo.org\/#\/schema\/person\/bc442336e35414d04494ab8fb45db4c6\"},\"breadcrumb\":{\"@id\":\"https:\/\/veritasinfo.org\/?p=24582#breadcrumb\"},\"inLanguage\":\"en-US\",\"potentialAction\":[{\"@type\":\"ReadAction\",\"target\":[\"https:\/\/veritasinfo.org\/?p=24582\"]}]},{\"@type\":\"ImageObject\",\"inLanguage\":\"en-US\",\"@id\":\"https:\/\/veritasinfo.org\/?p=24582#primaryimage\",\"url\":\"https:\/\/veritasinfo.org\/wp-content\/uploads\/2025\/12\/597380252_1408694314600174_7866389865178936503_n-1536x864-1.jpg\",\"contentUrl\":\"https:\/\/veritasinfo.org\/wp-content\/uploads\/2025\/12\/597380252_1408694314600174_7866389865178936503_n-1536x864-1.jpg\",\"width\":1536,\"height\":864},{\"@type\":\"BreadcrumbList\",\"@id\":\"https:\/\/veritasinfo.org\/?p=24582#breadcrumb\",\"itemListElement\":[{\"@type\":\"ListItem\",\"position\":1,\"name\":\"Home\",\"item\":\"https:\/\/veritasinfo.org\/\"},{\"@type\":\"ListItem\",\"position\":2,\"name\":\"Hapet Drejtoria e re e Policis\u00eb Kufitare n\u00eb Leposaviq\"}]},{\"@type\":\"WebSite\",\"@id\":\"https:\/\/veritasinfo.org\/#website\",\"url\":\"https:\/\/veritasinfo.org\/\",\"name\":\"\",\"description\":\"\",\"potentialAction\":[{\"@type\":\"SearchAction\",\"target\":{\"@type\":\"EntryPoint\",\"urlTemplate\":\"https:\/\/veritasinfo.org\/?s={search_term_string}\"},\"query-input\":{\"@type\":\"PropertyValueSpecification\",\"valueRequired\":true,\"valueName\":\"search_term_string\"}}],\"inLanguage\":\"en-US\"},{\"@type\":\"Person\",\"@id\":\"https:\/\/veritasinfo.org\/#\/schema\/person\/bc442336e35414d04494ab8fb45db4c6\",\"name\":\"US5\",\"image\":{\"@type\":\"ImageObject\",\"inLanguage\":\"en-US\",\"@id\":\"https:\/\/veritasinfo.org\/#\/schema\/person\/image\/\",\"url\":\"https:\/\/secure.gravatar.com\/avatar\/16a61e7272a0c5d001121ebb9e60e925d5816e4ac1e443ed3e640d9a6ae55d0c?s=96&d=mm&r=g\",\"contentUrl\":\"https:\/\/secure.gravatar.com\/avatar\/16a61e7272a0c5d001121ebb9e60e925d5816e4ac1e443ed3e640d9a6ae55d0c?s=96&d=mm&r=g\",\"caption\":\"US5\"},\"url\":\"https:\/\/veritasinfo.org\/?author=6\"}]}<\/script>\n<!-- \/ Yoast SEO plugin. -->","yoast_head_json":{"title":"Hapet Drejtoria e re e Policis\u00eb Kufitare n\u00eb Leposaviq -","robots":{"index":"index","follow":"follow","max-snippet":"max-snippet:-1","max-image-preview":"max-image-preview:large","max-video-preview":"max-video-preview:-1"},"canonical":"https:\/\/veritasinfo.org\/?p=24582","og_locale":"en_US","og_type":"article","og_title":"Hapet Drejtoria e re e Policis\u00eb Kufitare n\u00eb Leposaviq -","og_description":"Prishtin\u00eb, 18 Dhjetor 2025, 18:03 Sot n\u00eb Leposaviq u hap Drejtoria e Policis\u00eb Kufitare p\u00ebr veri, e vendosur n\u00eb nd\u00ebrtes\u00ebn ku kan\u00eb qen\u00eb t\u00eb vendosura","og_url":"https:\/\/veritasinfo.org\/?p=24582","article_published_time":"2025-12-18T17:19:48+00:00","og_image":[{"width":1536,"height":864,"url":"https:\/\/veritasinfo.org\/wp-content\/uploads\/2025\/12\/597380252_1408694314600174_7866389865178936503_n-1536x864-1.jpg","type":"image\/jpeg"}],"author":"US5","twitter_card":"summary_large_image","twitter_misc":{"Written by":"US5"},"schema":{"@context":"https:\/\/schema.org","@graph":[{"@type":"WebPage","@id":"https:\/\/veritasinfo.org\/?p=24582","url":"https:\/\/veritasinfo.org\/?p=24582","name":"Hapet Drejtoria e re e Policis\u00eb Kufitare n\u00eb Leposaviq -","isPartOf":{"@id":"https:\/\/veritasinfo.org\/#website"},"primaryImageOfPage":{"@id":"https:\/\/veritasinfo.org\/?p=24582#primaryimage"},"image":{"@id":"https:\/\/veritasinfo.org\/?p=24582#primaryimage"},"thumbnailUrl":"https:\/\/veritasinfo.org\/wp-content\/uploads\/2025\/12\/597380252_1408694314600174_7866389865178936503_n-1536x864-1.jpg","datePublished":"2025-12-18T17:19:48+00:00","author":{"@id":"https:\/\/veritasinfo.org\/#\/schema\/person\/bc442336e35414d04494ab8fb45db4c6"},"breadcrumb":{"@id":"https:\/\/veritasinfo.org\/?p=24582#breadcrumb"},"inLanguage":"en-US","potentialAction":[{"@type":"ReadAction","target":["https:\/\/veritasinfo.org\/?p=24582"]}]},{"@type":"ImageObject","inLanguage":"en-US","@id":"https:\/\/veritasinfo.org\/?p=24582#primaryimage","url":"https:\/\/veritasinfo.org\/wp-content\/uploads\/2025\/12\/597380252_1408694314600174_7866389865178936503_n-1536x864-1.jpg","contentUrl":"https:\/\/veritasinfo.org\/wp-content\/uploads\/2025\/12\/597380252_1408694314600174_7866389865178936503_n-1536x864-1.jpg","width":1536,"height":864},{"@type":"BreadcrumbList","@id":"https:\/\/veritasinfo.org\/?p=24582#breadcrumb","itemListElement":[{"@type":"ListItem","position":1,"name":"Home","item":"https:\/\/veritasinfo.org\/"},{"@type":"ListItem","position":2,"name":"Hapet Drejtoria e re e Policis\u00eb Kufitare n\u00eb Leposaviq"}]},{"@type":"WebSite","@id":"https:\/\/veritasinfo.org\/#website","url":"https:\/\/veritasinfo.org\/","name":"","description":"","potentialAction":[{"@type":"SearchAction","target":{"@type":"EntryPoint","urlTemplate":"https:\/\/veritasinfo.org\/?s={search_term_string}"},"query-input":{"@type":"PropertyValueSpecification","valueRequired":true,"valueName":"search_term_string"}}],"inLanguage":"en-US"},{"@type":"Person","@id":"https:\/\/veritasinfo.org\/#\/schema\/person\/bc442336e35414d04494ab8fb45db4c6","name":"US5","image":{"@type":"ImageObject","inLanguage":"en-US","@id":"https:\/\/veritasinfo.org\/#\/schema\/person\/image\/","url":"https:\/\/secure.gravatar.com\/avatar\/16a61e7272a0c5d001121ebb9e60e925d5816e4ac1e443ed3e640d9a6ae55d0c?s=96&d=mm&r=g","contentUrl":"https:\/\/secure.gravatar.com\/avatar\/16a61e7272a0c5d001121ebb9e60e925d5816e4ac1e443ed3e640d9a6ae55d0c?s=96&d=mm&r=g","caption":"US5"},"url":"https:\/\/veritasinfo.org\/?author=6"}]}},"featured_image_urls":{"full":["https:\/\/veritasinfo.org\/wp-content\/uploads\/2025\/12\/597380252_1408694314600174_7866389865178936503_n-1536x864-1.jpg",1536,864,false],"thumbnail":["https:\/\/veritasinfo.org\/wp-content\/uploads\/2025\/12\/597380252_1408694314600174_7866389865178936503_n-1536x864-1-150x150.jpg",150,150,true],"medium":["https:\/\/veritasinfo.org\/wp-content\/uploads\/2025\/12\/597380252_1408694314600174_7866389865178936503_n-1536x864-1-300x169.jpg",300,169,true],"medium_large":["https:\/\/veritasinfo.org\/wp-content\/uploads\/2025\/12\/597380252_1408694314600174_7866389865178936503_n-1536x864-1-768x432.jpg",640,360,true],"large":["https:\/\/veritasinfo.org\/wp-content\/uploads\/2025\/12\/597380252_1408694314600174_7866389865178936503_n-1536x864-1-1024x576.jpg",640,360,true],"1536x1536":["https:\/\/veritasinfo.org\/wp-content\/uploads\/2025\/12\/597380252_1408694314600174_7866389865178936503_n-1536x864-1.jpg",1536,864,false],"2048x2048":["https:\/\/veritasinfo.org\/wp-content\/uploads\/2025\/12\/597380252_1408694314600174_7866389865178936503_n-1536x864-1.jpg",1536,864,false],"kreeti-slider-full":["https:\/\/veritasinfo.org\/wp-content\/uploads\/2025\/12\/597380252_1408694314600174_7866389865178936503_n-1536x864-1.jpg",1280,720,false],"kreeti-featured":["https:\/\/veritasinfo.org\/wp-content\/uploads\/2025\/12\/597380252_1408694314600174_7866389865178936503_n-1536x864-1.jpg",1024,576,false],"kreeti-medium":["https:\/\/veritasinfo.org\/wp-content\/uploads\/2025\/12\/597380252_1408694314600174_7866389865178936503_n-1536x864-1.jpg",720,405,false],"kreeti-medium-square":["https:\/\/veritasinfo.org\/wp-content\/uploads\/2025\/12\/597380252_1408694314600174_7866389865178936503_n-1536x864-1.jpg",350,197,false]},"author_info":{"info":["US5"]},"category_info":"<a href=\"https:\/\/veritasinfo.org\/?cat=60\" rel=\"category\">Shoq\u00ebrore<\/a>","tag_info":"Shoq\u00ebrore","comment_count":"0","_links":{"self":[{"href":"https:\/\/veritasinfo.org\/index.php?rest_route=\/wp\/v2\/posts\/24582","targetHints":{"allow":["GET"]}}],"collection":[{"href":"https:\/\/veritasinfo.org\/index.php?rest_route=\/wp\/v2\/posts"}],"about":[{"href":"https:\/\/veritasinfo.org\/index.php?rest_route=\/wp\/v2\/types\/post"}],"author":[{"embeddable":true,"href":"https:\/\/veritasinfo.org\/index.php?rest_route=\/wp\/v2\/users\/6"}],"replies":[{"embeddable":true,"href":"https:\/\/veritasinfo.org\/index.php?rest_route=%2Fwp%2Fv2%2Fcomments&post=24582"}],"version-history":[{"count":1,"href":"https:\/\/veritasinfo.org\/index.php?rest_route=\/wp\/v2\/posts\/24582\/revisions"}],"predecessor-version":[{"id":24583,"href":"https:\/\/veritasinfo.org\/index.php?rest_route=\/wp\/v2\/posts\/24582\/revisions\/24583"}],"wp:featuredmedia":[{"embeddable":true,"href":"https:\/\/veritasinfo.org\/index.php?rest_route=\/wp\/v2\/media\/24579"}],"wp:attachment":[{"href":"https:\/\/veritasinfo.org\/index.php?rest_route=%2Fwp%2Fv2%2Fmedia&parent=24582"}],"wp:term":[{"taxonomy":"category","embeddable":true,"href":"https:\/\/veritasinfo.org\/index.php?rest_route=%2Fwp%2Fv2%2Fcategories&post=24582"},{"taxonomy":"post_tag","embeddable":true,"href":"https:\/\/veritasinfo.org\/index.php?rest_route=%2Fwp%2Fv2%2Ftags&post=24582"}],"curies":[{"name":"wp","href":"https:\/\/api.w.org\/{rel}","templated":true}]}}