{"id":24550,"date":"2025-12-18T15:44:24","date_gmt":"2025-12-18T14:44:24","guid":{"rendered":"https:\/\/veritasinfo.org\/?p=24550"},"modified":"2025-12-18T15:44:24","modified_gmt":"2025-12-18T14:44:24","slug":"armet-kineze-dominojne-tregun-ushtarak-te-serbise","status":"publish","type":"post","link":"https:\/\/veritasinfo.org\/?p=24550","title":{"rendered":"Arm\u00ebt kineze dominojn\u00eb tregun ushtarak t\u00eb Serbis\u00eb"},"content":{"rendered":"<p>Prishtin\u00eb 18 Dhjetor 2025 15:41<\/p>\n<p>Pas \u201cMig\u201d-\u00ebve rus\u00eb dhe \u201cRafale\u201d-ve franceze, Serbia po kthehet te dron\u00ebt dhe sistemet kineze kund\u00ebrajrore (PVO).<\/p>\n<p>Gjat\u00eb dy vjet\u00ebve t\u00eb fundit, industria serbe e arm\u00ebve ka importuar nga Kina mallra me vler\u00eb rreth 240 milion\u00eb euro.<\/p>\n<p>T\u00eb dh\u00ebnat doganore, n\u00eb t\u00eb cilat ka pasur qasje Radio Evropa e Lir\u00eb, p\u00ebrfshijn\u00eb vitin 2024 dhe periudh\u00ebn deri n\u00eb qershor 2025.<\/p>\n<p>Ministria e Mbrojtjes e Serbis\u00eb nuk i \u00ebsht\u00eb p\u00ebrgjigjur pyetjes s\u00eb REL-it se \u00e7far\u00eb i \u00ebsht\u00eb paguar Kin\u00ebs.<\/p>\n<p>Zyrtar\u00ebt serb\u00eb, gjithashtu, nuk kan\u00eb promovuar blerje t\u00eb m\u00ebdha nga Kina, andaj nuk \u00ebsht\u00eb e qart\u00eb n\u00ebse b\u00ebhet fjal\u00eb p\u00ebr arm\u00eb t\u00eb reja apo pagesa p\u00ebr porosi t\u00eb m\u00ebparshme.<\/p>\n<p>Sipas t\u00eb dh\u00ebnave t\u00eb Institutit Nd\u00ebrkomb\u00ebtar p\u00ebr K\u00ebrkime mbi Paqen (SIPRI) n\u00eb Stokholm, gjat\u00eb vitit 2024 nuk \u00ebsht\u00eb raportuar p\u00ebr blerje t\u00eb armatimit nga Kina.<\/p>\n<p>Nga viti 2020 deri m\u00eb 2024, Serbia ka importuar pjes\u00ebn m\u00eb t\u00eb madhe t\u00eb arm\u00ebve nga Kina (57%), pastaj nga Rusia (20%) dhe Franca (7.4%).<\/p>\n<p>Sipas Katarina Gjokiqit, hulumtuese n\u00eb SIPRI, instituti u jep arm\u00ebve nj\u00eb \u201cvler\u00eb ushtarake\u201d bazuar n\u00eb karakteristikat teknike dhe taktike.<\/p>\n<p>\u201cEdhe gjat\u00eb pes\u00eb vjet\u00ebve t\u00eb fundit, p\u00ebr shkak t\u00eb furnizimit me sistemet PVO, me distanc\u00eb mesatare FK-3, q\u00eb kan\u00eb nj\u00eb vler\u00eb relativisht t\u00eb madhe krahasuar me arm\u00ebt e tjera t\u00eb siguruara n\u00eb t\u00eb nj\u00ebjt\u00ebn periudh\u00eb, Kina duket si eksportuesja kryesore e arm\u00ebve, pra si vendi kryesor nga i cili Serbia importon armatim\u201d, thot\u00eb Gjokiq.<\/p>\n<p>Megjithat\u00eb, shton se imazhi i importit t\u00eb arm\u00ebve n\u00eb Serbi \u00ebsht\u00eb kompleks, sepse ka tendenc\u00eb q\u00eb t\u00eb blihen arm\u00eb nga vende t\u00eb ndryshme.<\/p>\n<p>\u201cN\u00eb vitet e ardhshme, n\u00ebse dor\u00ebzohen ato q\u00eb jan\u00eb konfirmuar ose porositur, Franca, e ndoshta edhe Izraeli, do t\u00eb mund t\u00eb marrin rolin kryesor, p\u00ebrpara Kin\u00ebs\u201d, thot\u00eb Gjokiq p\u00ebr Radion Evropa e Lir\u00eb.Serbia \u00ebsht\u00eb vend kandidat p\u00ebr an\u00ebtar\u00ebsim n\u00eb Bashkimin Evropian dhe \u00ebsht\u00eb deklaruar neutrale ushtarakisht, por vazhdon t\u00eb forcoj\u00eb \u201cmiq\u00ebsin\u00eb e hekurt\u201d me Kin\u00ebn p\u00ebrmes bashk\u00ebpunimit ushtarak.<\/p>\n<p>Ajo \u00ebsht\u00eb b\u00ebr\u00eb vendi i par\u00eb evropian q\u00eb ka bler\u00eb dron\u00ebt kinez\u00eb CH-92 dhe CH-95, si dhe sistemet PVO FK-3 dhe HQ-17.<\/p>\n<p>\u201cNuk ka t\u00eb dh\u00ebna t\u00eb besueshme, sepse Serbia nuk e ka publikuar kurr\u00eb zyrtarisht numrin e sistemeve t\u00eb armatimit dhe t\u00eb pajisjeve ushtarake q\u00eb i kan\u00eb mb\u00ebrritur nga Kina\u201d, thot\u00eb Gjokiq.<\/p>\n<p>\u201cNe mund t\u00eb mb\u00ebshtetemi vet\u00ebm n\u00eb ato q\u00eb jan\u00eb b\u00ebr\u00eb publike deri tani\u201d, shton ajo.<\/p>\n<p>Ligj\u00ebrisht, Serbia \u00ebsht\u00eb e detyruar t\u00eb publikoj\u00eb raporte vjetore p\u00ebr importin dhe eksportin e arm\u00ebve, por k\u00ebto t\u00eb dh\u00ebna jan\u00eb publikuar p\u00ebr her\u00eb t\u00eb fundit p\u00ebr vitin 2022.<\/p>\n<p>Serbia \u2013 p\u00ebrve\u00e7 Bjellorusis\u00eb dhe Rusis\u00eb \u2013 \u00ebsht\u00eb i vetmi vend evropian q\u00eb importon sasi t\u00eb m\u00ebdha arm\u00ebsh dhe pajisjesh ushtarake nga Kina, pavar\u00ebsisht paralajm\u00ebrimeve nga Brukseli dhe Uashingtoni.<\/p>\n<p>Ndikimi kinez p\u00ebrmes furnizimit me arm\u00eb dhe ushtrimeve t\u00eb p\u00ebrbashk\u00ebta ushtarake \u00ebsht\u00eb p\u00ebrmendur edhe gjat\u00eb nj\u00eb debati p\u00ebr Ballkanin Per\u00ebndimor, q\u00eb \u00ebsht\u00eb zhvilluar m\u00eb her\u00ebt k\u00ebt\u00eb muaj n\u00eb Komitetin e Politik\u00ebs s\u00eb Jashtme t\u00eb Dhom\u00ebs s\u00eb P\u00ebrfaq\u00ebsuesve t\u00eb SHBA-s\u00eb.<\/p>\n<p>Armatimi kinez n\u00eb Serbi \u2013 \u00e7far\u00eb dihet?<\/p>\n<p>Sipas t\u00eb dh\u00ebnave nga SIPRI, Serbia ka siguruar furnizime t\u00eb m\u00ebdha arm\u00ebsh nga Kina gjat\u00eb periudh\u00ebs 2019-2023.<\/p>\n<p>Ky institut mbledh informacione nga burime zyrtare t\u00eb \u00e7do vendi, si dhe nga Regjistri i Armatimit Konvencional t\u00eb Kombeve t\u00eb Bashkuara (UNROCA).<\/p>\n<p>N\u00eb vitin 2019, Serbia ka porositur gjasht\u00eb dron\u00eb CH-92 dhe 50 raketa FT-8 t\u00eb prodhuara n\u00eb Kin\u00eb.<\/p>\n<p>Droni CH-92 p\u00ebrdoret p\u00ebr mbledhjen e t\u00eb dh\u00ebnave inteligjente, mbik\u00ebqyrje dhe sulme t\u00eb sakta ndaj objektivave tok\u00ebsore.K\u00ebto pajisje jan\u00eb dor\u00ebzuar n\u00eb vitin 2020.<\/p>\n<p>Po at\u00eb vit, sipas vler\u00ebsimeve t\u00eb SIPRI-t, Serbia ka porositur tri sisteme PVO HQ-22 me 300 raketa, t\u00eb cilat jan\u00eb dor\u00ebzuar gjat\u00eb viteve 2022 dhe 2023.<\/p>\n<p>Varianti p\u00ebr eksport i k\u00ebtij sistemi, i njohur si FK-3, ka nj\u00eb distanc\u00eb mesatare veprimi prej 100 kilometrash dhe i \u00ebsht\u00eb prezantuar publikut n\u00eb prill t\u00eb vitit 2022, n\u00eb aeroportin ushtarak Batajnica, pran\u00eb Beogradit.<\/p>\n<p>N\u00eb vitin 2022, Serbia ka bler\u00eb gjithashtu 10 dron\u00eb kinez\u00eb CH-95 p\u00ebr mbik\u00ebqyrje dhe misione luftarake, t\u00eb cil\u00ebt jan\u00eb dor\u00ebzuar at\u00eb vit dhe gjat\u00eb vitit 2023.<\/p>\n<p>K\u00ebta dron\u00eb jan\u00eb prezantuar publikisht gjat\u00eb demonstrimit t\u00eb pajisjeve t\u00eb reja t\u00eb Ushtris\u00eb s\u00eb Serbis\u00eb n\u00eb prill t\u00eb viti 2023.<\/p>\n<p>Sipas t\u00eb dh\u00ebnave t\u00eb SIPRI-t, Serbia, n\u00eb vitin 2023, ka bler\u00eb edhe kat\u00ebr sisteme PVO HQ-17A me 100 raketa p\u00ebrkat\u00ebse, t\u00eb cilat jan\u00eb dor\u00ebzuar n\u00eb vitin pasues.<\/p>\n<p>Ky sistem \u00ebsht\u00eb integruar n\u00eb arsenalin e Ushtris\u00eb s\u00eb Serbis\u00eb n\u00eb vitin 2024 dhe \u00ebsht\u00eb prezantuar n\u00eb parad\u00ebn ushtarake \u201cZastava 2024\u201d, n\u00eb shtator t\u00eb po atij viti.<\/p>\n<p>T\u00eb dh\u00ebna p\u00ebr \u00e7mimin e k\u00ebtyre blerjeve nga Kina nuk jan\u00eb publikuar.<\/p>\n<p>Paralajm\u00ebrimi nga Uashingtoni<\/p>\n<p>Gjat\u00eb nj\u00eb diskutimi p\u00ebr Ballkanin Per\u00ebndimor n\u00eb Komitetin e Politik\u00ebs s\u00eb Jashtme t\u00eb Dhom\u00ebs s\u00eb P\u00ebrfaq\u00ebsuesve t\u00eb SHBA-s\u00eb, m\u00eb 3 dhjetor, \u00ebsht\u00eb vler\u00ebsuar se Rusia dhe Kina kontribuojn\u00eb n\u00eb destabilizimin e vendeve t\u00eb rajonit.<\/p>\n<p>Republikani Keith Self tha se kund\u00ebrshtar\u00ebt e Amerik\u00ebs i shfryt\u00ebzojn\u00eb n\u00eb m\u00ebnyr\u00eb aktive dob\u00ebsit\u00eb, p\u00ebr t\u00eb zhvilluar nj\u00eb luft\u00eb hibride q\u00eb rrit paq\u00ebndrueshm\u00ebrin\u00eb e rajonit.<\/p>\n<p>Ai shtoi se Kina p\u00ebrdor ndikimin e saj duke kryer ushtrime ushtarake dhe duke d\u00ebrguar arm\u00eb n\u00eb Serbi, si dhe duke b\u00ebr\u00eb marr\u00ebveshje ekonomike n\u00eb t\u00eb gjith\u00eb rajonin p\u00ebrmes nj\u00eb strategjie q\u00eb synon t\u00eb konsolidoj\u00eb ndikimin e saj dhe t\u00eb shfryt\u00ebzoj\u00eb korrupsionin n\u00eb Ballkanin Per\u00ebndimor.<br \/>\nDisa media kan\u00eb spekuluar se Serbia mund t\u00eb ket\u00eb bler\u00eb edhe nj\u00eb tjet\u00ebr sistem kinez t\u00eb mbrojtjes ajrore, HQ-9, duke u bazuar tek uljet e avion\u00ebve transportues t\u00eb forcave ajrore egjiptiane, n\u00eb korrik dhe gusht, n\u00eb aeroportin ushtarak t\u00eb Batajnic\u00ebs, pran\u00eb Beogradit.<\/p>\n<p>Kjo m\u00ebnyr\u00eb \u00ebsht\u00eb p\u00ebrdorur edhe m\u00eb par\u00eb p\u00ebr t\u00eb sjell\u00eb arm\u00eb kineze n\u00eb Serbi.<\/p>\n<p>Megjithat\u00eb, n\u00eb k\u00ebta avion\u00eb mund t\u00eb jen\u00eb transportuar edhe arm\u00eb t\u00eb porositura m\u00eb par\u00eb, t\u00eb cilat tashm\u00eb jan\u00eb t\u00eb njohura.<\/p>\n<p>N\u00eb t\u00eb gjitha bazat e hapura t\u00eb t\u00eb dh\u00ebnave ushtarake, Serbia nuk figuron si p\u00ebrdoruese e sistemit HQ-9, i cili ka nj\u00eb rreze mbi 200 kilometra dhe deri tani \u00ebsht\u00eb bler\u00eb nga Pakistani, Egjipti, Maroku, Uzbekistani dhe Turkmenistani.<\/p>\n<p>Radio Evropa e Lir\u00eb ka konfirmuar se m\u00eb 24 tetor, nj\u00eb avion transportues ushtarak i Egjiptit \u00ebsht\u00eb ngritur nga Egjipti, por para se t\u2019i afrohej hap\u00ebsir\u00ebs ajrore kineze, ka fikur pajisjen e identifikimit.<\/p>\n<p>I nj\u00ebjti avion \u00ebsht\u00eb ngritur nga Kina kat\u00ebr dit\u00eb m\u00eb von\u00eb dhe \u00ebsht\u00eb ulur n\u00eb baz\u00ebn ajrore ushtarake Al Minhad pran\u00eb Dubait n\u00eb Emiratet e Bashkuara Arabe.<\/p>\n<p>M\u00eb pas, m\u00eb 29 tetor, avioni \u00ebsht\u00eb ulur n\u00eb aeroportin ushtarak t\u00eb Batajnic\u00ebs.<\/p>\n<p>Ministria e Mbrojtjes e Serbis\u00eb nuk i \u00ebsht\u00eb p\u00ebrgjigjur k\u00ebrkes\u00ebs s\u00eb Radios Evropa e Lir\u00eb p\u00ebr t\u00eb konfirmuar ose mohuar blerjen e HQ-9. Ngjash\u00ebm, as Ambasada kineze nuk ka dh\u00ebn\u00eb p\u00ebrgjigje.<br \/>\nGjokiq nga SIPRI shpjegon se p\u00ebr sistemet ajrore t\u00eb mbrojtjes (PVO), Serbia p\u00ebrfiton nga fakti q\u00eb ato bazohen n\u00eb teknologji sovjetike dhe ruse. Kjo, sipas saj, e b\u00ebn m\u00eb t\u00eb leht\u00eb trajnimin e personelit dhe integrimin e sistemeve n\u00eb Ushtrin\u00eb e Serbis\u00eb.<\/p>\n<p>Sa u p\u00ebrket dron\u00ebve, motivi fillestar ka qen\u00eb mund\u00ebsia e transferimit t\u00eb teknologjis\u00eb p\u00ebr zhvillimin e dronit vendas \u201cPegaz\u201d nga Instituti Ushtarak Teknik i Serbis\u00eb.<\/p>\n<p>Gjat\u00eb blerjes s\u00eb dron\u00ebve kinez\u00eb CH-92, Serbia ka punuar me partner\u00ebt kinez\u00eb p\u00ebr t\u00eb zhvilluar \u201cPegaz\u201d-in, i cili mund t\u00eb p\u00ebrdor\u00eb raketa me udh\u00ebzues lazer. Ky dron \u00ebsht\u00eb prezantuar p\u00ebr her\u00eb t\u00eb par\u00eb n\u00eb publik n\u00eb prill t\u00eb vitit 2022, gjat\u00eb parad\u00ebs ushtarake \u201cSHTIT 2022\u201d n\u00eb Batajnic\u00eb.<\/p>\n<p>Ministri i Mbrojtjes i Serbis\u00eb, Bratisllav Gashiq, ka paralajm\u00ebruar gjithashtu se Serbia dhe Kina do t\u00eb bashk\u00ebpunojn\u00eb n\u00eb transferimin e teknologjis\u00eb dhe forcimin e lidhjeve mes industrive t\u00eb mbrojtjes.<\/p>\n<p>\u00c7mimi luan nj\u00eb rol t\u00eb madh n\u00eb t\u00ebrheqjen e armatimit kinez, thot\u00eb Gjokiq, dhe gjithashtu mund t\u00eb ndihmoj\u00eb n\u00eb mbajtjen e raporteve t\u00eb mira politike me Kin\u00ebn.<\/p>\n<p>P\u00ebr m\u00eb tep\u00ebr, Kina, thot\u00eb ajo, nuk vendos kushte politike q\u00eb mund ta b\u00ebjn\u00eb nj\u00eb bler\u00ebs t\u00eb ndjesh\u00ebm, si\u00e7 ndodh shpesh me Shtetet e Bashkuara.<br \/>\nPse nga Kina dhe pse dron\u00eb e sisteme PVO?<br \/>\nDyshime p\u00ebr blerjen e sistemit HQ-9. Serbia nuk mund t\u00eb blej\u00eb arm\u00eb t\u00eb m\u00ebdha nga SHBA-ja, sepse ato u shiten vet\u00ebm aleat\u00ebve dhe partner\u00ebve\u201d, thot\u00eb Gjokiq.<\/p>\n<p>Presidenti i Serbis\u00eb, Aleksandar Vu\u00e7iq, i ka mbrojtur blerjet kineze. N\u00eb prill t\u00eb vitit 2022, ai ka th\u00ebn\u00eb se blerja e sistemit FK-3 \u00ebsht\u00eb legjitime, plot\u00ebsisht e rregullt dhe transparente.<\/p>\n<p>Mund\u00ebsit\u00eb p\u00ebr blerje t\u00eb reja<\/p>\n<p>Vu\u00e7iq ka marr\u00eb pjes\u00eb n\u00eb nj\u00eb parad\u00eb ushtarake n\u00eb Pekin m\u00eb 3 shtator. Aty ka th\u00ebn\u00eb se ka v\u00ebzhguar se \u201c\u00e7far\u00eb do t\u00eb ishte interesante p\u00ebr t\u2019u bler\u00eb p\u00ebr Ushtrin\u00eb e Serbis\u00eb\u201d.<\/p>\n<p>Po sipas tij, zyrtar\u00ebt serb\u00eb kan\u00eb biseduar me p\u00ebrfaq\u00ebsues t\u00eb m\u00eb shum\u00eb se dhjet\u00eb kompanive ushtarake kineze, por nuk jan\u00eb dh\u00ebn\u00eb detaje t\u00eb m\u00ebtejshme.<\/p>\n<p>Vu\u00e7iq ka th\u00ebn\u00eb se Serbia nuk ka interesim p\u00ebr raketa balistike dhe hipersonike kineze, por se Kina ofron avion\u00eb shum\u00ebfunksional\u00eb t\u00eb avancuar dhe helikopter\u00eb modern\u00eb.<\/p>\n<p>Ministria e Mbrojtjes e Serbis\u00eb nuk u \u00ebsht\u00eb p\u00ebrgjigjur pyetjeve t\u00eb Radios Evropa e Lir\u00eb n\u00ebse jan\u00eb planifikuar blerje t\u00eb reja t\u00eb arm\u00ebve kineze dhe \u00e7far\u00eb mund t\u00eb p\u00ebrfshihet n\u00eb ato blerje.<\/p>\n<p>As Ambasada e Kin\u00ebs n\u00eb Beograd nuk u \u00ebsht\u00eb p\u00ebrgjigjur k\u00ebtyre pyetjeve.<\/p>\n<p>\u00c7far\u00eb tregon forcimi i bashk\u00ebpunimit ushtarak me Kin\u00ebn?<\/p>\n<p>P\u00ebrve\u00e7se Kina \u00ebsht\u00eb partnerja kryesore e Serbis\u00eb n\u00eb fush\u00ebn e sistemeve t\u00eb mbrojtjes ajrore dhe dron\u00ebve, dy vendet kan\u00eb \u201ckuror\u00ebzuar\u201d bashk\u00ebpunimin ushtarak edhe me nj\u00eb st\u00ebrvitje t\u00eb p\u00ebrbashk\u00ebt.<\/p>\n<p>Q\u00ebllimi i k\u00ebsaj st\u00ebrvitjeje dhjet\u00ebditore t\u00eb nj\u00ebsive speciale, e cila \u00ebsht\u00eb mbajtur n\u00eb provinc\u00ebn kineze Hebej gjat\u00eb gjysm\u00ebs s\u00eb dyt\u00eb t\u00eb korrikut, ishte fokusi n\u00eb taktikat e p\u00ebrdorimit t\u00eb dron\u00ebve.<\/p>\n<p>Kjo st\u00ebrvitje \u00ebsht\u00eb zhvilluar pavar\u00ebsisht paralajm\u00ebrimeve nga Brukseli ndaj Serbis\u00eb.<\/p>\n<p>Serbia \u00ebsht\u00eb vendi i vet\u00ebm n\u00eb Ballkanin Per\u00ebndimor q\u00eb, si kandidate p\u00ebr an\u00ebtar\u00ebsim n\u00eb BE, pajis ushtrin\u00eb e saj me arm\u00eb kineze.<\/p>\n<p>Gjokiq thot\u00eb se vendet e tjera t\u00eb Ballkanit Per\u00ebndimor jan\u00eb kryesisht an\u00ebtare t\u00eb NATO-s dhe nuk shpenzojn\u00eb aq shum\u00eb p\u00ebr mbrojtje.<\/p>\n<p>\u201cAto kan\u00eb gjithashtu ambicie m\u00eb t\u00eb vogla p\u00ebr blerjen e arm\u00ebve dhe pajisjeve ushtarake\u201d, thot\u00eb ajo.<\/p>\n<p>Sipas t\u00eb dh\u00ebnave t\u00eb SIPRI-t, Serbia \u00ebsht\u00eb vendi n\u00eb Ballkanin Per\u00ebndimor q\u00eb ka shpenzuar m\u00eb s\u00eb shumti p\u00ebr ushtrin\u00eb gjat\u00eb pes\u00eb vjet\u00ebve t\u00eb fundit.Gjokiq shton se Shqip\u00ebria, Maqedonia e Veriut dhe Mali i Zi kan\u00eb objektiva shum\u00eb t\u00eb qarta p\u00ebr blerjet ushtarake, t\u00eb cilat kryesisht p\u00ebrfshijn\u00eb arm\u00eb t\u00eb k\u00ebmb\u00ebsoris\u00eb ose helikopter\u00eb q\u00eb mund t\u00eb p\u00ebrdoren edhe p\u00ebr q\u00ebllime civile.<\/p>\n<p>\u201cAto kan\u00eb ambicie m\u00eb t\u00eb vogla, disponojn\u00eb opsione q\u00eb Serbia nuk i ka dhe nuk duan t\u00eb blejn\u00eb nga Kina, sepse Kina \u00ebsht\u00eb rival strategjik i aleatit t\u00eb tyre kryesor\u201d, thot\u00eb Gjokiq.<\/p>\n<p>Ajo kujton se SHBA-ja e konsideron Kin\u00ebn si rival strategjik, prandaj vendet q\u00eb jan\u00eb aleate t\u00eb SHBA-s\u00eb, pjes\u00eb e NATO-s ose me marr\u00ebdh\u00ebnie t\u00eb mira partneriteti, nuk duan t\u00eb blejn\u00eb arm\u00eb kineze.<\/p>\n<p>\u201cDo t\u00eb ishte e v\u00ebshtir\u00eb q\u00eb Serbia t\u00eb mund t\u00eb blinte arm\u00eb nga SHBA-ja \u2013 gj\u00eb q\u00eb an\u00ebtar\u00ebt e NATO-s zakonisht mund ta b\u00ebjn\u00eb\u201d, shton Gjokiq.<\/p>\n<p>Sipas saj, vendet e tjera n\u00eb rajon blejn\u00eb arm\u00eb edhe nga Turqia, e cila \u00ebsht\u00eb gjithashtu an\u00ebtare e NATO-s.<\/p>\n<p>Vite m\u00eb par\u00eb, autoritetet e Serbis\u00eb kan\u00eb shprehur interesim p\u00ebr blerjen e dron\u00ebve turq Bayraktar TB-2, por kjo blerje nuk \u00ebsht\u00eb realizuar. <\/p>\n","protected":false},"excerpt":{"rendered":"<p>Prishtin\u00eb 18 Dhjetor 2025 15:41 Pas \u201cMig\u201d-\u00ebve rus\u00eb dhe \u201cRafale\u201d-ve franceze, Serbia po kthehet te dron\u00ebt dhe sistemet kineze kund\u00ebrajrore (PVO). Gjat\u00eb dy vjet\u00ebve t\u00eb<\/p>\n","protected":false},"author":6,"featured_media":24554,"comment_status":"open","ping_status":"open","sticky":false,"template":"","format":"standard","meta":{"footnotes":""},"categories":[58],"tags":[],"class_list":["post-24550","post","type-post","status-publish","format-standard","has-post-thumbnail","hentry","category-politike-sq"],"yoast_head":"<!-- This site is optimized with the Yoast SEO plugin v25.3.1 - https:\/\/yoast.com\/wordpress\/plugins\/seo\/ -->\n<title>Arm\u00ebt kineze dominojn\u00eb tregun ushtarak t\u00eb Serbis\u00eb -<\/title>\n<meta name=\"robots\" content=\"index, follow, max-snippet:-1, max-image-preview:large, max-video-preview:-1\" \/>\n<link rel=\"canonical\" href=\"https:\/\/veritasinfo.org\/?p=24550\" \/>\n<meta property=\"og:locale\" content=\"en_US\" \/>\n<meta property=\"og:type\" content=\"article\" \/>\n<meta property=\"og:title\" content=\"Arm\u00ebt kineze dominojn\u00eb tregun ushtarak t\u00eb Serbis\u00eb -\" \/>\n<meta property=\"og:description\" content=\"Prishtin\u00eb 18 Dhjetor 2025 15:41 Pas \u201cMig\u201d-\u00ebve rus\u00eb dhe \u201cRafale\u201d-ve franceze, Serbia po kthehet te dron\u00ebt dhe sistemet kineze kund\u00ebrajrore (PVO). Gjat\u00eb dy vjet\u00ebve t\u00eb\" \/>\n<meta property=\"og:url\" content=\"https:\/\/veritasinfo.org\/?p=24550\" \/>\n<meta property=\"article:published_time\" content=\"2025-12-18T14:44:24+00:00\" \/>\n<meta property=\"og:image\" content=\"https:\/\/veritasinfo.org\/wp-content\/uploads\/2025\/12\/Polonia-synon-te-kembeje-avionet-sovjetike-me-dronet-ukrainas-Insajderi.org_.jpg\" \/>\n\t<meta property=\"og:image:width\" content=\"841\" \/>\n\t<meta property=\"og:image:height\" content=\"494\" \/>\n\t<meta property=\"og:image:type\" content=\"image\/jpeg\" \/>\n<meta name=\"author\" content=\"US5\" \/>\n<meta name=\"twitter:card\" content=\"summary_large_image\" \/>\n<meta name=\"twitter:label1\" content=\"Written by\" \/>\n\t<meta name=\"twitter:data1\" content=\"US5\" \/>\n\t<meta name=\"twitter:label2\" content=\"Est. reading time\" \/>\n\t<meta name=\"twitter:data2\" content=\"1 minute\" \/>\n<script type=\"application\/ld+json\" class=\"yoast-schema-graph\">{\"@context\":\"https:\/\/schema.org\",\"@graph\":[{\"@type\":\"WebPage\",\"@id\":\"https:\/\/veritasinfo.org\/?p=24550\",\"url\":\"https:\/\/veritasinfo.org\/?p=24550\",\"name\":\"Arm\u00ebt kineze dominojn\u00eb tregun ushtarak t\u00eb Serbis\u00eb -\",\"isPartOf\":{\"@id\":\"https:\/\/veritasinfo.org\/#website\"},\"primaryImageOfPage\":{\"@id\":\"https:\/\/veritasinfo.org\/?p=24550#primaryimage\"},\"image\":{\"@id\":\"https:\/\/veritasinfo.org\/?p=24550#primaryimage\"},\"thumbnailUrl\":\"https:\/\/veritasinfo.org\/wp-content\/uploads\/2025\/12\/Polonia-synon-te-kembeje-avionet-sovjetike-me-dronet-ukrainas-Insajderi.org_.jpg\",\"datePublished\":\"2025-12-18T14:44:24+00:00\",\"author\":{\"@id\":\"https:\/\/veritasinfo.org\/#\/schema\/person\/bc442336e35414d04494ab8fb45db4c6\"},\"breadcrumb\":{\"@id\":\"https:\/\/veritasinfo.org\/?p=24550#breadcrumb\"},\"inLanguage\":\"en-US\",\"potentialAction\":[{\"@type\":\"ReadAction\",\"target\":[\"https:\/\/veritasinfo.org\/?p=24550\"]}]},{\"@type\":\"ImageObject\",\"inLanguage\":\"en-US\",\"@id\":\"https:\/\/veritasinfo.org\/?p=24550#primaryimage\",\"url\":\"https:\/\/veritasinfo.org\/wp-content\/uploads\/2025\/12\/Polonia-synon-te-kembeje-avionet-sovjetike-me-dronet-ukrainas-Insajderi.org_.jpg\",\"contentUrl\":\"https:\/\/veritasinfo.org\/wp-content\/uploads\/2025\/12\/Polonia-synon-te-kembeje-avionet-sovjetike-me-dronet-ukrainas-Insajderi.org_.jpg\",\"width\":841,\"height\":494},{\"@type\":\"BreadcrumbList\",\"@id\":\"https:\/\/veritasinfo.org\/?p=24550#breadcrumb\",\"itemListElement\":[{\"@type\":\"ListItem\",\"position\":1,\"name\":\"Home\",\"item\":\"https:\/\/veritasinfo.org\/\"},{\"@type\":\"ListItem\",\"position\":2,\"name\":\"Arm\u00ebt kineze dominojn\u00eb tregun ushtarak t\u00eb Serbis\u00eb\"}]},{\"@type\":\"WebSite\",\"@id\":\"https:\/\/veritasinfo.org\/#website\",\"url\":\"https:\/\/veritasinfo.org\/\",\"name\":\"\",\"description\":\"\",\"potentialAction\":[{\"@type\":\"SearchAction\",\"target\":{\"@type\":\"EntryPoint\",\"urlTemplate\":\"https:\/\/veritasinfo.org\/?s={search_term_string}\"},\"query-input\":{\"@type\":\"PropertyValueSpecification\",\"valueRequired\":true,\"valueName\":\"search_term_string\"}}],\"inLanguage\":\"en-US\"},{\"@type\":\"Person\",\"@id\":\"https:\/\/veritasinfo.org\/#\/schema\/person\/bc442336e35414d04494ab8fb45db4c6\",\"name\":\"US5\",\"image\":{\"@type\":\"ImageObject\",\"inLanguage\":\"en-US\",\"@id\":\"https:\/\/veritasinfo.org\/#\/schema\/person\/image\/\",\"url\":\"https:\/\/secure.gravatar.com\/avatar\/16a61e7272a0c5d001121ebb9e60e925d5816e4ac1e443ed3e640d9a6ae55d0c?s=96&d=mm&r=g\",\"contentUrl\":\"https:\/\/secure.gravatar.com\/avatar\/16a61e7272a0c5d001121ebb9e60e925d5816e4ac1e443ed3e640d9a6ae55d0c?s=96&d=mm&r=g\",\"caption\":\"US5\"},\"url\":\"https:\/\/veritasinfo.org\/?author=6\"}]}<\/script>\n<!-- \/ Yoast SEO plugin. -->","yoast_head_json":{"title":"Arm\u00ebt kineze dominojn\u00eb tregun ushtarak t\u00eb Serbis\u00eb -","robots":{"index":"index","follow":"follow","max-snippet":"max-snippet:-1","max-image-preview":"max-image-preview:large","max-video-preview":"max-video-preview:-1"},"canonical":"https:\/\/veritasinfo.org\/?p=24550","og_locale":"en_US","og_type":"article","og_title":"Arm\u00ebt kineze dominojn\u00eb tregun ushtarak t\u00eb Serbis\u00eb -","og_description":"Prishtin\u00eb 18 Dhjetor 2025 15:41 Pas \u201cMig\u201d-\u00ebve rus\u00eb dhe \u201cRafale\u201d-ve franceze, Serbia po kthehet te dron\u00ebt dhe sistemet kineze kund\u00ebrajrore (PVO). Gjat\u00eb dy vjet\u00ebve t\u00eb","og_url":"https:\/\/veritasinfo.org\/?p=24550","article_published_time":"2025-12-18T14:44:24+00:00","og_image":[{"width":841,"height":494,"url":"https:\/\/veritasinfo.org\/wp-content\/uploads\/2025\/12\/Polonia-synon-te-kembeje-avionet-sovjetike-me-dronet-ukrainas-Insajderi.org_.jpg","type":"image\/jpeg"}],"author":"US5","twitter_card":"summary_large_image","twitter_misc":{"Written by":"US5","Est. reading time":"1 minute"},"schema":{"@context":"https:\/\/schema.org","@graph":[{"@type":"WebPage","@id":"https:\/\/veritasinfo.org\/?p=24550","url":"https:\/\/veritasinfo.org\/?p=24550","name":"Arm\u00ebt kineze dominojn\u00eb tregun ushtarak t\u00eb Serbis\u00eb -","isPartOf":{"@id":"https:\/\/veritasinfo.org\/#website"},"primaryImageOfPage":{"@id":"https:\/\/veritasinfo.org\/?p=24550#primaryimage"},"image":{"@id":"https:\/\/veritasinfo.org\/?p=24550#primaryimage"},"thumbnailUrl":"https:\/\/veritasinfo.org\/wp-content\/uploads\/2025\/12\/Polonia-synon-te-kembeje-avionet-sovjetike-me-dronet-ukrainas-Insajderi.org_.jpg","datePublished":"2025-12-18T14:44:24+00:00","author":{"@id":"https:\/\/veritasinfo.org\/#\/schema\/person\/bc442336e35414d04494ab8fb45db4c6"},"breadcrumb":{"@id":"https:\/\/veritasinfo.org\/?p=24550#breadcrumb"},"inLanguage":"en-US","potentialAction":[{"@type":"ReadAction","target":["https:\/\/veritasinfo.org\/?p=24550"]}]},{"@type":"ImageObject","inLanguage":"en-US","@id":"https:\/\/veritasinfo.org\/?p=24550#primaryimage","url":"https:\/\/veritasinfo.org\/wp-content\/uploads\/2025\/12\/Polonia-synon-te-kembeje-avionet-sovjetike-me-dronet-ukrainas-Insajderi.org_.jpg","contentUrl":"https:\/\/veritasinfo.org\/wp-content\/uploads\/2025\/12\/Polonia-synon-te-kembeje-avionet-sovjetike-me-dronet-ukrainas-Insajderi.org_.jpg","width":841,"height":494},{"@type":"BreadcrumbList","@id":"https:\/\/veritasinfo.org\/?p=24550#breadcrumb","itemListElement":[{"@type":"ListItem","position":1,"name":"Home","item":"https:\/\/veritasinfo.org\/"},{"@type":"ListItem","position":2,"name":"Arm\u00ebt kineze dominojn\u00eb tregun ushtarak t\u00eb Serbis\u00eb"}]},{"@type":"WebSite","@id":"https:\/\/veritasinfo.org\/#website","url":"https:\/\/veritasinfo.org\/","name":"","description":"","potentialAction":[{"@type":"SearchAction","target":{"@type":"EntryPoint","urlTemplate":"https:\/\/veritasinfo.org\/?s={search_term_string}"},"query-input":{"@type":"PropertyValueSpecification","valueRequired":true,"valueName":"search_term_string"}}],"inLanguage":"en-US"},{"@type":"Person","@id":"https:\/\/veritasinfo.org\/#\/schema\/person\/bc442336e35414d04494ab8fb45db4c6","name":"US5","image":{"@type":"ImageObject","inLanguage":"en-US","@id":"https:\/\/veritasinfo.org\/#\/schema\/person\/image\/","url":"https:\/\/secure.gravatar.com\/avatar\/16a61e7272a0c5d001121ebb9e60e925d5816e4ac1e443ed3e640d9a6ae55d0c?s=96&d=mm&r=g","contentUrl":"https:\/\/secure.gravatar.com\/avatar\/16a61e7272a0c5d001121ebb9e60e925d5816e4ac1e443ed3e640d9a6ae55d0c?s=96&d=mm&r=g","caption":"US5"},"url":"https:\/\/veritasinfo.org\/?author=6"}]}},"featured_image_urls":{"full":["https:\/\/veritasinfo.org\/wp-content\/uploads\/2025\/12\/Polonia-synon-te-kembeje-avionet-sovjetike-me-dronet-ukrainas-Insajderi.org_.jpg",841,494,false],"thumbnail":["https:\/\/veritasinfo.org\/wp-content\/uploads\/2025\/12\/Polonia-synon-te-kembeje-avionet-sovjetike-me-dronet-ukrainas-Insajderi.org_-150x150.jpg",150,150,true],"medium":["https:\/\/veritasinfo.org\/wp-content\/uploads\/2025\/12\/Polonia-synon-te-kembeje-avionet-sovjetike-me-dronet-ukrainas-Insajderi.org_-300x176.jpg",300,176,true],"medium_large":["https:\/\/veritasinfo.org\/wp-content\/uploads\/2025\/12\/Polonia-synon-te-kembeje-avionet-sovjetike-me-dronet-ukrainas-Insajderi.org_-768x451.jpg",640,376,true],"large":["https:\/\/veritasinfo.org\/wp-content\/uploads\/2025\/12\/Polonia-synon-te-kembeje-avionet-sovjetike-me-dronet-ukrainas-Insajderi.org_.jpg",640,376,false],"1536x1536":["https:\/\/veritasinfo.org\/wp-content\/uploads\/2025\/12\/Polonia-synon-te-kembeje-avionet-sovjetike-me-dronet-ukrainas-Insajderi.org_.jpg",841,494,false],"2048x2048":["https:\/\/veritasinfo.org\/wp-content\/uploads\/2025\/12\/Polonia-synon-te-kembeje-avionet-sovjetike-me-dronet-ukrainas-Insajderi.org_.jpg",841,494,false],"kreeti-slider-full":["https:\/\/veritasinfo.org\/wp-content\/uploads\/2025\/12\/Polonia-synon-te-kembeje-avionet-sovjetike-me-dronet-ukrainas-Insajderi.org_.jpg",841,494,false],"kreeti-featured":["https:\/\/veritasinfo.org\/wp-content\/uploads\/2025\/12\/Polonia-synon-te-kembeje-avionet-sovjetike-me-dronet-ukrainas-Insajderi.org_.jpg",841,494,false],"kreeti-medium":["https:\/\/veritasinfo.org\/wp-content\/uploads\/2025\/12\/Polonia-synon-te-kembeje-avionet-sovjetike-me-dronet-ukrainas-Insajderi.org_.jpg",720,423,false],"kreeti-medium-square":["https:\/\/veritasinfo.org\/wp-content\/uploads\/2025\/12\/Polonia-synon-te-kembeje-avionet-sovjetike-me-dronet-ukrainas-Insajderi.org_.jpg",350,206,false]},"author_info":{"info":["US5"]},"category_info":"<a href=\"https:\/\/veritasinfo.org\/?cat=58\" rel=\"category\">Politik\u00eb<\/a>","tag_info":"Politik\u00eb","comment_count":"0","_links":{"self":[{"href":"https:\/\/veritasinfo.org\/index.php?rest_route=\/wp\/v2\/posts\/24550","targetHints":{"allow":["GET"]}}],"collection":[{"href":"https:\/\/veritasinfo.org\/index.php?rest_route=\/wp\/v2\/posts"}],"about":[{"href":"https:\/\/veritasinfo.org\/index.php?rest_route=\/wp\/v2\/types\/post"}],"author":[{"embeddable":true,"href":"https:\/\/veritasinfo.org\/index.php?rest_route=\/wp\/v2\/users\/6"}],"replies":[{"embeddable":true,"href":"https:\/\/veritasinfo.org\/index.php?rest_route=%2Fwp%2Fv2%2Fcomments&post=24550"}],"version-history":[{"count":1,"href":"https:\/\/veritasinfo.org\/index.php?rest_route=\/wp\/v2\/posts\/24550\/revisions"}],"predecessor-version":[{"id":24555,"href":"https:\/\/veritasinfo.org\/index.php?rest_route=\/wp\/v2\/posts\/24550\/revisions\/24555"}],"wp:featuredmedia":[{"embeddable":true,"href":"https:\/\/veritasinfo.org\/index.php?rest_route=\/wp\/v2\/media\/24554"}],"wp:attachment":[{"href":"https:\/\/veritasinfo.org\/index.php?rest_route=%2Fwp%2Fv2%2Fmedia&parent=24550"}],"wp:term":[{"taxonomy":"category","embeddable":true,"href":"https:\/\/veritasinfo.org\/index.php?rest_route=%2Fwp%2Fv2%2Fcategories&post=24550"},{"taxonomy":"post_tag","embeddable":true,"href":"https:\/\/veritasinfo.org\/index.php?rest_route=%2Fwp%2Fv2%2Ftags&post=24550"}],"curies":[{"name":"wp","href":"https:\/\/api.w.org\/{rel}","templated":true}]}}