{"id":24549,"date":"2025-12-18T15:43:44","date_gmt":"2025-12-18T14:43:44","guid":{"rendered":"https:\/\/veritasinfo.org\/?p=24549"},"modified":"2025-12-18T15:43:44","modified_gmt":"2025-12-18T14:43:44","slug":"sinkronizimi-i-listes-serbe-per-mbajtjen-e-seancave-komunale-per-zgjedhjen-e-kryesuesve-komunal","status":"publish","type":"post","link":"https:\/\/veritasinfo.org\/?p=24549","title":{"rendered":"Sinkronizimi i List\u00ebs Serbe p\u00ebr mbajtjen e seancave komunale p\u00ebr zgjedhjen e kryesuesve komunal"},"content":{"rendered":"<p><strong>Prishtin\u00eb, 18 dhjetor 2025 15:43<\/strong><\/p>\n<p>Sot, t\u00eb gjitha komunat veriore t\u00eb Kosov\u00ebs mbajt\u00ebn seanca t\u00eb sinkronizuara p\u00ebr zgjedhjen e kryesuesve t\u00eb kuvendeve komunale. Ky koordinim i p\u00ebrbashk\u00ebt ndodh n\u00eb nj\u00eb kontekst politik t\u00eb tensionuar, ku vendimet e marra nga disa kryesues t\u00eb zgjedhur shpesh bien n\u00eb kund\u00ebrshtim me rendin kushtetues t\u00eb Republik\u00ebs s\u00eb Kosov\u00ebs.<\/p>\n<p>Leposaviq: N\u00eb seanc\u00ebn e par\u00eb t\u00eb rregullt t\u00eb Kuvendit Komunal, Marko Rakiq nga Lista Serbe u zgjodh kryetar me 11 vota nga 14 asamblist\u00eb, nd\u00ebrsa dy vota u shpall\u00ebn t\u00eb pavlefshme. N\u00eb t\u00eb nj\u00ebjt\u00ebn seanc\u00eb u diskutua edhe propozimi p\u00ebr daljen e komun\u00ebs nga Asociacioni i Komunave t\u00eb Kosov\u00ebs.<\/p>\n<p>Zubin Potok: N\u00eb seanc\u00ebn e Kuvendit Komunal t\u00eb Zubin Potokut, Nemanja Jakshiq u zgjodh kryetar, nd\u00ebrsa pozita e n\u00ebnkryetarit p\u00ebr komunitetet pakic\u00eb mbeti e pazgjidhur p\u00ebr shkak t\u00eb mosmarr\u00ebveshjeve nd\u00ebrmjet p\u00ebrfaq\u00ebsuesve shqiptar\u00eb. Asamblist\u00ebt votuan gjithashtu p\u00ebr daljen e komun\u00ebs nga Asociacioni i Komunave t\u00eb Kosov\u00ebs, duke reflektuar nj\u00eb orientim politik q\u00eb sfidon autoritetin dhe ligjshm\u00ebrin\u00eb e institucioneve qendrore.<\/p>\n<p>Zve\u00e7an: Serxhan Milosavljeviq u zgjodh kryesues i Kuvendit Komunal me 15 vota \u201cp\u00ebr\u201d. Nd\u00ebrkaq, n\u00eb Kuvendin Komunal t\u00eb Mitrovic\u00ebs s\u00eb Veriut, kryesues u zgjodh Nemanja Bishevac, derisa z\u00ebvend\u00ebskryesuese u zgjodh Aida Ferati Doli<\/p>\n","protected":false},"excerpt":{"rendered":"<p>Prishtin\u00eb, 18 dhjetor 2025 15:43 Sot, t\u00eb gjitha komunat veriore t\u00eb Kosov\u00ebs mbajt\u00ebn seanca t\u00eb sinkronizuara p\u00ebr zgjedhjen e kryesuesve t\u00eb kuvendeve komunale. Ky koordinim<\/p>\n","protected":false},"author":7,"featured_media":24551,"comment_status":"open","ping_status":"open","sticky":false,"template":"","format":"standard","meta":{"footnotes":""},"categories":[58],"tags":[],"class_list":["post-24549","post","type-post","status-publish","format-standard","has-post-thumbnail","hentry","category-politike-sq"],"yoast_head":"<!-- This site is optimized with the Yoast SEO plugin v25.3.1 - https:\/\/yoast.com\/wordpress\/plugins\/seo\/ -->\n<title>Sinkronizimi i List\u00ebs Serbe p\u00ebr mbajtjen e seancave komunale p\u00ebr zgjedhjen e kryesuesve komunal -<\/title>\n<meta name=\"robots\" content=\"index, follow, max-snippet:-1, max-image-preview:large, max-video-preview:-1\" \/>\n<link rel=\"canonical\" href=\"https:\/\/veritasinfo.org\/?p=24549\" \/>\n<meta property=\"og:locale\" content=\"en_US\" \/>\n<meta property=\"og:type\" content=\"article\" \/>\n<meta property=\"og:title\" content=\"Sinkronizimi i List\u00ebs Serbe p\u00ebr mbajtjen e seancave komunale p\u00ebr zgjedhjen e kryesuesve komunal -\" \/>\n<meta property=\"og:description\" content=\"Prishtin\u00eb, 18 dhjetor 2025 15:43 Sot, t\u00eb gjitha komunat veriore t\u00eb Kosov\u00ebs mbajt\u00ebn seanca t\u00eb sinkronizuara p\u00ebr zgjedhjen e kryesuesve t\u00eb kuvendeve komunale. Ky koordinim\" \/>\n<meta property=\"og:url\" content=\"https:\/\/veritasinfo.org\/?p=24549\" \/>\n<meta property=\"article:published_time\" content=\"2025-12-18T14:43:44+00:00\" \/>\n<meta property=\"og:image\" content=\"https:\/\/veritasinfo.org\/wp-content\/uploads\/2025\/12\/1000076704-scaled.jpg\" \/>\n\t<meta property=\"og:image:width\" content=\"2560\" \/>\n\t<meta property=\"og:image:height\" content=\"1152\" \/>\n\t<meta property=\"og:image:type\" content=\"image\/jpeg\" \/>\n<meta name=\"author\" content=\"US6\" \/>\n<meta name=\"twitter:card\" content=\"summary_large_image\" \/>\n<meta name=\"twitter:label1\" content=\"Written by\" \/>\n\t<meta name=\"twitter:data1\" content=\"US6\" \/>\n\t<meta name=\"twitter:label2\" content=\"Est. reading time\" \/>\n\t<meta name=\"twitter:data2\" content=\"2 minutes\" \/>\n<script type=\"application\/ld+json\" class=\"yoast-schema-graph\">{\"@context\":\"https:\/\/schema.org\",\"@graph\":[{\"@type\":\"WebPage\",\"@id\":\"https:\/\/veritasinfo.org\/?p=24549\",\"url\":\"https:\/\/veritasinfo.org\/?p=24549\",\"name\":\"Sinkronizimi i List\u00ebs Serbe p\u00ebr mbajtjen e seancave komunale p\u00ebr zgjedhjen e kryesuesve komunal -\",\"isPartOf\":{\"@id\":\"https:\/\/veritasinfo.org\/#website\"},\"primaryImageOfPage\":{\"@id\":\"https:\/\/veritasinfo.org\/?p=24549#primaryimage\"},\"image\":{\"@id\":\"https:\/\/veritasinfo.org\/?p=24549#primaryimage\"},\"thumbnailUrl\":\"https:\/\/veritasinfo.org\/wp-content\/uploads\/2025\/12\/1000076704-scaled.jpg\",\"datePublished\":\"2025-12-18T14:43:44+00:00\",\"author\":{\"@id\":\"https:\/\/veritasinfo.org\/#\/schema\/person\/fe199eede04c3937362892b7444747cc\"},\"breadcrumb\":{\"@id\":\"https:\/\/veritasinfo.org\/?p=24549#breadcrumb\"},\"inLanguage\":\"en-US\",\"potentialAction\":[{\"@type\":\"ReadAction\",\"target\":[\"https:\/\/veritasinfo.org\/?p=24549\"]}]},{\"@type\":\"ImageObject\",\"inLanguage\":\"en-US\",\"@id\":\"https:\/\/veritasinfo.org\/?p=24549#primaryimage\",\"url\":\"https:\/\/veritasinfo.org\/wp-content\/uploads\/2025\/12\/1000076704-scaled.jpg\",\"contentUrl\":\"https:\/\/veritasinfo.org\/wp-content\/uploads\/2025\/12\/1000076704-scaled.jpg\",\"width\":2560,\"height\":1152},{\"@type\":\"BreadcrumbList\",\"@id\":\"https:\/\/veritasinfo.org\/?p=24549#breadcrumb\",\"itemListElement\":[{\"@type\":\"ListItem\",\"position\":1,\"name\":\"Home\",\"item\":\"https:\/\/veritasinfo.org\/\"},{\"@type\":\"ListItem\",\"position\":2,\"name\":\"Sinkronizimi i List\u00ebs Serbe p\u00ebr mbajtjen e seancave komunale p\u00ebr zgjedhjen e kryesuesve komunal\"}]},{\"@type\":\"WebSite\",\"@id\":\"https:\/\/veritasinfo.org\/#website\",\"url\":\"https:\/\/veritasinfo.org\/\",\"name\":\"\",\"description\":\"\",\"potentialAction\":[{\"@type\":\"SearchAction\",\"target\":{\"@type\":\"EntryPoint\",\"urlTemplate\":\"https:\/\/veritasinfo.org\/?s={search_term_string}\"},\"query-input\":{\"@type\":\"PropertyValueSpecification\",\"valueRequired\":true,\"valueName\":\"search_term_string\"}}],\"inLanguage\":\"en-US\"},{\"@type\":\"Person\",\"@id\":\"https:\/\/veritasinfo.org\/#\/schema\/person\/fe199eede04c3937362892b7444747cc\",\"name\":\"US6\",\"image\":{\"@type\":\"ImageObject\",\"inLanguage\":\"en-US\",\"@id\":\"https:\/\/veritasinfo.org\/#\/schema\/person\/image\/\",\"url\":\"https:\/\/secure.gravatar.com\/avatar\/cb16c3c31c9d23b9b8c705964598220b3014e42ff51eb540ff23cefa3ae8c15f?s=96&d=mm&r=g\",\"contentUrl\":\"https:\/\/secure.gravatar.com\/avatar\/cb16c3c31c9d23b9b8c705964598220b3014e42ff51eb540ff23cefa3ae8c15f?s=96&d=mm&r=g\",\"caption\":\"US6\"},\"url\":\"https:\/\/veritasinfo.org\/?author=7\"}]}<\/script>\n<!-- \/ Yoast SEO plugin. -->","yoast_head_json":{"title":"Sinkronizimi i List\u00ebs Serbe p\u00ebr mbajtjen e seancave komunale p\u00ebr zgjedhjen e kryesuesve komunal -","robots":{"index":"index","follow":"follow","max-snippet":"max-snippet:-1","max-image-preview":"max-image-preview:large","max-video-preview":"max-video-preview:-1"},"canonical":"https:\/\/veritasinfo.org\/?p=24549","og_locale":"en_US","og_type":"article","og_title":"Sinkronizimi i List\u00ebs Serbe p\u00ebr mbajtjen e seancave komunale p\u00ebr zgjedhjen e kryesuesve komunal -","og_description":"Prishtin\u00eb, 18 dhjetor 2025 15:43 Sot, t\u00eb gjitha komunat veriore t\u00eb Kosov\u00ebs mbajt\u00ebn seanca t\u00eb sinkronizuara p\u00ebr zgjedhjen e kryesuesve t\u00eb kuvendeve komunale. Ky koordinim","og_url":"https:\/\/veritasinfo.org\/?p=24549","article_published_time":"2025-12-18T14:43:44+00:00","og_image":[{"width":2560,"height":1152,"url":"https:\/\/veritasinfo.org\/wp-content\/uploads\/2025\/12\/1000076704-scaled.jpg","type":"image\/jpeg"}],"author":"US6","twitter_card":"summary_large_image","twitter_misc":{"Written by":"US6","Est. reading time":"2 minutes"},"schema":{"@context":"https:\/\/schema.org","@graph":[{"@type":"WebPage","@id":"https:\/\/veritasinfo.org\/?p=24549","url":"https:\/\/veritasinfo.org\/?p=24549","name":"Sinkronizimi i List\u00ebs Serbe p\u00ebr mbajtjen e seancave komunale p\u00ebr zgjedhjen e kryesuesve komunal -","isPartOf":{"@id":"https:\/\/veritasinfo.org\/#website"},"primaryImageOfPage":{"@id":"https:\/\/veritasinfo.org\/?p=24549#primaryimage"},"image":{"@id":"https:\/\/veritasinfo.org\/?p=24549#primaryimage"},"thumbnailUrl":"https:\/\/veritasinfo.org\/wp-content\/uploads\/2025\/12\/1000076704-scaled.jpg","datePublished":"2025-12-18T14:43:44+00:00","author":{"@id":"https:\/\/veritasinfo.org\/#\/schema\/person\/fe199eede04c3937362892b7444747cc"},"breadcrumb":{"@id":"https:\/\/veritasinfo.org\/?p=24549#breadcrumb"},"inLanguage":"en-US","potentialAction":[{"@type":"ReadAction","target":["https:\/\/veritasinfo.org\/?p=24549"]}]},{"@type":"ImageObject","inLanguage":"en-US","@id":"https:\/\/veritasinfo.org\/?p=24549#primaryimage","url":"https:\/\/veritasinfo.org\/wp-content\/uploads\/2025\/12\/1000076704-scaled.jpg","contentUrl":"https:\/\/veritasinfo.org\/wp-content\/uploads\/2025\/12\/1000076704-scaled.jpg","width":2560,"height":1152},{"@type":"BreadcrumbList","@id":"https:\/\/veritasinfo.org\/?p=24549#breadcrumb","itemListElement":[{"@type":"ListItem","position":1,"name":"Home","item":"https:\/\/veritasinfo.org\/"},{"@type":"ListItem","position":2,"name":"Sinkronizimi i List\u00ebs Serbe p\u00ebr mbajtjen e seancave komunale p\u00ebr zgjedhjen e kryesuesve komunal"}]},{"@type":"WebSite","@id":"https:\/\/veritasinfo.org\/#website","url":"https:\/\/veritasinfo.org\/","name":"","description":"","potentialAction":[{"@type":"SearchAction","target":{"@type":"EntryPoint","urlTemplate":"https:\/\/veritasinfo.org\/?s={search_term_string}"},"query-input":{"@type":"PropertyValueSpecification","valueRequired":true,"valueName":"search_term_string"}}],"inLanguage":"en-US"},{"@type":"Person","@id":"https:\/\/veritasinfo.org\/#\/schema\/person\/fe199eede04c3937362892b7444747cc","name":"US6","image":{"@type":"ImageObject","inLanguage":"en-US","@id":"https:\/\/veritasinfo.org\/#\/schema\/person\/image\/","url":"https:\/\/secure.gravatar.com\/avatar\/cb16c3c31c9d23b9b8c705964598220b3014e42ff51eb540ff23cefa3ae8c15f?s=96&d=mm&r=g","contentUrl":"https:\/\/secure.gravatar.com\/avatar\/cb16c3c31c9d23b9b8c705964598220b3014e42ff51eb540ff23cefa3ae8c15f?s=96&d=mm&r=g","caption":"US6"},"url":"https:\/\/veritasinfo.org\/?author=7"}]}},"featured_image_urls":{"full":["https:\/\/veritasinfo.org\/wp-content\/uploads\/2025\/12\/1000076704-scaled.jpg",2560,1152,false],"thumbnail":["https:\/\/veritasinfo.org\/wp-content\/uploads\/2025\/12\/1000076704-150x150.jpg",150,150,true],"medium":["https:\/\/veritasinfo.org\/wp-content\/uploads\/2025\/12\/1000076704-300x135.jpg",300,135,true],"medium_large":["https:\/\/veritasinfo.org\/wp-content\/uploads\/2025\/12\/1000076704-768x345.jpg",640,288,true],"large":["https:\/\/veritasinfo.org\/wp-content\/uploads\/2025\/12\/1000076704-1024x461.jpg",640,288,true],"1536x1536":["https:\/\/veritasinfo.org\/wp-content\/uploads\/2025\/12\/1000076704-1536x691.jpg",1536,691,true],"2048x2048":["https:\/\/veritasinfo.org\/wp-content\/uploads\/2025\/12\/1000076704-2048x921.jpg",2048,921,true],"kreeti-slider-full":["https:\/\/veritasinfo.org\/wp-content\/uploads\/2025\/12\/1000076704-scaled.jpg",1280,576,false],"kreeti-featured":["https:\/\/veritasinfo.org\/wp-content\/uploads\/2025\/12\/1000076704-scaled.jpg",1024,461,false],"kreeti-medium":["https:\/\/veritasinfo.org\/wp-content\/uploads\/2025\/12\/1000076704-scaled.jpg",720,324,false],"kreeti-medium-square":["https:\/\/veritasinfo.org\/wp-content\/uploads\/2025\/12\/1000076704-scaled.jpg",350,158,false]},"author_info":{"info":["US6"]},"category_info":"<a href=\"https:\/\/veritasinfo.org\/?cat=58\" rel=\"category\">Politik\u00eb<\/a>","tag_info":"Politik\u00eb","comment_count":"0","_links":{"self":[{"href":"https:\/\/veritasinfo.org\/index.php?rest_route=\/wp\/v2\/posts\/24549","targetHints":{"allow":["GET"]}}],"collection":[{"href":"https:\/\/veritasinfo.org\/index.php?rest_route=\/wp\/v2\/posts"}],"about":[{"href":"https:\/\/veritasinfo.org\/index.php?rest_route=\/wp\/v2\/types\/post"}],"author":[{"embeddable":true,"href":"https:\/\/veritasinfo.org\/index.php?rest_route=\/wp\/v2\/users\/7"}],"replies":[{"embeddable":true,"href":"https:\/\/veritasinfo.org\/index.php?rest_route=%2Fwp%2Fv2%2Fcomments&post=24549"}],"version-history":[{"count":1,"href":"https:\/\/veritasinfo.org\/index.php?rest_route=\/wp\/v2\/posts\/24549\/revisions"}],"predecessor-version":[{"id":24552,"href":"https:\/\/veritasinfo.org\/index.php?rest_route=\/wp\/v2\/posts\/24549\/revisions\/24552"}],"wp:featuredmedia":[{"embeddable":true,"href":"https:\/\/veritasinfo.org\/index.php?rest_route=\/wp\/v2\/media\/24551"}],"wp:attachment":[{"href":"https:\/\/veritasinfo.org\/index.php?rest_route=%2Fwp%2Fv2%2Fmedia&parent=24549"}],"wp:term":[{"taxonomy":"category","embeddable":true,"href":"https:\/\/veritasinfo.org\/index.php?rest_route=%2Fwp%2Fv2%2Fcategories&post=24549"},{"taxonomy":"post_tag","embeddable":true,"href":"https:\/\/veritasinfo.org\/index.php?rest_route=%2Fwp%2Fv2%2Ftags&post=24549"}],"curies":[{"name":"wp","href":"https:\/\/api.w.org\/{rel}","templated":true}]}}