{"id":24531,"date":"2025-12-18T13:41:32","date_gmt":"2025-12-18T12:41:32","guid":{"rendered":"https:\/\/veritasinfo.org\/?p=24531"},"modified":"2025-12-18T14:21:22","modified_gmt":"2025-12-18T13:21:22","slug":"lista-serbe-vazhdon-politikat-percarese-mitrovica-e-veriut-largohet-nga-asociacioni-i-komunave-te-kosoves-me-nje-vendim-te-imponuar","status":"publish","type":"post","link":"https:\/\/veritasinfo.org\/?p=24531","title":{"rendered":"Lista Serbe vazhdon politikat p\u00ebr\u00e7ar\u00ebse: Mitrovica e Veriut largohet nga Asociacioni i Komunave t\u00eb Kosov\u00ebs me nj\u00eb vendim t\u00eb imponuar"},"content":{"rendered":"<p>Mitrovic\u00eb e Veriut, 18 dhjetor 2025 14:21<\/p>\n<p>Kuvendi Komunal i Mitrovic\u00ebs s\u00eb Veriut ka marr\u00eb nj\u00eb vendim t\u00eb diskutuesh\u00ebm, duke votuar p\u00ebr largimin e k\u00ebsaj komune nga Asociacioni i Komunave t\u00eb Kosov\u00ebs (AKK). Vendimi u miratua me 11 vota pro nga asamblist\u00ebt e komunitetit serb, nd\u00ebrsa dy vota kund\u00ebr erdh\u00ebn nga p\u00ebrfaq\u00ebsuesit e komunitetit shqiptar, asamblisti Emir Ademi dhe asamblistja Aida Ferati-Doli.<\/p>\n<p>Propozimi p\u00ebr largimin nga AKK u fut si pik\u00eb jasht\u00eb rendit t\u00eb dit\u00ebs, pa debat paraprak dhe pa transparenc\u00eb t\u00eb mjaftueshme ndaj publikut, \u00e7ka ka ngritur shqet\u00ebsime serioze p\u00ebr m\u00ebnyr\u00ebn se si po udh\u00ebhiqet kjo komun\u00eb. Nj\u00eb veprim i till\u00eb, i marr\u00eb n\u00eb m\u00ebnyr\u00eb t\u00eb befasishme dhe pa konsultim t\u00eb gjer\u00eb, d\u00ebshmon munges\u00eb t\u00eb respektimit t\u00eb parimeve demokratike dhe t\u00eb funksionimit institucional.<\/p>\n<p>Asamblist\u00ebt Emir Ademi dhe Aida Ferati-Doli votuan kund\u00ebr k\u00ebtij vendimi, duke kund\u00ebrshtuar hapur nj\u00eb veprim q\u00eb, sipas tyre, d\u00ebmton interesat e qytetar\u00ebve dhe e izolon Komun\u00ebn e Mitrovic\u00ebs s\u00eb Veriut nga mekanizmat institucional\u00eb t\u00eb bashk\u00ebpunimit me komunat e tjera t\u00eb Kosov\u00ebs. Q\u00ebndrimi i tyre u vler\u00ebsua si p\u00ebrpjekje p\u00ebr t\u00eb mbrojtur funksionimin ligjor dhe kushtetues t\u00eb pushtetit lokal brenda rendit juridik t\u00eb Republik\u00ebs s\u00eb Kosov\u00ebs.<\/p>\n<p>Vendimi i Kuvendit Komunal shihet si vazhdim\u00ebsi e politikave destruktive t\u00eb List\u00ebs Serbe, e cila udh\u00ebheq komun\u00ebn dhe q\u00eb, n\u00eb vazhdim\u00ebsi, ka nd\u00ebrmarr\u00eb veprime q\u00eb bien ndesh me interesat e shtetit t\u00eb Kosov\u00ebs dhe integrimin institucional t\u00eb veriut.<\/p>\n<p>Largimi nga Asociacioni i Komunave t\u00eb Kosov\u00ebs nuk \u00ebsht\u00eb thjesht nj\u00eb akt distancimi nga nj\u00eb mekaniz\u00ebm k\u00ebshill\u00ebdh\u00ebn\u00ebs i Kosov\u00ebs, por nj\u00eb mesazh politik q\u00eb synon largimin nga institucionet e Kosov\u00ebs dhe dob\u00ebsimin e bashk\u00ebpunimit nd\u00ebrkomunal.<\/p>\n<p>Asamblisti Emir Ademi ka deklaruar p\u00ebr <em><i>Veritasinfo<\/i><\/em>\u00a0se Lista Serbe po e p\u00ebrdor pushtetin lokal p\u00ebr t\u00eb avancuar agjenda politike q\u00eb nuk reflektojn\u00eb nevojat reale t\u00eb qytetar\u00ebve, por interesa t\u00eb ngushta politike.<\/p>\n<p>Ky veprim rrezikon izolimin e komun\u00ebs, humbjen e p\u00ebrfitimeve nga bashk\u00ebpunimi me AKK-n\u00eb dhe thellimin e ndarjeve politike e institucionale.<\/p>\n<p>\u201cN\u00eb vend q\u00eb t\u00eb fokusohet n\u00eb p\u00ebrmir\u00ebsimin e jet\u00ebs s\u00eb p\u00ebrditshme t\u00eb qytetar\u00ebve dhe n\u00eb forcimin e institucioneve lokale brenda sistemit t\u00eb Kosov\u00ebs, udh\u00ebheqja aktuale e Komun\u00ebs s\u00eb Mitrovic\u00ebs s\u00eb Veriut po vazhdon me vendime q\u00eb minojn\u00eb funksionalitetin institucional dhe sfidojn\u00eb drejtp\u00ebrdrejt rendin shtet\u00ebror t\u00eb Republik\u00ebs s\u00eb Kosov\u00ebs. E theksova edhe n\u00eb mbledhje se, si institucione lokale, kemi pun\u00eb m\u00eb t\u00eb r\u00ebnd\u00ebsishme sesa ky propozim q\u00eb erdhi\u201d, ka th\u00ebn\u00eb Ademi.<\/p>\n<p>N\u00eb mbledhjen e sotme t\u00eb Kuvendit Komunal, kryetari i komun\u00ebs, Milan Radojeviq, njoftoi se ka em\u00ebruar Adriana Hoxhi\u00e7 n\u00ebnkryetare t\u00eb Komun\u00ebs s\u00eb Mitrovic\u00ebs s\u00eb Veriut. Ky em\u00ebr \u00ebsht\u00eb p\u00ebrmendur koh\u00ebt e fundit p\u00ebr sjellje t\u00eb pap\u00ebrshtatshme ndaj pun\u00ebtor\u00ebve t\u00eb administrat\u00ebs komunale, duke i k\u00ebrc\u00ebnuar ata me largim nga puna n\u00ebse nuk arrijn\u00eb t\u00eb m\u00ebsojn\u00eb mjaftuesh\u00ebm gjuh\u00ebn serbe.<\/p>\n<p>Ndryshe, n\u00eb mbledhjen e sotme \u00ebsht\u00eb zgjedhur edhe kryesuesi i Kuvendit Komunal. P\u00ebr k\u00ebt\u00eb pozit\u00eb u votua Nemanja Bishevac, nd\u00ebrsa z\u00ebvend\u00ebskryesuese u zgjodh Aida Ferati-Doli.<\/p>\n<p>&nbsp;<\/p>\n","protected":false},"excerpt":{"rendered":"<p>Mitrovic\u00eb e Veriut, 18 dhjetor 2025 14:21 Kuvendi Komunal i Mitrovic\u00ebs s\u00eb Veriut ka marr\u00eb nj\u00eb vendim t\u00eb diskutuesh\u00ebm, duke votuar p\u00ebr largimin e k\u00ebsaj<\/p>\n","protected":false},"author":7,"featured_media":24532,"comment_status":"open","ping_status":"open","sticky":false,"template":"","format":"standard","meta":{"footnotes":""},"categories":[58],"tags":[],"class_list":["post-24531","post","type-post","status-publish","format-standard","has-post-thumbnail","hentry","category-politike-sq"],"yoast_head":"<!-- This site is optimized with the Yoast SEO plugin v25.3.1 - https:\/\/yoast.com\/wordpress\/plugins\/seo\/ -->\n<title>Lista Serbe vazhdon politikat p\u00ebr\u00e7ar\u00ebse: Mitrovica e Veriut largohet nga Asociacioni i Komunave t\u00eb Kosov\u00ebs me nj\u00eb vendim t\u00eb imponuar -<\/title>\n<meta name=\"robots\" content=\"index, follow, max-snippet:-1, max-image-preview:large, max-video-preview:-1\" \/>\n<link rel=\"canonical\" href=\"https:\/\/veritasinfo.org\/?p=24531\" \/>\n<meta property=\"og:locale\" content=\"en_US\" \/>\n<meta property=\"og:type\" content=\"article\" \/>\n<meta property=\"og:title\" content=\"Lista Serbe vazhdon politikat p\u00ebr\u00e7ar\u00ebse: Mitrovica e Veriut largohet nga Asociacioni i Komunave t\u00eb Kosov\u00ebs me nj\u00eb vendim t\u00eb imponuar -\" \/>\n<meta property=\"og:description\" content=\"Mitrovic\u00eb e Veriut, 18 dhjetor 2025 14:21 Kuvendi Komunal i Mitrovic\u00ebs s\u00eb Veriut ka marr\u00eb nj\u00eb vendim t\u00eb diskutuesh\u00ebm, duke votuar p\u00ebr largimin e k\u00ebsaj\" \/>\n<meta property=\"og:url\" content=\"https:\/\/veritasinfo.org\/?p=24531\" \/>\n<meta property=\"article:published_time\" content=\"2025-12-18T12:41:32+00:00\" \/>\n<meta property=\"article:modified_time\" content=\"2025-12-18T13:21:22+00:00\" \/>\n<meta property=\"og:image\" content=\"https:\/\/veritasinfo.org\/wp-content\/uploads\/2025\/12\/1-18.jpg\" \/>\n\t<meta property=\"og:image:width\" content=\"678\" \/>\n\t<meta property=\"og:image:height\" content=\"381\" \/>\n\t<meta property=\"og:image:type\" content=\"image\/jpeg\" \/>\n<meta name=\"author\" content=\"US6\" \/>\n<meta name=\"twitter:card\" content=\"summary_large_image\" \/>\n<meta name=\"twitter:label1\" content=\"Written by\" \/>\n\t<meta name=\"twitter:data1\" content=\"US6\" \/>\n\t<meta name=\"twitter:label2\" content=\"Est. reading time\" \/>\n\t<meta name=\"twitter:data2\" content=\"3 minutes\" \/>\n<script type=\"application\/ld+json\" class=\"yoast-schema-graph\">{\"@context\":\"https:\/\/schema.org\",\"@graph\":[{\"@type\":\"WebPage\",\"@id\":\"https:\/\/veritasinfo.org\/?p=24531\",\"url\":\"https:\/\/veritasinfo.org\/?p=24531\",\"name\":\"Lista Serbe vazhdon politikat p\u00ebr\u00e7ar\u00ebse: Mitrovica e Veriut largohet nga Asociacioni i Komunave t\u00eb Kosov\u00ebs me nj\u00eb vendim t\u00eb imponuar -\",\"isPartOf\":{\"@id\":\"https:\/\/veritasinfo.org\/#website\"},\"primaryImageOfPage\":{\"@id\":\"https:\/\/veritasinfo.org\/?p=24531#primaryimage\"},\"image\":{\"@id\":\"https:\/\/veritasinfo.org\/?p=24531#primaryimage\"},\"thumbnailUrl\":\"https:\/\/veritasinfo.org\/wp-content\/uploads\/2025\/12\/1-18.jpg\",\"datePublished\":\"2025-12-18T12:41:32+00:00\",\"dateModified\":\"2025-12-18T13:21:22+00:00\",\"author\":{\"@id\":\"https:\/\/veritasinfo.org\/#\/schema\/person\/fe199eede04c3937362892b7444747cc\"},\"breadcrumb\":{\"@id\":\"https:\/\/veritasinfo.org\/?p=24531#breadcrumb\"},\"inLanguage\":\"en-US\",\"potentialAction\":[{\"@type\":\"ReadAction\",\"target\":[\"https:\/\/veritasinfo.org\/?p=24531\"]}]},{\"@type\":\"ImageObject\",\"inLanguage\":\"en-US\",\"@id\":\"https:\/\/veritasinfo.org\/?p=24531#primaryimage\",\"url\":\"https:\/\/veritasinfo.org\/wp-content\/uploads\/2025\/12\/1-18.jpg\",\"contentUrl\":\"https:\/\/veritasinfo.org\/wp-content\/uploads\/2025\/12\/1-18.jpg\",\"width\":678,\"height\":381},{\"@type\":\"BreadcrumbList\",\"@id\":\"https:\/\/veritasinfo.org\/?p=24531#breadcrumb\",\"itemListElement\":[{\"@type\":\"ListItem\",\"position\":1,\"name\":\"Home\",\"item\":\"https:\/\/veritasinfo.org\/\"},{\"@type\":\"ListItem\",\"position\":2,\"name\":\"Lista Serbe vazhdon politikat p\u00ebr\u00e7ar\u00ebse: Mitrovica e Veriut largohet nga Asociacioni i Komunave t\u00eb Kosov\u00ebs me nj\u00eb vendim t\u00eb imponuar\"}]},{\"@type\":\"WebSite\",\"@id\":\"https:\/\/veritasinfo.org\/#website\",\"url\":\"https:\/\/veritasinfo.org\/\",\"name\":\"\",\"description\":\"\",\"potentialAction\":[{\"@type\":\"SearchAction\",\"target\":{\"@type\":\"EntryPoint\",\"urlTemplate\":\"https:\/\/veritasinfo.org\/?s={search_term_string}\"},\"query-input\":{\"@type\":\"PropertyValueSpecification\",\"valueRequired\":true,\"valueName\":\"search_term_string\"}}],\"inLanguage\":\"en-US\"},{\"@type\":\"Person\",\"@id\":\"https:\/\/veritasinfo.org\/#\/schema\/person\/fe199eede04c3937362892b7444747cc\",\"name\":\"US6\",\"image\":{\"@type\":\"ImageObject\",\"inLanguage\":\"en-US\",\"@id\":\"https:\/\/veritasinfo.org\/#\/schema\/person\/image\/\",\"url\":\"https:\/\/secure.gravatar.com\/avatar\/cb16c3c31c9d23b9b8c705964598220b3014e42ff51eb540ff23cefa3ae8c15f?s=96&d=mm&r=g\",\"contentUrl\":\"https:\/\/secure.gravatar.com\/avatar\/cb16c3c31c9d23b9b8c705964598220b3014e42ff51eb540ff23cefa3ae8c15f?s=96&d=mm&r=g\",\"caption\":\"US6\"},\"url\":\"https:\/\/veritasinfo.org\/?author=7\"}]}<\/script>\n<!-- \/ Yoast SEO plugin. -->","yoast_head_json":{"title":"Lista Serbe vazhdon politikat p\u00ebr\u00e7ar\u00ebse: Mitrovica e Veriut largohet nga Asociacioni i Komunave t\u00eb Kosov\u00ebs me nj\u00eb vendim t\u00eb imponuar -","robots":{"index":"index","follow":"follow","max-snippet":"max-snippet:-1","max-image-preview":"max-image-preview:large","max-video-preview":"max-video-preview:-1"},"canonical":"https:\/\/veritasinfo.org\/?p=24531","og_locale":"en_US","og_type":"article","og_title":"Lista Serbe vazhdon politikat p\u00ebr\u00e7ar\u00ebse: Mitrovica e Veriut largohet nga Asociacioni i Komunave t\u00eb Kosov\u00ebs me nj\u00eb vendim t\u00eb imponuar -","og_description":"Mitrovic\u00eb e Veriut, 18 dhjetor 2025 14:21 Kuvendi Komunal i Mitrovic\u00ebs s\u00eb Veriut ka marr\u00eb nj\u00eb vendim t\u00eb diskutuesh\u00ebm, duke votuar p\u00ebr largimin e k\u00ebsaj","og_url":"https:\/\/veritasinfo.org\/?p=24531","article_published_time":"2025-12-18T12:41:32+00:00","article_modified_time":"2025-12-18T13:21:22+00:00","og_image":[{"width":678,"height":381,"url":"https:\/\/veritasinfo.org\/wp-content\/uploads\/2025\/12\/1-18.jpg","type":"image\/jpeg"}],"author":"US6","twitter_card":"summary_large_image","twitter_misc":{"Written by":"US6","Est. reading time":"3 minutes"},"schema":{"@context":"https:\/\/schema.org","@graph":[{"@type":"WebPage","@id":"https:\/\/veritasinfo.org\/?p=24531","url":"https:\/\/veritasinfo.org\/?p=24531","name":"Lista Serbe vazhdon politikat p\u00ebr\u00e7ar\u00ebse: Mitrovica e Veriut largohet nga Asociacioni i Komunave t\u00eb Kosov\u00ebs me nj\u00eb vendim t\u00eb imponuar -","isPartOf":{"@id":"https:\/\/veritasinfo.org\/#website"},"primaryImageOfPage":{"@id":"https:\/\/veritasinfo.org\/?p=24531#primaryimage"},"image":{"@id":"https:\/\/veritasinfo.org\/?p=24531#primaryimage"},"thumbnailUrl":"https:\/\/veritasinfo.org\/wp-content\/uploads\/2025\/12\/1-18.jpg","datePublished":"2025-12-18T12:41:32+00:00","dateModified":"2025-12-18T13:21:22+00:00","author":{"@id":"https:\/\/veritasinfo.org\/#\/schema\/person\/fe199eede04c3937362892b7444747cc"},"breadcrumb":{"@id":"https:\/\/veritasinfo.org\/?p=24531#breadcrumb"},"inLanguage":"en-US","potentialAction":[{"@type":"ReadAction","target":["https:\/\/veritasinfo.org\/?p=24531"]}]},{"@type":"ImageObject","inLanguage":"en-US","@id":"https:\/\/veritasinfo.org\/?p=24531#primaryimage","url":"https:\/\/veritasinfo.org\/wp-content\/uploads\/2025\/12\/1-18.jpg","contentUrl":"https:\/\/veritasinfo.org\/wp-content\/uploads\/2025\/12\/1-18.jpg","width":678,"height":381},{"@type":"BreadcrumbList","@id":"https:\/\/veritasinfo.org\/?p=24531#breadcrumb","itemListElement":[{"@type":"ListItem","position":1,"name":"Home","item":"https:\/\/veritasinfo.org\/"},{"@type":"ListItem","position":2,"name":"Lista Serbe vazhdon politikat p\u00ebr\u00e7ar\u00ebse: Mitrovica e Veriut largohet nga Asociacioni i Komunave t\u00eb Kosov\u00ebs me nj\u00eb vendim t\u00eb imponuar"}]},{"@type":"WebSite","@id":"https:\/\/veritasinfo.org\/#website","url":"https:\/\/veritasinfo.org\/","name":"","description":"","potentialAction":[{"@type":"SearchAction","target":{"@type":"EntryPoint","urlTemplate":"https:\/\/veritasinfo.org\/?s={search_term_string}"},"query-input":{"@type":"PropertyValueSpecification","valueRequired":true,"valueName":"search_term_string"}}],"inLanguage":"en-US"},{"@type":"Person","@id":"https:\/\/veritasinfo.org\/#\/schema\/person\/fe199eede04c3937362892b7444747cc","name":"US6","image":{"@type":"ImageObject","inLanguage":"en-US","@id":"https:\/\/veritasinfo.org\/#\/schema\/person\/image\/","url":"https:\/\/secure.gravatar.com\/avatar\/cb16c3c31c9d23b9b8c705964598220b3014e42ff51eb540ff23cefa3ae8c15f?s=96&d=mm&r=g","contentUrl":"https:\/\/secure.gravatar.com\/avatar\/cb16c3c31c9d23b9b8c705964598220b3014e42ff51eb540ff23cefa3ae8c15f?s=96&d=mm&r=g","caption":"US6"},"url":"https:\/\/veritasinfo.org\/?author=7"}]}},"featured_image_urls":{"full":["https:\/\/veritasinfo.org\/wp-content\/uploads\/2025\/12\/1-18.jpg",678,381,false],"thumbnail":["https:\/\/veritasinfo.org\/wp-content\/uploads\/2025\/12\/1-18-150x150.jpg",150,150,true],"medium":["https:\/\/veritasinfo.org\/wp-content\/uploads\/2025\/12\/1-18-300x169.jpg",300,169,true],"medium_large":["https:\/\/veritasinfo.org\/wp-content\/uploads\/2025\/12\/1-18.jpg",640,360,false],"large":["https:\/\/veritasinfo.org\/wp-content\/uploads\/2025\/12\/1-18.jpg",640,360,false],"1536x1536":["https:\/\/veritasinfo.org\/wp-content\/uploads\/2025\/12\/1-18.jpg",678,381,false],"2048x2048":["https:\/\/veritasinfo.org\/wp-content\/uploads\/2025\/12\/1-18.jpg",678,381,false],"kreeti-slider-full":["https:\/\/veritasinfo.org\/wp-content\/uploads\/2025\/12\/1-18.jpg",678,381,false],"kreeti-featured":["https:\/\/veritasinfo.org\/wp-content\/uploads\/2025\/12\/1-18.jpg",678,381,false],"kreeti-medium":["https:\/\/veritasinfo.org\/wp-content\/uploads\/2025\/12\/1-18.jpg",678,381,false],"kreeti-medium-square":["https:\/\/veritasinfo.org\/wp-content\/uploads\/2025\/12\/1-18.jpg",350,197,false]},"author_info":{"info":["US6"]},"category_info":"<a href=\"https:\/\/veritasinfo.org\/?cat=58\" rel=\"category\">Politik\u00eb<\/a>","tag_info":"Politik\u00eb","comment_count":"0","_links":{"self":[{"href":"https:\/\/veritasinfo.org\/index.php?rest_route=\/wp\/v2\/posts\/24531","targetHints":{"allow":["GET"]}}],"collection":[{"href":"https:\/\/veritasinfo.org\/index.php?rest_route=\/wp\/v2\/posts"}],"about":[{"href":"https:\/\/veritasinfo.org\/index.php?rest_route=\/wp\/v2\/types\/post"}],"author":[{"embeddable":true,"href":"https:\/\/veritasinfo.org\/index.php?rest_route=\/wp\/v2\/users\/7"}],"replies":[{"embeddable":true,"href":"https:\/\/veritasinfo.org\/index.php?rest_route=%2Fwp%2Fv2%2Fcomments&post=24531"}],"version-history":[{"count":2,"href":"https:\/\/veritasinfo.org\/index.php?rest_route=\/wp\/v2\/posts\/24531\/revisions"}],"predecessor-version":[{"id":24537,"href":"https:\/\/veritasinfo.org\/index.php?rest_route=\/wp\/v2\/posts\/24531\/revisions\/24537"}],"wp:featuredmedia":[{"embeddable":true,"href":"https:\/\/veritasinfo.org\/index.php?rest_route=\/wp\/v2\/media\/24532"}],"wp:attachment":[{"href":"https:\/\/veritasinfo.org\/index.php?rest_route=%2Fwp%2Fv2%2Fmedia&parent=24531"}],"wp:term":[{"taxonomy":"category","embeddable":true,"href":"https:\/\/veritasinfo.org\/index.php?rest_route=%2Fwp%2Fv2%2Fcategories&post=24531"},{"taxonomy":"post_tag","embeddable":true,"href":"https:\/\/veritasinfo.org\/index.php?rest_route=%2Fwp%2Fv2%2Ftags&post=24531"}],"curies":[{"name":"wp","href":"https:\/\/api.w.org\/{rel}","templated":true}]}}