{"id":24526,"date":"2025-12-18T12:08:00","date_gmt":"2025-12-18T11:08:00","guid":{"rendered":"https:\/\/veritasinfo.org\/?p=24526"},"modified":"2025-12-18T12:08:00","modified_gmt":"2025-12-18T11:08:00","slug":"drita-sfidon-rayo-vallecanon-transmetim-ekskluziv-ne-rtk","status":"publish","type":"post","link":"https:\/\/veritasinfo.org\/?p=24526","title":{"rendered":"Drita sfidon Rayo Vallecanon, transmetim ekskluziv n\u00eb RTK"},"content":{"rendered":"<p>Prishtin\u00eb 18 Dhjetor 2025 12:07<\/p>\n<p>Skuadra kampione e Kosov\u00ebs, Drita do ta mbyll sot faz\u00ebn e lig\u00ebs n\u00eb UEFA Conference League me p\u00ebrballjen tejet t\u00eb v\u00ebshtir\u00eb kund\u00ebr Rayo Vallecanos. Skuadra spanjolle ndodhet n\u00eb vendin e shtat\u00eb me 10 pik\u00eb, nd\u00ebrsa Drita me dy pik\u00eb m\u00eb pak mban vendin e 19-t\u00eb.<\/p>\n<p>Kjo ndeshje zhvillohet sonte, nga ora 21:00, n\u00eb \u201cEstadio de Vallecas\u201d dhe do t\u00eb transmetohet drejtp\u00ebrdrejt\u00eb dhe ekskluzivisht n\u00eb RTK 1.<\/p>\n<p>N\u00eb prag t\u00eb k\u00ebtij dueli t\u00eb v\u00ebshtir\u00eb, trajneri i Drit\u00ebs, Zekirija Ramadani, theksoi se skuadra e tij \u00ebsht\u00eb e p\u00ebrgatitur p\u00ebr t\u2019u ballafaquar me skuadr\u00ebn spanjolle, pavar\u00ebsisht faktit se dimensionet e fush\u00ebs jan\u00eb m\u00eb t\u00eb vogla se ato n\u00eb Prishtin\u00eb.<\/p>\n<p>\u201cN\u00eb k\u00ebto ndeshje favorit absolut \u00ebsht\u00eb Rayo Vallecano, mir\u00ebpo ne jemi k\u00ebtu p\u00ebr t\u00eb dh\u00ebn\u00eb maksimumin. Do t\u00eb isha shum\u00eb i k\u00ebnaqur edhe me nj\u00eb barazim. Sa u p\u00ebrket fushave, ne jemi m\u00ebsuar me \u00e7do lloj dimensioni. Nuk ka problem fare, ambientohemi shpejt dhe jemi k\u00ebtu p\u00ebr t\u00eb dh\u00ebn\u00eb maksimumin\u201d, tha Ramadani.<\/p>\n<p>Drita do t\u00eb ket\u00eb mungesa t\u00eb r\u00ebnd\u00ebsishme n\u00eb k\u00ebt\u00eb takim: Rron Broja, Vesel Limaj dhe Faton Maloku nuk do t\u00eb jen\u00eb n\u00eb dispozicion p\u00ebr shkak t\u00eb l\u00ebndimeve, por trajneri Ramadani beson te cil\u00ebsia dhe p\u00ebrkushtimi i lojtar\u00ebve t\u00eb tjer\u00eb.<\/p>\n<p>Mbrojt\u00ebsi i krahut t\u00eb djatht\u00eb, Besnik Krasniqi, e vler\u00ebsoi Rayo Vallecanon si nj\u00eb nga skuadrat favorite p\u00ebr t\u00eb triumfuar n\u00eb Lig\u00ebn e Konferenc\u00ebs.<\/p>\n<p>\u201cRayo Vallecano do t\u00eb jet\u00eb nj\u00ebri nd\u00ebr favorit\u00ebt p\u00ebr t\u00eb triumfuar n\u00eb Lig\u00ebn e Konferenc\u00ebs, por ka shum\u00eb skuadra t\u00eb forta dhe t\u00eb shohim deri n\u00eb fund. Sidoqoft\u00eb, ne e kemi p\u00ebrballjen me ta dhe nuk dua t\u2019u jap m\u00eb shum\u00eb l\u00ebvdata atyre n\u00eb k\u00ebt\u00eb moment\u201d, tha Krasniqi n\u00eb konferenc\u00ebn p\u00ebr media.<\/p>\n<p>Nga ana tjet\u00ebr, trajneri i Rayo Vallecanos, Inigo Perez, dhe qend\u00ebrmbrojt\u00ebsi Florian Lejeune, e vler\u00ebsuan Drit\u00ebn si nj\u00eb ekip t\u00eb fort\u00eb, energjik dhe t\u00eb organizuar mir\u00eb n\u00eb t\u00eb dyja fazat, mbrojtje dhe sulm.<\/p>\n<p>Kjo do t\u00eb jet\u00eb p\u00ebrballja e par\u00eb e Drit\u00ebs me nj\u00eb skuad\u00ebr spanjolle, por gjilanasit n\u00eb vitet e fundit kan\u00eb treguar loj\u00ebra shum\u00eb t\u00eb mira kur jan\u00eb ballafaquar me skuadra t\u00eb k\u00ebtij niveli<\/p>\n","protected":false},"excerpt":{"rendered":"<p>Prishtin\u00eb 18 Dhjetor 2025 12:07 Skuadra kampione e Kosov\u00ebs, Drita do ta mbyll sot faz\u00ebn e lig\u00ebs n\u00eb UEFA Conference League me p\u00ebrballjen tejet t\u00eb<\/p>\n","protected":false},"author":6,"featured_media":24527,"comment_status":"open","ping_status":"open","sticky":false,"template":"","format":"standard","meta":{"footnotes":""},"categories":[5],"tags":[],"class_list":["post-24526","post","type-post","status-publish","format-standard","has-post-thumbnail","hentry","category-sport-sq"],"yoast_head":"<!-- This site is optimized with the Yoast SEO plugin v25.3.1 - https:\/\/yoast.com\/wordpress\/plugins\/seo\/ -->\n<title>Drita sfidon Rayo Vallecanon, transmetim ekskluziv n\u00eb RTK -<\/title>\n<meta name=\"robots\" content=\"index, follow, max-snippet:-1, max-image-preview:large, max-video-preview:-1\" \/>\n<link rel=\"canonical\" href=\"https:\/\/veritasinfo.org\/?p=24526\" \/>\n<meta property=\"og:locale\" content=\"en_US\" \/>\n<meta property=\"og:type\" content=\"article\" \/>\n<meta property=\"og:title\" content=\"Drita sfidon Rayo Vallecanon, transmetim ekskluziv n\u00eb RTK -\" \/>\n<meta property=\"og:description\" content=\"Prishtin\u00eb 18 Dhjetor 2025 12:07 Skuadra kampione e Kosov\u00ebs, Drita do ta mbyll sot faz\u00ebn e lig\u00ebs n\u00eb UEFA Conference League me p\u00ebrballjen tejet t\u00eb\" \/>\n<meta property=\"og:url\" content=\"https:\/\/veritasinfo.org\/?p=24526\" \/>\n<meta property=\"article:published_time\" content=\"2025-12-18T11:08:00+00:00\" \/>\n<meta property=\"og:image\" content=\"https:\/\/veritasinfo.org\/wp-content\/uploads\/2025\/12\/712331-9idleCQO2Y.jpg\" \/>\n\t<meta property=\"og:image:width\" content=\"780\" \/>\n\t<meta property=\"og:image:height\" content=\"500\" \/>\n\t<meta property=\"og:image:type\" content=\"image\/jpeg\" \/>\n<meta name=\"author\" content=\"US5\" \/>\n<meta name=\"twitter:card\" content=\"summary_large_image\" \/>\n<meta name=\"twitter:label1\" content=\"Written by\" \/>\n\t<meta name=\"twitter:data1\" content=\"US5\" \/>\n<script type=\"application\/ld+json\" class=\"yoast-schema-graph\">{\"@context\":\"https:\/\/schema.org\",\"@graph\":[{\"@type\":\"WebPage\",\"@id\":\"https:\/\/veritasinfo.org\/?p=24526\",\"url\":\"https:\/\/veritasinfo.org\/?p=24526\",\"name\":\"Drita sfidon Rayo Vallecanon, transmetim ekskluziv n\u00eb RTK -\",\"isPartOf\":{\"@id\":\"https:\/\/veritasinfo.org\/#website\"},\"primaryImageOfPage\":{\"@id\":\"https:\/\/veritasinfo.org\/?p=24526#primaryimage\"},\"image\":{\"@id\":\"https:\/\/veritasinfo.org\/?p=24526#primaryimage\"},\"thumbnailUrl\":\"https:\/\/veritasinfo.org\/wp-content\/uploads\/2025\/12\/712331-9idleCQO2Y.jpg\",\"datePublished\":\"2025-12-18T11:08:00+00:00\",\"author\":{\"@id\":\"https:\/\/veritasinfo.org\/#\/schema\/person\/bc442336e35414d04494ab8fb45db4c6\"},\"breadcrumb\":{\"@id\":\"https:\/\/veritasinfo.org\/?p=24526#breadcrumb\"},\"inLanguage\":\"en-US\",\"potentialAction\":[{\"@type\":\"ReadAction\",\"target\":[\"https:\/\/veritasinfo.org\/?p=24526\"]}]},{\"@type\":\"ImageObject\",\"inLanguage\":\"en-US\",\"@id\":\"https:\/\/veritasinfo.org\/?p=24526#primaryimage\",\"url\":\"https:\/\/veritasinfo.org\/wp-content\/uploads\/2025\/12\/712331-9idleCQO2Y.jpg\",\"contentUrl\":\"https:\/\/veritasinfo.org\/wp-content\/uploads\/2025\/12\/712331-9idleCQO2Y.jpg\",\"width\":780,\"height\":500},{\"@type\":\"BreadcrumbList\",\"@id\":\"https:\/\/veritasinfo.org\/?p=24526#breadcrumb\",\"itemListElement\":[{\"@type\":\"ListItem\",\"position\":1,\"name\":\"Home\",\"item\":\"https:\/\/veritasinfo.org\/\"},{\"@type\":\"ListItem\",\"position\":2,\"name\":\"Drita sfidon Rayo Vallecanon, transmetim ekskluziv n\u00eb RTK\"}]},{\"@type\":\"WebSite\",\"@id\":\"https:\/\/veritasinfo.org\/#website\",\"url\":\"https:\/\/veritasinfo.org\/\",\"name\":\"\",\"description\":\"\",\"potentialAction\":[{\"@type\":\"SearchAction\",\"target\":{\"@type\":\"EntryPoint\",\"urlTemplate\":\"https:\/\/veritasinfo.org\/?s={search_term_string}\"},\"query-input\":{\"@type\":\"PropertyValueSpecification\",\"valueRequired\":true,\"valueName\":\"search_term_string\"}}],\"inLanguage\":\"en-US\"},{\"@type\":\"Person\",\"@id\":\"https:\/\/veritasinfo.org\/#\/schema\/person\/bc442336e35414d04494ab8fb45db4c6\",\"name\":\"US5\",\"image\":{\"@type\":\"ImageObject\",\"inLanguage\":\"en-US\",\"@id\":\"https:\/\/veritasinfo.org\/#\/schema\/person\/image\/\",\"url\":\"https:\/\/secure.gravatar.com\/avatar\/16a61e7272a0c5d001121ebb9e60e925d5816e4ac1e443ed3e640d9a6ae55d0c?s=96&d=mm&r=g\",\"contentUrl\":\"https:\/\/secure.gravatar.com\/avatar\/16a61e7272a0c5d001121ebb9e60e925d5816e4ac1e443ed3e640d9a6ae55d0c?s=96&d=mm&r=g\",\"caption\":\"US5\"},\"url\":\"https:\/\/veritasinfo.org\/?author=6\"}]}<\/script>\n<!-- \/ Yoast SEO plugin. -->","yoast_head_json":{"title":"Drita sfidon Rayo Vallecanon, transmetim ekskluziv n\u00eb RTK -","robots":{"index":"index","follow":"follow","max-snippet":"max-snippet:-1","max-image-preview":"max-image-preview:large","max-video-preview":"max-video-preview:-1"},"canonical":"https:\/\/veritasinfo.org\/?p=24526","og_locale":"en_US","og_type":"article","og_title":"Drita sfidon Rayo Vallecanon, transmetim ekskluziv n\u00eb RTK -","og_description":"Prishtin\u00eb 18 Dhjetor 2025 12:07 Skuadra kampione e Kosov\u00ebs, Drita do ta mbyll sot faz\u00ebn e lig\u00ebs n\u00eb UEFA Conference League me p\u00ebrballjen tejet t\u00eb","og_url":"https:\/\/veritasinfo.org\/?p=24526","article_published_time":"2025-12-18T11:08:00+00:00","og_image":[{"width":780,"height":500,"url":"https:\/\/veritasinfo.org\/wp-content\/uploads\/2025\/12\/712331-9idleCQO2Y.jpg","type":"image\/jpeg"}],"author":"US5","twitter_card":"summary_large_image","twitter_misc":{"Written by":"US5"},"schema":{"@context":"https:\/\/schema.org","@graph":[{"@type":"WebPage","@id":"https:\/\/veritasinfo.org\/?p=24526","url":"https:\/\/veritasinfo.org\/?p=24526","name":"Drita sfidon Rayo Vallecanon, transmetim ekskluziv n\u00eb RTK -","isPartOf":{"@id":"https:\/\/veritasinfo.org\/#website"},"primaryImageOfPage":{"@id":"https:\/\/veritasinfo.org\/?p=24526#primaryimage"},"image":{"@id":"https:\/\/veritasinfo.org\/?p=24526#primaryimage"},"thumbnailUrl":"https:\/\/veritasinfo.org\/wp-content\/uploads\/2025\/12\/712331-9idleCQO2Y.jpg","datePublished":"2025-12-18T11:08:00+00:00","author":{"@id":"https:\/\/veritasinfo.org\/#\/schema\/person\/bc442336e35414d04494ab8fb45db4c6"},"breadcrumb":{"@id":"https:\/\/veritasinfo.org\/?p=24526#breadcrumb"},"inLanguage":"en-US","potentialAction":[{"@type":"ReadAction","target":["https:\/\/veritasinfo.org\/?p=24526"]}]},{"@type":"ImageObject","inLanguage":"en-US","@id":"https:\/\/veritasinfo.org\/?p=24526#primaryimage","url":"https:\/\/veritasinfo.org\/wp-content\/uploads\/2025\/12\/712331-9idleCQO2Y.jpg","contentUrl":"https:\/\/veritasinfo.org\/wp-content\/uploads\/2025\/12\/712331-9idleCQO2Y.jpg","width":780,"height":500},{"@type":"BreadcrumbList","@id":"https:\/\/veritasinfo.org\/?p=24526#breadcrumb","itemListElement":[{"@type":"ListItem","position":1,"name":"Home","item":"https:\/\/veritasinfo.org\/"},{"@type":"ListItem","position":2,"name":"Drita sfidon Rayo Vallecanon, transmetim ekskluziv n\u00eb RTK"}]},{"@type":"WebSite","@id":"https:\/\/veritasinfo.org\/#website","url":"https:\/\/veritasinfo.org\/","name":"","description":"","potentialAction":[{"@type":"SearchAction","target":{"@type":"EntryPoint","urlTemplate":"https:\/\/veritasinfo.org\/?s={search_term_string}"},"query-input":{"@type":"PropertyValueSpecification","valueRequired":true,"valueName":"search_term_string"}}],"inLanguage":"en-US"},{"@type":"Person","@id":"https:\/\/veritasinfo.org\/#\/schema\/person\/bc442336e35414d04494ab8fb45db4c6","name":"US5","image":{"@type":"ImageObject","inLanguage":"en-US","@id":"https:\/\/veritasinfo.org\/#\/schema\/person\/image\/","url":"https:\/\/secure.gravatar.com\/avatar\/16a61e7272a0c5d001121ebb9e60e925d5816e4ac1e443ed3e640d9a6ae55d0c?s=96&d=mm&r=g","contentUrl":"https:\/\/secure.gravatar.com\/avatar\/16a61e7272a0c5d001121ebb9e60e925d5816e4ac1e443ed3e640d9a6ae55d0c?s=96&d=mm&r=g","caption":"US5"},"url":"https:\/\/veritasinfo.org\/?author=6"}]}},"featured_image_urls":{"full":["https:\/\/veritasinfo.org\/wp-content\/uploads\/2025\/12\/712331-9idleCQO2Y.jpg",780,500,false],"thumbnail":["https:\/\/veritasinfo.org\/wp-content\/uploads\/2025\/12\/712331-9idleCQO2Y-150x150.jpg",150,150,true],"medium":["https:\/\/veritasinfo.org\/wp-content\/uploads\/2025\/12\/712331-9idleCQO2Y-300x192.jpg",300,192,true],"medium_large":["https:\/\/veritasinfo.org\/wp-content\/uploads\/2025\/12\/712331-9idleCQO2Y-768x492.jpg",640,410,true],"large":["https:\/\/veritasinfo.org\/wp-content\/uploads\/2025\/12\/712331-9idleCQO2Y.jpg",640,410,false],"1536x1536":["https:\/\/veritasinfo.org\/wp-content\/uploads\/2025\/12\/712331-9idleCQO2Y.jpg",780,500,false],"2048x2048":["https:\/\/veritasinfo.org\/wp-content\/uploads\/2025\/12\/712331-9idleCQO2Y.jpg",780,500,false],"kreeti-slider-full":["https:\/\/veritasinfo.org\/wp-content\/uploads\/2025\/12\/712331-9idleCQO2Y.jpg",780,500,false],"kreeti-featured":["https:\/\/veritasinfo.org\/wp-content\/uploads\/2025\/12\/712331-9idleCQO2Y.jpg",780,500,false],"kreeti-medium":["https:\/\/veritasinfo.org\/wp-content\/uploads\/2025\/12\/712331-9idleCQO2Y.jpg",720,462,false],"kreeti-medium-square":["https:\/\/veritasinfo.org\/wp-content\/uploads\/2025\/12\/712331-9idleCQO2Y.jpg",350,224,false]},"author_info":{"info":["US5"]},"category_info":"<a href=\"https:\/\/veritasinfo.org\/?cat=5\" rel=\"category\">Sport<\/a>","tag_info":"Sport","comment_count":"0","_links":{"self":[{"href":"https:\/\/veritasinfo.org\/index.php?rest_route=\/wp\/v2\/posts\/24526","targetHints":{"allow":["GET"]}}],"collection":[{"href":"https:\/\/veritasinfo.org\/index.php?rest_route=\/wp\/v2\/posts"}],"about":[{"href":"https:\/\/veritasinfo.org\/index.php?rest_route=\/wp\/v2\/types\/post"}],"author":[{"embeddable":true,"href":"https:\/\/veritasinfo.org\/index.php?rest_route=\/wp\/v2\/users\/6"}],"replies":[{"embeddable":true,"href":"https:\/\/veritasinfo.org\/index.php?rest_route=%2Fwp%2Fv2%2Fcomments&post=24526"}],"version-history":[{"count":1,"href":"https:\/\/veritasinfo.org\/index.php?rest_route=\/wp\/v2\/posts\/24526\/revisions"}],"predecessor-version":[{"id":24528,"href":"https:\/\/veritasinfo.org\/index.php?rest_route=\/wp\/v2\/posts\/24526\/revisions\/24528"}],"wp:featuredmedia":[{"embeddable":true,"href":"https:\/\/veritasinfo.org\/index.php?rest_route=\/wp\/v2\/media\/24527"}],"wp:attachment":[{"href":"https:\/\/veritasinfo.org\/index.php?rest_route=%2Fwp%2Fv2%2Fmedia&parent=24526"}],"wp:term":[{"taxonomy":"category","embeddable":true,"href":"https:\/\/veritasinfo.org\/index.php?rest_route=%2Fwp%2Fv2%2Fcategories&post=24526"},{"taxonomy":"post_tag","embeddable":true,"href":"https:\/\/veritasinfo.org\/index.php?rest_route=%2Fwp%2Fv2%2Ftags&post=24526"}],"curies":[{"name":"wp","href":"https:\/\/api.w.org\/{rel}","templated":true}]}}