{"id":24509,"date":"2025-12-18T10:50:23","date_gmt":"2025-12-18T09:50:23","guid":{"rendered":"https:\/\/veritasinfo.org\/?p=24509"},"modified":"2025-12-18T10:50:23","modified_gmt":"2025-12-18T09:50:23","slug":"vrasja-e-34-civileve-shqiptare-ne-burim-te-malisheves-ngritet-aktakuze-ndaj-ramadan-morines","status":"publish","type":"post","link":"https:\/\/veritasinfo.org\/?p=24509","title":{"rendered":"Vrasja e 34 civil\u00ebve shqiptar\u00eb n\u00eb Burim t\u00eb Malishev\u00ebs, ngritet aktakuz\u00eb ndaj Ramadan Morin\u00ebs"},"content":{"rendered":"<p>Prishtin\u00eb 18 Dhjetor 2025. 10:48<\/p>\n<p>Prokuroria Speciale e Republik\u00ebs s\u00eb Kosov\u00ebs ka ngritur aktakuz\u00eb ndaj t\u00eb pandehurit Ramadan Morina, n\u00ebn dyshimin p\u00ebr kryerjen e vepr\u00ebs penale \u201cKrim i luft\u00ebs kund\u00ebr popullsis\u00eb civile\u201d.<\/p>\n<p>Sipas aktakuz\u00ebs, m\u00eb 31 mars 1999, n\u00eb fshatin Burim t\u00eb Komun\u00ebs s\u00eb Malishev\u00ebs, R.M., n\u00eb bashk\u00ebkryerje me pjes\u00ebtar\u00eb t\u00eb tjer\u00eb t\u00eb forcave policore dhe ushtarake serbe, ka marr\u00eb pjes\u00eb n\u00eb vrasjen e 34 civil\u00ebve shqiptar\u00eb.<\/p>\n<p>R.M., akuzohet edhe p\u00ebr pjes\u00ebmarrje n\u00eb shkat\u00ebrrimin e pron\u00ebs, d\u00ebbim masiv t\u00eb popull\u00ebsis\u00eb civile dhe pla\u00e7kitjen e pasuris\u00eb s\u00eb rreth 1.000 qytetar\u00ebve, t\u00eb cil\u00ebt nuk ishin t\u00eb p\u00ebrfshir\u00eb n\u00eb luft\u00eb.<\/p>\n<p>I pandehuri ndodhet n\u00ebn mas\u00ebn e paraburgimit deri n\u00eb nj\u00eb vendim tjet\u00ebr t\u00eb gjykat\u00ebs, nd\u00ebrsa rasti i \u00ebsht\u00eb kaluar p\u00ebr trajtim Departamentit Special t\u00eb Gjykat\u00ebs Themelore n\u00eb Prishtin\u00eb.<\/p>\n<p>Prokuroria Speciale e Republik\u00ebs s\u00eb Kosov\u00ebs mbetet e p\u00ebrkushtuar n\u00eb ndjekjen penale t\u00eb krimeve t\u00eb kryera gjat\u00eb luft\u00ebs n\u00eb Kosov\u00eb, me q\u00ebllim sigurimin e drejt\u00ebsis\u00eb p\u00ebr viktimat dhe vendosjen e p\u00ebrgjegj\u00ebsis\u00eb penale p\u00ebr kryer\u00ebsit, n\u00eb p\u00ebrputhje me standardet nd\u00ebrkomb\u00ebtare.<\/p>\n","protected":false},"excerpt":{"rendered":"<p>Prishtin\u00eb 18 Dhjetor 2025. 10:48 Prokuroria Speciale e Republik\u00ebs s\u00eb Kosov\u00ebs ka ngritur aktakuz\u00eb ndaj t\u00eb pandehurit Ramadan Morina, n\u00ebn dyshimin p\u00ebr kryerjen e vepr\u00ebs<\/p>\n","protected":false},"author":6,"featured_media":24510,"comment_status":"open","ping_status":"open","sticky":false,"template":"","format":"standard","meta":{"footnotes":""},"categories":[58],"tags":[],"class_list":["post-24509","post","type-post","status-publish","format-standard","has-post-thumbnail","hentry","category-politike-sq"],"yoast_head":"<!-- This site is optimized with the Yoast SEO plugin v25.3.1 - https:\/\/yoast.com\/wordpress\/plugins\/seo\/ -->\n<title>Vrasja e 34 civil\u00ebve shqiptar\u00eb n\u00eb Burim t\u00eb Malishev\u00ebs, ngritet aktakuz\u00eb ndaj Ramadan Morin\u00ebs -<\/title>\n<meta name=\"robots\" content=\"index, follow, max-snippet:-1, max-image-preview:large, max-video-preview:-1\" \/>\n<link rel=\"canonical\" href=\"https:\/\/veritasinfo.org\/?p=24509\" \/>\n<meta property=\"og:locale\" content=\"en_US\" \/>\n<meta property=\"og:type\" content=\"article\" \/>\n<meta property=\"og:title\" content=\"Vrasja e 34 civil\u00ebve shqiptar\u00eb n\u00eb Burim t\u00eb Malishev\u00ebs, ngritet aktakuz\u00eb ndaj Ramadan Morin\u00ebs -\" \/>\n<meta property=\"og:description\" content=\"Prishtin\u00eb 18 Dhjetor 2025. 10:48 Prokuroria Speciale e Republik\u00ebs s\u00eb Kosov\u00ebs ka ngritur aktakuz\u00eb ndaj t\u00eb pandehurit Ramadan Morina, n\u00ebn dyshimin p\u00ebr kryerjen e vepr\u00ebs\" \/>\n<meta property=\"og:url\" content=\"https:\/\/veritasinfo.org\/?p=24509\" \/>\n<meta property=\"article:published_time\" content=\"2025-12-18T09:50:23+00:00\" \/>\n<meta property=\"og:image\" content=\"https:\/\/veritasinfo.org\/wp-content\/uploads\/2025\/12\/IMG_20251218_104946.jpg\" \/>\n\t<meta property=\"og:image:width\" content=\"951\" \/>\n\t<meta property=\"og:image:height\" content=\"452\" \/>\n\t<meta property=\"og:image:type\" content=\"image\/jpeg\" \/>\n<meta name=\"author\" content=\"US5\" \/>\n<meta name=\"twitter:card\" content=\"summary_large_image\" \/>\n<meta name=\"twitter:label1\" content=\"Written by\" \/>\n\t<meta name=\"twitter:data1\" content=\"US5\" \/>\n\t<meta name=\"twitter:label2\" content=\"Est. reading time\" \/>\n\t<meta name=\"twitter:data2\" content=\"1 minute\" \/>\n<script type=\"application\/ld+json\" class=\"yoast-schema-graph\">{\"@context\":\"https:\/\/schema.org\",\"@graph\":[{\"@type\":\"WebPage\",\"@id\":\"https:\/\/veritasinfo.org\/?p=24509\",\"url\":\"https:\/\/veritasinfo.org\/?p=24509\",\"name\":\"Vrasja e 34 civil\u00ebve shqiptar\u00eb n\u00eb Burim t\u00eb Malishev\u00ebs, ngritet aktakuz\u00eb ndaj Ramadan Morin\u00ebs -\",\"isPartOf\":{\"@id\":\"https:\/\/veritasinfo.org\/#website\"},\"primaryImageOfPage\":{\"@id\":\"https:\/\/veritasinfo.org\/?p=24509#primaryimage\"},\"image\":{\"@id\":\"https:\/\/veritasinfo.org\/?p=24509#primaryimage\"},\"thumbnailUrl\":\"https:\/\/veritasinfo.org\/wp-content\/uploads\/2025\/12\/IMG_20251218_104946.jpg\",\"datePublished\":\"2025-12-18T09:50:23+00:00\",\"author\":{\"@id\":\"https:\/\/veritasinfo.org\/#\/schema\/person\/bc442336e35414d04494ab8fb45db4c6\"},\"breadcrumb\":{\"@id\":\"https:\/\/veritasinfo.org\/?p=24509#breadcrumb\"},\"inLanguage\":\"en-US\",\"potentialAction\":[{\"@type\":\"ReadAction\",\"target\":[\"https:\/\/veritasinfo.org\/?p=24509\"]}]},{\"@type\":\"ImageObject\",\"inLanguage\":\"en-US\",\"@id\":\"https:\/\/veritasinfo.org\/?p=24509#primaryimage\",\"url\":\"https:\/\/veritasinfo.org\/wp-content\/uploads\/2025\/12\/IMG_20251218_104946.jpg\",\"contentUrl\":\"https:\/\/veritasinfo.org\/wp-content\/uploads\/2025\/12\/IMG_20251218_104946.jpg\",\"width\":951,\"height\":452},{\"@type\":\"BreadcrumbList\",\"@id\":\"https:\/\/veritasinfo.org\/?p=24509#breadcrumb\",\"itemListElement\":[{\"@type\":\"ListItem\",\"position\":1,\"name\":\"Home\",\"item\":\"https:\/\/veritasinfo.org\/\"},{\"@type\":\"ListItem\",\"position\":2,\"name\":\"Vrasja e 34 civil\u00ebve shqiptar\u00eb n\u00eb Burim t\u00eb Malishev\u00ebs, ngritet aktakuz\u00eb ndaj Ramadan Morin\u00ebs\"}]},{\"@type\":\"WebSite\",\"@id\":\"https:\/\/veritasinfo.org\/#website\",\"url\":\"https:\/\/veritasinfo.org\/\",\"name\":\"\",\"description\":\"\",\"potentialAction\":[{\"@type\":\"SearchAction\",\"target\":{\"@type\":\"EntryPoint\",\"urlTemplate\":\"https:\/\/veritasinfo.org\/?s={search_term_string}\"},\"query-input\":{\"@type\":\"PropertyValueSpecification\",\"valueRequired\":true,\"valueName\":\"search_term_string\"}}],\"inLanguage\":\"en-US\"},{\"@type\":\"Person\",\"@id\":\"https:\/\/veritasinfo.org\/#\/schema\/person\/bc442336e35414d04494ab8fb45db4c6\",\"name\":\"US5\",\"image\":{\"@type\":\"ImageObject\",\"inLanguage\":\"en-US\",\"@id\":\"https:\/\/veritasinfo.org\/#\/schema\/person\/image\/\",\"url\":\"https:\/\/secure.gravatar.com\/avatar\/16a61e7272a0c5d001121ebb9e60e925d5816e4ac1e443ed3e640d9a6ae55d0c?s=96&d=mm&r=g\",\"contentUrl\":\"https:\/\/secure.gravatar.com\/avatar\/16a61e7272a0c5d001121ebb9e60e925d5816e4ac1e443ed3e640d9a6ae55d0c?s=96&d=mm&r=g\",\"caption\":\"US5\"},\"url\":\"https:\/\/veritasinfo.org\/?author=6\"}]}<\/script>\n<!-- \/ Yoast SEO plugin. -->","yoast_head_json":{"title":"Vrasja e 34 civil\u00ebve shqiptar\u00eb n\u00eb Burim t\u00eb Malishev\u00ebs, ngritet aktakuz\u00eb ndaj Ramadan Morin\u00ebs -","robots":{"index":"index","follow":"follow","max-snippet":"max-snippet:-1","max-image-preview":"max-image-preview:large","max-video-preview":"max-video-preview:-1"},"canonical":"https:\/\/veritasinfo.org\/?p=24509","og_locale":"en_US","og_type":"article","og_title":"Vrasja e 34 civil\u00ebve shqiptar\u00eb n\u00eb Burim t\u00eb Malishev\u00ebs, ngritet aktakuz\u00eb ndaj Ramadan Morin\u00ebs -","og_description":"Prishtin\u00eb 18 Dhjetor 2025. 10:48 Prokuroria Speciale e Republik\u00ebs s\u00eb Kosov\u00ebs ka ngritur aktakuz\u00eb ndaj t\u00eb pandehurit Ramadan Morina, n\u00ebn dyshimin p\u00ebr kryerjen e vepr\u00ebs","og_url":"https:\/\/veritasinfo.org\/?p=24509","article_published_time":"2025-12-18T09:50:23+00:00","og_image":[{"width":951,"height":452,"url":"https:\/\/veritasinfo.org\/wp-content\/uploads\/2025\/12\/IMG_20251218_104946.jpg","type":"image\/jpeg"}],"author":"US5","twitter_card":"summary_large_image","twitter_misc":{"Written by":"US5","Est. reading time":"1 minute"},"schema":{"@context":"https:\/\/schema.org","@graph":[{"@type":"WebPage","@id":"https:\/\/veritasinfo.org\/?p=24509","url":"https:\/\/veritasinfo.org\/?p=24509","name":"Vrasja e 34 civil\u00ebve shqiptar\u00eb n\u00eb Burim t\u00eb Malishev\u00ebs, ngritet aktakuz\u00eb ndaj Ramadan Morin\u00ebs -","isPartOf":{"@id":"https:\/\/veritasinfo.org\/#website"},"primaryImageOfPage":{"@id":"https:\/\/veritasinfo.org\/?p=24509#primaryimage"},"image":{"@id":"https:\/\/veritasinfo.org\/?p=24509#primaryimage"},"thumbnailUrl":"https:\/\/veritasinfo.org\/wp-content\/uploads\/2025\/12\/IMG_20251218_104946.jpg","datePublished":"2025-12-18T09:50:23+00:00","author":{"@id":"https:\/\/veritasinfo.org\/#\/schema\/person\/bc442336e35414d04494ab8fb45db4c6"},"breadcrumb":{"@id":"https:\/\/veritasinfo.org\/?p=24509#breadcrumb"},"inLanguage":"en-US","potentialAction":[{"@type":"ReadAction","target":["https:\/\/veritasinfo.org\/?p=24509"]}]},{"@type":"ImageObject","inLanguage":"en-US","@id":"https:\/\/veritasinfo.org\/?p=24509#primaryimage","url":"https:\/\/veritasinfo.org\/wp-content\/uploads\/2025\/12\/IMG_20251218_104946.jpg","contentUrl":"https:\/\/veritasinfo.org\/wp-content\/uploads\/2025\/12\/IMG_20251218_104946.jpg","width":951,"height":452},{"@type":"BreadcrumbList","@id":"https:\/\/veritasinfo.org\/?p=24509#breadcrumb","itemListElement":[{"@type":"ListItem","position":1,"name":"Home","item":"https:\/\/veritasinfo.org\/"},{"@type":"ListItem","position":2,"name":"Vrasja e 34 civil\u00ebve shqiptar\u00eb n\u00eb Burim t\u00eb Malishev\u00ebs, ngritet aktakuz\u00eb ndaj Ramadan Morin\u00ebs"}]},{"@type":"WebSite","@id":"https:\/\/veritasinfo.org\/#website","url":"https:\/\/veritasinfo.org\/","name":"","description":"","potentialAction":[{"@type":"SearchAction","target":{"@type":"EntryPoint","urlTemplate":"https:\/\/veritasinfo.org\/?s={search_term_string}"},"query-input":{"@type":"PropertyValueSpecification","valueRequired":true,"valueName":"search_term_string"}}],"inLanguage":"en-US"},{"@type":"Person","@id":"https:\/\/veritasinfo.org\/#\/schema\/person\/bc442336e35414d04494ab8fb45db4c6","name":"US5","image":{"@type":"ImageObject","inLanguage":"en-US","@id":"https:\/\/veritasinfo.org\/#\/schema\/person\/image\/","url":"https:\/\/secure.gravatar.com\/avatar\/16a61e7272a0c5d001121ebb9e60e925d5816e4ac1e443ed3e640d9a6ae55d0c?s=96&d=mm&r=g","contentUrl":"https:\/\/secure.gravatar.com\/avatar\/16a61e7272a0c5d001121ebb9e60e925d5816e4ac1e443ed3e640d9a6ae55d0c?s=96&d=mm&r=g","caption":"US5"},"url":"https:\/\/veritasinfo.org\/?author=6"}]}},"featured_image_urls":{"full":["https:\/\/veritasinfo.org\/wp-content\/uploads\/2025\/12\/IMG_20251218_104946.jpg",951,452,false],"thumbnail":["https:\/\/veritasinfo.org\/wp-content\/uploads\/2025\/12\/IMG_20251218_104946-150x150.jpg",150,150,true],"medium":["https:\/\/veritasinfo.org\/wp-content\/uploads\/2025\/12\/IMG_20251218_104946-300x143.jpg",300,143,true],"medium_large":["https:\/\/veritasinfo.org\/wp-content\/uploads\/2025\/12\/IMG_20251218_104946-768x365.jpg",640,304,true],"large":["https:\/\/veritasinfo.org\/wp-content\/uploads\/2025\/12\/IMG_20251218_104946.jpg",640,304,false],"1536x1536":["https:\/\/veritasinfo.org\/wp-content\/uploads\/2025\/12\/IMG_20251218_104946.jpg",951,452,false],"2048x2048":["https:\/\/veritasinfo.org\/wp-content\/uploads\/2025\/12\/IMG_20251218_104946.jpg",951,452,false],"kreeti-slider-full":["https:\/\/veritasinfo.org\/wp-content\/uploads\/2025\/12\/IMG_20251218_104946.jpg",951,452,false],"kreeti-featured":["https:\/\/veritasinfo.org\/wp-content\/uploads\/2025\/12\/IMG_20251218_104946.jpg",951,452,false],"kreeti-medium":["https:\/\/veritasinfo.org\/wp-content\/uploads\/2025\/12\/IMG_20251218_104946.jpg",720,342,false],"kreeti-medium-square":["https:\/\/veritasinfo.org\/wp-content\/uploads\/2025\/12\/IMG_20251218_104946.jpg",350,166,false]},"author_info":{"info":["US5"]},"category_info":"<a href=\"https:\/\/veritasinfo.org\/?cat=58\" rel=\"category\">Politik\u00eb<\/a>","tag_info":"Politik\u00eb","comment_count":"0","_links":{"self":[{"href":"https:\/\/veritasinfo.org\/index.php?rest_route=\/wp\/v2\/posts\/24509","targetHints":{"allow":["GET"]}}],"collection":[{"href":"https:\/\/veritasinfo.org\/index.php?rest_route=\/wp\/v2\/posts"}],"about":[{"href":"https:\/\/veritasinfo.org\/index.php?rest_route=\/wp\/v2\/types\/post"}],"author":[{"embeddable":true,"href":"https:\/\/veritasinfo.org\/index.php?rest_route=\/wp\/v2\/users\/6"}],"replies":[{"embeddable":true,"href":"https:\/\/veritasinfo.org\/index.php?rest_route=%2Fwp%2Fv2%2Fcomments&post=24509"}],"version-history":[{"count":1,"href":"https:\/\/veritasinfo.org\/index.php?rest_route=\/wp\/v2\/posts\/24509\/revisions"}],"predecessor-version":[{"id":24511,"href":"https:\/\/veritasinfo.org\/index.php?rest_route=\/wp\/v2\/posts\/24509\/revisions\/24511"}],"wp:featuredmedia":[{"embeddable":true,"href":"https:\/\/veritasinfo.org\/index.php?rest_route=\/wp\/v2\/media\/24510"}],"wp:attachment":[{"href":"https:\/\/veritasinfo.org\/index.php?rest_route=%2Fwp%2Fv2%2Fmedia&parent=24509"}],"wp:term":[{"taxonomy":"category","embeddable":true,"href":"https:\/\/veritasinfo.org\/index.php?rest_route=%2Fwp%2Fv2%2Fcategories&post=24509"},{"taxonomy":"post_tag","embeddable":true,"href":"https:\/\/veritasinfo.org\/index.php?rest_route=%2Fwp%2Fv2%2Ftags&post=24509"}],"curies":[{"name":"wp","href":"https:\/\/api.w.org\/{rel}","templated":true}]}}