{"id":2450,"date":"2025-07-03T20:45:02","date_gmt":"2025-07-03T18:45:02","guid":{"rendered":"https:\/\/veritasinfo.org\/?p=2450"},"modified":"2025-07-03T20:45:02","modified_gmt":"2025-07-03T18:45:02","slug":"dita-e-tragjedive-ne-sport-motociklisti-i-ri-spanjoll-humb-jeten-gjate-gares","status":"publish","type":"post","link":"https:\/\/veritasinfo.org\/?p=2450","title":{"rendered":"Dita e tragjedive n\u00eb sport: Motociklisti i ri spanjoll humb jet\u00ebn gjat\u00eb gar\u00ebs"},"content":{"rendered":"<p><strong>Nj\u00eb tjet\u00ebr ngjarje trondit\u00ebse ka goditur bot\u00ebn e sportit.<\/strong><\/p>\n<p>Motociklisti spanjoll, Borja Gomez, ka nd\u00ebrruar jet\u00eb sot pas nj\u00eb aksidenti t\u00eb r\u00ebnd\u00eb gjat\u00eb provave t\u00eb lira n\u00eb pist\u00ebn Magny-Cours n\u00eb Franc\u00eb.<\/p>\n<p>20-vje\u00e7ari raportohet se humbi kontrollin e motorit n\u00eb dalje t\u00eb nj\u00eb kthese dhe u rr\u00ebzua, pas \u00e7ka u godit nga nj\u00eb tjet\u00ebr garues q\u00eb nuk arriti ta shmangte p\u00ebrplasjen.<\/p>\n<p>Pavar\u00ebsisht nd\u00ebrhyrjes s\u00eb menj\u00ebhershme t\u00eb stafit mjek\u00ebsor, Gomez nuk arriti t\u00eb mbijetoj\u00eb.<\/p>\n<p>Ai ishte pjes\u00eb e ekipit Honda Laglisse.<\/p>\n<p>Kujtojm\u00eb se po sot ndodhi edhe nj\u00eb tjet\u00ebr humbje tragjike: futbollisti i Liverpool-it, Diogo Jota, dhe v\u00ebllai i tij Andre Silva, humb\u00ebn jet\u00ebn n\u00eb nj\u00eb aksident me vetur\u00eb n\u00eb rajonin e Zamor\u00ebs, n\u00eb Spanj\u00eb.<\/p>\n<p>&nbsp;<\/p>\n<p>&nbsp;<\/p>\n","protected":false},"excerpt":{"rendered":"<p>Nj\u00eb tjet\u00ebr ngjarje trondit\u00ebse ka goditur bot\u00ebn e sportit. Motociklisti spanjoll, Borja Gomez, ka nd\u00ebrruar jet\u00eb sot pas nj\u00eb aksidenti t\u00eb r\u00ebnd\u00eb gjat\u00eb provave t\u00eb<\/p>\n","protected":false},"author":1,"featured_media":2448,"comment_status":"open","ping_status":"open","sticky":false,"template":"","format":"standard","meta":{"footnotes":""},"categories":[5],"tags":[],"class_list":["post-2450","post","type-post","status-publish","format-standard","has-post-thumbnail","hentry","category-sport-sq"],"yoast_head":"<!-- This site is optimized with the Yoast SEO plugin v25.3.1 - https:\/\/yoast.com\/wordpress\/plugins\/seo\/ -->\n<title>Dita e tragjedive n\u00eb sport: Motociklisti i ri spanjoll humb jet\u00ebn gjat\u00eb gar\u00ebs -<\/title>\n<meta name=\"robots\" content=\"index, follow, max-snippet:-1, max-image-preview:large, max-video-preview:-1\" \/>\n<link rel=\"canonical\" href=\"https:\/\/veritasinfo.org\/?p=2450\" \/>\n<meta property=\"og:locale\" content=\"en_US\" \/>\n<meta property=\"og:type\" content=\"article\" \/>\n<meta property=\"og:title\" content=\"Dita e tragjedive n\u00eb sport: Motociklisti i ri spanjoll humb jet\u00ebn gjat\u00eb gar\u00ebs -\" \/>\n<meta property=\"og:description\" content=\"Nj\u00eb tjet\u00ebr ngjarje trondit\u00ebse ka goditur bot\u00ebn e sportit. Motociklisti spanjoll, Borja Gomez, ka nd\u00ebrruar jet\u00eb sot pas nj\u00eb aksidenti t\u00eb r\u00ebnd\u00eb gjat\u00eb provave t\u00eb\" \/>\n<meta property=\"og:url\" content=\"https:\/\/veritasinfo.org\/?p=2450\" \/>\n<meta property=\"article:published_time\" content=\"2025-07-03T18:45:02+00:00\" \/>\n<meta property=\"og:image\" content=\"https:\/\/veritasinfo.org\/wp-content\/uploads\/2025\/07\/003d44fc-253d-4a52-bbd4-7853451b8d3e.jpg\" \/>\n\t<meta property=\"og:image:width\" content=\"800\" \/>\n\t<meta property=\"og:image:height\" content=\"800\" \/>\n\t<meta property=\"og:image:type\" content=\"image\/jpeg\" \/>\n<meta name=\"author\" content=\"admin\" \/>\n<meta name=\"twitter:card\" content=\"summary_large_image\" \/>\n<meta name=\"twitter:label1\" content=\"Written by\" \/>\n\t<meta name=\"twitter:data1\" content=\"admin\" \/>\n\t<meta name=\"twitter:label2\" content=\"Est. reading time\" \/>\n\t<meta name=\"twitter:data2\" content=\"1 minute\" \/>\n<script type=\"application\/ld+json\" class=\"yoast-schema-graph\">{\"@context\":\"https:\/\/schema.org\",\"@graph\":[{\"@type\":\"WebPage\",\"@id\":\"https:\/\/veritasinfo.org\/?p=2450\",\"url\":\"https:\/\/veritasinfo.org\/?p=2450\",\"name\":\"Dita e tragjedive n\u00eb sport: Motociklisti i ri spanjoll humb jet\u00ebn gjat\u00eb gar\u00ebs -\",\"isPartOf\":{\"@id\":\"https:\/\/veritasinfo.org\/#website\"},\"primaryImageOfPage\":{\"@id\":\"https:\/\/veritasinfo.org\/?p=2450#primaryimage\"},\"image\":{\"@id\":\"https:\/\/veritasinfo.org\/?p=2450#primaryimage\"},\"thumbnailUrl\":\"https:\/\/veritasinfo.org\/wp-content\/uploads\/2025\/07\/003d44fc-253d-4a52-bbd4-7853451b8d3e.jpg\",\"datePublished\":\"2025-07-03T18:45:02+00:00\",\"author\":{\"@id\":\"https:\/\/veritasinfo.org\/#\/schema\/person\/7701f8c088bece422266b100a712374f\"},\"breadcrumb\":{\"@id\":\"https:\/\/veritasinfo.org\/?p=2450#breadcrumb\"},\"inLanguage\":\"en-US\",\"potentialAction\":[{\"@type\":\"ReadAction\",\"target\":[\"https:\/\/veritasinfo.org\/?p=2450\"]}]},{\"@type\":\"ImageObject\",\"inLanguage\":\"en-US\",\"@id\":\"https:\/\/veritasinfo.org\/?p=2450#primaryimage\",\"url\":\"https:\/\/veritasinfo.org\/wp-content\/uploads\/2025\/07\/003d44fc-253d-4a52-bbd4-7853451b8d3e.jpg\",\"contentUrl\":\"https:\/\/veritasinfo.org\/wp-content\/uploads\/2025\/07\/003d44fc-253d-4a52-bbd4-7853451b8d3e.jpg\",\"width\":800,\"height\":800},{\"@type\":\"BreadcrumbList\",\"@id\":\"https:\/\/veritasinfo.org\/?p=2450#breadcrumb\",\"itemListElement\":[{\"@type\":\"ListItem\",\"position\":1,\"name\":\"Home\",\"item\":\"https:\/\/veritasinfo.org\/\"},{\"@type\":\"ListItem\",\"position\":2,\"name\":\"Dita e tragjedive n\u00eb sport: Motociklisti i ri spanjoll humb jet\u00ebn gjat\u00eb gar\u00ebs\"}]},{\"@type\":\"WebSite\",\"@id\":\"https:\/\/veritasinfo.org\/#website\",\"url\":\"https:\/\/veritasinfo.org\/\",\"name\":\"\",\"description\":\"\",\"potentialAction\":[{\"@type\":\"SearchAction\",\"target\":{\"@type\":\"EntryPoint\",\"urlTemplate\":\"https:\/\/veritasinfo.org\/?s={search_term_string}\"},\"query-input\":{\"@type\":\"PropertyValueSpecification\",\"valueRequired\":true,\"valueName\":\"search_term_string\"}}],\"inLanguage\":\"en-US\"},{\"@type\":\"Person\",\"@id\":\"https:\/\/veritasinfo.org\/#\/schema\/person\/7701f8c088bece422266b100a712374f\",\"name\":\"admin\",\"image\":{\"@type\":\"ImageObject\",\"inLanguage\":\"en-US\",\"@id\":\"https:\/\/veritasinfo.org\/#\/schema\/person\/image\/\",\"url\":\"https:\/\/secure.gravatar.com\/avatar\/ea53aa3bf6c9a12d5fde8ce4deff43fef3885ae33cf60184161a50d6987cfd2f?s=96&d=mm&r=g\",\"contentUrl\":\"https:\/\/secure.gravatar.com\/avatar\/ea53aa3bf6c9a12d5fde8ce4deff43fef3885ae33cf60184161a50d6987cfd2f?s=96&d=mm&r=g\",\"caption\":\"admin\"},\"sameAs\":[\"https:\/\/veritasinfo.org\"],\"url\":\"https:\/\/veritasinfo.org\/?author=1\"}]}<\/script>\n<!-- \/ Yoast SEO plugin. -->","yoast_head_json":{"title":"Dita e tragjedive n\u00eb sport: Motociklisti i ri spanjoll humb jet\u00ebn gjat\u00eb gar\u00ebs -","robots":{"index":"index","follow":"follow","max-snippet":"max-snippet:-1","max-image-preview":"max-image-preview:large","max-video-preview":"max-video-preview:-1"},"canonical":"https:\/\/veritasinfo.org\/?p=2450","og_locale":"en_US","og_type":"article","og_title":"Dita e tragjedive n\u00eb sport: Motociklisti i ri spanjoll humb jet\u00ebn gjat\u00eb gar\u00ebs -","og_description":"Nj\u00eb tjet\u00ebr ngjarje trondit\u00ebse ka goditur bot\u00ebn e sportit. Motociklisti spanjoll, Borja Gomez, ka nd\u00ebrruar jet\u00eb sot pas nj\u00eb aksidenti t\u00eb r\u00ebnd\u00eb gjat\u00eb provave t\u00eb","og_url":"https:\/\/veritasinfo.org\/?p=2450","article_published_time":"2025-07-03T18:45:02+00:00","og_image":[{"width":800,"height":800,"url":"https:\/\/veritasinfo.org\/wp-content\/uploads\/2025\/07\/003d44fc-253d-4a52-bbd4-7853451b8d3e.jpg","type":"image\/jpeg"}],"author":"admin","twitter_card":"summary_large_image","twitter_misc":{"Written by":"admin","Est. reading time":"1 minute"},"schema":{"@context":"https:\/\/schema.org","@graph":[{"@type":"WebPage","@id":"https:\/\/veritasinfo.org\/?p=2450","url":"https:\/\/veritasinfo.org\/?p=2450","name":"Dita e tragjedive n\u00eb sport: Motociklisti i ri spanjoll humb jet\u00ebn gjat\u00eb gar\u00ebs -","isPartOf":{"@id":"https:\/\/veritasinfo.org\/#website"},"primaryImageOfPage":{"@id":"https:\/\/veritasinfo.org\/?p=2450#primaryimage"},"image":{"@id":"https:\/\/veritasinfo.org\/?p=2450#primaryimage"},"thumbnailUrl":"https:\/\/veritasinfo.org\/wp-content\/uploads\/2025\/07\/003d44fc-253d-4a52-bbd4-7853451b8d3e.jpg","datePublished":"2025-07-03T18:45:02+00:00","author":{"@id":"https:\/\/veritasinfo.org\/#\/schema\/person\/7701f8c088bece422266b100a712374f"},"breadcrumb":{"@id":"https:\/\/veritasinfo.org\/?p=2450#breadcrumb"},"inLanguage":"en-US","potentialAction":[{"@type":"ReadAction","target":["https:\/\/veritasinfo.org\/?p=2450"]}]},{"@type":"ImageObject","inLanguage":"en-US","@id":"https:\/\/veritasinfo.org\/?p=2450#primaryimage","url":"https:\/\/veritasinfo.org\/wp-content\/uploads\/2025\/07\/003d44fc-253d-4a52-bbd4-7853451b8d3e.jpg","contentUrl":"https:\/\/veritasinfo.org\/wp-content\/uploads\/2025\/07\/003d44fc-253d-4a52-bbd4-7853451b8d3e.jpg","width":800,"height":800},{"@type":"BreadcrumbList","@id":"https:\/\/veritasinfo.org\/?p=2450#breadcrumb","itemListElement":[{"@type":"ListItem","position":1,"name":"Home","item":"https:\/\/veritasinfo.org\/"},{"@type":"ListItem","position":2,"name":"Dita e tragjedive n\u00eb sport: Motociklisti i ri spanjoll humb jet\u00ebn gjat\u00eb gar\u00ebs"}]},{"@type":"WebSite","@id":"https:\/\/veritasinfo.org\/#website","url":"https:\/\/veritasinfo.org\/","name":"","description":"","potentialAction":[{"@type":"SearchAction","target":{"@type":"EntryPoint","urlTemplate":"https:\/\/veritasinfo.org\/?s={search_term_string}"},"query-input":{"@type":"PropertyValueSpecification","valueRequired":true,"valueName":"search_term_string"}}],"inLanguage":"en-US"},{"@type":"Person","@id":"https:\/\/veritasinfo.org\/#\/schema\/person\/7701f8c088bece422266b100a712374f","name":"admin","image":{"@type":"ImageObject","inLanguage":"en-US","@id":"https:\/\/veritasinfo.org\/#\/schema\/person\/image\/","url":"https:\/\/secure.gravatar.com\/avatar\/ea53aa3bf6c9a12d5fde8ce4deff43fef3885ae33cf60184161a50d6987cfd2f?s=96&d=mm&r=g","contentUrl":"https:\/\/secure.gravatar.com\/avatar\/ea53aa3bf6c9a12d5fde8ce4deff43fef3885ae33cf60184161a50d6987cfd2f?s=96&d=mm&r=g","caption":"admin"},"sameAs":["https:\/\/veritasinfo.org"],"url":"https:\/\/veritasinfo.org\/?author=1"}]}},"featured_image_urls":{"full":["https:\/\/veritasinfo.org\/wp-content\/uploads\/2025\/07\/003d44fc-253d-4a52-bbd4-7853451b8d3e.jpg",800,800,false],"thumbnail":["https:\/\/veritasinfo.org\/wp-content\/uploads\/2025\/07\/003d44fc-253d-4a52-bbd4-7853451b8d3e-150x150.jpg",150,150,true],"medium":["https:\/\/veritasinfo.org\/wp-content\/uploads\/2025\/07\/003d44fc-253d-4a52-bbd4-7853451b8d3e-300x300.jpg",300,300,true],"medium_large":["https:\/\/veritasinfo.org\/wp-content\/uploads\/2025\/07\/003d44fc-253d-4a52-bbd4-7853451b8d3e-768x768.jpg",640,640,true],"large":["https:\/\/veritasinfo.org\/wp-content\/uploads\/2025\/07\/003d44fc-253d-4a52-bbd4-7853451b8d3e.jpg",640,640,false],"1536x1536":["https:\/\/veritasinfo.org\/wp-content\/uploads\/2025\/07\/003d44fc-253d-4a52-bbd4-7853451b8d3e.jpg",800,800,false],"2048x2048":["https:\/\/veritasinfo.org\/wp-content\/uploads\/2025\/07\/003d44fc-253d-4a52-bbd4-7853451b8d3e.jpg",800,800,false],"kreeti-slider-full":["https:\/\/veritasinfo.org\/wp-content\/uploads\/2025\/07\/003d44fc-253d-4a52-bbd4-7853451b8d3e.jpg",720,720,false],"kreeti-featured":["https:\/\/veritasinfo.org\/wp-content\/uploads\/2025\/07\/003d44fc-253d-4a52-bbd4-7853451b8d3e.jpg",800,800,false],"kreeti-medium":["https:\/\/veritasinfo.org\/wp-content\/uploads\/2025\/07\/003d44fc-253d-4a52-bbd4-7853451b8d3e.jpg",530,530,false],"kreeti-medium-square":["https:\/\/veritasinfo.org\/wp-content\/uploads\/2025\/07\/003d44fc-253d-4a52-bbd4-7853451b8d3e.jpg",350,350,false]},"author_info":{"info":["admin"]},"category_info":"<a href=\"https:\/\/veritasinfo.org\/?cat=5\" rel=\"category\">Sport<\/a>","tag_info":"Sport","comment_count":"0","_links":{"self":[{"href":"https:\/\/veritasinfo.org\/index.php?rest_route=\/wp\/v2\/posts\/2450","targetHints":{"allow":["GET"]}}],"collection":[{"href":"https:\/\/veritasinfo.org\/index.php?rest_route=\/wp\/v2\/posts"}],"about":[{"href":"https:\/\/veritasinfo.org\/index.php?rest_route=\/wp\/v2\/types\/post"}],"author":[{"embeddable":true,"href":"https:\/\/veritasinfo.org\/index.php?rest_route=\/wp\/v2\/users\/1"}],"replies":[{"embeddable":true,"href":"https:\/\/veritasinfo.org\/index.php?rest_route=%2Fwp%2Fv2%2Fcomments&post=2450"}],"version-history":[{"count":1,"href":"https:\/\/veritasinfo.org\/index.php?rest_route=\/wp\/v2\/posts\/2450\/revisions"}],"predecessor-version":[{"id":2451,"href":"https:\/\/veritasinfo.org\/index.php?rest_route=\/wp\/v2\/posts\/2450\/revisions\/2451"}],"wp:featuredmedia":[{"embeddable":true,"href":"https:\/\/veritasinfo.org\/index.php?rest_route=\/wp\/v2\/media\/2448"}],"wp:attachment":[{"href":"https:\/\/veritasinfo.org\/index.php?rest_route=%2Fwp%2Fv2%2Fmedia&parent=2450"}],"wp:term":[{"taxonomy":"category","embeddable":true,"href":"https:\/\/veritasinfo.org\/index.php?rest_route=%2Fwp%2Fv2%2Fcategories&post=2450"},{"taxonomy":"post_tag","embeddable":true,"href":"https:\/\/veritasinfo.org\/index.php?rest_route=%2Fwp%2Fv2%2Ftags&post=2450"}],"curies":[{"name":"wp","href":"https:\/\/api.w.org\/{rel}","templated":true}]}}