{"id":24493,"date":"2025-12-18T08:25:27","date_gmt":"2025-12-18T07:25:27","guid":{"rendered":"https:\/\/veritasinfo.org\/?p=24493"},"modified":"2025-12-18T08:25:27","modified_gmt":"2025-12-18T07:25:27","slug":"deputetja-britanike-alicia-kearns-millan-radoiciq-dhe-bashkepunetoret-e-tij-duhet-te-perballen-me-drejtesine","status":"publish","type":"post","link":"https:\/\/veritasinfo.org\/?p=24493","title":{"rendered":"Deputetja britanike Alicia Kearns: Millan Radoi\u00e7iq dhe bashk\u00ebpun\u00ebtor\u00ebt e tij duhet t\u00eb p\u00ebrballen me drejt\u00ebsin\u00eb"},"content":{"rendered":"<p><strong>Prishtin\u00eb, 18 dhjetor 2025 08:25<\/strong><\/p>\n<p>Deputetja britanike Alicia Kearns ka reaguar lidhur me heqjen e pjesshme t\u00eb masave t\u00eb Bashkimit Evropian ndaj Kosov\u00ebs, duke e mir\u00ebpritur vendimin.<\/p>\n<p>Ajo theksoi se k\u00ebto masa nuk duhej t\u00eb ishin vendosur kurr\u00eb ndaj Kosov\u00ebs. Kearns kujtoi se Lista Serbe zgjodhi t\u00eb bojkotoj\u00eb zgjedhjet komunale, nd\u00ebrsa paramilitar\u00ebt e mb\u00ebshtetur nga Serbia kan\u00eb plagosur 30 ushtar\u00eb t\u00eb KFOR-it gjat\u00eb vitit 2023.<\/p>\n<p>Kearns p\u00ebrmendi gjithashtu sulmin n\u00eb Banjska, ku nj\u00eb forc\u00eb paramilitare e udh\u00ebhequr nga ish-n\u00ebnkryetari i List\u00ebs Serbe, Milan Radoi\u00e7iq \u2013 e cila \u00ebsht\u00eb trajnuar n\u00eb baza ushtarake serbe dhe ka p\u00ebrdorur arm\u00eb t\u00eb ushtris\u00eb serbe, duke vrar\u00eb policin Afrim Bunjaku.<\/p>\n<p>Deputetja britanike theksoi se sanksionet ndaj Kosov\u00ebs kan\u00eb qen\u00eb t\u00eb padrejta dhe \u00e7do mas\u00eb e mbetur duhet t\u00eb hiqet.<\/p>\n<p>Ajo shtoi se fokusi duhet t\u00eb jet\u00eb sjellja para drejt\u00ebsis\u00eb e Radoi\u00e7iq dhe bashk\u00ebpun\u00ebtor\u00ebve t\u00eb tij, si dhe forcimi i siguris\u00eb s\u00eb p\u00ebrbashk\u00ebt n\u00eb rajon dhe orientimi i Kosov\u00ebs drejt nj\u00eb t\u00eb ardhmeje euro-atlantike.<\/p>\n","protected":false},"excerpt":{"rendered":"<p>Prishtin\u00eb, 18 dhjetor 2025 08:25 Deputetja britanike Alicia Kearns ka reaguar lidhur me heqjen e pjesshme t\u00eb masave t\u00eb Bashkimit Evropian ndaj Kosov\u00ebs, duke e<\/p>\n","protected":false},"author":7,"featured_media":24494,"comment_status":"open","ping_status":"open","sticky":false,"template":"","format":"standard","meta":{"footnotes":""},"categories":[58],"tags":[],"class_list":["post-24493","post","type-post","status-publish","format-standard","has-post-thumbnail","hentry","category-politike-sq"],"yoast_head":"<!-- This site is optimized with the Yoast SEO plugin v25.3.1 - https:\/\/yoast.com\/wordpress\/plugins\/seo\/ -->\n<title>Deputetja britanike Alicia Kearns: Millan Radoi\u00e7iq dhe bashk\u00ebpun\u00ebtor\u00ebt e tij duhet t\u00eb p\u00ebrballen me drejt\u00ebsin\u00eb -<\/title>\n<meta name=\"robots\" content=\"index, follow, max-snippet:-1, max-image-preview:large, max-video-preview:-1\" \/>\n<link rel=\"canonical\" href=\"https:\/\/veritasinfo.org\/?p=24493\" \/>\n<meta property=\"og:locale\" content=\"en_US\" \/>\n<meta property=\"og:type\" content=\"article\" \/>\n<meta property=\"og:title\" content=\"Deputetja britanike Alicia Kearns: Millan Radoi\u00e7iq dhe bashk\u00ebpun\u00ebtor\u00ebt e tij duhet t\u00eb p\u00ebrballen me drejt\u00ebsin\u00eb -\" \/>\n<meta property=\"og:description\" content=\"Prishtin\u00eb, 18 dhjetor 2025 08:25 Deputetja britanike Alicia Kearns ka reaguar lidhur me heqjen e pjesshme t\u00eb masave t\u00eb Bashkimit Evropian ndaj Kosov\u00ebs, duke e\" \/>\n<meta property=\"og:url\" content=\"https:\/\/veritasinfo.org\/?p=24493\" \/>\n<meta property=\"article:published_time\" content=\"2025-12-18T07:25:27+00:00\" \/>\n<meta property=\"og:image\" content=\"https:\/\/veritasinfo.org\/wp-content\/uploads\/2025\/12\/1-17.jpg\" \/>\n\t<meta property=\"og:image:width\" content=\"900\" \/>\n\t<meta property=\"og:image:height\" content=\"507\" \/>\n\t<meta property=\"og:image:type\" content=\"image\/jpeg\" \/>\n<meta name=\"author\" content=\"US6\" \/>\n<meta name=\"twitter:card\" content=\"summary_large_image\" \/>\n<meta name=\"twitter:label1\" content=\"Written by\" \/>\n\t<meta name=\"twitter:data1\" content=\"US6\" \/>\n\t<meta name=\"twitter:label2\" content=\"Est. reading time\" \/>\n\t<meta name=\"twitter:data2\" content=\"1 minute\" \/>\n<script type=\"application\/ld+json\" class=\"yoast-schema-graph\">{\"@context\":\"https:\/\/schema.org\",\"@graph\":[{\"@type\":\"WebPage\",\"@id\":\"https:\/\/veritasinfo.org\/?p=24493\",\"url\":\"https:\/\/veritasinfo.org\/?p=24493\",\"name\":\"Deputetja britanike Alicia Kearns: Millan Radoi\u00e7iq dhe bashk\u00ebpun\u00ebtor\u00ebt e tij duhet t\u00eb p\u00ebrballen me drejt\u00ebsin\u00eb -\",\"isPartOf\":{\"@id\":\"https:\/\/veritasinfo.org\/#website\"},\"primaryImageOfPage\":{\"@id\":\"https:\/\/veritasinfo.org\/?p=24493#primaryimage\"},\"image\":{\"@id\":\"https:\/\/veritasinfo.org\/?p=24493#primaryimage\"},\"thumbnailUrl\":\"https:\/\/veritasinfo.org\/wp-content\/uploads\/2025\/12\/1-17.jpg\",\"datePublished\":\"2025-12-18T07:25:27+00:00\",\"author\":{\"@id\":\"https:\/\/veritasinfo.org\/#\/schema\/person\/fe199eede04c3937362892b7444747cc\"},\"breadcrumb\":{\"@id\":\"https:\/\/veritasinfo.org\/?p=24493#breadcrumb\"},\"inLanguage\":\"en-US\",\"potentialAction\":[{\"@type\":\"ReadAction\",\"target\":[\"https:\/\/veritasinfo.org\/?p=24493\"]}]},{\"@type\":\"ImageObject\",\"inLanguage\":\"en-US\",\"@id\":\"https:\/\/veritasinfo.org\/?p=24493#primaryimage\",\"url\":\"https:\/\/veritasinfo.org\/wp-content\/uploads\/2025\/12\/1-17.jpg\",\"contentUrl\":\"https:\/\/veritasinfo.org\/wp-content\/uploads\/2025\/12\/1-17.jpg\",\"width\":900,\"height\":507},{\"@type\":\"BreadcrumbList\",\"@id\":\"https:\/\/veritasinfo.org\/?p=24493#breadcrumb\",\"itemListElement\":[{\"@type\":\"ListItem\",\"position\":1,\"name\":\"Home\",\"item\":\"https:\/\/veritasinfo.org\/\"},{\"@type\":\"ListItem\",\"position\":2,\"name\":\"Deputetja britanike Alicia Kearns: Millan Radoi\u00e7iq dhe bashk\u00ebpun\u00ebtor\u00ebt e tij duhet t\u00eb p\u00ebrballen me drejt\u00ebsin\u00eb\"}]},{\"@type\":\"WebSite\",\"@id\":\"https:\/\/veritasinfo.org\/#website\",\"url\":\"https:\/\/veritasinfo.org\/\",\"name\":\"\",\"description\":\"\",\"potentialAction\":[{\"@type\":\"SearchAction\",\"target\":{\"@type\":\"EntryPoint\",\"urlTemplate\":\"https:\/\/veritasinfo.org\/?s={search_term_string}\"},\"query-input\":{\"@type\":\"PropertyValueSpecification\",\"valueRequired\":true,\"valueName\":\"search_term_string\"}}],\"inLanguage\":\"en-US\"},{\"@type\":\"Person\",\"@id\":\"https:\/\/veritasinfo.org\/#\/schema\/person\/fe199eede04c3937362892b7444747cc\",\"name\":\"US6\",\"image\":{\"@type\":\"ImageObject\",\"inLanguage\":\"en-US\",\"@id\":\"https:\/\/veritasinfo.org\/#\/schema\/person\/image\/\",\"url\":\"https:\/\/secure.gravatar.com\/avatar\/cb16c3c31c9d23b9b8c705964598220b3014e42ff51eb540ff23cefa3ae8c15f?s=96&d=mm&r=g\",\"contentUrl\":\"https:\/\/secure.gravatar.com\/avatar\/cb16c3c31c9d23b9b8c705964598220b3014e42ff51eb540ff23cefa3ae8c15f?s=96&d=mm&r=g\",\"caption\":\"US6\"},\"url\":\"https:\/\/veritasinfo.org\/?author=7\"}]}<\/script>\n<!-- \/ Yoast SEO plugin. -->","yoast_head_json":{"title":"Deputetja britanike Alicia Kearns: Millan Radoi\u00e7iq dhe bashk\u00ebpun\u00ebtor\u00ebt e tij duhet t\u00eb p\u00ebrballen me drejt\u00ebsin\u00eb -","robots":{"index":"index","follow":"follow","max-snippet":"max-snippet:-1","max-image-preview":"max-image-preview:large","max-video-preview":"max-video-preview:-1"},"canonical":"https:\/\/veritasinfo.org\/?p=24493","og_locale":"en_US","og_type":"article","og_title":"Deputetja britanike Alicia Kearns: Millan Radoi\u00e7iq dhe bashk\u00ebpun\u00ebtor\u00ebt e tij duhet t\u00eb p\u00ebrballen me drejt\u00ebsin\u00eb -","og_description":"Prishtin\u00eb, 18 dhjetor 2025 08:25 Deputetja britanike Alicia Kearns ka reaguar lidhur me heqjen e pjesshme t\u00eb masave t\u00eb Bashkimit Evropian ndaj Kosov\u00ebs, duke e","og_url":"https:\/\/veritasinfo.org\/?p=24493","article_published_time":"2025-12-18T07:25:27+00:00","og_image":[{"width":900,"height":507,"url":"https:\/\/veritasinfo.org\/wp-content\/uploads\/2025\/12\/1-17.jpg","type":"image\/jpeg"}],"author":"US6","twitter_card":"summary_large_image","twitter_misc":{"Written by":"US6","Est. reading time":"1 minute"},"schema":{"@context":"https:\/\/schema.org","@graph":[{"@type":"WebPage","@id":"https:\/\/veritasinfo.org\/?p=24493","url":"https:\/\/veritasinfo.org\/?p=24493","name":"Deputetja britanike Alicia Kearns: Millan Radoi\u00e7iq dhe bashk\u00ebpun\u00ebtor\u00ebt e tij duhet t\u00eb p\u00ebrballen me drejt\u00ebsin\u00eb -","isPartOf":{"@id":"https:\/\/veritasinfo.org\/#website"},"primaryImageOfPage":{"@id":"https:\/\/veritasinfo.org\/?p=24493#primaryimage"},"image":{"@id":"https:\/\/veritasinfo.org\/?p=24493#primaryimage"},"thumbnailUrl":"https:\/\/veritasinfo.org\/wp-content\/uploads\/2025\/12\/1-17.jpg","datePublished":"2025-12-18T07:25:27+00:00","author":{"@id":"https:\/\/veritasinfo.org\/#\/schema\/person\/fe199eede04c3937362892b7444747cc"},"breadcrumb":{"@id":"https:\/\/veritasinfo.org\/?p=24493#breadcrumb"},"inLanguage":"en-US","potentialAction":[{"@type":"ReadAction","target":["https:\/\/veritasinfo.org\/?p=24493"]}]},{"@type":"ImageObject","inLanguage":"en-US","@id":"https:\/\/veritasinfo.org\/?p=24493#primaryimage","url":"https:\/\/veritasinfo.org\/wp-content\/uploads\/2025\/12\/1-17.jpg","contentUrl":"https:\/\/veritasinfo.org\/wp-content\/uploads\/2025\/12\/1-17.jpg","width":900,"height":507},{"@type":"BreadcrumbList","@id":"https:\/\/veritasinfo.org\/?p=24493#breadcrumb","itemListElement":[{"@type":"ListItem","position":1,"name":"Home","item":"https:\/\/veritasinfo.org\/"},{"@type":"ListItem","position":2,"name":"Deputetja britanike Alicia Kearns: Millan Radoi\u00e7iq dhe bashk\u00ebpun\u00ebtor\u00ebt e tij duhet t\u00eb p\u00ebrballen me drejt\u00ebsin\u00eb"}]},{"@type":"WebSite","@id":"https:\/\/veritasinfo.org\/#website","url":"https:\/\/veritasinfo.org\/","name":"","description":"","potentialAction":[{"@type":"SearchAction","target":{"@type":"EntryPoint","urlTemplate":"https:\/\/veritasinfo.org\/?s={search_term_string}"},"query-input":{"@type":"PropertyValueSpecification","valueRequired":true,"valueName":"search_term_string"}}],"inLanguage":"en-US"},{"@type":"Person","@id":"https:\/\/veritasinfo.org\/#\/schema\/person\/fe199eede04c3937362892b7444747cc","name":"US6","image":{"@type":"ImageObject","inLanguage":"en-US","@id":"https:\/\/veritasinfo.org\/#\/schema\/person\/image\/","url":"https:\/\/secure.gravatar.com\/avatar\/cb16c3c31c9d23b9b8c705964598220b3014e42ff51eb540ff23cefa3ae8c15f?s=96&d=mm&r=g","contentUrl":"https:\/\/secure.gravatar.com\/avatar\/cb16c3c31c9d23b9b8c705964598220b3014e42ff51eb540ff23cefa3ae8c15f?s=96&d=mm&r=g","caption":"US6"},"url":"https:\/\/veritasinfo.org\/?author=7"}]}},"featured_image_urls":{"full":["https:\/\/veritasinfo.org\/wp-content\/uploads\/2025\/12\/1-17.jpg",900,507,false],"thumbnail":["https:\/\/veritasinfo.org\/wp-content\/uploads\/2025\/12\/1-17-150x150.jpg",150,150,true],"medium":["https:\/\/veritasinfo.org\/wp-content\/uploads\/2025\/12\/1-17-300x169.jpg",300,169,true],"medium_large":["https:\/\/veritasinfo.org\/wp-content\/uploads\/2025\/12\/1-17-768x433.jpg",640,361,true],"large":["https:\/\/veritasinfo.org\/wp-content\/uploads\/2025\/12\/1-17.jpg",640,361,false],"1536x1536":["https:\/\/veritasinfo.org\/wp-content\/uploads\/2025\/12\/1-17.jpg",900,507,false],"2048x2048":["https:\/\/veritasinfo.org\/wp-content\/uploads\/2025\/12\/1-17.jpg",900,507,false],"kreeti-slider-full":["https:\/\/veritasinfo.org\/wp-content\/uploads\/2025\/12\/1-17.jpg",900,507,false],"kreeti-featured":["https:\/\/veritasinfo.org\/wp-content\/uploads\/2025\/12\/1-17.jpg",900,507,false],"kreeti-medium":["https:\/\/veritasinfo.org\/wp-content\/uploads\/2025\/12\/1-17.jpg",720,406,false],"kreeti-medium-square":["https:\/\/veritasinfo.org\/wp-content\/uploads\/2025\/12\/1-17.jpg",350,197,false]},"author_info":{"info":["US6"]},"category_info":"<a href=\"https:\/\/veritasinfo.org\/?cat=58\" rel=\"category\">Politik\u00eb<\/a>","tag_info":"Politik\u00eb","comment_count":"0","_links":{"self":[{"href":"https:\/\/veritasinfo.org\/index.php?rest_route=\/wp\/v2\/posts\/24493","targetHints":{"allow":["GET"]}}],"collection":[{"href":"https:\/\/veritasinfo.org\/index.php?rest_route=\/wp\/v2\/posts"}],"about":[{"href":"https:\/\/veritasinfo.org\/index.php?rest_route=\/wp\/v2\/types\/post"}],"author":[{"embeddable":true,"href":"https:\/\/veritasinfo.org\/index.php?rest_route=\/wp\/v2\/users\/7"}],"replies":[{"embeddable":true,"href":"https:\/\/veritasinfo.org\/index.php?rest_route=%2Fwp%2Fv2%2Fcomments&post=24493"}],"version-history":[{"count":1,"href":"https:\/\/veritasinfo.org\/index.php?rest_route=\/wp\/v2\/posts\/24493\/revisions"}],"predecessor-version":[{"id":24495,"href":"https:\/\/veritasinfo.org\/index.php?rest_route=\/wp\/v2\/posts\/24493\/revisions\/24495"}],"wp:featuredmedia":[{"embeddable":true,"href":"https:\/\/veritasinfo.org\/index.php?rest_route=\/wp\/v2\/media\/24494"}],"wp:attachment":[{"href":"https:\/\/veritasinfo.org\/index.php?rest_route=%2Fwp%2Fv2%2Fmedia&parent=24493"}],"wp:term":[{"taxonomy":"category","embeddable":true,"href":"https:\/\/veritasinfo.org\/index.php?rest_route=%2Fwp%2Fv2%2Fcategories&post=24493"},{"taxonomy":"post_tag","embeddable":true,"href":"https:\/\/veritasinfo.org\/index.php?rest_route=%2Fwp%2Fv2%2Ftags&post=24493"}],"curies":[{"name":"wp","href":"https:\/\/api.w.org\/{rel}","templated":true}]}}