{"id":24488,"date":"2025-12-18T08:19:51","date_gmt":"2025-12-18T07:19:51","guid":{"rendered":"https:\/\/veritasinfo.org\/?p=24488"},"modified":"2025-12-18T08:19:51","modified_gmt":"2025-12-18T07:19:51","slug":"costa-pas-samitit-kosova-ka-bere-hapa-per-ndertimin-e-besimit-mes-komuniteteve-zgjedhjet-e-ardhshme-kyce","status":"publish","type":"post","link":"https:\/\/veritasinfo.org\/?p=24488","title":{"rendered":"Costa pas Samitit: Kosova ka b\u00ebr\u00eb hapa p\u00ebr nd\u00ebrtimin e besimit mes komuniteteve, zgjedhjet e ardhshme ky\u00e7e"},"content":{"rendered":"<p>Prishtin\u00eb 18 Dhjetor 2025 08:18<\/p>\n<p>Ant\u00f3nio Costa, presidenti i K\u00ebshillit Evropian ka l\u00ebshuar komunikat\u00eb pas samitit BE-Ballkani Per\u00ebndimor.<\/p>\n<p>P\u00ebr Kosov\u00ebn, ai ka p\u00ebrmendur \u00e7\u00ebshtjen e besimit midis komuniteteve, duke iu referuar transferit t\u00eb pushtetit n\u00eb komunat veriore.<\/p>\n<p>Si rrjedhoj\u00eb Kosov\u00ebs nga janari do t\u2019i hiqen masat e vendosura po p\u00ebr k\u00ebt\u00eb arsyeje.<\/p>\n<p>Costa po ashtu p\u00ebr Kosov\u00ebn, tha se zgjedhjet e ardhshme parlamentare mund t\u00eb jen\u00eb nj\u00eb moment vendimtar p\u00ebr konsolidimin e reformave dhe angazhimin konstruktiv n\u00eb rrug\u00ebn e an\u00ebtar\u00ebsimit evropian.<\/p>\n<p>Ai ka folur po ashtu edhe p\u00ebr shtetet e tjera t\u00eb Ballkanit Per\u00ebndimor, p\u00ebrpos Serbis\u00eb q\u00eb nuk mori pjes\u00eb n\u00eb samit.<\/p>\n<p>Komunikata e plot\u00eb:<\/p>\n<p>Sapo kemi p\u00ebrfunduar samitin ton\u00eb me partner\u00ebt tan\u00eb t\u00eb Ballkanit Per\u00ebndimor. \u00cbsht\u00eb rasti m\u00eb i r\u00ebnd\u00ebsish\u00ebm i vitit p\u00ebr t\u00eb riafirmuar forc\u00ebn e marr\u00ebdh\u00ebnies son\u00eb. Dhe samiti i sot\u00ebm ka dh\u00ebn\u00eb nj\u00eb mesazh t\u00eb qart\u00eb: ne mb\u00ebshtesim fuqimisht t\u00eb ardhmen e Ballkanit Per\u00ebndimor n\u00eb Bashkimin Evropian.<\/p>\n<p>Zgjerimi mbetet qendror p\u00ebr objektivat tona t\u00eb p\u00ebrbashk\u00ebta. \u00cbsht\u00eb zgjedhja e duhur p\u00ebr tre arsye:<\/p>\n<p>S\u00eb pari, nga nj\u00eb perspektiv\u00eb gjeopolitike. Nj\u00eb Bashkim Evropian i zgjeruar do t\u00eb thot\u00eb nj\u00eb Evrop\u00eb m\u00eb e sigurt, m\u00eb e fort\u00eb dhe m\u00eb paq\u00ebsore;<\/p>\n<p>S\u00eb dyti, sepse zgjerimi forcon prosperitetin ton\u00eb t\u00eb p\u00ebrbashk\u00ebt. \u00c7do zgjerim i m\u00ebparsh\u00ebm e ka v\u00ebrtetuar k\u00ebt\u00eb;<\/p>\n<p>Dhe s\u00eb treti, sepse Bashkimi Evropian mbetet nj\u00eb projekt t\u00ebrheq\u00ebs dhe i besuesh\u00ebm \u2013 dhe ne duhet t\u00eb p\u00ebrmbushim pritjet q\u00eb krijon. Zgjerimi tani po ec\u00ebn m\u00eb shpejt se sa ka ecur n\u00eb 15 vitet e fundit. Dhe ne duhet ta shfryt\u00ebzojm\u00eb k\u00ebt\u00eb mund\u00ebsi.<\/p>\n<p>Zgjerimi \u00ebsht\u00eb nj\u00eb proces i bazuar n\u00eb merit\u00eb, jo nj\u00eb gar\u00eb apo konkurrenc\u00eb midis kandidat\u00ebve. Ata q\u00eb ecin m\u00eb shpejt nuk duhet t\u00eb pengohen nga t\u00eb tjer\u00ebt. P\u00ebrkundrazi, ata duhet t\u00eb p\u00ebrcaktojn\u00eb ritmin dhe t\u00eb sh\u00ebrbejn\u00eb si frym\u00ebzim p\u00ebr t\u00eb gjith\u00eb.<\/p>\n<p>Gjat\u00eb 12 muajve t\u00eb fundit, \u00ebsht\u00eb b\u00ebr\u00eb p\u00ebrparim i mir\u00eb:<\/p>\n<p>Rruga e Malit t\u00eb Zi drejt BE-s\u00eb \u00ebsht\u00eb p\u00ebrshpejtuar qart\u00eb. Vet\u00ebm k\u00ebt\u00eb jav\u00eb, pes\u00eb kapituj an\u00ebtar\u00ebsimi u mbyll\u00ebn me sukses;<\/p>\n<p>Shqip\u00ebria ka arritur t\u00eb hap\u00eb t\u00eb gjitha grupet negociuese n\u00eb nj\u00eb koh\u00eb shum\u00eb t\u00eb shkurt\u00ebr, t\u00eb fundit vet\u00ebm n\u00eb n\u00ebntor. Viti i ardhsh\u00ebm do t\u00eb jet\u00eb momenti i tyre i s\u00eb v\u00ebrtet\u00ebs p\u00ebr t\u00eb p\u00ebrshpejtuar reformat;lidhur me Maqedonin\u00eb e Veriut, ne mir\u00ebpresim hapat p\u00ebr t\u00eb rritur lidhshm\u00ebrin\u00eb rajonale. Dhe shpresojm\u00eb p\u00ebr p\u00ebrparim t\u00eb v\u00ebrtet\u00eb n\u00eb vitin 2026. Autoritetet e tyre e din\u00eb se \u00e7far\u00eb duhet t\u00eb b\u00ebjn\u00eb;<\/p>\n<p>gjithashtu k\u00ebt\u00eb vit, Bosnja dhe Hercegovina miratoi Axhend\u00ebn e saj t\u00eb Reformave, nj\u00eb hap i nevojsh\u00ebm p\u00ebr t\u00eb hyr\u00eb n\u00eb Planin e Rritjes. Kjo do t\u2019u lejoj\u00eb atyre t\u00eb shfryt\u00ebzojn\u00eb potencialin e plot\u00eb t\u00eb mb\u00ebshtetjes s\u00eb Bashkimit Evropian dhe integrimit gradual;<\/p>\n<p>lidhur me Kosov\u00ebn, ne mir\u00ebpresim hapat e nd\u00ebrmarr\u00eb p\u00ebr t\u00eb nd\u00ebrtuar besim midis komuniteteve. Zgjedhjet e ardhshme parlamentare mund t\u00eb jen\u00eb nj\u00eb moment vendimtar p\u00ebr konsolidimin e reformave dhe angazhimin konstruktiv n\u00eb rrug\u00ebn e an\u00ebtar\u00ebsimit evropian.<\/p>\n<p>Le t\u00eb jemi t\u00eb qart\u00eb, p\u00ebrtej teknikaliteteve t\u00eb procesit, ekziston nj\u00eb zgjedhje themelore politike p\u00ebr t\u2019u b\u00ebr\u00eb: nj\u00eb zgjedhje midis q\u00ebndrimit t\u00eb bllokuar n\u00eb t\u00eb kaluar\u00ebn, ose ecjes p\u00ebrpara drejt nj\u00eb t\u00eb ardhmeje t\u00eb p\u00ebrbashk\u00ebt n\u00eb Bashkimin Evropian, nj\u00eb zgjedhje midis ndarjes ose pajtimit dhe bashk\u00ebpunimit, t\u00eb cilat jan\u00eb shtyllat e Bashkimit Evropian.<\/p>\n<p>Vet\u00ebm duke kap\u00ebrcyer t\u00eb kaluar\u00ebn, Ballkani Per\u00ebndimor mund ta marr\u00eb plot\u00ebsisht rolin e tij si an\u00ebtar\u00eb t\u00eb ardhsh\u00ebm t\u00eb BE-s\u00eb dhe t\u00eb kontribuoj\u00eb n\u00eb nj\u00eb Evrop\u00eb t\u00eb q\u00ebndrueshme, t\u00eb begat\u00eb dhe t\u00eb bashkuar. Rruga p\u00ebrpara nuk do t\u00eb jet\u00eb e leht\u00eb. Disa reforma do t\u00eb jen\u00eb t\u00eb v\u00ebshtira, por ia vlejn\u00eb. Dhe un\u00eb besoj se partner\u00ebt tan\u00eb jan\u00eb t\u00eb p\u00ebrkushtuar p\u00ebr t\u00eb dh\u00ebn\u00eb rezultate.<\/p>\n<p>Ne duhet ta ruajm\u00eb k\u00ebt\u00eb vrull. P\u00ebr k\u00ebt\u00eb, ne do t\u2019i mb\u00ebshtesim partner\u00ebt tan\u00eb n\u00eb \u00e7do hap t\u00eb rrug\u00ebs. Zgjerimi \u00ebsht\u00eb nj\u00eb proces thell\u00ebsisht transformues. Konvergjenca socioekonomike do ta ankoroj\u00eb t\u00eb ardhmen e tyre n\u00eb Bashkimin Evropian. BE-ja \u00ebsht\u00eb \u2013 dhe do t\u00eb mbetet \u2013 partneri m\u00eb i besuesh\u00ebm i Ballkanit Per\u00ebndimor. Ata jan\u00eb t\u00eb gjith\u00eb pjes\u00eb e familjes evropiane dhe Bashkimi Evropian \u00ebsht\u00eb vendi i tyre.<\/p>\n<p>Pres me padurim Samitin ton\u00eb t\u00eb ardhsh\u00ebm n\u00eb Mal t\u00eb Zi n\u00eb qershor 2026.<\/p>\n","protected":false},"excerpt":{"rendered":"<p>Prishtin\u00eb 18 Dhjetor 2025 08:18 Ant\u00f3nio Costa, presidenti i K\u00ebshillit Evropian ka l\u00ebshuar komunikat\u00eb pas samitit BE-Ballkani Per\u00ebndimor. P\u00ebr Kosov\u00ebn, ai ka p\u00ebrmendur \u00e7\u00ebshtjen e<\/p>\n","protected":false},"author":6,"featured_media":24489,"comment_status":"open","ping_status":"open","sticky":false,"template":"","format":"standard","meta":{"footnotes":""},"categories":[58],"tags":[],"class_list":["post-24488","post","type-post","status-publish","format-standard","has-post-thumbnail","hentry","category-politike-sq"],"yoast_head":"<!-- This site is optimized with the Yoast SEO plugin v25.3.1 - https:\/\/yoast.com\/wordpress\/plugins\/seo\/ -->\n<title>Costa pas Samitit: Kosova ka b\u00ebr\u00eb hapa p\u00ebr nd\u00ebrtimin e besimit mes komuniteteve, zgjedhjet e ardhshme ky\u00e7e -<\/title>\n<meta name=\"robots\" content=\"index, follow, max-snippet:-1, max-image-preview:large, max-video-preview:-1\" \/>\n<link rel=\"canonical\" href=\"https:\/\/veritasinfo.org\/?p=24488\" \/>\n<meta property=\"og:locale\" content=\"en_US\" \/>\n<meta property=\"og:type\" content=\"article\" \/>\n<meta property=\"og:title\" content=\"Costa pas Samitit: Kosova ka b\u00ebr\u00eb hapa p\u00ebr nd\u00ebrtimin e besimit mes komuniteteve, zgjedhjet e ardhshme ky\u00e7e -\" \/>\n<meta property=\"og:description\" content=\"Prishtin\u00eb 18 Dhjetor 2025 08:18 Ant\u00f3nio Costa, presidenti i K\u00ebshillit Evropian ka l\u00ebshuar komunikat\u00eb pas samitit BE-Ballkani Per\u00ebndimor. P\u00ebr Kosov\u00ebn, ai ka p\u00ebrmendur \u00e7\u00ebshtjen e\" \/>\n<meta property=\"og:url\" content=\"https:\/\/veritasinfo.org\/?p=24488\" \/>\n<meta property=\"article:published_time\" content=\"2025-12-18T07:19:51+00:00\" \/>\n<meta property=\"og:image\" content=\"https:\/\/veritasinfo.org\/wp-content\/uploads\/2025\/12\/costa-600x360-1.jpg\" \/>\n\t<meta property=\"og:image:width\" content=\"600\" \/>\n\t<meta property=\"og:image:height\" content=\"360\" \/>\n\t<meta property=\"og:image:type\" content=\"image\/jpeg\" \/>\n<meta name=\"author\" content=\"US5\" \/>\n<meta name=\"twitter:card\" content=\"summary_large_image\" \/>\n<meta name=\"twitter:label1\" content=\"Written by\" \/>\n\t<meta name=\"twitter:data1\" content=\"US5\" \/>\n\t<meta name=\"twitter:label2\" content=\"Est. reading time\" \/>\n\t<meta name=\"twitter:data2\" content=\"1 minute\" \/>\n<script type=\"application\/ld+json\" class=\"yoast-schema-graph\">{\"@context\":\"https:\/\/schema.org\",\"@graph\":[{\"@type\":\"WebPage\",\"@id\":\"https:\/\/veritasinfo.org\/?p=24488\",\"url\":\"https:\/\/veritasinfo.org\/?p=24488\",\"name\":\"Costa pas Samitit: Kosova ka b\u00ebr\u00eb hapa p\u00ebr nd\u00ebrtimin e besimit mes komuniteteve, zgjedhjet e ardhshme ky\u00e7e -\",\"isPartOf\":{\"@id\":\"https:\/\/veritasinfo.org\/#website\"},\"primaryImageOfPage\":{\"@id\":\"https:\/\/veritasinfo.org\/?p=24488#primaryimage\"},\"image\":{\"@id\":\"https:\/\/veritasinfo.org\/?p=24488#primaryimage\"},\"thumbnailUrl\":\"https:\/\/veritasinfo.org\/wp-content\/uploads\/2025\/12\/costa-600x360-1.jpg\",\"datePublished\":\"2025-12-18T07:19:51+00:00\",\"author\":{\"@id\":\"https:\/\/veritasinfo.org\/#\/schema\/person\/bc442336e35414d04494ab8fb45db4c6\"},\"breadcrumb\":{\"@id\":\"https:\/\/veritasinfo.org\/?p=24488#breadcrumb\"},\"inLanguage\":\"en-US\",\"potentialAction\":[{\"@type\":\"ReadAction\",\"target\":[\"https:\/\/veritasinfo.org\/?p=24488\"]}]},{\"@type\":\"ImageObject\",\"inLanguage\":\"en-US\",\"@id\":\"https:\/\/veritasinfo.org\/?p=24488#primaryimage\",\"url\":\"https:\/\/veritasinfo.org\/wp-content\/uploads\/2025\/12\/costa-600x360-1.jpg\",\"contentUrl\":\"https:\/\/veritasinfo.org\/wp-content\/uploads\/2025\/12\/costa-600x360-1.jpg\",\"width\":600,\"height\":360},{\"@type\":\"BreadcrumbList\",\"@id\":\"https:\/\/veritasinfo.org\/?p=24488#breadcrumb\",\"itemListElement\":[{\"@type\":\"ListItem\",\"position\":1,\"name\":\"Home\",\"item\":\"https:\/\/veritasinfo.org\/\"},{\"@type\":\"ListItem\",\"position\":2,\"name\":\"Costa pas Samitit: Kosova ka b\u00ebr\u00eb hapa p\u00ebr nd\u00ebrtimin e besimit mes komuniteteve, zgjedhjet e ardhshme ky\u00e7e\"}]},{\"@type\":\"WebSite\",\"@id\":\"https:\/\/veritasinfo.org\/#website\",\"url\":\"https:\/\/veritasinfo.org\/\",\"name\":\"\",\"description\":\"\",\"potentialAction\":[{\"@type\":\"SearchAction\",\"target\":{\"@type\":\"EntryPoint\",\"urlTemplate\":\"https:\/\/veritasinfo.org\/?s={search_term_string}\"},\"query-input\":{\"@type\":\"PropertyValueSpecification\",\"valueRequired\":true,\"valueName\":\"search_term_string\"}}],\"inLanguage\":\"en-US\"},{\"@type\":\"Person\",\"@id\":\"https:\/\/veritasinfo.org\/#\/schema\/person\/bc442336e35414d04494ab8fb45db4c6\",\"name\":\"US5\",\"image\":{\"@type\":\"ImageObject\",\"inLanguage\":\"en-US\",\"@id\":\"https:\/\/veritasinfo.org\/#\/schema\/person\/image\/\",\"url\":\"https:\/\/secure.gravatar.com\/avatar\/16a61e7272a0c5d001121ebb9e60e925d5816e4ac1e443ed3e640d9a6ae55d0c?s=96&d=mm&r=g\",\"contentUrl\":\"https:\/\/secure.gravatar.com\/avatar\/16a61e7272a0c5d001121ebb9e60e925d5816e4ac1e443ed3e640d9a6ae55d0c?s=96&d=mm&r=g\",\"caption\":\"US5\"},\"url\":\"https:\/\/veritasinfo.org\/?author=6\"}]}<\/script>\n<!-- \/ Yoast SEO plugin. -->","yoast_head_json":{"title":"Costa pas Samitit: Kosova ka b\u00ebr\u00eb hapa p\u00ebr nd\u00ebrtimin e besimit mes komuniteteve, zgjedhjet e ardhshme ky\u00e7e -","robots":{"index":"index","follow":"follow","max-snippet":"max-snippet:-1","max-image-preview":"max-image-preview:large","max-video-preview":"max-video-preview:-1"},"canonical":"https:\/\/veritasinfo.org\/?p=24488","og_locale":"en_US","og_type":"article","og_title":"Costa pas Samitit: Kosova ka b\u00ebr\u00eb hapa p\u00ebr nd\u00ebrtimin e besimit mes komuniteteve, zgjedhjet e ardhshme ky\u00e7e -","og_description":"Prishtin\u00eb 18 Dhjetor 2025 08:18 Ant\u00f3nio Costa, presidenti i K\u00ebshillit Evropian ka l\u00ebshuar komunikat\u00eb pas samitit BE-Ballkani Per\u00ebndimor. P\u00ebr Kosov\u00ebn, ai ka p\u00ebrmendur \u00e7\u00ebshtjen e","og_url":"https:\/\/veritasinfo.org\/?p=24488","article_published_time":"2025-12-18T07:19:51+00:00","og_image":[{"width":600,"height":360,"url":"https:\/\/veritasinfo.org\/wp-content\/uploads\/2025\/12\/costa-600x360-1.jpg","type":"image\/jpeg"}],"author":"US5","twitter_card":"summary_large_image","twitter_misc":{"Written by":"US5","Est. reading time":"1 minute"},"schema":{"@context":"https:\/\/schema.org","@graph":[{"@type":"WebPage","@id":"https:\/\/veritasinfo.org\/?p=24488","url":"https:\/\/veritasinfo.org\/?p=24488","name":"Costa pas Samitit: Kosova ka b\u00ebr\u00eb hapa p\u00ebr nd\u00ebrtimin e besimit mes komuniteteve, zgjedhjet e ardhshme ky\u00e7e -","isPartOf":{"@id":"https:\/\/veritasinfo.org\/#website"},"primaryImageOfPage":{"@id":"https:\/\/veritasinfo.org\/?p=24488#primaryimage"},"image":{"@id":"https:\/\/veritasinfo.org\/?p=24488#primaryimage"},"thumbnailUrl":"https:\/\/veritasinfo.org\/wp-content\/uploads\/2025\/12\/costa-600x360-1.jpg","datePublished":"2025-12-18T07:19:51+00:00","author":{"@id":"https:\/\/veritasinfo.org\/#\/schema\/person\/bc442336e35414d04494ab8fb45db4c6"},"breadcrumb":{"@id":"https:\/\/veritasinfo.org\/?p=24488#breadcrumb"},"inLanguage":"en-US","potentialAction":[{"@type":"ReadAction","target":["https:\/\/veritasinfo.org\/?p=24488"]}]},{"@type":"ImageObject","inLanguage":"en-US","@id":"https:\/\/veritasinfo.org\/?p=24488#primaryimage","url":"https:\/\/veritasinfo.org\/wp-content\/uploads\/2025\/12\/costa-600x360-1.jpg","contentUrl":"https:\/\/veritasinfo.org\/wp-content\/uploads\/2025\/12\/costa-600x360-1.jpg","width":600,"height":360},{"@type":"BreadcrumbList","@id":"https:\/\/veritasinfo.org\/?p=24488#breadcrumb","itemListElement":[{"@type":"ListItem","position":1,"name":"Home","item":"https:\/\/veritasinfo.org\/"},{"@type":"ListItem","position":2,"name":"Costa pas Samitit: Kosova ka b\u00ebr\u00eb hapa p\u00ebr nd\u00ebrtimin e besimit mes komuniteteve, zgjedhjet e ardhshme ky\u00e7e"}]},{"@type":"WebSite","@id":"https:\/\/veritasinfo.org\/#website","url":"https:\/\/veritasinfo.org\/","name":"","description":"","potentialAction":[{"@type":"SearchAction","target":{"@type":"EntryPoint","urlTemplate":"https:\/\/veritasinfo.org\/?s={search_term_string}"},"query-input":{"@type":"PropertyValueSpecification","valueRequired":true,"valueName":"search_term_string"}}],"inLanguage":"en-US"},{"@type":"Person","@id":"https:\/\/veritasinfo.org\/#\/schema\/person\/bc442336e35414d04494ab8fb45db4c6","name":"US5","image":{"@type":"ImageObject","inLanguage":"en-US","@id":"https:\/\/veritasinfo.org\/#\/schema\/person\/image\/","url":"https:\/\/secure.gravatar.com\/avatar\/16a61e7272a0c5d001121ebb9e60e925d5816e4ac1e443ed3e640d9a6ae55d0c?s=96&d=mm&r=g","contentUrl":"https:\/\/secure.gravatar.com\/avatar\/16a61e7272a0c5d001121ebb9e60e925d5816e4ac1e443ed3e640d9a6ae55d0c?s=96&d=mm&r=g","caption":"US5"},"url":"https:\/\/veritasinfo.org\/?author=6"}]}},"featured_image_urls":{"full":["https:\/\/veritasinfo.org\/wp-content\/uploads\/2025\/12\/costa-600x360-1.jpg",600,360,false],"thumbnail":["https:\/\/veritasinfo.org\/wp-content\/uploads\/2025\/12\/costa-600x360-1-150x150.jpg",150,150,true],"medium":["https:\/\/veritasinfo.org\/wp-content\/uploads\/2025\/12\/costa-600x360-1-300x180.jpg",300,180,true],"medium_large":["https:\/\/veritasinfo.org\/wp-content\/uploads\/2025\/12\/costa-600x360-1.jpg",600,360,false],"large":["https:\/\/veritasinfo.org\/wp-content\/uploads\/2025\/12\/costa-600x360-1.jpg",600,360,false],"1536x1536":["https:\/\/veritasinfo.org\/wp-content\/uploads\/2025\/12\/costa-600x360-1.jpg",600,360,false],"2048x2048":["https:\/\/veritasinfo.org\/wp-content\/uploads\/2025\/12\/costa-600x360-1.jpg",600,360,false],"kreeti-slider-full":["https:\/\/veritasinfo.org\/wp-content\/uploads\/2025\/12\/costa-600x360-1.jpg",600,360,false],"kreeti-featured":["https:\/\/veritasinfo.org\/wp-content\/uploads\/2025\/12\/costa-600x360-1.jpg",600,360,false],"kreeti-medium":["https:\/\/veritasinfo.org\/wp-content\/uploads\/2025\/12\/costa-600x360-1.jpg",600,360,false],"kreeti-medium-square":["https:\/\/veritasinfo.org\/wp-content\/uploads\/2025\/12\/costa-600x360-1.jpg",350,210,false]},"author_info":{"info":["US5"]},"category_info":"<a href=\"https:\/\/veritasinfo.org\/?cat=58\" rel=\"category\">Politik\u00eb<\/a>","tag_info":"Politik\u00eb","comment_count":"0","_links":{"self":[{"href":"https:\/\/veritasinfo.org\/index.php?rest_route=\/wp\/v2\/posts\/24488","targetHints":{"allow":["GET"]}}],"collection":[{"href":"https:\/\/veritasinfo.org\/index.php?rest_route=\/wp\/v2\/posts"}],"about":[{"href":"https:\/\/veritasinfo.org\/index.php?rest_route=\/wp\/v2\/types\/post"}],"author":[{"embeddable":true,"href":"https:\/\/veritasinfo.org\/index.php?rest_route=\/wp\/v2\/users\/6"}],"replies":[{"embeddable":true,"href":"https:\/\/veritasinfo.org\/index.php?rest_route=%2Fwp%2Fv2%2Fcomments&post=24488"}],"version-history":[{"count":1,"href":"https:\/\/veritasinfo.org\/index.php?rest_route=\/wp\/v2\/posts\/24488\/revisions"}],"predecessor-version":[{"id":24490,"href":"https:\/\/veritasinfo.org\/index.php?rest_route=\/wp\/v2\/posts\/24488\/revisions\/24490"}],"wp:featuredmedia":[{"embeddable":true,"href":"https:\/\/veritasinfo.org\/index.php?rest_route=\/wp\/v2\/media\/24489"}],"wp:attachment":[{"href":"https:\/\/veritasinfo.org\/index.php?rest_route=%2Fwp%2Fv2%2Fmedia&parent=24488"}],"wp:term":[{"taxonomy":"category","embeddable":true,"href":"https:\/\/veritasinfo.org\/index.php?rest_route=%2Fwp%2Fv2%2Fcategories&post=24488"},{"taxonomy":"post_tag","embeddable":true,"href":"https:\/\/veritasinfo.org\/index.php?rest_route=%2Fwp%2Fv2%2Ftags&post=24488"}],"curies":[{"name":"wp","href":"https:\/\/api.w.org\/{rel}","templated":true}]}}