{"id":24483,"date":"2025-12-18T08:10:59","date_gmt":"2025-12-18T07:10:59","guid":{"rendered":"https:\/\/veritasinfo.org\/?p=24483"},"modified":"2025-12-18T08:10:59","modified_gmt":"2025-12-18T07:10:59","slug":"osmani-masat-ndaj-kosoves-fillojne-te-hiqen-pjesa-tjeter-ne-janar","status":"publish","type":"post","link":"https:\/\/veritasinfo.org\/?p=24483","title":{"rendered":"Osmani: Masat ndaj Kosov\u00ebs fillojn\u00eb t\u00eb hiqen, pjesa tjet\u00ebr n\u00eb janar"},"content":{"rendered":"<p>Prishtin\u00eb 18 Dhjetor 2025 08:10<\/p>\n<p>Presidentja Vjosa Osmani njoftoi nga Brukseli, pas p\u00ebrfundimit t\u00eb Samitit BE\u2013Ballkani Per\u00ebndimor, se masat ndaj Kosov\u00ebs do t\u00eb fillojn\u00eb t\u00eb hiqen. Nj\u00eb pjes\u00eb e masave u hoq menj\u00ebher\u00eb, nd\u00ebrsa t\u00eb tjerat pritet t\u00eb hiqen plot\u00ebsisht n\u00eb fund t\u00eb janarit.<\/p>\n<p>Osmani e p\u00ebrshkroi vendimin si nj\u00eb lajm shum\u00eb pozitiv p\u00ebr Kosov\u00ebn, duke theksuar se ai reflekton p\u00ebrparim n\u00eb bashk\u00ebpunimin me Bashkimin Evropian.<\/p>\n<p>Ajo shtoi se kjo hap rrug\u00ebn p\u00ebr vazhdimin e reformave dhe forcimin e marr\u00ebdh\u00ebnieve evropiane, duke n\u00ebnvizuar r\u00ebnd\u00ebsin\u00eb e angazhimit t\u00eb Kosov\u00ebs p\u00ebr t\u00eb p\u00ebrmbushur standardet e k\u00ebrkuara.<\/p>\n<p>\u201cKemi lajme t\u00eb shk\u00eblqyeshme p\u00ebr Kosov\u00ebn. N\u00eb fund t\u00eb Samitit nd\u00ebrmjet Bashkimit Evropian dhe Ballkanit Per\u00ebndimor, pas diskutimeve intensive me partner\u00ebt tan\u00eb u mor vendimi q\u00eb t\u00eb gjitha masat t\u2019i hiqen Kosov\u00ebs, ku nj\u00eb pjes\u00eb e madhe hiqet sot, kurse pjesa tjet\u00ebr n\u00eb fund t\u00eb janarit\u201d, tha ajo.<\/p>\n<p>Gjat\u00eb kumtimit t\u00eb lajmit, n\u00eb video u shfaq edhe kryeministri shqiptar, Edi Rama, i cili e p\u00ebrg\u00ebzoi presidenten Osmani p\u00ebr arritjen e k\u00ebtij vendimi.<\/p>\n<p>Osmani e fal\u00ebnderoi Ram\u00ebn p\u00ebr kontributin e dh\u00ebn\u00eb n\u00eb k\u00ebt\u00eb \u00e7\u00ebshtje.<\/p>\n<p>&#8220;Gjat\u00eb bisedimeve intensive me partner\u00ebt tan\u00eb u mor vendimi q\u00eb t\u00eb gjitha masat t\u2019i hiqen Kosov\u00ebs, ku nj\u00eb pjes\u00eb e madhe i hiqet sot, kurse pjesa tjet\u00ebr n\u00eb fund t\u00eb janarit. Rrjedhimisht, edhe fondet do t\u00eb zhbllokohen, nj\u00eb pjes\u00eb shum\u00eb e madhe menj\u00ebher\u00eb e nj\u00eb pjes\u00eb tjet\u00ebr n\u00eb fund t\u00eb janarit&#8221;, ka th\u00ebn\u00eb ajo.<\/p>\n","protected":false},"excerpt":{"rendered":"<p>Prishtin\u00eb 18 Dhjetor 2025 08:10 Presidentja Vjosa Osmani njoftoi nga Brukseli, pas p\u00ebrfundimit t\u00eb Samitit BE\u2013Ballkani Per\u00ebndimor, se masat ndaj Kosov\u00ebs do t\u00eb fillojn\u00eb t\u00eb<\/p>\n","protected":false},"author":6,"featured_media":24484,"comment_status":"open","ping_status":"open","sticky":false,"template":"","format":"standard","meta":{"footnotes":""},"categories":[58],"tags":[],"class_list":["post-24483","post","type-post","status-publish","format-standard","has-post-thumbnail","hentry","category-politike-sq"],"yoast_head":"<!-- This site is optimized with the Yoast SEO plugin v25.3.1 - https:\/\/yoast.com\/wordpress\/plugins\/seo\/ -->\n<title>Osmani: Masat ndaj Kosov\u00ebs fillojn\u00eb t\u00eb hiqen, pjesa tjet\u00ebr n\u00eb janar -<\/title>\n<meta name=\"robots\" content=\"index, follow, max-snippet:-1, max-image-preview:large, max-video-preview:-1\" \/>\n<link rel=\"canonical\" href=\"https:\/\/veritasinfo.org\/?p=24483\" \/>\n<meta property=\"og:locale\" content=\"en_US\" \/>\n<meta property=\"og:type\" content=\"article\" \/>\n<meta property=\"og:title\" content=\"Osmani: Masat ndaj Kosov\u00ebs fillojn\u00eb t\u00eb hiqen, pjesa tjet\u00ebr n\u00eb janar -\" \/>\n<meta property=\"og:description\" content=\"Prishtin\u00eb 18 Dhjetor 2025 08:10 Presidentja Vjosa Osmani njoftoi nga Brukseli, pas p\u00ebrfundimit t\u00eb Samitit BE\u2013Ballkani Per\u00ebndimor, se masat ndaj Kosov\u00ebs do t\u00eb fillojn\u00eb t\u00eb\" \/>\n<meta property=\"og:url\" content=\"https:\/\/veritasinfo.org\/?p=24483\" \/>\n<meta property=\"article:published_time\" content=\"2025-12-18T07:10:59+00:00\" \/>\n<meta property=\"og:image\" content=\"https:\/\/veritasinfo.org\/wp-content\/uploads\/2025\/12\/IMG-20251218-WA0002.jpg\" \/>\n\t<meta property=\"og:image:width\" content=\"780\" \/>\n\t<meta property=\"og:image:height\" content=\"500\" \/>\n\t<meta property=\"og:image:type\" content=\"image\/jpeg\" \/>\n<meta name=\"author\" content=\"US5\" \/>\n<meta name=\"twitter:card\" content=\"summary_large_image\" \/>\n<meta name=\"twitter:label1\" content=\"Written by\" \/>\n\t<meta name=\"twitter:data1\" content=\"US5\" \/>\n\t<meta name=\"twitter:label2\" content=\"Est. reading time\" \/>\n\t<meta name=\"twitter:data2\" content=\"1 minute\" \/>\n<script type=\"application\/ld+json\" class=\"yoast-schema-graph\">{\"@context\":\"https:\/\/schema.org\",\"@graph\":[{\"@type\":\"WebPage\",\"@id\":\"https:\/\/veritasinfo.org\/?p=24483\",\"url\":\"https:\/\/veritasinfo.org\/?p=24483\",\"name\":\"Osmani: Masat ndaj Kosov\u00ebs fillojn\u00eb t\u00eb hiqen, pjesa tjet\u00ebr n\u00eb janar -\",\"isPartOf\":{\"@id\":\"https:\/\/veritasinfo.org\/#website\"},\"primaryImageOfPage\":{\"@id\":\"https:\/\/veritasinfo.org\/?p=24483#primaryimage\"},\"image\":{\"@id\":\"https:\/\/veritasinfo.org\/?p=24483#primaryimage\"},\"thumbnailUrl\":\"https:\/\/veritasinfo.org\/wp-content\/uploads\/2025\/12\/IMG-20251218-WA0002.jpg\",\"datePublished\":\"2025-12-18T07:10:59+00:00\",\"author\":{\"@id\":\"https:\/\/veritasinfo.org\/#\/schema\/person\/bc442336e35414d04494ab8fb45db4c6\"},\"breadcrumb\":{\"@id\":\"https:\/\/veritasinfo.org\/?p=24483#breadcrumb\"},\"inLanguage\":\"en-US\",\"potentialAction\":[{\"@type\":\"ReadAction\",\"target\":[\"https:\/\/veritasinfo.org\/?p=24483\"]}]},{\"@type\":\"ImageObject\",\"inLanguage\":\"en-US\",\"@id\":\"https:\/\/veritasinfo.org\/?p=24483#primaryimage\",\"url\":\"https:\/\/veritasinfo.org\/wp-content\/uploads\/2025\/12\/IMG-20251218-WA0002.jpg\",\"contentUrl\":\"https:\/\/veritasinfo.org\/wp-content\/uploads\/2025\/12\/IMG-20251218-WA0002.jpg\",\"width\":780,\"height\":500},{\"@type\":\"BreadcrumbList\",\"@id\":\"https:\/\/veritasinfo.org\/?p=24483#breadcrumb\",\"itemListElement\":[{\"@type\":\"ListItem\",\"position\":1,\"name\":\"Home\",\"item\":\"https:\/\/veritasinfo.org\/\"},{\"@type\":\"ListItem\",\"position\":2,\"name\":\"Osmani: Masat ndaj Kosov\u00ebs fillojn\u00eb t\u00eb hiqen, pjesa tjet\u00ebr n\u00eb janar\"}]},{\"@type\":\"WebSite\",\"@id\":\"https:\/\/veritasinfo.org\/#website\",\"url\":\"https:\/\/veritasinfo.org\/\",\"name\":\"\",\"description\":\"\",\"potentialAction\":[{\"@type\":\"SearchAction\",\"target\":{\"@type\":\"EntryPoint\",\"urlTemplate\":\"https:\/\/veritasinfo.org\/?s={search_term_string}\"},\"query-input\":{\"@type\":\"PropertyValueSpecification\",\"valueRequired\":true,\"valueName\":\"search_term_string\"}}],\"inLanguage\":\"en-US\"},{\"@type\":\"Person\",\"@id\":\"https:\/\/veritasinfo.org\/#\/schema\/person\/bc442336e35414d04494ab8fb45db4c6\",\"name\":\"US5\",\"image\":{\"@type\":\"ImageObject\",\"inLanguage\":\"en-US\",\"@id\":\"https:\/\/veritasinfo.org\/#\/schema\/person\/image\/\",\"url\":\"https:\/\/secure.gravatar.com\/avatar\/16a61e7272a0c5d001121ebb9e60e925d5816e4ac1e443ed3e640d9a6ae55d0c?s=96&d=mm&r=g\",\"contentUrl\":\"https:\/\/secure.gravatar.com\/avatar\/16a61e7272a0c5d001121ebb9e60e925d5816e4ac1e443ed3e640d9a6ae55d0c?s=96&d=mm&r=g\",\"caption\":\"US5\"},\"url\":\"https:\/\/veritasinfo.org\/?author=6\"}]}<\/script>\n<!-- \/ Yoast SEO plugin. -->","yoast_head_json":{"title":"Osmani: Masat ndaj Kosov\u00ebs fillojn\u00eb t\u00eb hiqen, pjesa tjet\u00ebr n\u00eb janar -","robots":{"index":"index","follow":"follow","max-snippet":"max-snippet:-1","max-image-preview":"max-image-preview:large","max-video-preview":"max-video-preview:-1"},"canonical":"https:\/\/veritasinfo.org\/?p=24483","og_locale":"en_US","og_type":"article","og_title":"Osmani: Masat ndaj Kosov\u00ebs fillojn\u00eb t\u00eb hiqen, pjesa tjet\u00ebr n\u00eb janar -","og_description":"Prishtin\u00eb 18 Dhjetor 2025 08:10 Presidentja Vjosa Osmani njoftoi nga Brukseli, pas p\u00ebrfundimit t\u00eb Samitit BE\u2013Ballkani Per\u00ebndimor, se masat ndaj Kosov\u00ebs do t\u00eb fillojn\u00eb t\u00eb","og_url":"https:\/\/veritasinfo.org\/?p=24483","article_published_time":"2025-12-18T07:10:59+00:00","og_image":[{"width":780,"height":500,"url":"https:\/\/veritasinfo.org\/wp-content\/uploads\/2025\/12\/IMG-20251218-WA0002.jpg","type":"image\/jpeg"}],"author":"US5","twitter_card":"summary_large_image","twitter_misc":{"Written by":"US5","Est. reading time":"1 minute"},"schema":{"@context":"https:\/\/schema.org","@graph":[{"@type":"WebPage","@id":"https:\/\/veritasinfo.org\/?p=24483","url":"https:\/\/veritasinfo.org\/?p=24483","name":"Osmani: Masat ndaj Kosov\u00ebs fillojn\u00eb t\u00eb hiqen, pjesa tjet\u00ebr n\u00eb janar -","isPartOf":{"@id":"https:\/\/veritasinfo.org\/#website"},"primaryImageOfPage":{"@id":"https:\/\/veritasinfo.org\/?p=24483#primaryimage"},"image":{"@id":"https:\/\/veritasinfo.org\/?p=24483#primaryimage"},"thumbnailUrl":"https:\/\/veritasinfo.org\/wp-content\/uploads\/2025\/12\/IMG-20251218-WA0002.jpg","datePublished":"2025-12-18T07:10:59+00:00","author":{"@id":"https:\/\/veritasinfo.org\/#\/schema\/person\/bc442336e35414d04494ab8fb45db4c6"},"breadcrumb":{"@id":"https:\/\/veritasinfo.org\/?p=24483#breadcrumb"},"inLanguage":"en-US","potentialAction":[{"@type":"ReadAction","target":["https:\/\/veritasinfo.org\/?p=24483"]}]},{"@type":"ImageObject","inLanguage":"en-US","@id":"https:\/\/veritasinfo.org\/?p=24483#primaryimage","url":"https:\/\/veritasinfo.org\/wp-content\/uploads\/2025\/12\/IMG-20251218-WA0002.jpg","contentUrl":"https:\/\/veritasinfo.org\/wp-content\/uploads\/2025\/12\/IMG-20251218-WA0002.jpg","width":780,"height":500},{"@type":"BreadcrumbList","@id":"https:\/\/veritasinfo.org\/?p=24483#breadcrumb","itemListElement":[{"@type":"ListItem","position":1,"name":"Home","item":"https:\/\/veritasinfo.org\/"},{"@type":"ListItem","position":2,"name":"Osmani: Masat ndaj Kosov\u00ebs fillojn\u00eb t\u00eb hiqen, pjesa tjet\u00ebr n\u00eb janar"}]},{"@type":"WebSite","@id":"https:\/\/veritasinfo.org\/#website","url":"https:\/\/veritasinfo.org\/","name":"","description":"","potentialAction":[{"@type":"SearchAction","target":{"@type":"EntryPoint","urlTemplate":"https:\/\/veritasinfo.org\/?s={search_term_string}"},"query-input":{"@type":"PropertyValueSpecification","valueRequired":true,"valueName":"search_term_string"}}],"inLanguage":"en-US"},{"@type":"Person","@id":"https:\/\/veritasinfo.org\/#\/schema\/person\/bc442336e35414d04494ab8fb45db4c6","name":"US5","image":{"@type":"ImageObject","inLanguage":"en-US","@id":"https:\/\/veritasinfo.org\/#\/schema\/person\/image\/","url":"https:\/\/secure.gravatar.com\/avatar\/16a61e7272a0c5d001121ebb9e60e925d5816e4ac1e443ed3e640d9a6ae55d0c?s=96&d=mm&r=g","contentUrl":"https:\/\/secure.gravatar.com\/avatar\/16a61e7272a0c5d001121ebb9e60e925d5816e4ac1e443ed3e640d9a6ae55d0c?s=96&d=mm&r=g","caption":"US5"},"url":"https:\/\/veritasinfo.org\/?author=6"}]}},"featured_image_urls":{"full":["https:\/\/veritasinfo.org\/wp-content\/uploads\/2025\/12\/IMG-20251218-WA0002.jpg",780,500,false],"thumbnail":["https:\/\/veritasinfo.org\/wp-content\/uploads\/2025\/12\/IMG-20251218-WA0002-150x150.jpg",150,150,true],"medium":["https:\/\/veritasinfo.org\/wp-content\/uploads\/2025\/12\/IMG-20251218-WA0002-300x192.jpg",300,192,true],"medium_large":["https:\/\/veritasinfo.org\/wp-content\/uploads\/2025\/12\/IMG-20251218-WA0002-768x492.jpg",640,410,true],"large":["https:\/\/veritasinfo.org\/wp-content\/uploads\/2025\/12\/IMG-20251218-WA0002.jpg",640,410,false],"1536x1536":["https:\/\/veritasinfo.org\/wp-content\/uploads\/2025\/12\/IMG-20251218-WA0002.jpg",780,500,false],"2048x2048":["https:\/\/veritasinfo.org\/wp-content\/uploads\/2025\/12\/IMG-20251218-WA0002.jpg",780,500,false],"kreeti-slider-full":["https:\/\/veritasinfo.org\/wp-content\/uploads\/2025\/12\/IMG-20251218-WA0002.jpg",780,500,false],"kreeti-featured":["https:\/\/veritasinfo.org\/wp-content\/uploads\/2025\/12\/IMG-20251218-WA0002.jpg",780,500,false],"kreeti-medium":["https:\/\/veritasinfo.org\/wp-content\/uploads\/2025\/12\/IMG-20251218-WA0002.jpg",720,462,false],"kreeti-medium-square":["https:\/\/veritasinfo.org\/wp-content\/uploads\/2025\/12\/IMG-20251218-WA0002.jpg",350,224,false]},"author_info":{"info":["US5"]},"category_info":"<a href=\"https:\/\/veritasinfo.org\/?cat=58\" rel=\"category\">Politik\u00eb<\/a>","tag_info":"Politik\u00eb","comment_count":"0","_links":{"self":[{"href":"https:\/\/veritasinfo.org\/index.php?rest_route=\/wp\/v2\/posts\/24483","targetHints":{"allow":["GET"]}}],"collection":[{"href":"https:\/\/veritasinfo.org\/index.php?rest_route=\/wp\/v2\/posts"}],"about":[{"href":"https:\/\/veritasinfo.org\/index.php?rest_route=\/wp\/v2\/types\/post"}],"author":[{"embeddable":true,"href":"https:\/\/veritasinfo.org\/index.php?rest_route=\/wp\/v2\/users\/6"}],"replies":[{"embeddable":true,"href":"https:\/\/veritasinfo.org\/index.php?rest_route=%2Fwp%2Fv2%2Fcomments&post=24483"}],"version-history":[{"count":1,"href":"https:\/\/veritasinfo.org\/index.php?rest_route=\/wp\/v2\/posts\/24483\/revisions"}],"predecessor-version":[{"id":24485,"href":"https:\/\/veritasinfo.org\/index.php?rest_route=\/wp\/v2\/posts\/24483\/revisions\/24485"}],"wp:featuredmedia":[{"embeddable":true,"href":"https:\/\/veritasinfo.org\/index.php?rest_route=\/wp\/v2\/media\/24484"}],"wp:attachment":[{"href":"https:\/\/veritasinfo.org\/index.php?rest_route=%2Fwp%2Fv2%2Fmedia&parent=24483"}],"wp:term":[{"taxonomy":"category","embeddable":true,"href":"https:\/\/veritasinfo.org\/index.php?rest_route=%2Fwp%2Fv2%2Fcategories&post=24483"},{"taxonomy":"post_tag","embeddable":true,"href":"https:\/\/veritasinfo.org\/index.php?rest_route=%2Fwp%2Fv2%2Ftags&post=24483"}],"curies":[{"name":"wp","href":"https:\/\/api.w.org\/{rel}","templated":true}]}}