{"id":24472,"date":"2025-12-18T07:22:05","date_gmt":"2025-12-18T06:22:05","guid":{"rendered":"https:\/\/veritasinfo.org\/?p=24472"},"modified":"2025-12-18T07:22:05","modified_gmt":"2025-12-18T06:22:05","slug":"von-der-leyen-205-milione-euro-per-kosoven-pas-lehtesimit-te-masave-te-be-se","status":"publish","type":"post","link":"https:\/\/veritasinfo.org\/?p=24472","title":{"rendered":"Von der Leyen: 205 milion\u00eb euro p\u00ebr Kosov\u00ebn pas leht\u00ebsimit t\u00eb masave t\u00eb BE-s\u00eb"},"content":{"rendered":"<p><strong>Prishtin\u00eb, 18 dhjetor 2025 07:21<\/strong><\/p>\n<p>Bashkimi Evropian ka nisur procesin e heqjes s\u00eb masave nd\u00ebshkuese ndaj Kosov\u00ebs, nd\u00ebrsa 205 milion\u00eb euro ndihm\u00eb financiare pritet t\u00eb l\u00ebshohen n\u00eb fillim t\u00eb vitit t\u00eb ardhsh\u00ebm.<\/p>\n<p>Lajmi u konfirmua nga Presidentja e Komisionit Evropian, Ursula von der Leyen, e cila njoftoi se fondet do t\u00eb dalin nga 216 milion\u00eb eurot e planifikuara p\u00ebr Kosov\u00ebn, pas vendimit p\u00ebr heqjen e pjesshme t\u00eb masave.<\/p>\n<p>\u201cJam e lumtur t\u00eb njoftoj se po ecim p\u00ebrpara p\u00ebr t\u00eb hequr masat ndaj Kosov\u00ebs. Po programojm\u00eb 216 milion\u00eb euro ndihm\u00eb financiare dhe kemi nd\u00ebrmend t\u00eb l\u00ebshojm\u00eb 205 milion\u00eb euro n\u00eb fillim t\u00eb vitit t\u00eb ardhsh\u00ebm,\u201d ka shkruar Von der Leyen n\u00eb platform\u00ebn X.<\/p>\n<p>Ajo e ka cil\u00ebsuar k\u00ebt\u00eb zhvillim si lajm t\u00eb mir\u00eb, duke theksuar se procesi do t\u00eb vazhdoj\u00eb deri n\u00eb heqjen e plot\u00eb t\u00eb masave t\u00eb vendosura nga BE-ja.<\/p>\n<p>Nd\u00ebrkoh\u00eb, Presidentja e Kosov\u00ebs, Vjosa Osmani, ka b\u00ebr\u00eb t\u00eb ditur se Bashkimi Evropian do t\u2019i heq\u00eb t\u00eb gjitha masat nd\u00ebshkuese deri n\u00eb fund t\u00eb janarit.<\/p>\n<p>Pas Samitit BE\u2013Ballkani Per\u00ebndimor t\u00eb mbajtur n\u00eb Bruksel, Osmani ka deklaruar se ka marr\u00eb konfirmim t\u00eb drejtp\u00ebrdrejt\u00eb nga Von der Leyen p\u00ebr heqjen e plot\u00eb t\u00eb masave gjat\u00eb muajit janar.<\/p>\n<p>T\u00eb mart\u00ebn, BE-ja hoqi nj\u00eb pjes\u00eb t\u00eb masave t\u00eb vendosura ndaj Kosov\u00ebs n\u00eb vitin 2023.<\/p>\n<p>Sipas nj\u00eb letre nga Drejtori i P\u00ebrgjithsh\u00ebm p\u00ebr Zgjerim i BE-s\u00eb, Gert Jan Koopman, jan\u00eb liruar mjetet financiare p\u00ebr kat\u00ebr projekte, pas vler\u00ebsimit se ka pasur nj\u00eb \u201ctransferim t\u00eb duhur t\u00eb pushtetit lokal n\u00eb veri\u201d pas zgjedhjeve t\u00eb mbajtura n\u00eb tetor.<\/p>\n<p>Masat nd\u00ebshkuese ishin vendosur n\u00eb vitin 2023 p\u00ebr shkak t\u00eb tensioneve n\u00eb veri t\u00eb Kosov\u00ebs, nd\u00ebrsa vendimi p\u00ebr heqjen graduale t\u00eb tyre shihet si nj\u00eb hap i r\u00ebnd\u00ebsish\u00ebm drejt normalizimit t\u00eb marr\u00ebdh\u00ebnieve mes Kosov\u00ebs dhe Bashkimit Evropian<\/p>\n<p>&nbsp;<\/p>\n","protected":false},"excerpt":{"rendered":"<p>Prishtin\u00eb, 18 dhjetor 2025 07:21 Bashkimi Evropian ka nisur procesin e heqjes s\u00eb masave nd\u00ebshkuese ndaj Kosov\u00ebs, nd\u00ebrsa 205 milion\u00eb euro ndihm\u00eb financiare pritet t\u00eb<\/p>\n","protected":false},"author":7,"featured_media":24473,"comment_status":"open","ping_status":"open","sticky":false,"template":"","format":"standard","meta":{"footnotes":""},"categories":[58],"tags":[],"class_list":["post-24472","post","type-post","status-publish","format-standard","has-post-thumbnail","hentry","category-politike-sq"],"yoast_head":"<!-- This site is optimized with the Yoast SEO plugin v25.3.1 - https:\/\/yoast.com\/wordpress\/plugins\/seo\/ -->\n<title>Von der Leyen: 205 milion\u00eb euro p\u00ebr Kosov\u00ebn pas leht\u00ebsimit t\u00eb masave t\u00eb BE-s\u00eb -<\/title>\n<meta name=\"robots\" content=\"index, follow, max-snippet:-1, max-image-preview:large, max-video-preview:-1\" \/>\n<link rel=\"canonical\" href=\"https:\/\/veritasinfo.org\/?p=24472\" \/>\n<meta property=\"og:locale\" content=\"en_US\" \/>\n<meta property=\"og:type\" content=\"article\" \/>\n<meta property=\"og:title\" content=\"Von der Leyen: 205 milion\u00eb euro p\u00ebr Kosov\u00ebn pas leht\u00ebsimit t\u00eb masave t\u00eb BE-s\u00eb -\" \/>\n<meta property=\"og:description\" content=\"Prishtin\u00eb, 18 dhjetor 2025 07:21 Bashkimi Evropian ka nisur procesin e heqjes s\u00eb masave nd\u00ebshkuese ndaj Kosov\u00ebs, nd\u00ebrsa 205 milion\u00eb euro ndihm\u00eb financiare pritet t\u00eb\" \/>\n<meta property=\"og:url\" content=\"https:\/\/veritasinfo.org\/?p=24472\" \/>\n<meta property=\"article:published_time\" content=\"2025-12-18T06:22:05+00:00\" \/>\n<meta property=\"og:image\" content=\"https:\/\/veritasinfo.org\/wp-content\/uploads\/2025\/12\/1-16.jpg\" \/>\n\t<meta property=\"og:image:width\" content=\"880\" \/>\n\t<meta property=\"og:image:height\" content=\"492\" \/>\n\t<meta property=\"og:image:type\" content=\"image\/jpeg\" \/>\n<meta name=\"author\" content=\"US6\" \/>\n<meta name=\"twitter:card\" content=\"summary_large_image\" \/>\n<meta name=\"twitter:label1\" content=\"Written by\" \/>\n\t<meta name=\"twitter:data1\" content=\"US6\" \/>\n\t<meta name=\"twitter:label2\" content=\"Est. reading time\" \/>\n\t<meta name=\"twitter:data2\" content=\"2 minutes\" \/>\n<script type=\"application\/ld+json\" class=\"yoast-schema-graph\">{\"@context\":\"https:\/\/schema.org\",\"@graph\":[{\"@type\":\"WebPage\",\"@id\":\"https:\/\/veritasinfo.org\/?p=24472\",\"url\":\"https:\/\/veritasinfo.org\/?p=24472\",\"name\":\"Von der Leyen: 205 milion\u00eb euro p\u00ebr Kosov\u00ebn pas leht\u00ebsimit t\u00eb masave t\u00eb BE-s\u00eb -\",\"isPartOf\":{\"@id\":\"https:\/\/veritasinfo.org\/#website\"},\"primaryImageOfPage\":{\"@id\":\"https:\/\/veritasinfo.org\/?p=24472#primaryimage\"},\"image\":{\"@id\":\"https:\/\/veritasinfo.org\/?p=24472#primaryimage\"},\"thumbnailUrl\":\"https:\/\/veritasinfo.org\/wp-content\/uploads\/2025\/12\/1-16.jpg\",\"datePublished\":\"2025-12-18T06:22:05+00:00\",\"author\":{\"@id\":\"https:\/\/veritasinfo.org\/#\/schema\/person\/fe199eede04c3937362892b7444747cc\"},\"breadcrumb\":{\"@id\":\"https:\/\/veritasinfo.org\/?p=24472#breadcrumb\"},\"inLanguage\":\"en-US\",\"potentialAction\":[{\"@type\":\"ReadAction\",\"target\":[\"https:\/\/veritasinfo.org\/?p=24472\"]}]},{\"@type\":\"ImageObject\",\"inLanguage\":\"en-US\",\"@id\":\"https:\/\/veritasinfo.org\/?p=24472#primaryimage\",\"url\":\"https:\/\/veritasinfo.org\/wp-content\/uploads\/2025\/12\/1-16.jpg\",\"contentUrl\":\"https:\/\/veritasinfo.org\/wp-content\/uploads\/2025\/12\/1-16.jpg\",\"width\":880,\"height\":492},{\"@type\":\"BreadcrumbList\",\"@id\":\"https:\/\/veritasinfo.org\/?p=24472#breadcrumb\",\"itemListElement\":[{\"@type\":\"ListItem\",\"position\":1,\"name\":\"Home\",\"item\":\"https:\/\/veritasinfo.org\/\"},{\"@type\":\"ListItem\",\"position\":2,\"name\":\"Von der Leyen: 205 milion\u00eb euro p\u00ebr Kosov\u00ebn pas leht\u00ebsimit t\u00eb masave t\u00eb BE-s\u00eb\"}]},{\"@type\":\"WebSite\",\"@id\":\"https:\/\/veritasinfo.org\/#website\",\"url\":\"https:\/\/veritasinfo.org\/\",\"name\":\"\",\"description\":\"\",\"potentialAction\":[{\"@type\":\"SearchAction\",\"target\":{\"@type\":\"EntryPoint\",\"urlTemplate\":\"https:\/\/veritasinfo.org\/?s={search_term_string}\"},\"query-input\":{\"@type\":\"PropertyValueSpecification\",\"valueRequired\":true,\"valueName\":\"search_term_string\"}}],\"inLanguage\":\"en-US\"},{\"@type\":\"Person\",\"@id\":\"https:\/\/veritasinfo.org\/#\/schema\/person\/fe199eede04c3937362892b7444747cc\",\"name\":\"US6\",\"image\":{\"@type\":\"ImageObject\",\"inLanguage\":\"en-US\",\"@id\":\"https:\/\/veritasinfo.org\/#\/schema\/person\/image\/\",\"url\":\"https:\/\/secure.gravatar.com\/avatar\/cb16c3c31c9d23b9b8c705964598220b3014e42ff51eb540ff23cefa3ae8c15f?s=96&d=mm&r=g\",\"contentUrl\":\"https:\/\/secure.gravatar.com\/avatar\/cb16c3c31c9d23b9b8c705964598220b3014e42ff51eb540ff23cefa3ae8c15f?s=96&d=mm&r=g\",\"caption\":\"US6\"},\"url\":\"https:\/\/veritasinfo.org\/?author=7\"}]}<\/script>\n<!-- \/ Yoast SEO plugin. -->","yoast_head_json":{"title":"Von der Leyen: 205 milion\u00eb euro p\u00ebr Kosov\u00ebn pas leht\u00ebsimit t\u00eb masave t\u00eb BE-s\u00eb -","robots":{"index":"index","follow":"follow","max-snippet":"max-snippet:-1","max-image-preview":"max-image-preview:large","max-video-preview":"max-video-preview:-1"},"canonical":"https:\/\/veritasinfo.org\/?p=24472","og_locale":"en_US","og_type":"article","og_title":"Von der Leyen: 205 milion\u00eb euro p\u00ebr Kosov\u00ebn pas leht\u00ebsimit t\u00eb masave t\u00eb BE-s\u00eb -","og_description":"Prishtin\u00eb, 18 dhjetor 2025 07:21 Bashkimi Evropian ka nisur procesin e heqjes s\u00eb masave nd\u00ebshkuese ndaj Kosov\u00ebs, nd\u00ebrsa 205 milion\u00eb euro ndihm\u00eb financiare pritet t\u00eb","og_url":"https:\/\/veritasinfo.org\/?p=24472","article_published_time":"2025-12-18T06:22:05+00:00","og_image":[{"width":880,"height":492,"url":"https:\/\/veritasinfo.org\/wp-content\/uploads\/2025\/12\/1-16.jpg","type":"image\/jpeg"}],"author":"US6","twitter_card":"summary_large_image","twitter_misc":{"Written by":"US6","Est. reading time":"2 minutes"},"schema":{"@context":"https:\/\/schema.org","@graph":[{"@type":"WebPage","@id":"https:\/\/veritasinfo.org\/?p=24472","url":"https:\/\/veritasinfo.org\/?p=24472","name":"Von der Leyen: 205 milion\u00eb euro p\u00ebr Kosov\u00ebn pas leht\u00ebsimit t\u00eb masave t\u00eb BE-s\u00eb -","isPartOf":{"@id":"https:\/\/veritasinfo.org\/#website"},"primaryImageOfPage":{"@id":"https:\/\/veritasinfo.org\/?p=24472#primaryimage"},"image":{"@id":"https:\/\/veritasinfo.org\/?p=24472#primaryimage"},"thumbnailUrl":"https:\/\/veritasinfo.org\/wp-content\/uploads\/2025\/12\/1-16.jpg","datePublished":"2025-12-18T06:22:05+00:00","author":{"@id":"https:\/\/veritasinfo.org\/#\/schema\/person\/fe199eede04c3937362892b7444747cc"},"breadcrumb":{"@id":"https:\/\/veritasinfo.org\/?p=24472#breadcrumb"},"inLanguage":"en-US","potentialAction":[{"@type":"ReadAction","target":["https:\/\/veritasinfo.org\/?p=24472"]}]},{"@type":"ImageObject","inLanguage":"en-US","@id":"https:\/\/veritasinfo.org\/?p=24472#primaryimage","url":"https:\/\/veritasinfo.org\/wp-content\/uploads\/2025\/12\/1-16.jpg","contentUrl":"https:\/\/veritasinfo.org\/wp-content\/uploads\/2025\/12\/1-16.jpg","width":880,"height":492},{"@type":"BreadcrumbList","@id":"https:\/\/veritasinfo.org\/?p=24472#breadcrumb","itemListElement":[{"@type":"ListItem","position":1,"name":"Home","item":"https:\/\/veritasinfo.org\/"},{"@type":"ListItem","position":2,"name":"Von der Leyen: 205 milion\u00eb euro p\u00ebr Kosov\u00ebn pas leht\u00ebsimit t\u00eb masave t\u00eb BE-s\u00eb"}]},{"@type":"WebSite","@id":"https:\/\/veritasinfo.org\/#website","url":"https:\/\/veritasinfo.org\/","name":"","description":"","potentialAction":[{"@type":"SearchAction","target":{"@type":"EntryPoint","urlTemplate":"https:\/\/veritasinfo.org\/?s={search_term_string}"},"query-input":{"@type":"PropertyValueSpecification","valueRequired":true,"valueName":"search_term_string"}}],"inLanguage":"en-US"},{"@type":"Person","@id":"https:\/\/veritasinfo.org\/#\/schema\/person\/fe199eede04c3937362892b7444747cc","name":"US6","image":{"@type":"ImageObject","inLanguage":"en-US","@id":"https:\/\/veritasinfo.org\/#\/schema\/person\/image\/","url":"https:\/\/secure.gravatar.com\/avatar\/cb16c3c31c9d23b9b8c705964598220b3014e42ff51eb540ff23cefa3ae8c15f?s=96&d=mm&r=g","contentUrl":"https:\/\/secure.gravatar.com\/avatar\/cb16c3c31c9d23b9b8c705964598220b3014e42ff51eb540ff23cefa3ae8c15f?s=96&d=mm&r=g","caption":"US6"},"url":"https:\/\/veritasinfo.org\/?author=7"}]}},"featured_image_urls":{"full":["https:\/\/veritasinfo.org\/wp-content\/uploads\/2025\/12\/1-16.jpg",880,492,false],"thumbnail":["https:\/\/veritasinfo.org\/wp-content\/uploads\/2025\/12\/1-16-150x150.jpg",150,150,true],"medium":["https:\/\/veritasinfo.org\/wp-content\/uploads\/2025\/12\/1-16-300x168.jpg",300,168,true],"medium_large":["https:\/\/veritasinfo.org\/wp-content\/uploads\/2025\/12\/1-16-768x429.jpg",640,358,true],"large":["https:\/\/veritasinfo.org\/wp-content\/uploads\/2025\/12\/1-16.jpg",640,358,false],"1536x1536":["https:\/\/veritasinfo.org\/wp-content\/uploads\/2025\/12\/1-16.jpg",880,492,false],"2048x2048":["https:\/\/veritasinfo.org\/wp-content\/uploads\/2025\/12\/1-16.jpg",880,492,false],"kreeti-slider-full":["https:\/\/veritasinfo.org\/wp-content\/uploads\/2025\/12\/1-16.jpg",880,492,false],"kreeti-featured":["https:\/\/veritasinfo.org\/wp-content\/uploads\/2025\/12\/1-16.jpg",880,492,false],"kreeti-medium":["https:\/\/veritasinfo.org\/wp-content\/uploads\/2025\/12\/1-16.jpg",720,403,false],"kreeti-medium-square":["https:\/\/veritasinfo.org\/wp-content\/uploads\/2025\/12\/1-16.jpg",350,196,false]},"author_info":{"info":["US6"]},"category_info":"<a href=\"https:\/\/veritasinfo.org\/?cat=58\" rel=\"category\">Politik\u00eb<\/a>","tag_info":"Politik\u00eb","comment_count":"0","_links":{"self":[{"href":"https:\/\/veritasinfo.org\/index.php?rest_route=\/wp\/v2\/posts\/24472","targetHints":{"allow":["GET"]}}],"collection":[{"href":"https:\/\/veritasinfo.org\/index.php?rest_route=\/wp\/v2\/posts"}],"about":[{"href":"https:\/\/veritasinfo.org\/index.php?rest_route=\/wp\/v2\/types\/post"}],"author":[{"embeddable":true,"href":"https:\/\/veritasinfo.org\/index.php?rest_route=\/wp\/v2\/users\/7"}],"replies":[{"embeddable":true,"href":"https:\/\/veritasinfo.org\/index.php?rest_route=%2Fwp%2Fv2%2Fcomments&post=24472"}],"version-history":[{"count":1,"href":"https:\/\/veritasinfo.org\/index.php?rest_route=\/wp\/v2\/posts\/24472\/revisions"}],"predecessor-version":[{"id":24474,"href":"https:\/\/veritasinfo.org\/index.php?rest_route=\/wp\/v2\/posts\/24472\/revisions\/24474"}],"wp:featuredmedia":[{"embeddable":true,"href":"https:\/\/veritasinfo.org\/index.php?rest_route=\/wp\/v2\/media\/24473"}],"wp:attachment":[{"href":"https:\/\/veritasinfo.org\/index.php?rest_route=%2Fwp%2Fv2%2Fmedia&parent=24472"}],"wp:term":[{"taxonomy":"category","embeddable":true,"href":"https:\/\/veritasinfo.org\/index.php?rest_route=%2Fwp%2Fv2%2Fcategories&post=24472"},{"taxonomy":"post_tag","embeddable":true,"href":"https:\/\/veritasinfo.org\/index.php?rest_route=%2Fwp%2Fv2%2Ftags&post=24472"}],"curies":[{"name":"wp","href":"https:\/\/api.w.org\/{rel}","templated":true}]}}