{"id":24464,"date":"2025-12-17T18:45:48","date_gmt":"2025-12-17T17:45:48","guid":{"rendered":"https:\/\/veritasinfo.org\/?p=24464"},"modified":"2025-12-17T18:45:48","modified_gmt":"2025-12-17T17:45:48","slug":"preko-2-miliona-evra-za-izgradnju-glavnog-centra-porodicne-medicine-u-kosovu-polju","status":"publish","type":"post","link":"https:\/\/veritasinfo.org\/?p=24464&lang=sr","title":{"rendered":"Preko 2 miliona evra za izgradnju Glavnog centra porodi\u010dne medicine u Kosovu Polju"},"content":{"rendered":"<p data-start=\"68\" data-end=\"101\"><strong>Kosovo Polje, 17. decembar 2025. 18:45<\/strong><\/p>\n<p data-start=\"103\" data-end=\"498\">Premijera Republike Kosovo, u tehni\u010dkom mandatu Aljbin Kurti, zajedno sa vr\u0161iocem du\u017enosti ministra zdravstva, Arbenom Vitijom, i novim gradona\u010delnik Op\u0161tine Kosova Polje, Valjonom Prebrezom, prisustvovao je ceremoniji potpisivanja Sporazuma o saradnji izme\u0111u Ministarstva zdravstva i Op\u0161tine Kosova Polje za izgradnju Centralne ku\u0107e porodi\u010dne medicine. Nova Centralne ku\u0107e porodi\u010dne medicine \u0107e ko\u0161tati 2,5 miliona evra.<\/p>\n<p data-start=\"500\" data-end=\"742\">Tom prilikom, premijer Kurti je izjavio da je ovo dobra vest ne samo za gra\u0111ane op\u0161tine, ve\u0107 i za specijaliste, medicinske sestre i administrativno osoblje, koje \u0107e imati dostojne radne uslove prilikom pru\u017eanja primarne zdravstvene za\u0161tite.<\/p>\n<p data-start=\"744\" data-end=\"1213\">\u201eTokom na\u0161eg mandata, opremili smo primarnu zdravstvenu za\u0161titu sa 40 sanitetskih vozila i 30 vozila \u0161irom Kosova za ku\u0107ne posete, ali smo u isto vreme pove\u0107ali i bud\u017eet za lekove za primarnu za\u0161titu, sa 11 miliona evra koliko smo zatekli, na 24,5 miliona evra\u201c, rekao je on, dodaju\u0107i da je ovo \u0161esta Centralne ku\u0107e porodi\u010dne medicine koja se gradi tokom mandata vlade, nakon onih u Drenasu, \u0160time, Istoku i Uro\u0161evac, koje su u procesu izgradnje, i Centralne ku\u0107e porodi\u010dne medicineu Mamushi koja je otvorena pro\u0161le godine.<\/p>\n<p data-start=\"1215\" data-end=\"1670\">Premijer je dodao da je Ministarstvo zdravstva bilo spremno jo\u0161 od januara ove godine da zaklju\u010di ovaj sporazum, ali da je nai\u0161lo na razumevanje lokalne vlasti. \u201eSada imamo garantovanu saradnju i, naravno, nastavi\u0107emo da je konkretno i prakti\u010dno realizujemo, onako kako su gradona\u010delnik Op\u0161tine, Valjon Prebreza, i ministar zdravstva, Arben Vitija, upravo potpisali kao zajedni\u010dku obavezu izme\u0111u Vlade Republike i Op\u0161tine Kosova Polje\u201c, istakao je premijer.<\/p>\n<p data-start=\"1672\" data-end=\"1818\" data-is-last-node=\"\" data-is-only-node=\"\">Premijer Kurti je zahvalio Ministarstvu zdravstva na bliskoj saradnji sa novim predsednikom op\u0161tine do finalizacije i potpisivanja ovog sporazuma.<\/p>\n","protected":false},"excerpt":{"rendered":"<p>Kosovo Polje, 17. decembar 2025. 18:45 Premijera Republike Kosovo, u tehni\u010dkom mandatu Aljbin Kurti, zajedno sa vr\u0161iocem du\u017enosti ministra zdravstva, Arbenom Vitijom, i novim gradona\u010delnik<\/p>\n","protected":false},"author":7,"featured_media":24461,"comment_status":"open","ping_status":"open","sticky":false,"template":"","format":"standard","meta":{"footnotes":""},"categories":[32],"tags":[],"class_list":["post-24464","post","type-post","status-publish","format-standard","has-post-thumbnail","hentry","category-opstine"],"yoast_head":"<!-- This site is optimized with the Yoast SEO plugin v25.3.1 - https:\/\/yoast.com\/wordpress\/plugins\/seo\/ -->\n<title>Preko 2 miliona evra za izgradnju Glavnog centra porodi\u010dne medicine u Kosovu Polju -<\/title>\n<meta name=\"robots\" content=\"index, follow, max-snippet:-1, max-image-preview:large, max-video-preview:-1\" \/>\n<link rel=\"canonical\" href=\"https:\/\/veritasinfo.org\/?p=24464&lang=sr\" \/>\n<meta property=\"og:locale\" content=\"en_US\" \/>\n<meta property=\"og:type\" content=\"article\" \/>\n<meta property=\"og:title\" content=\"Preko 2 miliona evra za izgradnju Glavnog centra porodi\u010dne medicine u Kosovu Polju -\" \/>\n<meta property=\"og:description\" content=\"Kosovo Polje, 17. decembar 2025. 18:45 Premijera Republike Kosovo, u tehni\u010dkom mandatu Aljbin Kurti, zajedno sa vr\u0161iocem du\u017enosti ministra zdravstva, Arbenom Vitijom, i novim gradona\u010delnik\" \/>\n<meta property=\"og:url\" content=\"https:\/\/veritasinfo.org\/?p=24464&amp;lang=sr\" \/>\n<meta property=\"article:published_time\" content=\"2025-12-17T17:45:48+00:00\" \/>\n<meta property=\"og:image\" content=\"https:\/\/veritasinfo.org\/wp-content\/uploads\/2025\/12\/Ejup-Maqedoni-11.jpg\" \/>\n\t<meta property=\"og:image:width\" content=\"720\" \/>\n\t<meta property=\"og:image:height\" content=\"480\" \/>\n\t<meta property=\"og:image:type\" content=\"image\/jpeg\" \/>\n<meta name=\"author\" content=\"US6\" \/>\n<meta name=\"twitter:card\" content=\"summary_large_image\" \/>\n<meta name=\"twitter:label1\" content=\"Written by\" \/>\n\t<meta name=\"twitter:data1\" content=\"US6\" \/>\n\t<meta name=\"twitter:label2\" content=\"Est. reading time\" \/>\n\t<meta name=\"twitter:data2\" content=\"2 minutes\" \/>\n<script type=\"application\/ld+json\" class=\"yoast-schema-graph\">{\"@context\":\"https:\/\/schema.org\",\"@graph\":[{\"@type\":\"WebPage\",\"@id\":\"https:\/\/veritasinfo.org\/?p=24464&lang=sr\",\"url\":\"https:\/\/veritasinfo.org\/?p=24464&lang=sr\",\"name\":\"Preko 2 miliona evra za izgradnju Glavnog centra porodi\u010dne medicine u Kosovu Polju -\",\"isPartOf\":{\"@id\":\"https:\/\/veritasinfo.org\/#website\"},\"primaryImageOfPage\":{\"@id\":\"https:\/\/veritasinfo.org\/?p=24464&lang=sr#primaryimage\"},\"image\":{\"@id\":\"https:\/\/veritasinfo.org\/?p=24464&lang=sr#primaryimage\"},\"thumbnailUrl\":\"https:\/\/veritasinfo.org\/wp-content\/uploads\/2025\/12\/Ejup-Maqedoni-11.jpg\",\"datePublished\":\"2025-12-17T17:45:48+00:00\",\"author\":{\"@id\":\"https:\/\/veritasinfo.org\/#\/schema\/person\/fe199eede04c3937362892b7444747cc\"},\"breadcrumb\":{\"@id\":\"https:\/\/veritasinfo.org\/?p=24464&lang=sr#breadcrumb\"},\"inLanguage\":\"en-US\",\"potentialAction\":[{\"@type\":\"ReadAction\",\"target\":[\"https:\/\/veritasinfo.org\/?p=24464&lang=sr\"]}]},{\"@type\":\"ImageObject\",\"inLanguage\":\"en-US\",\"@id\":\"https:\/\/veritasinfo.org\/?p=24464&lang=sr#primaryimage\",\"url\":\"https:\/\/veritasinfo.org\/wp-content\/uploads\/2025\/12\/Ejup-Maqedoni-11.jpg\",\"contentUrl\":\"https:\/\/veritasinfo.org\/wp-content\/uploads\/2025\/12\/Ejup-Maqedoni-11.jpg\",\"width\":720,\"height\":480},{\"@type\":\"BreadcrumbList\",\"@id\":\"https:\/\/veritasinfo.org\/?p=24464&lang=sr#breadcrumb\",\"itemListElement\":[{\"@type\":\"ListItem\",\"position\":1,\"name\":\"Home\",\"item\":\"https:\/\/veritasinfo.org\/\"},{\"@type\":\"ListItem\",\"position\":2,\"name\":\"Preko 2 miliona evra za izgradnju Glavnog centra porodi\u010dne medicine u Kosovu Polju\"}]},{\"@type\":\"WebSite\",\"@id\":\"https:\/\/veritasinfo.org\/#website\",\"url\":\"https:\/\/veritasinfo.org\/\",\"name\":\"\",\"description\":\"\",\"potentialAction\":[{\"@type\":\"SearchAction\",\"target\":{\"@type\":\"EntryPoint\",\"urlTemplate\":\"https:\/\/veritasinfo.org\/?s={search_term_string}\"},\"query-input\":{\"@type\":\"PropertyValueSpecification\",\"valueRequired\":true,\"valueName\":\"search_term_string\"}}],\"inLanguage\":\"en-US\"},{\"@type\":\"Person\",\"@id\":\"https:\/\/veritasinfo.org\/#\/schema\/person\/fe199eede04c3937362892b7444747cc\",\"name\":\"US6\",\"image\":{\"@type\":\"ImageObject\",\"inLanguage\":\"en-US\",\"@id\":\"https:\/\/veritasinfo.org\/#\/schema\/person\/image\/\",\"url\":\"https:\/\/secure.gravatar.com\/avatar\/cb16c3c31c9d23b9b8c705964598220b3014e42ff51eb540ff23cefa3ae8c15f?s=96&d=mm&r=g\",\"contentUrl\":\"https:\/\/secure.gravatar.com\/avatar\/cb16c3c31c9d23b9b8c705964598220b3014e42ff51eb540ff23cefa3ae8c15f?s=96&d=mm&r=g\",\"caption\":\"US6\"},\"url\":\"https:\/\/veritasinfo.org\/?author=7\"}]}<\/script>\n<!-- \/ Yoast SEO plugin. -->","yoast_head_json":{"title":"Preko 2 miliona evra za izgradnju Glavnog centra porodi\u010dne medicine u Kosovu Polju -","robots":{"index":"index","follow":"follow","max-snippet":"max-snippet:-1","max-image-preview":"max-image-preview:large","max-video-preview":"max-video-preview:-1"},"canonical":"https:\/\/veritasinfo.org\/?p=24464&lang=sr","og_locale":"en_US","og_type":"article","og_title":"Preko 2 miliona evra za izgradnju Glavnog centra porodi\u010dne medicine u Kosovu Polju -","og_description":"Kosovo Polje, 17. decembar 2025. 18:45 Premijera Republike Kosovo, u tehni\u010dkom mandatu Aljbin Kurti, zajedno sa vr\u0161iocem du\u017enosti ministra zdravstva, Arbenom Vitijom, i novim gradona\u010delnik","og_url":"https:\/\/veritasinfo.org\/?p=24464&lang=sr","article_published_time":"2025-12-17T17:45:48+00:00","og_image":[{"width":720,"height":480,"url":"https:\/\/veritasinfo.org\/wp-content\/uploads\/2025\/12\/Ejup-Maqedoni-11.jpg","type":"image\/jpeg"}],"author":"US6","twitter_card":"summary_large_image","twitter_misc":{"Written by":"US6","Est. reading time":"2 minutes"},"schema":{"@context":"https:\/\/schema.org","@graph":[{"@type":"WebPage","@id":"https:\/\/veritasinfo.org\/?p=24464&lang=sr","url":"https:\/\/veritasinfo.org\/?p=24464&lang=sr","name":"Preko 2 miliona evra za izgradnju Glavnog centra porodi\u010dne medicine u Kosovu Polju -","isPartOf":{"@id":"https:\/\/veritasinfo.org\/#website"},"primaryImageOfPage":{"@id":"https:\/\/veritasinfo.org\/?p=24464&lang=sr#primaryimage"},"image":{"@id":"https:\/\/veritasinfo.org\/?p=24464&lang=sr#primaryimage"},"thumbnailUrl":"https:\/\/veritasinfo.org\/wp-content\/uploads\/2025\/12\/Ejup-Maqedoni-11.jpg","datePublished":"2025-12-17T17:45:48+00:00","author":{"@id":"https:\/\/veritasinfo.org\/#\/schema\/person\/fe199eede04c3937362892b7444747cc"},"breadcrumb":{"@id":"https:\/\/veritasinfo.org\/?p=24464&lang=sr#breadcrumb"},"inLanguage":"en-US","potentialAction":[{"@type":"ReadAction","target":["https:\/\/veritasinfo.org\/?p=24464&lang=sr"]}]},{"@type":"ImageObject","inLanguage":"en-US","@id":"https:\/\/veritasinfo.org\/?p=24464&lang=sr#primaryimage","url":"https:\/\/veritasinfo.org\/wp-content\/uploads\/2025\/12\/Ejup-Maqedoni-11.jpg","contentUrl":"https:\/\/veritasinfo.org\/wp-content\/uploads\/2025\/12\/Ejup-Maqedoni-11.jpg","width":720,"height":480},{"@type":"BreadcrumbList","@id":"https:\/\/veritasinfo.org\/?p=24464&lang=sr#breadcrumb","itemListElement":[{"@type":"ListItem","position":1,"name":"Home","item":"https:\/\/veritasinfo.org\/"},{"@type":"ListItem","position":2,"name":"Preko 2 miliona evra za izgradnju Glavnog centra porodi\u010dne medicine u Kosovu Polju"}]},{"@type":"WebSite","@id":"https:\/\/veritasinfo.org\/#website","url":"https:\/\/veritasinfo.org\/","name":"","description":"","potentialAction":[{"@type":"SearchAction","target":{"@type":"EntryPoint","urlTemplate":"https:\/\/veritasinfo.org\/?s={search_term_string}"},"query-input":{"@type":"PropertyValueSpecification","valueRequired":true,"valueName":"search_term_string"}}],"inLanguage":"en-US"},{"@type":"Person","@id":"https:\/\/veritasinfo.org\/#\/schema\/person\/fe199eede04c3937362892b7444747cc","name":"US6","image":{"@type":"ImageObject","inLanguage":"en-US","@id":"https:\/\/veritasinfo.org\/#\/schema\/person\/image\/","url":"https:\/\/secure.gravatar.com\/avatar\/cb16c3c31c9d23b9b8c705964598220b3014e42ff51eb540ff23cefa3ae8c15f?s=96&d=mm&r=g","contentUrl":"https:\/\/secure.gravatar.com\/avatar\/cb16c3c31c9d23b9b8c705964598220b3014e42ff51eb540ff23cefa3ae8c15f?s=96&d=mm&r=g","caption":"US6"},"url":"https:\/\/veritasinfo.org\/?author=7"}]}},"featured_image_urls":{"full":["https:\/\/veritasinfo.org\/wp-content\/uploads\/2025\/12\/Ejup-Maqedoni-11.jpg",720,480,false],"thumbnail":["https:\/\/veritasinfo.org\/wp-content\/uploads\/2025\/12\/Ejup-Maqedoni-11-150x150.jpg",150,150,true],"medium":["https:\/\/veritasinfo.org\/wp-content\/uploads\/2025\/12\/Ejup-Maqedoni-11-300x200.jpg",300,200,true],"medium_large":["https:\/\/veritasinfo.org\/wp-content\/uploads\/2025\/12\/Ejup-Maqedoni-11.jpg",640,427,false],"large":["https:\/\/veritasinfo.org\/wp-content\/uploads\/2025\/12\/Ejup-Maqedoni-11.jpg",640,427,false],"1536x1536":["https:\/\/veritasinfo.org\/wp-content\/uploads\/2025\/12\/Ejup-Maqedoni-11.jpg",720,480,false],"2048x2048":["https:\/\/veritasinfo.org\/wp-content\/uploads\/2025\/12\/Ejup-Maqedoni-11.jpg",720,480,false],"kreeti-slider-full":["https:\/\/veritasinfo.org\/wp-content\/uploads\/2025\/12\/Ejup-Maqedoni-11.jpg",720,480,false],"kreeti-featured":["https:\/\/veritasinfo.org\/wp-content\/uploads\/2025\/12\/Ejup-Maqedoni-11.jpg",720,480,false],"kreeti-medium":["https:\/\/veritasinfo.org\/wp-content\/uploads\/2025\/12\/Ejup-Maqedoni-11.jpg",720,480,false],"kreeti-medium-square":["https:\/\/veritasinfo.org\/wp-content\/uploads\/2025\/12\/Ejup-Maqedoni-11.jpg",350,233,false]},"author_info":{"info":["US6"]},"category_info":"<a href=\"https:\/\/veritasinfo.org\/?cat=32&#038;lang=sr\" rel=\"category\">Op\u0161tine<\/a>","tag_info":"Op\u0161tine","comment_count":"0","_links":{"self":[{"href":"https:\/\/veritasinfo.org\/index.php?rest_route=\/wp\/v2\/posts\/24464","targetHints":{"allow":["GET"]}}],"collection":[{"href":"https:\/\/veritasinfo.org\/index.php?rest_route=\/wp\/v2\/posts"}],"about":[{"href":"https:\/\/veritasinfo.org\/index.php?rest_route=\/wp\/v2\/types\/post"}],"author":[{"embeddable":true,"href":"https:\/\/veritasinfo.org\/index.php?rest_route=\/wp\/v2\/users\/7"}],"replies":[{"embeddable":true,"href":"https:\/\/veritasinfo.org\/index.php?rest_route=%2Fwp%2Fv2%2Fcomments&post=24464"}],"version-history":[{"count":1,"href":"https:\/\/veritasinfo.org\/index.php?rest_route=\/wp\/v2\/posts\/24464\/revisions"}],"predecessor-version":[{"id":24465,"href":"https:\/\/veritasinfo.org\/index.php?rest_route=\/wp\/v2\/posts\/24464\/revisions\/24465"}],"wp:featuredmedia":[{"embeddable":true,"href":"https:\/\/veritasinfo.org\/index.php?rest_route=\/wp\/v2\/media\/24461"}],"wp:attachment":[{"href":"https:\/\/veritasinfo.org\/index.php?rest_route=%2Fwp%2Fv2%2Fmedia&parent=24464"}],"wp:term":[{"taxonomy":"category","embeddable":true,"href":"https:\/\/veritasinfo.org\/index.php?rest_route=%2Fwp%2Fv2%2Fcategories&post=24464"},{"taxonomy":"post_tag","embeddable":true,"href":"https:\/\/veritasinfo.org\/index.php?rest_route=%2Fwp%2Fv2%2Ftags&post=24464"}],"curies":[{"name":"wp","href":"https:\/\/api.w.org\/{rel}","templated":true}]}}