{"id":24460,"date":"2025-12-17T18:38:19","date_gmt":"2025-12-17T17:38:19","guid":{"rendered":"https:\/\/veritasinfo.org\/?p=24460"},"modified":"2025-12-17T18:38:28","modified_gmt":"2025-12-17T17:38:28","slug":"mbi-2-milione-euro-per-ndertimin-e-qkmf-se-se-re-ne-fushe-kosoves","status":"publish","type":"post","link":"https:\/\/veritasinfo.org\/?p=24460","title":{"rendered":"Mbi 2 milion\u00eb euro p\u00ebr nd\u00ebrtimin e QKMF-s\u00eb s\u00eb re n\u00eb Fush\u00eb Kosov\u00eb"},"content":{"rendered":"<p>Fush\u00eb Kosov\u00eb, 17 dhjetor 2025<\/p>\n<p>Kryeministri n\u00eb detyr\u00eb i Republik\u00ebs s\u00eb Kosov\u00ebs, Albin\u00a0Kurti, s\u00eb bashku me ministrin n\u00eb detyr\u00eb t\u00eb Sh\u00ebndet\u00ebsis\u00eb, Arben Vitia dhe kryetarin e ri t\u00eb Komun\u00ebs s\u00eb Fush\u00eb Kosov\u00ebs, Valon\u00a0Prebreza, mori pjes\u00eb n\u00eb ceremonin\u00eb e n\u00ebnshkrimit t\u00eb Marr\u00ebveshjes s\u00eb Bashk\u00ebpunimit nd\u00ebrmjet Ministris\u00eb s\u00eb Sh\u00ebndet\u00ebsis\u00eb dhe Komun\u00ebs s\u00eb Fush\u00eb Kosov\u00ebs, p\u00ebr nd\u00ebrtimin e Qendr\u00ebs Kryesore t\u00eb Mjek\u00ebsis\u00eb Familjare (QKFM). QKMF e re do t\u00eb kushtoj\u00eb 2.5 milion\u00eb euro.<\/p>\n<p>Me k\u00ebt\u00eb rast, Kryeministri\u00a0Kurti\u00a0tha se ky \u00ebsht\u00eb lajm i mir\u00eb jo vet\u00ebm\u00a0p\u00ebr banor\u00ebt e komun\u00ebs, por gjithashtu edhe p\u00ebr mjek\u00ebt specialist\u00eb, infermier\u00ebt dhe stafin administrativ, q\u00eb do t\u00eb ken\u00eb kushtet e\u00a0dinjitetshme\u00a0t\u00eb pun\u00ebs me rastin e ofrimit t\u00eb sh\u00ebrbimeve sh\u00ebndet\u00ebsore t\u00eb kujdesit par\u00ebsor.<\/p>\n<p>\u201cGjat\u00eb mandatit ton\u00eb, ne e kemi pajisur kujdesin par\u00ebsor me 40 autoambulanca dhe me 30 automjete gjithandej Kosov\u00ebs p\u00ebr vizita sht\u00ebpiake, por n\u00eb t\u00eb nj\u00ebjt\u00ebn koh\u00eb edhe e kemi rritur buxhetin e bar\u00ebrave p\u00ebr kujdesin par\u00ebsor, nga 11 milion\u00eb euro sa e kemi gjetur, n\u00eb 24.5 milion\u00eb euro\u201d, tha ai, duke shtuar se kjo \u00ebsht\u00eb QKMF e gjasht\u00eb q\u00eb po nd\u00ebrtohet gjat\u00eb mandatit qeveris\u00ebs, pas atyre n\u00eb Drenas, Shtime, Istog dhe Ferizaj, q\u00eb jan\u00eb n\u00eb proces t\u00eb nd\u00ebrtimit, dhe QKFM-s\u00eb n\u00eb\u00a0Mamush\u00eb\u00a0q\u00eb \u00ebsht\u00eb p\u00ebruruar vitin e kaluar.<\/p>\n<p>Ai shtoi se si Ministria e Sh\u00ebndet\u00ebsis\u00eb, kan\u00eb qen\u00eb t\u00eb gatsh\u00ebm q\u00eb nga janari i k\u00ebtij viti q\u00eb ta b\u00ebjn\u00eb k\u00ebt\u00eb marr\u00ebveshje, por ka hasur n\u00eb mir\u00ebkuptim nga qeverisjes lokale. \u201cTash e kemi bashk\u00ebpunimin e garantuar dhe, natyrisht q\u00eb do t\u00eb vazhdojm\u00eb ta realizojm\u00eb konkretisht e praktikisht at\u00eb q\u00eb Kryetari i Komun\u00ebs, Valon\u00a0Prebreza\u00a0dhe Ministri i Sh\u00ebndet\u00ebsis\u00eb, Arben Vitia porsa e n\u00ebnshkruan si zotim t\u00eb p\u00ebrbashk\u00ebt nd\u00ebrmjet Qeveris\u00eb s\u00eb Republik\u00ebs dhe Komun\u00ebs s\u00eb Fush\u00eb Kosov\u00ebs\u201d, vijoi kryeministri.<\/p>\n<p>Kryeministri\u00a0Kurti\u00a0fal\u00ebnderoi Ministrin\u00eb e Sh\u00ebndet\u00ebsis\u00eb p\u00ebr bashk\u00ebpunimin e ngusht\u00eb me kryetarin e ri t\u00eb komun\u00ebs deri te finalizimi dhe n\u00ebnshkrimi i k\u00ebsaj marr\u00ebveshjeje.\/Indeksonline\/<\/p>\n<p>&nbsp;<\/p>\n<p>&nbsp;<\/p>\n","protected":false},"excerpt":{"rendered":"<p>Fush\u00eb Kosov\u00eb, 17 dhjetor 2025 Kryeministri n\u00eb detyr\u00eb i Republik\u00ebs s\u00eb Kosov\u00ebs, Albin\u00a0Kurti, s\u00eb bashku me ministrin n\u00eb detyr\u00eb t\u00eb Sh\u00ebndet\u00ebsis\u00eb, Arben Vitia dhe kryetarin<\/p>\n","protected":false},"author":7,"featured_media":24461,"comment_status":"open","ping_status":"open","sticky":false,"template":"","format":"standard","meta":{"footnotes":""},"categories":[52],"tags":[],"class_list":["post-24460","post","type-post","status-publish","format-standard","has-post-thumbnail","hentry","category-komunat-sq"],"yoast_head":"<!-- This site is optimized with the Yoast SEO plugin v25.3.1 - https:\/\/yoast.com\/wordpress\/plugins\/seo\/ -->\n<title>Mbi 2 milion\u00eb euro p\u00ebr nd\u00ebrtimin e QKMF-s\u00eb s\u00eb re n\u00eb Fush\u00eb Kosov\u00eb -<\/title>\n<meta name=\"robots\" content=\"index, follow, max-snippet:-1, max-image-preview:large, max-video-preview:-1\" \/>\n<link rel=\"canonical\" href=\"https:\/\/veritasinfo.org\/?p=24460\" \/>\n<meta property=\"og:locale\" content=\"en_US\" \/>\n<meta property=\"og:type\" content=\"article\" \/>\n<meta property=\"og:title\" content=\"Mbi 2 milion\u00eb euro p\u00ebr nd\u00ebrtimin e QKMF-s\u00eb s\u00eb re n\u00eb Fush\u00eb Kosov\u00eb -\" \/>\n<meta property=\"og:description\" content=\"Fush\u00eb Kosov\u00eb, 17 dhjetor 2025 Kryeministri n\u00eb detyr\u00eb i Republik\u00ebs s\u00eb Kosov\u00ebs, Albin\u00a0Kurti, s\u00eb bashku me ministrin n\u00eb detyr\u00eb t\u00eb Sh\u00ebndet\u00ebsis\u00eb, Arben Vitia dhe kryetarin\" \/>\n<meta property=\"og:url\" content=\"https:\/\/veritasinfo.org\/?p=24460\" \/>\n<meta property=\"article:published_time\" content=\"2025-12-17T17:38:19+00:00\" \/>\n<meta property=\"article:modified_time\" content=\"2025-12-17T17:38:28+00:00\" \/>\n<meta property=\"og:image\" content=\"https:\/\/veritasinfo.org\/wp-content\/uploads\/2025\/12\/Ejup-Maqedoni-11.jpg\" \/>\n\t<meta property=\"og:image:width\" content=\"720\" \/>\n\t<meta property=\"og:image:height\" content=\"480\" \/>\n\t<meta property=\"og:image:type\" content=\"image\/jpeg\" \/>\n<meta name=\"author\" content=\"US6\" \/>\n<meta name=\"twitter:card\" content=\"summary_large_image\" \/>\n<meta name=\"twitter:label1\" content=\"Written by\" \/>\n\t<meta name=\"twitter:data1\" content=\"US6\" \/>\n\t<meta name=\"twitter:label2\" content=\"Est. reading time\" \/>\n\t<meta name=\"twitter:data2\" content=\"2 minutes\" \/>\n<script type=\"application\/ld+json\" class=\"yoast-schema-graph\">{\"@context\":\"https:\/\/schema.org\",\"@graph\":[{\"@type\":\"WebPage\",\"@id\":\"https:\/\/veritasinfo.org\/?p=24460\",\"url\":\"https:\/\/veritasinfo.org\/?p=24460\",\"name\":\"Mbi 2 milion\u00eb euro p\u00ebr nd\u00ebrtimin e QKMF-s\u00eb s\u00eb re n\u00eb Fush\u00eb Kosov\u00eb -\",\"isPartOf\":{\"@id\":\"https:\/\/veritasinfo.org\/#website\"},\"primaryImageOfPage\":{\"@id\":\"https:\/\/veritasinfo.org\/?p=24460#primaryimage\"},\"image\":{\"@id\":\"https:\/\/veritasinfo.org\/?p=24460#primaryimage\"},\"thumbnailUrl\":\"https:\/\/veritasinfo.org\/wp-content\/uploads\/2025\/12\/Ejup-Maqedoni-11.jpg\",\"datePublished\":\"2025-12-17T17:38:19+00:00\",\"dateModified\":\"2025-12-17T17:38:28+00:00\",\"author\":{\"@id\":\"https:\/\/veritasinfo.org\/#\/schema\/person\/fe199eede04c3937362892b7444747cc\"},\"breadcrumb\":{\"@id\":\"https:\/\/veritasinfo.org\/?p=24460#breadcrumb\"},\"inLanguage\":\"en-US\",\"potentialAction\":[{\"@type\":\"ReadAction\",\"target\":[\"https:\/\/veritasinfo.org\/?p=24460\"]}]},{\"@type\":\"ImageObject\",\"inLanguage\":\"en-US\",\"@id\":\"https:\/\/veritasinfo.org\/?p=24460#primaryimage\",\"url\":\"https:\/\/veritasinfo.org\/wp-content\/uploads\/2025\/12\/Ejup-Maqedoni-11.jpg\",\"contentUrl\":\"https:\/\/veritasinfo.org\/wp-content\/uploads\/2025\/12\/Ejup-Maqedoni-11.jpg\",\"width\":720,\"height\":480},{\"@type\":\"BreadcrumbList\",\"@id\":\"https:\/\/veritasinfo.org\/?p=24460#breadcrumb\",\"itemListElement\":[{\"@type\":\"ListItem\",\"position\":1,\"name\":\"Home\",\"item\":\"https:\/\/veritasinfo.org\/\"},{\"@type\":\"ListItem\",\"position\":2,\"name\":\"Mbi 2 milion\u00eb euro p\u00ebr nd\u00ebrtimin e QKMF-s\u00eb s\u00eb re n\u00eb Fush\u00eb Kosov\u00eb\"}]},{\"@type\":\"WebSite\",\"@id\":\"https:\/\/veritasinfo.org\/#website\",\"url\":\"https:\/\/veritasinfo.org\/\",\"name\":\"\",\"description\":\"\",\"potentialAction\":[{\"@type\":\"SearchAction\",\"target\":{\"@type\":\"EntryPoint\",\"urlTemplate\":\"https:\/\/veritasinfo.org\/?s={search_term_string}\"},\"query-input\":{\"@type\":\"PropertyValueSpecification\",\"valueRequired\":true,\"valueName\":\"search_term_string\"}}],\"inLanguage\":\"en-US\"},{\"@type\":\"Person\",\"@id\":\"https:\/\/veritasinfo.org\/#\/schema\/person\/fe199eede04c3937362892b7444747cc\",\"name\":\"US6\",\"image\":{\"@type\":\"ImageObject\",\"inLanguage\":\"en-US\",\"@id\":\"https:\/\/veritasinfo.org\/#\/schema\/person\/image\/\",\"url\":\"https:\/\/secure.gravatar.com\/avatar\/cb16c3c31c9d23b9b8c705964598220b3014e42ff51eb540ff23cefa3ae8c15f?s=96&d=mm&r=g\",\"contentUrl\":\"https:\/\/secure.gravatar.com\/avatar\/cb16c3c31c9d23b9b8c705964598220b3014e42ff51eb540ff23cefa3ae8c15f?s=96&d=mm&r=g\",\"caption\":\"US6\"},\"url\":\"https:\/\/veritasinfo.org\/?author=7\"}]}<\/script>\n<!-- \/ Yoast SEO plugin. -->","yoast_head_json":{"title":"Mbi 2 milion\u00eb euro p\u00ebr nd\u00ebrtimin e QKMF-s\u00eb s\u00eb re n\u00eb Fush\u00eb Kosov\u00eb -","robots":{"index":"index","follow":"follow","max-snippet":"max-snippet:-1","max-image-preview":"max-image-preview:large","max-video-preview":"max-video-preview:-1"},"canonical":"https:\/\/veritasinfo.org\/?p=24460","og_locale":"en_US","og_type":"article","og_title":"Mbi 2 milion\u00eb euro p\u00ebr nd\u00ebrtimin e QKMF-s\u00eb s\u00eb re n\u00eb Fush\u00eb Kosov\u00eb -","og_description":"Fush\u00eb Kosov\u00eb, 17 dhjetor 2025 Kryeministri n\u00eb detyr\u00eb i Republik\u00ebs s\u00eb Kosov\u00ebs, Albin\u00a0Kurti, s\u00eb bashku me ministrin n\u00eb detyr\u00eb t\u00eb Sh\u00ebndet\u00ebsis\u00eb, Arben Vitia dhe kryetarin","og_url":"https:\/\/veritasinfo.org\/?p=24460","article_published_time":"2025-12-17T17:38:19+00:00","article_modified_time":"2025-12-17T17:38:28+00:00","og_image":[{"width":720,"height":480,"url":"https:\/\/veritasinfo.org\/wp-content\/uploads\/2025\/12\/Ejup-Maqedoni-11.jpg","type":"image\/jpeg"}],"author":"US6","twitter_card":"summary_large_image","twitter_misc":{"Written by":"US6","Est. reading time":"2 minutes"},"schema":{"@context":"https:\/\/schema.org","@graph":[{"@type":"WebPage","@id":"https:\/\/veritasinfo.org\/?p=24460","url":"https:\/\/veritasinfo.org\/?p=24460","name":"Mbi 2 milion\u00eb euro p\u00ebr nd\u00ebrtimin e QKMF-s\u00eb s\u00eb re n\u00eb Fush\u00eb Kosov\u00eb -","isPartOf":{"@id":"https:\/\/veritasinfo.org\/#website"},"primaryImageOfPage":{"@id":"https:\/\/veritasinfo.org\/?p=24460#primaryimage"},"image":{"@id":"https:\/\/veritasinfo.org\/?p=24460#primaryimage"},"thumbnailUrl":"https:\/\/veritasinfo.org\/wp-content\/uploads\/2025\/12\/Ejup-Maqedoni-11.jpg","datePublished":"2025-12-17T17:38:19+00:00","dateModified":"2025-12-17T17:38:28+00:00","author":{"@id":"https:\/\/veritasinfo.org\/#\/schema\/person\/fe199eede04c3937362892b7444747cc"},"breadcrumb":{"@id":"https:\/\/veritasinfo.org\/?p=24460#breadcrumb"},"inLanguage":"en-US","potentialAction":[{"@type":"ReadAction","target":["https:\/\/veritasinfo.org\/?p=24460"]}]},{"@type":"ImageObject","inLanguage":"en-US","@id":"https:\/\/veritasinfo.org\/?p=24460#primaryimage","url":"https:\/\/veritasinfo.org\/wp-content\/uploads\/2025\/12\/Ejup-Maqedoni-11.jpg","contentUrl":"https:\/\/veritasinfo.org\/wp-content\/uploads\/2025\/12\/Ejup-Maqedoni-11.jpg","width":720,"height":480},{"@type":"BreadcrumbList","@id":"https:\/\/veritasinfo.org\/?p=24460#breadcrumb","itemListElement":[{"@type":"ListItem","position":1,"name":"Home","item":"https:\/\/veritasinfo.org\/"},{"@type":"ListItem","position":2,"name":"Mbi 2 milion\u00eb euro p\u00ebr nd\u00ebrtimin e QKMF-s\u00eb s\u00eb re n\u00eb Fush\u00eb Kosov\u00eb"}]},{"@type":"WebSite","@id":"https:\/\/veritasinfo.org\/#website","url":"https:\/\/veritasinfo.org\/","name":"","description":"","potentialAction":[{"@type":"SearchAction","target":{"@type":"EntryPoint","urlTemplate":"https:\/\/veritasinfo.org\/?s={search_term_string}"},"query-input":{"@type":"PropertyValueSpecification","valueRequired":true,"valueName":"search_term_string"}}],"inLanguage":"en-US"},{"@type":"Person","@id":"https:\/\/veritasinfo.org\/#\/schema\/person\/fe199eede04c3937362892b7444747cc","name":"US6","image":{"@type":"ImageObject","inLanguage":"en-US","@id":"https:\/\/veritasinfo.org\/#\/schema\/person\/image\/","url":"https:\/\/secure.gravatar.com\/avatar\/cb16c3c31c9d23b9b8c705964598220b3014e42ff51eb540ff23cefa3ae8c15f?s=96&d=mm&r=g","contentUrl":"https:\/\/secure.gravatar.com\/avatar\/cb16c3c31c9d23b9b8c705964598220b3014e42ff51eb540ff23cefa3ae8c15f?s=96&d=mm&r=g","caption":"US6"},"url":"https:\/\/veritasinfo.org\/?author=7"}]}},"featured_image_urls":{"full":["https:\/\/veritasinfo.org\/wp-content\/uploads\/2025\/12\/Ejup-Maqedoni-11.jpg",720,480,false],"thumbnail":["https:\/\/veritasinfo.org\/wp-content\/uploads\/2025\/12\/Ejup-Maqedoni-11-150x150.jpg",150,150,true],"medium":["https:\/\/veritasinfo.org\/wp-content\/uploads\/2025\/12\/Ejup-Maqedoni-11-300x200.jpg",300,200,true],"medium_large":["https:\/\/veritasinfo.org\/wp-content\/uploads\/2025\/12\/Ejup-Maqedoni-11.jpg",640,427,false],"large":["https:\/\/veritasinfo.org\/wp-content\/uploads\/2025\/12\/Ejup-Maqedoni-11.jpg",640,427,false],"1536x1536":["https:\/\/veritasinfo.org\/wp-content\/uploads\/2025\/12\/Ejup-Maqedoni-11.jpg",720,480,false],"2048x2048":["https:\/\/veritasinfo.org\/wp-content\/uploads\/2025\/12\/Ejup-Maqedoni-11.jpg",720,480,false],"kreeti-slider-full":["https:\/\/veritasinfo.org\/wp-content\/uploads\/2025\/12\/Ejup-Maqedoni-11.jpg",720,480,false],"kreeti-featured":["https:\/\/veritasinfo.org\/wp-content\/uploads\/2025\/12\/Ejup-Maqedoni-11.jpg",720,480,false],"kreeti-medium":["https:\/\/veritasinfo.org\/wp-content\/uploads\/2025\/12\/Ejup-Maqedoni-11.jpg",720,480,false],"kreeti-medium-square":["https:\/\/veritasinfo.org\/wp-content\/uploads\/2025\/12\/Ejup-Maqedoni-11.jpg",350,233,false]},"author_info":{"info":["US6"]},"category_info":"<a href=\"https:\/\/veritasinfo.org\/?cat=52\" rel=\"category\">Komunat<\/a>","tag_info":"Komunat","comment_count":"0","_links":{"self":[{"href":"https:\/\/veritasinfo.org\/index.php?rest_route=\/wp\/v2\/posts\/24460","targetHints":{"allow":["GET"]}}],"collection":[{"href":"https:\/\/veritasinfo.org\/index.php?rest_route=\/wp\/v2\/posts"}],"about":[{"href":"https:\/\/veritasinfo.org\/index.php?rest_route=\/wp\/v2\/types\/post"}],"author":[{"embeddable":true,"href":"https:\/\/veritasinfo.org\/index.php?rest_route=\/wp\/v2\/users\/7"}],"replies":[{"embeddable":true,"href":"https:\/\/veritasinfo.org\/index.php?rest_route=%2Fwp%2Fv2%2Fcomments&post=24460"}],"version-history":[{"count":2,"href":"https:\/\/veritasinfo.org\/index.php?rest_route=\/wp\/v2\/posts\/24460\/revisions"}],"predecessor-version":[{"id":24463,"href":"https:\/\/veritasinfo.org\/index.php?rest_route=\/wp\/v2\/posts\/24460\/revisions\/24463"}],"wp:featuredmedia":[{"embeddable":true,"href":"https:\/\/veritasinfo.org\/index.php?rest_route=\/wp\/v2\/media\/24461"}],"wp:attachment":[{"href":"https:\/\/veritasinfo.org\/index.php?rest_route=%2Fwp%2Fv2%2Fmedia&parent=24460"}],"wp:term":[{"taxonomy":"category","embeddable":true,"href":"https:\/\/veritasinfo.org\/index.php?rest_route=%2Fwp%2Fv2%2Fcategories&post=24460"},{"taxonomy":"post_tag","embeddable":true,"href":"https:\/\/veritasinfo.org\/index.php?rest_route=%2Fwp%2Fv2%2Ftags&post=24460"}],"curies":[{"name":"wp","href":"https:\/\/api.w.org\/{rel}","templated":true}]}}