{"id":24430,"date":"2025-12-17T16:26:57","date_gmt":"2025-12-17T15:26:57","guid":{"rendered":"https:\/\/veritasinfo.org\/?p=24430"},"modified":"2025-12-17T17:18:23","modified_gmt":"2025-12-17T16:18:23","slug":"qasja-konfrontuese-e-listes-serbe-ndaj-republikes-se-kosoves","status":"publish","type":"post","link":"https:\/\/veritasinfo.org\/?p=24430","title":{"rendered":"Qasja konfrontuese e List\u00ebs Serbe ndaj Republik\u00ebs s\u00eb Kosov\u00ebs"},"content":{"rendered":"<p><strong>Mitrovic\u00eb e Veriut, 17 dhjetor 2025 16:25<\/strong><\/p>\n<p>Qasja e List\u00ebs Serbe ndaj institucioneve t\u00eb Republik\u00ebs s\u00eb Kosov\u00ebs po vazhdon t\u00eb karakterizohet nga veprime dhe deklarata q\u00eb sfidojn\u00eb rendin kushtetues, ligjin dhe bashk\u00ebjetes\u00ebn nd\u00ebretnike. Kjo u d\u00ebshmua s\u00ebrish n\u00eb tri zhvillime t\u00eb fundit q\u00eb ngren\u00eb shqet\u00ebsime serioze p\u00ebr q\u00ebllimet politike t\u00eb k\u00ebtij subjekti.<\/p>\n<p>I fundit si veprim jokushtetues dhe joligjor i List\u00ebs Serbe, ishta dita e sotme.<\/p>\n<p>Hapja e fushat\u00ebs parazgjedhore t\u00eb List\u00ebs Serbe u shoq\u00ebrua me shfaqje t\u00eb hapura t\u00eb elementeve nacionaliste. Gjat\u00eb tubimeve u p\u00ebrdor\u00ebn terma t\u00eb ndaluar dhe n\u00eb kund\u00ebrshtim me Kushtetut\u00ebn e Kosov\u00ebs, si \u201cKosova e Metohia\u201d, nj\u00eb narrativ\u00eb q\u00eb mohon realitetin shtet\u00ebror t\u00eb Kosov\u00ebs dhe synon delegjitimimin e saj n\u00eb hap\u00ebsir\u00ebn publike. Kjo gjuh\u00eb nuk \u00ebsht\u00eb vet\u00ebm provokuese, por edhe rrezikon tensionimin e m\u00ebtejm\u00eb t\u00eb situat\u00ebs politike dhe t\u00eb siguris\u00eb.<\/p>\n<p>Veprimet e List\u00ebs nul ndalen k\u00ebtu.<\/p>\n<p>Vet\u00ebm disa dit\u00eb m\u00eb par\u00eb, zyrtar\u00ebt e saj u p\u00ebrfshin\u00eb n\u00eb nj\u00eb p\u00ebrpjekje p\u00ebr t\u00eb ndryshuar ul\u00ebset e nj\u00eb palestre sportive, duke i nd\u00ebrruar ato me ngjyrat e flamurit t\u00eb Serbis\u00eb. Ky veprim simbolik, por politikisht i ngarkuar, u ndal nga Policia e Kosov\u00ebs, duke d\u00ebshmuar edhe nj\u00eb her\u00eb nevoj\u00ebn p\u00ebr reagim institucional ndaj akteve q\u00eb cenojn\u00eb neutralitetin e hap\u00ebsirave publike dhe sovranitetin e shtetit.<\/p>\n<p>Veprimi tjet\u00ebr tendencioz brenda qarkut kohor prej dhjet\u00eb dit\u00ebsh, kishte t\u00eb b\u00ebnte me autoambulanc\u00ebn.<\/p>\n<p>An\u00ebtarja e Kuvendit Komunal t\u00eb Mitrovic\u00ebs s\u00eb Veriut, Aida Ferati Doli denoncoi publikisht autoritetet e reja t\u00eb pushtetit lokal n\u00eb Mitrovic\u00ebn e Veriut, t\u00eb cilat mor\u00ebn n\u00ebn kontroll \u00e7el\u00ebsat e autoambulanc\u00ebs nga pun\u00ebtor\u00ebt sh\u00ebndet\u00ebsor\u00eb. Ky veprim \u00ebsht\u00eb cil\u00ebsuar si shqet\u00ebsues dhe potencialisht i rreziksh\u00ebm, pasi prek drejtp\u00ebrdrejt funksionimin e sh\u00ebrbimeve emergjente dhe sigurin\u00eb e qytetar\u00ebve, pavar\u00ebsisht p\u00ebrkat\u00ebsis\u00eb etnike.<\/p>\n<p>T\u00eb tri k\u00ebto raste d\u00ebshmojn\u00eb nj\u00eb qasje t\u00eb vazhdueshme t\u00eb List\u00ebs Serbe q\u00eb, n\u00eb vend t\u00eb integrimit dhe bashk\u00ebpunimit institucional, zgjedh provokimin, simbolik\u00ebn nacionaliste dhe p\u00ebrplasjen me autoritetet e Republik\u00ebs s\u00eb Kosov\u00ebs. Nj\u00eb qasje e till\u00eb jo vet\u00ebm q\u00eb d\u00ebmton proceset demokratike, por edhe thellon ndarjet dhe pengon normalizimin e jet\u00ebs institucionale n\u00eb veri t\u00eb vendit.<\/p>\n","protected":false},"excerpt":{"rendered":"<p>Mitrovic\u00eb e Veriut, 17 dhjetor 2025 16:25 Qasja e List\u00ebs Serbe ndaj institucioneve t\u00eb Republik\u00ebs s\u00eb Kosov\u00ebs po vazhdon t\u00eb karakterizohet nga veprime dhe deklarata<\/p>\n","protected":false},"author":7,"featured_media":24431,"comment_status":"open","ping_status":"open","sticky":false,"template":"","format":"standard","meta":{"footnotes":""},"categories":[58],"tags":[],"class_list":["post-24430","post","type-post","status-publish","format-standard","has-post-thumbnail","hentry","category-politike-sq"],"yoast_head":"<!-- This site is optimized with the Yoast SEO plugin v25.3.1 - https:\/\/yoast.com\/wordpress\/plugins\/seo\/ -->\n<title>Qasja konfrontuese e List\u00ebs Serbe ndaj Republik\u00ebs s\u00eb Kosov\u00ebs -<\/title>\n<meta name=\"robots\" content=\"index, follow, max-snippet:-1, max-image-preview:large, max-video-preview:-1\" \/>\n<link rel=\"canonical\" href=\"https:\/\/veritasinfo.org\/?p=24430\" \/>\n<meta property=\"og:locale\" content=\"en_US\" \/>\n<meta property=\"og:type\" content=\"article\" \/>\n<meta property=\"og:title\" content=\"Qasja konfrontuese e List\u00ebs Serbe ndaj Republik\u00ebs s\u00eb Kosov\u00ebs -\" \/>\n<meta property=\"og:description\" content=\"Mitrovic\u00eb e Veriut, 17 dhjetor 2025 16:25 Qasja e List\u00ebs Serbe ndaj institucioneve t\u00eb Republik\u00ebs s\u00eb Kosov\u00ebs po vazhdon t\u00eb karakterizohet nga veprime dhe deklarata\" \/>\n<meta property=\"og:url\" content=\"https:\/\/veritasinfo.org\/?p=24430\" \/>\n<meta property=\"article:published_time\" content=\"2025-12-17T15:26:57+00:00\" \/>\n<meta property=\"article:modified_time\" content=\"2025-12-17T16:18:23+00:00\" \/>\n<meta property=\"og:image\" content=\"https:\/\/veritasinfo.org\/wp-content\/uploads\/2025\/12\/1-14.jpg\" \/>\n\t<meta property=\"og:image:width\" content=\"593\" \/>\n\t<meta property=\"og:image:height\" content=\"394\" \/>\n\t<meta property=\"og:image:type\" content=\"image\/jpeg\" \/>\n<meta name=\"author\" content=\"US6\" \/>\n<meta name=\"twitter:card\" content=\"summary_large_image\" \/>\n<meta name=\"twitter:label1\" content=\"Written by\" \/>\n\t<meta name=\"twitter:data1\" content=\"US6\" \/>\n\t<meta name=\"twitter:label2\" content=\"Est. reading time\" \/>\n\t<meta name=\"twitter:data2\" content=\"2 minutes\" \/>\n<script type=\"application\/ld+json\" class=\"yoast-schema-graph\">{\"@context\":\"https:\/\/schema.org\",\"@graph\":[{\"@type\":\"WebPage\",\"@id\":\"https:\/\/veritasinfo.org\/?p=24430\",\"url\":\"https:\/\/veritasinfo.org\/?p=24430\",\"name\":\"Qasja konfrontuese e List\u00ebs Serbe ndaj Republik\u00ebs s\u00eb Kosov\u00ebs -\",\"isPartOf\":{\"@id\":\"https:\/\/veritasinfo.org\/#website\"},\"primaryImageOfPage\":{\"@id\":\"https:\/\/veritasinfo.org\/?p=24430#primaryimage\"},\"image\":{\"@id\":\"https:\/\/veritasinfo.org\/?p=24430#primaryimage\"},\"thumbnailUrl\":\"https:\/\/veritasinfo.org\/wp-content\/uploads\/2025\/12\/1-14.jpg\",\"datePublished\":\"2025-12-17T15:26:57+00:00\",\"dateModified\":\"2025-12-17T16:18:23+00:00\",\"author\":{\"@id\":\"https:\/\/veritasinfo.org\/#\/schema\/person\/fe199eede04c3937362892b7444747cc\"},\"breadcrumb\":{\"@id\":\"https:\/\/veritasinfo.org\/?p=24430#breadcrumb\"},\"inLanguage\":\"en-US\",\"potentialAction\":[{\"@type\":\"ReadAction\",\"target\":[\"https:\/\/veritasinfo.org\/?p=24430\"]}]},{\"@type\":\"ImageObject\",\"inLanguage\":\"en-US\",\"@id\":\"https:\/\/veritasinfo.org\/?p=24430#primaryimage\",\"url\":\"https:\/\/veritasinfo.org\/wp-content\/uploads\/2025\/12\/1-14.jpg\",\"contentUrl\":\"https:\/\/veritasinfo.org\/wp-content\/uploads\/2025\/12\/1-14.jpg\",\"width\":593,\"height\":394},{\"@type\":\"BreadcrumbList\",\"@id\":\"https:\/\/veritasinfo.org\/?p=24430#breadcrumb\",\"itemListElement\":[{\"@type\":\"ListItem\",\"position\":1,\"name\":\"Home\",\"item\":\"https:\/\/veritasinfo.org\/\"},{\"@type\":\"ListItem\",\"position\":2,\"name\":\"Qasja konfrontuese e List\u00ebs Serbe ndaj Republik\u00ebs s\u00eb Kosov\u00ebs\"}]},{\"@type\":\"WebSite\",\"@id\":\"https:\/\/veritasinfo.org\/#website\",\"url\":\"https:\/\/veritasinfo.org\/\",\"name\":\"\",\"description\":\"\",\"potentialAction\":[{\"@type\":\"SearchAction\",\"target\":{\"@type\":\"EntryPoint\",\"urlTemplate\":\"https:\/\/veritasinfo.org\/?s={search_term_string}\"},\"query-input\":{\"@type\":\"PropertyValueSpecification\",\"valueRequired\":true,\"valueName\":\"search_term_string\"}}],\"inLanguage\":\"en-US\"},{\"@type\":\"Person\",\"@id\":\"https:\/\/veritasinfo.org\/#\/schema\/person\/fe199eede04c3937362892b7444747cc\",\"name\":\"US6\",\"image\":{\"@type\":\"ImageObject\",\"inLanguage\":\"en-US\",\"@id\":\"https:\/\/veritasinfo.org\/#\/schema\/person\/image\/\",\"url\":\"https:\/\/secure.gravatar.com\/avatar\/cb16c3c31c9d23b9b8c705964598220b3014e42ff51eb540ff23cefa3ae8c15f?s=96&d=mm&r=g\",\"contentUrl\":\"https:\/\/secure.gravatar.com\/avatar\/cb16c3c31c9d23b9b8c705964598220b3014e42ff51eb540ff23cefa3ae8c15f?s=96&d=mm&r=g\",\"caption\":\"US6\"},\"url\":\"https:\/\/veritasinfo.org\/?author=7\"}]}<\/script>\n<!-- \/ Yoast SEO plugin. -->","yoast_head_json":{"title":"Qasja konfrontuese e List\u00ebs Serbe ndaj Republik\u00ebs s\u00eb Kosov\u00ebs -","robots":{"index":"index","follow":"follow","max-snippet":"max-snippet:-1","max-image-preview":"max-image-preview:large","max-video-preview":"max-video-preview:-1"},"canonical":"https:\/\/veritasinfo.org\/?p=24430","og_locale":"en_US","og_type":"article","og_title":"Qasja konfrontuese e List\u00ebs Serbe ndaj Republik\u00ebs s\u00eb Kosov\u00ebs -","og_description":"Mitrovic\u00eb e Veriut, 17 dhjetor 2025 16:25 Qasja e List\u00ebs Serbe ndaj institucioneve t\u00eb Republik\u00ebs s\u00eb Kosov\u00ebs po vazhdon t\u00eb karakterizohet nga veprime dhe deklarata","og_url":"https:\/\/veritasinfo.org\/?p=24430","article_published_time":"2025-12-17T15:26:57+00:00","article_modified_time":"2025-12-17T16:18:23+00:00","og_image":[{"width":593,"height":394,"url":"https:\/\/veritasinfo.org\/wp-content\/uploads\/2025\/12\/1-14.jpg","type":"image\/jpeg"}],"author":"US6","twitter_card":"summary_large_image","twitter_misc":{"Written by":"US6","Est. reading time":"2 minutes"},"schema":{"@context":"https:\/\/schema.org","@graph":[{"@type":"WebPage","@id":"https:\/\/veritasinfo.org\/?p=24430","url":"https:\/\/veritasinfo.org\/?p=24430","name":"Qasja konfrontuese e List\u00ebs Serbe ndaj Republik\u00ebs s\u00eb Kosov\u00ebs -","isPartOf":{"@id":"https:\/\/veritasinfo.org\/#website"},"primaryImageOfPage":{"@id":"https:\/\/veritasinfo.org\/?p=24430#primaryimage"},"image":{"@id":"https:\/\/veritasinfo.org\/?p=24430#primaryimage"},"thumbnailUrl":"https:\/\/veritasinfo.org\/wp-content\/uploads\/2025\/12\/1-14.jpg","datePublished":"2025-12-17T15:26:57+00:00","dateModified":"2025-12-17T16:18:23+00:00","author":{"@id":"https:\/\/veritasinfo.org\/#\/schema\/person\/fe199eede04c3937362892b7444747cc"},"breadcrumb":{"@id":"https:\/\/veritasinfo.org\/?p=24430#breadcrumb"},"inLanguage":"en-US","potentialAction":[{"@type":"ReadAction","target":["https:\/\/veritasinfo.org\/?p=24430"]}]},{"@type":"ImageObject","inLanguage":"en-US","@id":"https:\/\/veritasinfo.org\/?p=24430#primaryimage","url":"https:\/\/veritasinfo.org\/wp-content\/uploads\/2025\/12\/1-14.jpg","contentUrl":"https:\/\/veritasinfo.org\/wp-content\/uploads\/2025\/12\/1-14.jpg","width":593,"height":394},{"@type":"BreadcrumbList","@id":"https:\/\/veritasinfo.org\/?p=24430#breadcrumb","itemListElement":[{"@type":"ListItem","position":1,"name":"Home","item":"https:\/\/veritasinfo.org\/"},{"@type":"ListItem","position":2,"name":"Qasja konfrontuese e List\u00ebs Serbe ndaj Republik\u00ebs s\u00eb Kosov\u00ebs"}]},{"@type":"WebSite","@id":"https:\/\/veritasinfo.org\/#website","url":"https:\/\/veritasinfo.org\/","name":"","description":"","potentialAction":[{"@type":"SearchAction","target":{"@type":"EntryPoint","urlTemplate":"https:\/\/veritasinfo.org\/?s={search_term_string}"},"query-input":{"@type":"PropertyValueSpecification","valueRequired":true,"valueName":"search_term_string"}}],"inLanguage":"en-US"},{"@type":"Person","@id":"https:\/\/veritasinfo.org\/#\/schema\/person\/fe199eede04c3937362892b7444747cc","name":"US6","image":{"@type":"ImageObject","inLanguage":"en-US","@id":"https:\/\/veritasinfo.org\/#\/schema\/person\/image\/","url":"https:\/\/secure.gravatar.com\/avatar\/cb16c3c31c9d23b9b8c705964598220b3014e42ff51eb540ff23cefa3ae8c15f?s=96&d=mm&r=g","contentUrl":"https:\/\/secure.gravatar.com\/avatar\/cb16c3c31c9d23b9b8c705964598220b3014e42ff51eb540ff23cefa3ae8c15f?s=96&d=mm&r=g","caption":"US6"},"url":"https:\/\/veritasinfo.org\/?author=7"}]}},"featured_image_urls":{"full":["https:\/\/veritasinfo.org\/wp-content\/uploads\/2025\/12\/1-14.jpg",593,394,false],"thumbnail":["https:\/\/veritasinfo.org\/wp-content\/uploads\/2025\/12\/1-14-150x150.jpg",150,150,true],"medium":["https:\/\/veritasinfo.org\/wp-content\/uploads\/2025\/12\/1-14-300x199.jpg",300,199,true],"medium_large":["https:\/\/veritasinfo.org\/wp-content\/uploads\/2025\/12\/1-14.jpg",593,394,false],"large":["https:\/\/veritasinfo.org\/wp-content\/uploads\/2025\/12\/1-14.jpg",593,394,false],"1536x1536":["https:\/\/veritasinfo.org\/wp-content\/uploads\/2025\/12\/1-14.jpg",593,394,false],"2048x2048":["https:\/\/veritasinfo.org\/wp-content\/uploads\/2025\/12\/1-14.jpg",593,394,false],"kreeti-slider-full":["https:\/\/veritasinfo.org\/wp-content\/uploads\/2025\/12\/1-14.jpg",593,394,false],"kreeti-featured":["https:\/\/veritasinfo.org\/wp-content\/uploads\/2025\/12\/1-14.jpg",593,394,false],"kreeti-medium":["https:\/\/veritasinfo.org\/wp-content\/uploads\/2025\/12\/1-14.jpg",593,394,false],"kreeti-medium-square":["https:\/\/veritasinfo.org\/wp-content\/uploads\/2025\/12\/1-14.jpg",350,233,false]},"author_info":{"info":["US6"]},"category_info":"<a href=\"https:\/\/veritasinfo.org\/?cat=58\" rel=\"category\">Politik\u00eb<\/a>","tag_info":"Politik\u00eb","comment_count":"0","_links":{"self":[{"href":"https:\/\/veritasinfo.org\/index.php?rest_route=\/wp\/v2\/posts\/24430","targetHints":{"allow":["GET"]}}],"collection":[{"href":"https:\/\/veritasinfo.org\/index.php?rest_route=\/wp\/v2\/posts"}],"about":[{"href":"https:\/\/veritasinfo.org\/index.php?rest_route=\/wp\/v2\/types\/post"}],"author":[{"embeddable":true,"href":"https:\/\/veritasinfo.org\/index.php?rest_route=\/wp\/v2\/users\/7"}],"replies":[{"embeddable":true,"href":"https:\/\/veritasinfo.org\/index.php?rest_route=%2Fwp%2Fv2%2Fcomments&post=24430"}],"version-history":[{"count":3,"href":"https:\/\/veritasinfo.org\/index.php?rest_route=\/wp\/v2\/posts\/24430\/revisions"}],"predecessor-version":[{"id":24442,"href":"https:\/\/veritasinfo.org\/index.php?rest_route=\/wp\/v2\/posts\/24430\/revisions\/24442"}],"wp:featuredmedia":[{"embeddable":true,"href":"https:\/\/veritasinfo.org\/index.php?rest_route=\/wp\/v2\/media\/24431"}],"wp:attachment":[{"href":"https:\/\/veritasinfo.org\/index.php?rest_route=%2Fwp%2Fv2%2Fmedia&parent=24430"}],"wp:term":[{"taxonomy":"category","embeddable":true,"href":"https:\/\/veritasinfo.org\/index.php?rest_route=%2Fwp%2Fv2%2Fcategories&post=24430"},{"taxonomy":"post_tag","embeddable":true,"href":"https:\/\/veritasinfo.org\/index.php?rest_route=%2Fwp%2Fv2%2Ftags&post=24430"}],"curies":[{"name":"wp","href":"https:\/\/api.w.org\/{rel}","templated":true}]}}