{"id":24424,"date":"2025-12-17T15:50:32","date_gmt":"2025-12-17T14:50:32","guid":{"rendered":"https:\/\/veritasinfo.org\/?p=24424"},"modified":"2025-12-17T15:50:42","modified_gmt":"2025-12-17T14:50:42","slug":"kurti-e-vlereson-hap-te-rendesishem-kontraten-per-blerjen-e-sistemeve-artilerike","status":"publish","type":"post","link":"https:\/\/veritasinfo.org\/?p=24424","title":{"rendered":"Kurti e vler\u00ebson hap t\u00eb r\u00ebnd\u00ebsish\u00ebm kontrat\u00ebn p\u00ebr blerjen e sistemeve artilerike"},"content":{"rendered":"<p><strong>Prishtin\u00eb, 17 dhjetor 2025 15:50<\/strong><\/p>\n<p>Kryeministri n\u00eb detyr\u00eb i Kosov\u00ebs, Albin Kurti, s\u00eb bashku me ministrin n\u00eb detyr\u00eb t\u00eb Mbrojtjes, Ejup Maqedonci, mir\u00ebpriti Z\u00ebvend\u00ebspresidentin Ekzekutiv t\u00eb prodhuesit t\u00eb njohur amerikan t\u00eb industris\u00eb ushtarake AM General, John Chadbourne dhe Drejtorin p\u00ebr Zhvillimin e Biznesit Nd\u00ebrkomb\u00ebtar n\u00eb k\u00ebt\u00eb kompani, Juan Hernandez.<\/p>\n<p>Ministria e Mbrojtjes dhe AM General dje kan\u00eb n\u00ebnshkruar nj\u00eb kontrat\u00eb korniz\u00eb 3-vje\u00e7are q\u00eb p\u00ebrfshin blerjen, nga ana e Kosov\u00ebs, t\u00eb sistemeve moderne t\u00eb artileris\u00eb mobile HUMVEE Ha\u00ebkeye 105mm Mobile Howitzer (MHS). N\u00eb kontrat\u00eb gjithashtu p\u00ebrfshihen pjes\u00eb rezerv\u00eb, mir\u00ebmbajtja, si dhe trajnimi p\u00ebr operim dhe mir\u00ebmbajtje. P\u00ebrve\u00e7 HUMVEE Ha\u00ebkeye-ve, si pjes\u00eb e k\u00ebsaj kontrate, FSK-ja do t\u00eb pajiset gjithashtu me ambulanca, automjete p\u00ebr komandim dhe kontroll, si dhe automjete t\u00eb tjera mb\u00ebshtet\u00ebse, t\u00eb cilat mund\u00ebsojn\u00eb funksionalizimin e nj\u00eb baterie t\u00eb plot\u00eb artilerie dhe krijimin e kapaciteteve t\u00eb zjarrit direkt dhe indirekt p\u00ebr Forc\u00ebn e Siguris\u00eb s\u00eb Kosov\u00ebs.<\/p>\n<p>\u201cKryeministri e cil\u00ebsoi si hap shum\u00eb t\u00eb r\u00ebnd\u00ebsish\u00ebm marr\u00ebveshjen e n\u00ebnshkruar dje p\u00ebr ngritjen e kapaciteteve mbrojt\u00ebse t\u00eb Forc\u00ebs s\u00eb Siguris\u00eb s\u00eb Kosov\u00ebs, duke theksuar se k\u00ebto sisteme t\u00eb reja jan\u00eb n\u00eb kuad\u00ebr t\u00eb investimeve t\u00eb vazhdueshme dhe n\u00eb rritje, q\u00eb jan\u00eb b\u00ebr\u00eb viteve t\u00eb fundit n\u00eb fush\u00ebn e mbrojtjes, n\u00eb bashk\u00ebpunim me vende partnere t\u00eb Republik\u00ebs s\u00eb Kosov\u00ebs dhe an\u00ebtare t\u00eb NATO-s\u201d, thuhet n\u00eb komunikat\u00ebn e Zyr\u00ebs s\u00eb Kryeministrit.<\/p>\n<p>Z\u00ebvend\u00ebspresidenti Ekzekutiv, Chadbourne u shpreh i lumtur p\u00ebr arritjen e marr\u00ebveshjes p\u00ebr furnizimin e FSK-s\u00eb me HUMVEE Ha\u00ebkeye, duke e cil\u00ebsuar at\u00eb si d\u00ebshmi t\u00eb angazhimit t\u00eb tyre p\u00ebr t\u00eb ofruar zgjidhje t\u00eb avancuara p\u00ebr nevojat moderne ushtarake.<\/p>\n<p>Bashk\u00eb diskutuan edhe p\u00ebr mund\u00ebsit\u00eb e zgjerimit t\u00eb bashk\u00ebpunimit, duke p\u00ebrfshir\u00eb k\u00ebtu edhe mund\u00ebsin\u00eb p\u00ebr bashk\u00ebprodhim.<\/p>\n<p>&nbsp;<\/p>\n","protected":false},"excerpt":{"rendered":"<p>Prishtin\u00eb, 17 dhjetor 2025 15:50 Kryeministri n\u00eb detyr\u00eb i Kosov\u00ebs, Albin Kurti, s\u00eb bashku me ministrin n\u00eb detyr\u00eb t\u00eb Mbrojtjes, Ejup Maqedonci, mir\u00ebpriti Z\u00ebvend\u00ebspresidentin Ekzekutiv<\/p>\n","protected":false},"author":7,"featured_media":24425,"comment_status":"open","ping_status":"open","sticky":false,"template":"","format":"standard","meta":{"footnotes":""},"categories":[58],"tags":[],"class_list":["post-24424","post","type-post","status-publish","format-standard","has-post-thumbnail","hentry","category-politike-sq"],"yoast_head":"<!-- This site is optimized with the Yoast SEO plugin v25.3.1 - https:\/\/yoast.com\/wordpress\/plugins\/seo\/ -->\n<title>Kurti e vler\u00ebson hap t\u00eb r\u00ebnd\u00ebsish\u00ebm kontrat\u00ebn p\u00ebr blerjen e sistemeve artilerike -<\/title>\n<meta name=\"robots\" content=\"index, follow, max-snippet:-1, max-image-preview:large, max-video-preview:-1\" \/>\n<link rel=\"canonical\" href=\"https:\/\/veritasinfo.org\/?p=24424\" \/>\n<meta property=\"og:locale\" content=\"en_US\" \/>\n<meta property=\"og:type\" content=\"article\" \/>\n<meta property=\"og:title\" content=\"Kurti e vler\u00ebson hap t\u00eb r\u00ebnd\u00ebsish\u00ebm kontrat\u00ebn p\u00ebr blerjen e sistemeve artilerike -\" \/>\n<meta property=\"og:description\" content=\"Prishtin\u00eb, 17 dhjetor 2025 15:50 Kryeministri n\u00eb detyr\u00eb i Kosov\u00ebs, Albin Kurti, s\u00eb bashku me ministrin n\u00eb detyr\u00eb t\u00eb Mbrojtjes, Ejup Maqedonci, mir\u00ebpriti Z\u00ebvend\u00ebspresidentin Ekzekutiv\" \/>\n<meta property=\"og:url\" content=\"https:\/\/veritasinfo.org\/?p=24424\" \/>\n<meta property=\"article:published_time\" content=\"2025-12-17T14:50:32+00:00\" \/>\n<meta property=\"article:modified_time\" content=\"2025-12-17T14:50:42+00:00\" \/>\n<meta property=\"og:image\" content=\"https:\/\/veritasinfo.org\/wp-content\/uploads\/2025\/12\/1-13.jpg\" \/>\n\t<meta property=\"og:image:width\" content=\"799\" \/>\n\t<meta property=\"og:image:height\" content=\"527\" \/>\n\t<meta property=\"og:image:type\" content=\"image\/jpeg\" \/>\n<meta name=\"author\" content=\"US6\" \/>\n<meta name=\"twitter:card\" content=\"summary_large_image\" \/>\n<meta name=\"twitter:label1\" content=\"Written by\" \/>\n\t<meta name=\"twitter:data1\" content=\"US6\" \/>\n\t<meta name=\"twitter:label2\" content=\"Est. reading time\" \/>\n\t<meta name=\"twitter:data2\" content=\"2 minutes\" \/>\n<script type=\"application\/ld+json\" class=\"yoast-schema-graph\">{\"@context\":\"https:\/\/schema.org\",\"@graph\":[{\"@type\":\"WebPage\",\"@id\":\"https:\/\/veritasinfo.org\/?p=24424\",\"url\":\"https:\/\/veritasinfo.org\/?p=24424\",\"name\":\"Kurti e vler\u00ebson hap t\u00eb r\u00ebnd\u00ebsish\u00ebm kontrat\u00ebn p\u00ebr blerjen e sistemeve artilerike -\",\"isPartOf\":{\"@id\":\"https:\/\/veritasinfo.org\/#website\"},\"primaryImageOfPage\":{\"@id\":\"https:\/\/veritasinfo.org\/?p=24424#primaryimage\"},\"image\":{\"@id\":\"https:\/\/veritasinfo.org\/?p=24424#primaryimage\"},\"thumbnailUrl\":\"https:\/\/veritasinfo.org\/wp-content\/uploads\/2025\/12\/1-13.jpg\",\"datePublished\":\"2025-12-17T14:50:32+00:00\",\"dateModified\":\"2025-12-17T14:50:42+00:00\",\"author\":{\"@id\":\"https:\/\/veritasinfo.org\/#\/schema\/person\/fe199eede04c3937362892b7444747cc\"},\"breadcrumb\":{\"@id\":\"https:\/\/veritasinfo.org\/?p=24424#breadcrumb\"},\"inLanguage\":\"en-US\",\"potentialAction\":[{\"@type\":\"ReadAction\",\"target\":[\"https:\/\/veritasinfo.org\/?p=24424\"]}]},{\"@type\":\"ImageObject\",\"inLanguage\":\"en-US\",\"@id\":\"https:\/\/veritasinfo.org\/?p=24424#primaryimage\",\"url\":\"https:\/\/veritasinfo.org\/wp-content\/uploads\/2025\/12\/1-13.jpg\",\"contentUrl\":\"https:\/\/veritasinfo.org\/wp-content\/uploads\/2025\/12\/1-13.jpg\",\"width\":799,\"height\":527},{\"@type\":\"BreadcrumbList\",\"@id\":\"https:\/\/veritasinfo.org\/?p=24424#breadcrumb\",\"itemListElement\":[{\"@type\":\"ListItem\",\"position\":1,\"name\":\"Home\",\"item\":\"https:\/\/veritasinfo.org\/\"},{\"@type\":\"ListItem\",\"position\":2,\"name\":\"Kurti e vler\u00ebson hap t\u00eb r\u00ebnd\u00ebsish\u00ebm kontrat\u00ebn p\u00ebr blerjen e sistemeve artilerike\"}]},{\"@type\":\"WebSite\",\"@id\":\"https:\/\/veritasinfo.org\/#website\",\"url\":\"https:\/\/veritasinfo.org\/\",\"name\":\"\",\"description\":\"\",\"potentialAction\":[{\"@type\":\"SearchAction\",\"target\":{\"@type\":\"EntryPoint\",\"urlTemplate\":\"https:\/\/veritasinfo.org\/?s={search_term_string}\"},\"query-input\":{\"@type\":\"PropertyValueSpecification\",\"valueRequired\":true,\"valueName\":\"search_term_string\"}}],\"inLanguage\":\"en-US\"},{\"@type\":\"Person\",\"@id\":\"https:\/\/veritasinfo.org\/#\/schema\/person\/fe199eede04c3937362892b7444747cc\",\"name\":\"US6\",\"image\":{\"@type\":\"ImageObject\",\"inLanguage\":\"en-US\",\"@id\":\"https:\/\/veritasinfo.org\/#\/schema\/person\/image\/\",\"url\":\"https:\/\/secure.gravatar.com\/avatar\/cb16c3c31c9d23b9b8c705964598220b3014e42ff51eb540ff23cefa3ae8c15f?s=96&d=mm&r=g\",\"contentUrl\":\"https:\/\/secure.gravatar.com\/avatar\/cb16c3c31c9d23b9b8c705964598220b3014e42ff51eb540ff23cefa3ae8c15f?s=96&d=mm&r=g\",\"caption\":\"US6\"},\"url\":\"https:\/\/veritasinfo.org\/?author=7\"}]}<\/script>\n<!-- \/ Yoast SEO plugin. -->","yoast_head_json":{"title":"Kurti e vler\u00ebson hap t\u00eb r\u00ebnd\u00ebsish\u00ebm kontrat\u00ebn p\u00ebr blerjen e sistemeve artilerike -","robots":{"index":"index","follow":"follow","max-snippet":"max-snippet:-1","max-image-preview":"max-image-preview:large","max-video-preview":"max-video-preview:-1"},"canonical":"https:\/\/veritasinfo.org\/?p=24424","og_locale":"en_US","og_type":"article","og_title":"Kurti e vler\u00ebson hap t\u00eb r\u00ebnd\u00ebsish\u00ebm kontrat\u00ebn p\u00ebr blerjen e sistemeve artilerike -","og_description":"Prishtin\u00eb, 17 dhjetor 2025 15:50 Kryeministri n\u00eb detyr\u00eb i Kosov\u00ebs, Albin Kurti, s\u00eb bashku me ministrin n\u00eb detyr\u00eb t\u00eb Mbrojtjes, Ejup Maqedonci, mir\u00ebpriti Z\u00ebvend\u00ebspresidentin Ekzekutiv","og_url":"https:\/\/veritasinfo.org\/?p=24424","article_published_time":"2025-12-17T14:50:32+00:00","article_modified_time":"2025-12-17T14:50:42+00:00","og_image":[{"width":799,"height":527,"url":"https:\/\/veritasinfo.org\/wp-content\/uploads\/2025\/12\/1-13.jpg","type":"image\/jpeg"}],"author":"US6","twitter_card":"summary_large_image","twitter_misc":{"Written by":"US6","Est. reading time":"2 minutes"},"schema":{"@context":"https:\/\/schema.org","@graph":[{"@type":"WebPage","@id":"https:\/\/veritasinfo.org\/?p=24424","url":"https:\/\/veritasinfo.org\/?p=24424","name":"Kurti e vler\u00ebson hap t\u00eb r\u00ebnd\u00ebsish\u00ebm kontrat\u00ebn p\u00ebr blerjen e sistemeve artilerike -","isPartOf":{"@id":"https:\/\/veritasinfo.org\/#website"},"primaryImageOfPage":{"@id":"https:\/\/veritasinfo.org\/?p=24424#primaryimage"},"image":{"@id":"https:\/\/veritasinfo.org\/?p=24424#primaryimage"},"thumbnailUrl":"https:\/\/veritasinfo.org\/wp-content\/uploads\/2025\/12\/1-13.jpg","datePublished":"2025-12-17T14:50:32+00:00","dateModified":"2025-12-17T14:50:42+00:00","author":{"@id":"https:\/\/veritasinfo.org\/#\/schema\/person\/fe199eede04c3937362892b7444747cc"},"breadcrumb":{"@id":"https:\/\/veritasinfo.org\/?p=24424#breadcrumb"},"inLanguage":"en-US","potentialAction":[{"@type":"ReadAction","target":["https:\/\/veritasinfo.org\/?p=24424"]}]},{"@type":"ImageObject","inLanguage":"en-US","@id":"https:\/\/veritasinfo.org\/?p=24424#primaryimage","url":"https:\/\/veritasinfo.org\/wp-content\/uploads\/2025\/12\/1-13.jpg","contentUrl":"https:\/\/veritasinfo.org\/wp-content\/uploads\/2025\/12\/1-13.jpg","width":799,"height":527},{"@type":"BreadcrumbList","@id":"https:\/\/veritasinfo.org\/?p=24424#breadcrumb","itemListElement":[{"@type":"ListItem","position":1,"name":"Home","item":"https:\/\/veritasinfo.org\/"},{"@type":"ListItem","position":2,"name":"Kurti e vler\u00ebson hap t\u00eb r\u00ebnd\u00ebsish\u00ebm kontrat\u00ebn p\u00ebr blerjen e sistemeve artilerike"}]},{"@type":"WebSite","@id":"https:\/\/veritasinfo.org\/#website","url":"https:\/\/veritasinfo.org\/","name":"","description":"","potentialAction":[{"@type":"SearchAction","target":{"@type":"EntryPoint","urlTemplate":"https:\/\/veritasinfo.org\/?s={search_term_string}"},"query-input":{"@type":"PropertyValueSpecification","valueRequired":true,"valueName":"search_term_string"}}],"inLanguage":"en-US"},{"@type":"Person","@id":"https:\/\/veritasinfo.org\/#\/schema\/person\/fe199eede04c3937362892b7444747cc","name":"US6","image":{"@type":"ImageObject","inLanguage":"en-US","@id":"https:\/\/veritasinfo.org\/#\/schema\/person\/image\/","url":"https:\/\/secure.gravatar.com\/avatar\/cb16c3c31c9d23b9b8c705964598220b3014e42ff51eb540ff23cefa3ae8c15f?s=96&d=mm&r=g","contentUrl":"https:\/\/secure.gravatar.com\/avatar\/cb16c3c31c9d23b9b8c705964598220b3014e42ff51eb540ff23cefa3ae8c15f?s=96&d=mm&r=g","caption":"US6"},"url":"https:\/\/veritasinfo.org\/?author=7"}]}},"featured_image_urls":{"full":["https:\/\/veritasinfo.org\/wp-content\/uploads\/2025\/12\/1-13.jpg",799,527,false],"thumbnail":["https:\/\/veritasinfo.org\/wp-content\/uploads\/2025\/12\/1-13-150x150.jpg",150,150,true],"medium":["https:\/\/veritasinfo.org\/wp-content\/uploads\/2025\/12\/1-13-300x198.jpg",300,198,true],"medium_large":["https:\/\/veritasinfo.org\/wp-content\/uploads\/2025\/12\/1-13-768x507.jpg",640,423,true],"large":["https:\/\/veritasinfo.org\/wp-content\/uploads\/2025\/12\/1-13.jpg",640,422,false],"1536x1536":["https:\/\/veritasinfo.org\/wp-content\/uploads\/2025\/12\/1-13.jpg",799,527,false],"2048x2048":["https:\/\/veritasinfo.org\/wp-content\/uploads\/2025\/12\/1-13.jpg",799,527,false],"kreeti-slider-full":["https:\/\/veritasinfo.org\/wp-content\/uploads\/2025\/12\/1-13.jpg",799,527,false],"kreeti-featured":["https:\/\/veritasinfo.org\/wp-content\/uploads\/2025\/12\/1-13.jpg",799,527,false],"kreeti-medium":["https:\/\/veritasinfo.org\/wp-content\/uploads\/2025\/12\/1-13.jpg",720,475,false],"kreeti-medium-square":["https:\/\/veritasinfo.org\/wp-content\/uploads\/2025\/12\/1-13.jpg",350,231,false]},"author_info":{"info":["US6"]},"category_info":"<a href=\"https:\/\/veritasinfo.org\/?cat=58\" rel=\"category\">Politik\u00eb<\/a>","tag_info":"Politik\u00eb","comment_count":"0","_links":{"self":[{"href":"https:\/\/veritasinfo.org\/index.php?rest_route=\/wp\/v2\/posts\/24424","targetHints":{"allow":["GET"]}}],"collection":[{"href":"https:\/\/veritasinfo.org\/index.php?rest_route=\/wp\/v2\/posts"}],"about":[{"href":"https:\/\/veritasinfo.org\/index.php?rest_route=\/wp\/v2\/types\/post"}],"author":[{"embeddable":true,"href":"https:\/\/veritasinfo.org\/index.php?rest_route=\/wp\/v2\/users\/7"}],"replies":[{"embeddable":true,"href":"https:\/\/veritasinfo.org\/index.php?rest_route=%2Fwp%2Fv2%2Fcomments&post=24424"}],"version-history":[{"count":2,"href":"https:\/\/veritasinfo.org\/index.php?rest_route=\/wp\/v2\/posts\/24424\/revisions"}],"predecessor-version":[{"id":24427,"href":"https:\/\/veritasinfo.org\/index.php?rest_route=\/wp\/v2\/posts\/24424\/revisions\/24427"}],"wp:featuredmedia":[{"embeddable":true,"href":"https:\/\/veritasinfo.org\/index.php?rest_route=\/wp\/v2\/media\/24425"}],"wp:attachment":[{"href":"https:\/\/veritasinfo.org\/index.php?rest_route=%2Fwp%2Fv2%2Fmedia&parent=24424"}],"wp:term":[{"taxonomy":"category","embeddable":true,"href":"https:\/\/veritasinfo.org\/index.php?rest_route=%2Fwp%2Fv2%2Fcategories&post=24424"},{"taxonomy":"post_tag","embeddable":true,"href":"https:\/\/veritasinfo.org\/index.php?rest_route=%2Fwp%2Fv2%2Ftags&post=24424"}],"curies":[{"name":"wp","href":"https:\/\/api.w.org\/{rel}","templated":true}]}}