{"id":24335,"date":"2025-12-17T09:29:49","date_gmt":"2025-12-17T08:29:49","guid":{"rendered":"https:\/\/veritasinfo.org\/?p=24335"},"modified":"2025-12-17T09:29:49","modified_gmt":"2025-12-17T08:29:49","slug":"serbia-nuk-do-te-kete-perfaqesues-ne-samitin-e-be-se","status":"publish","type":"post","link":"https:\/\/veritasinfo.org\/?p=24335","title":{"rendered":"Serbia nuk do t\u00eb ket\u00eb p\u00ebrfaq\u00ebsues n\u00eb Samitin e BE-s\u00eb"},"content":{"rendered":"<p>Prishtin\u00eb 17 Dhjetor 2025 09:29<\/p>\n<p>Serbia nuk do t\u00eb ket\u00eb p\u00ebrfaq\u00ebsues n\u00eb Samitin e Bashkimit Evropian \u2013 Ballkanit Per\u00ebndimor n\u00eb Bruksel, q\u00eb do t\u00eb mbahet sot, njoftoi sot presidenti serb Aleksandar Vu\u00e7i\u00e7.<\/p>\n<p>Duke folur n\u00eb RTS, Vu\u00e7i\u00e7 tha se \u201cas ai dhe askush tjet\u00ebr\u201d nuk do t\u00eb shkoj\u00eb n\u00eb Bruksel nes\u00ebr, duke deklaruar se ka folur me shum\u00eb udh\u00ebheq\u00ebs evropian\u00eb dhe se \u00ebsht\u00eb mir\u00ebnjoh\u00ebs p\u00ebr respektin q\u00eb Ursula von der Leyen dhe Antonio Ko\u0161ta i kan\u00eb treguar Serbis\u00eb, raporton nova.rs<\/p>\n<p>\u201cP\u00ebr her\u00eb t\u00eb par\u00eb n\u00eb 13 ose 14 vitet e fundit, as un\u00eb dhe askush tjet\u00ebr nuk do t\u00eb shkojm\u00eb n\u00eb at\u00eb konferenc\u00eb nd\u00ebrqeveritare. Askush nuk do ta p\u00ebrfaq\u00ebsoj\u00eb Republik\u00ebn e Serbis\u00eb, k\u00ebshtu q\u00eb Ballkani Per\u00ebndimor do t\u00eb jet\u00eb pa Republik\u00ebn e Serbis\u00eb\u201d, tha presidenti p\u00ebr RTS.<\/p>\n<p>Sipas tij, ai po e b\u00ebn k\u00ebt\u00eb p\u00ebr hir t\u00eb qytetar\u00ebve t\u00eb Serbis\u00eb, pavar\u00ebsisht faktit se e di q\u00eb kjo do t\u00eb kritikohet n\u00eb Bruksel.<\/p>\n","protected":false},"excerpt":{"rendered":"<p>Prishtin\u00eb 17 Dhjetor 2025 09:29 Serbia nuk do t\u00eb ket\u00eb p\u00ebrfaq\u00ebsues n\u00eb Samitin e Bashkimit Evropian \u2013 Ballkanit Per\u00ebndimor n\u00eb Bruksel, q\u00eb do t\u00eb mbahet<\/p>\n","protected":false},"author":6,"featured_media":24336,"comment_status":"open","ping_status":"open","sticky":false,"template":"","format":"standard","meta":{"footnotes":""},"categories":[58],"tags":[],"class_list":["post-24335","post","type-post","status-publish","format-standard","has-post-thumbnail","hentry","category-politike-sq"],"yoast_head":"<!-- This site is optimized with the Yoast SEO plugin v25.3.1 - https:\/\/yoast.com\/wordpress\/plugins\/seo\/ -->\n<title>Serbia nuk do t\u00eb ket\u00eb p\u00ebrfaq\u00ebsues n\u00eb Samitin e BE-s\u00eb -<\/title>\n<meta name=\"robots\" content=\"index, follow, max-snippet:-1, max-image-preview:large, max-video-preview:-1\" \/>\n<link rel=\"canonical\" href=\"https:\/\/veritasinfo.org\/?p=24335\" \/>\n<meta property=\"og:locale\" content=\"en_US\" \/>\n<meta property=\"og:type\" content=\"article\" \/>\n<meta property=\"og:title\" content=\"Serbia nuk do t\u00eb ket\u00eb p\u00ebrfaq\u00ebsues n\u00eb Samitin e BE-s\u00eb -\" \/>\n<meta property=\"og:description\" content=\"Prishtin\u00eb 17 Dhjetor 2025 09:29 Serbia nuk do t\u00eb ket\u00eb p\u00ebrfaq\u00ebsues n\u00eb Samitin e Bashkimit Evropian \u2013 Ballkanit Per\u00ebndimor n\u00eb Bruksel, q\u00eb do t\u00eb mbahet\" \/>\n<meta property=\"og:url\" content=\"https:\/\/veritasinfo.org\/?p=24335\" \/>\n<meta property=\"article:published_time\" content=\"2025-12-17T08:29:49+00:00\" \/>\n<meta property=\"og:image\" content=\"https:\/\/veritasinfo.org\/wp-content\/uploads\/2025\/12\/IMG_20251217_092831.png\" \/>\n\t<meta property=\"og:image:width\" content=\"857\" \/>\n\t<meta property=\"og:image:height\" content=\"570\" \/>\n\t<meta property=\"og:image:type\" content=\"image\/png\" \/>\n<meta name=\"author\" content=\"US5\" \/>\n<meta name=\"twitter:card\" content=\"summary_large_image\" \/>\n<meta name=\"twitter:label1\" content=\"Written by\" \/>\n\t<meta name=\"twitter:data1\" content=\"US5\" \/>\n<script type=\"application\/ld+json\" class=\"yoast-schema-graph\">{\"@context\":\"https:\/\/schema.org\",\"@graph\":[{\"@type\":\"WebPage\",\"@id\":\"https:\/\/veritasinfo.org\/?p=24335\",\"url\":\"https:\/\/veritasinfo.org\/?p=24335\",\"name\":\"Serbia nuk do t\u00eb ket\u00eb p\u00ebrfaq\u00ebsues n\u00eb Samitin e BE-s\u00eb -\",\"isPartOf\":{\"@id\":\"https:\/\/veritasinfo.org\/#website\"},\"primaryImageOfPage\":{\"@id\":\"https:\/\/veritasinfo.org\/?p=24335#primaryimage\"},\"image\":{\"@id\":\"https:\/\/veritasinfo.org\/?p=24335#primaryimage\"},\"thumbnailUrl\":\"https:\/\/veritasinfo.org\/wp-content\/uploads\/2025\/12\/IMG_20251217_092831.png\",\"datePublished\":\"2025-12-17T08:29:49+00:00\",\"author\":{\"@id\":\"https:\/\/veritasinfo.org\/#\/schema\/person\/bc442336e35414d04494ab8fb45db4c6\"},\"breadcrumb\":{\"@id\":\"https:\/\/veritasinfo.org\/?p=24335#breadcrumb\"},\"inLanguage\":\"en-US\",\"potentialAction\":[{\"@type\":\"ReadAction\",\"target\":[\"https:\/\/veritasinfo.org\/?p=24335\"]}]},{\"@type\":\"ImageObject\",\"inLanguage\":\"en-US\",\"@id\":\"https:\/\/veritasinfo.org\/?p=24335#primaryimage\",\"url\":\"https:\/\/veritasinfo.org\/wp-content\/uploads\/2025\/12\/IMG_20251217_092831.png\",\"contentUrl\":\"https:\/\/veritasinfo.org\/wp-content\/uploads\/2025\/12\/IMG_20251217_092831.png\",\"width\":857,\"height\":570},{\"@type\":\"BreadcrumbList\",\"@id\":\"https:\/\/veritasinfo.org\/?p=24335#breadcrumb\",\"itemListElement\":[{\"@type\":\"ListItem\",\"position\":1,\"name\":\"Home\",\"item\":\"https:\/\/veritasinfo.org\/\"},{\"@type\":\"ListItem\",\"position\":2,\"name\":\"Serbia nuk do t\u00eb ket\u00eb p\u00ebrfaq\u00ebsues n\u00eb Samitin e BE-s\u00eb\"}]},{\"@type\":\"WebSite\",\"@id\":\"https:\/\/veritasinfo.org\/#website\",\"url\":\"https:\/\/veritasinfo.org\/\",\"name\":\"\",\"description\":\"\",\"potentialAction\":[{\"@type\":\"SearchAction\",\"target\":{\"@type\":\"EntryPoint\",\"urlTemplate\":\"https:\/\/veritasinfo.org\/?s={search_term_string}\"},\"query-input\":{\"@type\":\"PropertyValueSpecification\",\"valueRequired\":true,\"valueName\":\"search_term_string\"}}],\"inLanguage\":\"en-US\"},{\"@type\":\"Person\",\"@id\":\"https:\/\/veritasinfo.org\/#\/schema\/person\/bc442336e35414d04494ab8fb45db4c6\",\"name\":\"US5\",\"image\":{\"@type\":\"ImageObject\",\"inLanguage\":\"en-US\",\"@id\":\"https:\/\/veritasinfo.org\/#\/schema\/person\/image\/\",\"url\":\"https:\/\/secure.gravatar.com\/avatar\/16a61e7272a0c5d001121ebb9e60e925d5816e4ac1e443ed3e640d9a6ae55d0c?s=96&d=mm&r=g\",\"contentUrl\":\"https:\/\/secure.gravatar.com\/avatar\/16a61e7272a0c5d001121ebb9e60e925d5816e4ac1e443ed3e640d9a6ae55d0c?s=96&d=mm&r=g\",\"caption\":\"US5\"},\"url\":\"https:\/\/veritasinfo.org\/?author=6\"}]}<\/script>\n<!-- \/ Yoast SEO plugin. -->","yoast_head_json":{"title":"Serbia nuk do t\u00eb ket\u00eb p\u00ebrfaq\u00ebsues n\u00eb Samitin e BE-s\u00eb -","robots":{"index":"index","follow":"follow","max-snippet":"max-snippet:-1","max-image-preview":"max-image-preview:large","max-video-preview":"max-video-preview:-1"},"canonical":"https:\/\/veritasinfo.org\/?p=24335","og_locale":"en_US","og_type":"article","og_title":"Serbia nuk do t\u00eb ket\u00eb p\u00ebrfaq\u00ebsues n\u00eb Samitin e BE-s\u00eb -","og_description":"Prishtin\u00eb 17 Dhjetor 2025 09:29 Serbia nuk do t\u00eb ket\u00eb p\u00ebrfaq\u00ebsues n\u00eb Samitin e Bashkimit Evropian \u2013 Ballkanit Per\u00ebndimor n\u00eb Bruksel, q\u00eb do t\u00eb mbahet","og_url":"https:\/\/veritasinfo.org\/?p=24335","article_published_time":"2025-12-17T08:29:49+00:00","og_image":[{"width":857,"height":570,"url":"https:\/\/veritasinfo.org\/wp-content\/uploads\/2025\/12\/IMG_20251217_092831.png","type":"image\/png"}],"author":"US5","twitter_card":"summary_large_image","twitter_misc":{"Written by":"US5"},"schema":{"@context":"https:\/\/schema.org","@graph":[{"@type":"WebPage","@id":"https:\/\/veritasinfo.org\/?p=24335","url":"https:\/\/veritasinfo.org\/?p=24335","name":"Serbia nuk do t\u00eb ket\u00eb p\u00ebrfaq\u00ebsues n\u00eb Samitin e BE-s\u00eb -","isPartOf":{"@id":"https:\/\/veritasinfo.org\/#website"},"primaryImageOfPage":{"@id":"https:\/\/veritasinfo.org\/?p=24335#primaryimage"},"image":{"@id":"https:\/\/veritasinfo.org\/?p=24335#primaryimage"},"thumbnailUrl":"https:\/\/veritasinfo.org\/wp-content\/uploads\/2025\/12\/IMG_20251217_092831.png","datePublished":"2025-12-17T08:29:49+00:00","author":{"@id":"https:\/\/veritasinfo.org\/#\/schema\/person\/bc442336e35414d04494ab8fb45db4c6"},"breadcrumb":{"@id":"https:\/\/veritasinfo.org\/?p=24335#breadcrumb"},"inLanguage":"en-US","potentialAction":[{"@type":"ReadAction","target":["https:\/\/veritasinfo.org\/?p=24335"]}]},{"@type":"ImageObject","inLanguage":"en-US","@id":"https:\/\/veritasinfo.org\/?p=24335#primaryimage","url":"https:\/\/veritasinfo.org\/wp-content\/uploads\/2025\/12\/IMG_20251217_092831.png","contentUrl":"https:\/\/veritasinfo.org\/wp-content\/uploads\/2025\/12\/IMG_20251217_092831.png","width":857,"height":570},{"@type":"BreadcrumbList","@id":"https:\/\/veritasinfo.org\/?p=24335#breadcrumb","itemListElement":[{"@type":"ListItem","position":1,"name":"Home","item":"https:\/\/veritasinfo.org\/"},{"@type":"ListItem","position":2,"name":"Serbia nuk do t\u00eb ket\u00eb p\u00ebrfaq\u00ebsues n\u00eb Samitin e BE-s\u00eb"}]},{"@type":"WebSite","@id":"https:\/\/veritasinfo.org\/#website","url":"https:\/\/veritasinfo.org\/","name":"","description":"","potentialAction":[{"@type":"SearchAction","target":{"@type":"EntryPoint","urlTemplate":"https:\/\/veritasinfo.org\/?s={search_term_string}"},"query-input":{"@type":"PropertyValueSpecification","valueRequired":true,"valueName":"search_term_string"}}],"inLanguage":"en-US"},{"@type":"Person","@id":"https:\/\/veritasinfo.org\/#\/schema\/person\/bc442336e35414d04494ab8fb45db4c6","name":"US5","image":{"@type":"ImageObject","inLanguage":"en-US","@id":"https:\/\/veritasinfo.org\/#\/schema\/person\/image\/","url":"https:\/\/secure.gravatar.com\/avatar\/16a61e7272a0c5d001121ebb9e60e925d5816e4ac1e443ed3e640d9a6ae55d0c?s=96&d=mm&r=g","contentUrl":"https:\/\/secure.gravatar.com\/avatar\/16a61e7272a0c5d001121ebb9e60e925d5816e4ac1e443ed3e640d9a6ae55d0c?s=96&d=mm&r=g","caption":"US5"},"url":"https:\/\/veritasinfo.org\/?author=6"}]}},"featured_image_urls":{"full":["https:\/\/veritasinfo.org\/wp-content\/uploads\/2025\/12\/IMG_20251217_092831.png",857,570,false],"thumbnail":["https:\/\/veritasinfo.org\/wp-content\/uploads\/2025\/12\/IMG_20251217_092831-150x150.png",150,150,true],"medium":["https:\/\/veritasinfo.org\/wp-content\/uploads\/2025\/12\/IMG_20251217_092831-300x200.png",300,200,true],"medium_large":["https:\/\/veritasinfo.org\/wp-content\/uploads\/2025\/12\/IMG_20251217_092831-768x511.png",640,426,true],"large":["https:\/\/veritasinfo.org\/wp-content\/uploads\/2025\/12\/IMG_20251217_092831.png",640,426,false],"1536x1536":["https:\/\/veritasinfo.org\/wp-content\/uploads\/2025\/12\/IMG_20251217_092831.png",857,570,false],"2048x2048":["https:\/\/veritasinfo.org\/wp-content\/uploads\/2025\/12\/IMG_20251217_092831.png",857,570,false],"kreeti-slider-full":["https:\/\/veritasinfo.org\/wp-content\/uploads\/2025\/12\/IMG_20251217_092831.png",857,570,false],"kreeti-featured":["https:\/\/veritasinfo.org\/wp-content\/uploads\/2025\/12\/IMG_20251217_092831.png",857,570,false],"kreeti-medium":["https:\/\/veritasinfo.org\/wp-content\/uploads\/2025\/12\/IMG_20251217_092831.png",720,479,false],"kreeti-medium-square":["https:\/\/veritasinfo.org\/wp-content\/uploads\/2025\/12\/IMG_20251217_092831.png",350,233,false]},"author_info":{"info":["US5"]},"category_info":"<a href=\"https:\/\/veritasinfo.org\/?cat=58\" rel=\"category\">Politik\u00eb<\/a>","tag_info":"Politik\u00eb","comment_count":"0","_links":{"self":[{"href":"https:\/\/veritasinfo.org\/index.php?rest_route=\/wp\/v2\/posts\/24335","targetHints":{"allow":["GET"]}}],"collection":[{"href":"https:\/\/veritasinfo.org\/index.php?rest_route=\/wp\/v2\/posts"}],"about":[{"href":"https:\/\/veritasinfo.org\/index.php?rest_route=\/wp\/v2\/types\/post"}],"author":[{"embeddable":true,"href":"https:\/\/veritasinfo.org\/index.php?rest_route=\/wp\/v2\/users\/6"}],"replies":[{"embeddable":true,"href":"https:\/\/veritasinfo.org\/index.php?rest_route=%2Fwp%2Fv2%2Fcomments&post=24335"}],"version-history":[{"count":1,"href":"https:\/\/veritasinfo.org\/index.php?rest_route=\/wp\/v2\/posts\/24335\/revisions"}],"predecessor-version":[{"id":24337,"href":"https:\/\/veritasinfo.org\/index.php?rest_route=\/wp\/v2\/posts\/24335\/revisions\/24337"}],"wp:featuredmedia":[{"embeddable":true,"href":"https:\/\/veritasinfo.org\/index.php?rest_route=\/wp\/v2\/media\/24336"}],"wp:attachment":[{"href":"https:\/\/veritasinfo.org\/index.php?rest_route=%2Fwp%2Fv2%2Fmedia&parent=24335"}],"wp:term":[{"taxonomy":"category","embeddable":true,"href":"https:\/\/veritasinfo.org\/index.php?rest_route=%2Fwp%2Fv2%2Fcategories&post=24335"},{"taxonomy":"post_tag","embeddable":true,"href":"https:\/\/veritasinfo.org\/index.php?rest_route=%2Fwp%2Fv2%2Ftags&post=24335"}],"curies":[{"name":"wp","href":"https:\/\/api.w.org\/{rel}","templated":true}]}}