{"id":24306,"date":"2025-12-17T08:21:23","date_gmt":"2025-12-17T07:21:23","guid":{"rendered":"https:\/\/veritasinfo.org\/?p=24306"},"modified":"2025-12-17T08:21:23","modified_gmt":"2025-12-17T07:21:23","slug":"ne-bruksel-mbahet-samiti-be-ballkani-perendimor-osmani-perfaqeson-kosoven-bota-sot","status":"publish","type":"post","link":"https:\/\/veritasinfo.org\/?p=24306","title":{"rendered":"N\u00eb Bruksel mbahet Samiti BE-Ballkani Per\u00ebndimor, Osmani p\u00ebrfaq\u00ebson Kosov\u00ebn &#8211; Bota Sot"},"content":{"rendered":"<p>Prishtin\u00eb 17 Dhjetor 2025 08:19<\/p>\n<p>Udh\u00ebheq\u00ebsit e Bashkimit Evropian dhe t\u00eb Ballkanit Per\u00ebndimor do t\u00eb takohen sot n\u00eb Bruksel. Kosova do t\u00eb p\u00ebrfaq\u00ebsohet nga presidentja Vjosa Osmani.<\/p>\n<p>Takimi do kryesohet nga Presidenti Ant\u00f3nio Costa dhe do t\u00eb sh\u00ebrbej\u00eb si mund\u00ebsi p\u00ebr t\u00eb demonstruar dhe rikonfirmuar fuqin\u00eb e marr\u00ebdh\u00ebnies strategjike BE\u2013Ballkani Per\u00ebndimor dhe p\u00ebrfitimet q\u00eb ajo u sjell qytetar\u00ebve.<\/p>\n<p>Presidenti i K\u00ebshillit Evropian do ta p\u00ebrfaq\u00ebsoj\u00eb BE-n\u00eb n\u00eb samit s\u00eb bashku me Presidentin e Komisionit Evropian. N\u00eb samit do t\u00eb marr\u00eb pjes\u00eb edhe P\u00ebrfaq\u00ebsuesja e Lart\u00eb, Kaja Kallas.<\/p>\n<p>N\u00eb p\u00ebrfundim t\u00eb samitit do t\u00eb miratohet Deklarata e Samitit BE\u2013Ballkani Per\u00ebndimor, me t\u00eb cil\u00ebn pritet q\u00eb partner\u00ebt e Ballkanit Per\u00ebndimor t\u00eb harmonizohen, raporton RTKLive.<\/p>\n<p>Samiti do t\u00eb theksoj\u00eb r\u00ebnd\u00ebsin\u00eb e marr\u00ebdh\u00ebnieve politike dhe ekonomike midis BE-s\u00eb dhe partner\u00ebve t\u00eb Ballkanit Per\u00ebndimor, ve\u00e7an\u00ebrisht n\u00eb kontekstin aktual gjeopolitik dhe nevoj\u00ebn p\u00ebr lidhje edhe m\u00eb t\u00eb forta mes BE-s\u00eb dhe rajonit.<\/p>\n<p>BE-ja do t\u00eb rikonfirmoj\u00eb p\u00ebrkushtimin e plot\u00eb dhe t\u00eb pakusht\u00ebzuar ndaj perspektiv\u00ebs s\u00eb an\u00ebtar\u00ebsimit n\u00eb Bashkimin Evropian p\u00ebr Ballkanin Per\u00ebndimor, si dhe progresin e arritur n\u00eb procesin e zgjerimit, i reflektuar n\u00eb raportin m\u00eb t\u00eb fundit t\u00eb Komisionit Evropian.<\/p>\n<p>Samiti do t\u00eb n\u00ebnvizoj\u00eb r\u00ebnd\u00ebsin\u00eb e progresit konkret n\u00eb reforma, harmonizimin me acquis-in e BE-s\u00eb, bashk\u00ebpunimin rajonal, marr\u00ebdh\u00ebniet e mira fqinj\u00ebsore dhe pajtimin.BE-ja do t\u00eb rikonfirmoj\u00eb p\u00ebrkushtimin e plot\u00eb dhe t\u00eb pakusht\u00ebzuar ndaj perspektiv\u00ebs s\u00eb an\u00ebtar\u00ebsimit n\u00eb Bashkimin Evropian p\u00ebr Ballkanin Per\u00ebndimor, si dhe progresin e arritur n\u00eb procesin e zgjerimit, i reflektuar n\u00eb raportin m\u00eb t\u00eb fundit t\u00eb Komisionit Evropian.<\/p>\n<p>Samiti do t\u00eb n\u00ebnvizoj\u00eb r\u00ebnd\u00ebsin\u00eb e progresit konkret n\u00eb reforma, harmonizimin me acquis-in e BE-s\u00eb, bashk\u00ebpunimin rajonal, marr\u00ebdh\u00ebniet e mira fqinj\u00ebsore dhe pajtimin.<\/p>\n<p>BE-ja \u00ebsht\u00eb e p\u00ebrkushtuar t\u2019i afroj\u00eb partner\u00ebt e Ballkanit Per\u00ebndimor m\u00eb pran\u00eb Bashkimit Evropian gjat\u00eb procesit t\u00eb zgjerimit.<\/p>\n<p>Integrimi i tyre gradual \u00ebsht\u00eb duke u zhvilluar n\u00eb disa fusha t\u00eb politikave, duke p\u00ebrgatitur terrenin p\u00ebr an\u00ebtar\u00ebsim dhe duke sjell\u00eb p\u00ebrfitime konkrete p\u00ebr qytetar\u00ebt.<\/p>\n<p>BE-ja pritet t\u00eb mir\u00ebpres\u00eb progresin konkret n\u00eb integrimin gradual t\u00eb partner\u00ebve t\u00eb Ballkanit Per\u00ebndimor n\u00eb tregun e p\u00ebrbashk\u00ebt t\u00eb BE-s\u00eb, ve\u00e7an\u00ebrisht p\u00ebrmes Planit t\u00eb Rritjes p\u00ebr Ballkanin Per\u00ebndimor.I nisur n\u00eb vitin 2023, Plani i Rritjes synon integrimin e m\u00ebtejsh\u00ebm t\u00eb partner\u00ebve t\u00eb Ballkanit Per\u00ebndimor n\u00eb tregun e p\u00ebrbashk\u00ebt t\u00eb BE-s\u00eb, avancimin e bashk\u00ebpunimit ekonomik rajonal, si dhe nxitjen e reformave t\u00eb nevojshme t\u00eb lidhura me BE-n\u00eb, duke ofruar deri n\u00eb 6 miliard\u00eb euro p\u00ebr reforma dhe investime.<\/p>\n<p>Ky plan ka potencialin t\u00eb p\u00ebrshpejtoj\u00eb rritjen ekonomike n\u00eb rajon gjat\u00eb dekad\u00ebs s\u00eb ardhshme dhe t\u00eb p\u00ebrshpejtoj\u00eb konvergjenc\u00ebn socio-ekonomike mes Ballkanit Per\u00ebndimor dhe BE-s\u00eb, me kusht q\u00eb partner\u00ebt t\u00eb zbatojn\u00eb reformat e k\u00ebrkuara nga BE-ja.<\/p>\n<p>BE-ja \u00ebsht\u00eb partneri kryesor dhe m\u00eb i besuesh\u00ebm i Ballkanit Per\u00ebndimor. Ajo \u00ebsht\u00eb partneri kryesor tregtar i rajonit, investitori dhe donatori m\u00eb i madh.<\/p>\n<p>Udh\u00ebheq\u00ebsit e BE-s\u00eb dhe t\u00eb Ballkanit Per\u00ebndimor jan\u00eb t\u00eb bashkuar n\u00eb mb\u00ebshtetjen dhe solidaritetin e pal\u00ebkundur ndaj Ukrain\u00ebs. BE-ja p\u00ebrsh\u00ebndet ata partner\u00eb t\u00eb Ballkanit Per\u00ebndimor q\u00eb tashm\u00eb jan\u00eb plot\u00ebsisht t\u00eb harmonizuar me Politik\u00ebn e P\u00ebrbashk\u00ebt t\u00eb Jashtme dhe t\u00eb Siguris\u00eb (CFSP) t\u00eb BE-s\u00eb dhe inkurajon harmonizim t\u00eb m\u00ebtejsh\u00ebm nga ata q\u00eb ende nuk e kan\u00eb b\u00ebr\u00eb k\u00ebt\u00eb.Udh\u00ebheq\u00ebsit do t\u00eb diskutojn\u00eb gjithashtu bashk\u00ebpunimin n\u00eb fushat e siguris\u00eb dhe mbrojtjes, si dhe rritjen e q\u00ebndrueshm\u00ebris\u00eb ndaj k\u00ebrc\u00ebnimeve hibride dhe kibernetike, p\u00ebr t\u00eb kund\u00ebrshtuar nd\u00ebrhyrjet e huaja dhe dezinformimin.<\/p>\n<p>BE-ja dhe Ballkani Per\u00ebndimor kan\u00eb p\u00ebrgjegj\u00ebsi t\u00eb p\u00ebrbashk\u00ebt p\u00ebr adresimin e sfidave t\u00eb p\u00ebrbashk\u00ebta. Ata do t\u00eb diskutojn\u00eb veprime dhe p\u00ebrpjekje t\u00eb p\u00ebrbashk\u00ebta n\u00eb fushat ky\u00e7e: menaxhimi i migracionit, politika e vizave, lufta kund\u00ebr trafikimit t\u00eb qenieve njer\u00ebzore, menaxhimi i kufijve, lufta kund\u00ebr korrupsionit, trafikimit t\u00eb drog\u00ebs dhe krimit t\u00eb organizuar dhe parandalimi dhe luftimi i terrorizmit dhe ekstremizmit t\u00eb dhunsh\u00ebm.<\/p>\n<p>Samitet e rregullta BE\u2013Ballkani Per\u00ebndimor mbahen q\u00eb nga viti 2018. Samiti i fundit mes udh\u00ebheq\u00ebsve t\u00eb BE-s\u00eb dhe Ballkanit Per\u00ebndimor u mbajt n\u00eb Bruksel n\u00eb dhjetor 2024. Samiti i radh\u00ebs do t\u00eb mbahet n\u00eb qershor 2026 n\u00eb Mal t\u00eb Zi.<\/p>\n<p>Agjenda;<\/p>\n<p>16:30 \u2013 Mb\u00ebrritjet dhe deklaratat p\u00ebr media<\/p>\n<p>17:30 \u2013 Mir\u00ebseardhja zyrtare <\/p>\n<p>17:55 \u2013 Foto familjare <\/p>\n<p>18:00 \u2013 Sesioni plenar<\/p>\n<p>19:30 \u2013 Konferenc\u00eb p\u00ebr media<\/p>\n<p>20:00 \u2013 Dark\u00eb pune<\/p>\n<p>N\u00eb p\u00ebrfundim t\u00eb sesionit plenar (rreth or\u00ebs 19:30) \u2013 Konferenc\u00eb p\u00ebr media n\u00eb sall\u00ebn e shtypit t\u00eb nd\u00ebrtes\u00ebs Europa, me transmetim t\u00eb drejtp\u00ebrdrejt\u00eb.<\/p>\n","protected":false},"excerpt":{"rendered":"<p>Prishtin\u00eb 17 Dhjetor 2025 08:19 Udh\u00ebheq\u00ebsit e Bashkimit Evropian dhe t\u00eb Ballkanit Per\u00ebndimor do t\u00eb takohen sot n\u00eb Bruksel. Kosova do t\u00eb p\u00ebrfaq\u00ebsohet nga presidentja<\/p>\n","protected":false},"author":6,"featured_media":24307,"comment_status":"open","ping_status":"open","sticky":false,"template":"","format":"standard","meta":{"footnotes":""},"categories":[58],"tags":[],"class_list":["post-24306","post","type-post","status-publish","format-standard","has-post-thumbnail","hentry","category-politike-sq"],"yoast_head":"<!-- This site is optimized with the Yoast SEO plugin v25.3.1 - https:\/\/yoast.com\/wordpress\/plugins\/seo\/ -->\n<title>N\u00eb Bruksel mbahet Samiti BE-Ballkani Per\u00ebndimor, Osmani p\u00ebrfaq\u00ebson Kosov\u00ebn - Bota Sot -<\/title>\n<meta name=\"robots\" content=\"index, follow, max-snippet:-1, max-image-preview:large, max-video-preview:-1\" \/>\n<link rel=\"canonical\" href=\"https:\/\/veritasinfo.org\/?p=24306\" \/>\n<meta property=\"og:locale\" content=\"en_US\" \/>\n<meta property=\"og:type\" content=\"article\" \/>\n<meta property=\"og:title\" content=\"N\u00eb Bruksel mbahet Samiti BE-Ballkani Per\u00ebndimor, Osmani p\u00ebrfaq\u00ebson Kosov\u00ebn - Bota Sot -\" \/>\n<meta property=\"og:description\" content=\"Prishtin\u00eb 17 Dhjetor 2025 08:19 Udh\u00ebheq\u00ebsit e Bashkimit Evropian dhe t\u00eb Ballkanit Per\u00ebndimor do t\u00eb takohen sot n\u00eb Bruksel. Kosova do t\u00eb p\u00ebrfaq\u00ebsohet nga presidentja\" \/>\n<meta property=\"og:url\" content=\"https:\/\/veritasinfo.org\/?p=24306\" \/>\n<meta property=\"article:published_time\" content=\"2025-12-17T07:21:23+00:00\" \/>\n<meta property=\"og:image\" content=\"https:\/\/veritasinfo.org\/wp-content\/uploads\/2025\/12\/auto_712220-Rvx2L4NlLl1765952171.jpeg\" \/>\n\t<meta property=\"og:image:width\" content=\"850\" \/>\n\t<meta property=\"og:image:height\" content=\"545\" \/>\n\t<meta property=\"og:image:type\" content=\"image\/jpeg\" \/>\n<meta name=\"author\" content=\"US5\" \/>\n<meta name=\"twitter:card\" content=\"summary_large_image\" \/>\n<meta name=\"twitter:label1\" content=\"Written by\" \/>\n\t<meta name=\"twitter:data1\" content=\"US5\" \/>\n\t<meta name=\"twitter:label2\" content=\"Est. reading time\" \/>\n\t<meta name=\"twitter:data2\" content=\"1 minute\" \/>\n<script type=\"application\/ld+json\" class=\"yoast-schema-graph\">{\"@context\":\"https:\/\/schema.org\",\"@graph\":[{\"@type\":\"WebPage\",\"@id\":\"https:\/\/veritasinfo.org\/?p=24306\",\"url\":\"https:\/\/veritasinfo.org\/?p=24306\",\"name\":\"N\u00eb Bruksel mbahet Samiti BE-Ballkani Per\u00ebndimor, Osmani p\u00ebrfaq\u00ebson Kosov\u00ebn - Bota Sot -\",\"isPartOf\":{\"@id\":\"https:\/\/veritasinfo.org\/#website\"},\"primaryImageOfPage\":{\"@id\":\"https:\/\/veritasinfo.org\/?p=24306#primaryimage\"},\"image\":{\"@id\":\"https:\/\/veritasinfo.org\/?p=24306#primaryimage\"},\"thumbnailUrl\":\"https:\/\/veritasinfo.org\/wp-content\/uploads\/2025\/12\/auto_712220-Rvx2L4NlLl1765952171.jpeg\",\"datePublished\":\"2025-12-17T07:21:23+00:00\",\"author\":{\"@id\":\"https:\/\/veritasinfo.org\/#\/schema\/person\/bc442336e35414d04494ab8fb45db4c6\"},\"breadcrumb\":{\"@id\":\"https:\/\/veritasinfo.org\/?p=24306#breadcrumb\"},\"inLanguage\":\"en-US\",\"potentialAction\":[{\"@type\":\"ReadAction\",\"target\":[\"https:\/\/veritasinfo.org\/?p=24306\"]}]},{\"@type\":\"ImageObject\",\"inLanguage\":\"en-US\",\"@id\":\"https:\/\/veritasinfo.org\/?p=24306#primaryimage\",\"url\":\"https:\/\/veritasinfo.org\/wp-content\/uploads\/2025\/12\/auto_712220-Rvx2L4NlLl1765952171.jpeg\",\"contentUrl\":\"https:\/\/veritasinfo.org\/wp-content\/uploads\/2025\/12\/auto_712220-Rvx2L4NlLl1765952171.jpeg\",\"width\":850,\"height\":545},{\"@type\":\"BreadcrumbList\",\"@id\":\"https:\/\/veritasinfo.org\/?p=24306#breadcrumb\",\"itemListElement\":[{\"@type\":\"ListItem\",\"position\":1,\"name\":\"Home\",\"item\":\"https:\/\/veritasinfo.org\/\"},{\"@type\":\"ListItem\",\"position\":2,\"name\":\"N\u00eb Bruksel mbahet Samiti BE-Ballkani Per\u00ebndimor, Osmani p\u00ebrfaq\u00ebson Kosov\u00ebn &#8211; Bota Sot\"}]},{\"@type\":\"WebSite\",\"@id\":\"https:\/\/veritasinfo.org\/#website\",\"url\":\"https:\/\/veritasinfo.org\/\",\"name\":\"\",\"description\":\"\",\"potentialAction\":[{\"@type\":\"SearchAction\",\"target\":{\"@type\":\"EntryPoint\",\"urlTemplate\":\"https:\/\/veritasinfo.org\/?s={search_term_string}\"},\"query-input\":{\"@type\":\"PropertyValueSpecification\",\"valueRequired\":true,\"valueName\":\"search_term_string\"}}],\"inLanguage\":\"en-US\"},{\"@type\":\"Person\",\"@id\":\"https:\/\/veritasinfo.org\/#\/schema\/person\/bc442336e35414d04494ab8fb45db4c6\",\"name\":\"US5\",\"image\":{\"@type\":\"ImageObject\",\"inLanguage\":\"en-US\",\"@id\":\"https:\/\/veritasinfo.org\/#\/schema\/person\/image\/\",\"url\":\"https:\/\/secure.gravatar.com\/avatar\/16a61e7272a0c5d001121ebb9e60e925d5816e4ac1e443ed3e640d9a6ae55d0c?s=96&d=mm&r=g\",\"contentUrl\":\"https:\/\/secure.gravatar.com\/avatar\/16a61e7272a0c5d001121ebb9e60e925d5816e4ac1e443ed3e640d9a6ae55d0c?s=96&d=mm&r=g\",\"caption\":\"US5\"},\"url\":\"https:\/\/veritasinfo.org\/?author=6\"}]}<\/script>\n<!-- \/ Yoast SEO plugin. -->","yoast_head_json":{"title":"N\u00eb Bruksel mbahet Samiti BE-Ballkani Per\u00ebndimor, Osmani p\u00ebrfaq\u00ebson Kosov\u00ebn - Bota Sot -","robots":{"index":"index","follow":"follow","max-snippet":"max-snippet:-1","max-image-preview":"max-image-preview:large","max-video-preview":"max-video-preview:-1"},"canonical":"https:\/\/veritasinfo.org\/?p=24306","og_locale":"en_US","og_type":"article","og_title":"N\u00eb Bruksel mbahet Samiti BE-Ballkani Per\u00ebndimor, Osmani p\u00ebrfaq\u00ebson Kosov\u00ebn - Bota Sot -","og_description":"Prishtin\u00eb 17 Dhjetor 2025 08:19 Udh\u00ebheq\u00ebsit e Bashkimit Evropian dhe t\u00eb Ballkanit Per\u00ebndimor do t\u00eb takohen sot n\u00eb Bruksel. Kosova do t\u00eb p\u00ebrfaq\u00ebsohet nga presidentja","og_url":"https:\/\/veritasinfo.org\/?p=24306","article_published_time":"2025-12-17T07:21:23+00:00","og_image":[{"width":850,"height":545,"url":"https:\/\/veritasinfo.org\/wp-content\/uploads\/2025\/12\/auto_712220-Rvx2L4NlLl1765952171.jpeg","type":"image\/jpeg"}],"author":"US5","twitter_card":"summary_large_image","twitter_misc":{"Written by":"US5","Est. reading time":"1 minute"},"schema":{"@context":"https:\/\/schema.org","@graph":[{"@type":"WebPage","@id":"https:\/\/veritasinfo.org\/?p=24306","url":"https:\/\/veritasinfo.org\/?p=24306","name":"N\u00eb Bruksel mbahet Samiti BE-Ballkani Per\u00ebndimor, Osmani p\u00ebrfaq\u00ebson Kosov\u00ebn - Bota Sot -","isPartOf":{"@id":"https:\/\/veritasinfo.org\/#website"},"primaryImageOfPage":{"@id":"https:\/\/veritasinfo.org\/?p=24306#primaryimage"},"image":{"@id":"https:\/\/veritasinfo.org\/?p=24306#primaryimage"},"thumbnailUrl":"https:\/\/veritasinfo.org\/wp-content\/uploads\/2025\/12\/auto_712220-Rvx2L4NlLl1765952171.jpeg","datePublished":"2025-12-17T07:21:23+00:00","author":{"@id":"https:\/\/veritasinfo.org\/#\/schema\/person\/bc442336e35414d04494ab8fb45db4c6"},"breadcrumb":{"@id":"https:\/\/veritasinfo.org\/?p=24306#breadcrumb"},"inLanguage":"en-US","potentialAction":[{"@type":"ReadAction","target":["https:\/\/veritasinfo.org\/?p=24306"]}]},{"@type":"ImageObject","inLanguage":"en-US","@id":"https:\/\/veritasinfo.org\/?p=24306#primaryimage","url":"https:\/\/veritasinfo.org\/wp-content\/uploads\/2025\/12\/auto_712220-Rvx2L4NlLl1765952171.jpeg","contentUrl":"https:\/\/veritasinfo.org\/wp-content\/uploads\/2025\/12\/auto_712220-Rvx2L4NlLl1765952171.jpeg","width":850,"height":545},{"@type":"BreadcrumbList","@id":"https:\/\/veritasinfo.org\/?p=24306#breadcrumb","itemListElement":[{"@type":"ListItem","position":1,"name":"Home","item":"https:\/\/veritasinfo.org\/"},{"@type":"ListItem","position":2,"name":"N\u00eb Bruksel mbahet Samiti BE-Ballkani Per\u00ebndimor, Osmani p\u00ebrfaq\u00ebson Kosov\u00ebn &#8211; Bota Sot"}]},{"@type":"WebSite","@id":"https:\/\/veritasinfo.org\/#website","url":"https:\/\/veritasinfo.org\/","name":"","description":"","potentialAction":[{"@type":"SearchAction","target":{"@type":"EntryPoint","urlTemplate":"https:\/\/veritasinfo.org\/?s={search_term_string}"},"query-input":{"@type":"PropertyValueSpecification","valueRequired":true,"valueName":"search_term_string"}}],"inLanguage":"en-US"},{"@type":"Person","@id":"https:\/\/veritasinfo.org\/#\/schema\/person\/bc442336e35414d04494ab8fb45db4c6","name":"US5","image":{"@type":"ImageObject","inLanguage":"en-US","@id":"https:\/\/veritasinfo.org\/#\/schema\/person\/image\/","url":"https:\/\/secure.gravatar.com\/avatar\/16a61e7272a0c5d001121ebb9e60e925d5816e4ac1e443ed3e640d9a6ae55d0c?s=96&d=mm&r=g","contentUrl":"https:\/\/secure.gravatar.com\/avatar\/16a61e7272a0c5d001121ebb9e60e925d5816e4ac1e443ed3e640d9a6ae55d0c?s=96&d=mm&r=g","caption":"US5"},"url":"https:\/\/veritasinfo.org\/?author=6"}]}},"featured_image_urls":{"full":["https:\/\/veritasinfo.org\/wp-content\/uploads\/2025\/12\/auto_712220-Rvx2L4NlLl1765952171.jpeg",850,545,false],"thumbnail":["https:\/\/veritasinfo.org\/wp-content\/uploads\/2025\/12\/auto_712220-Rvx2L4NlLl1765952171-150x150.jpeg",150,150,true],"medium":["https:\/\/veritasinfo.org\/wp-content\/uploads\/2025\/12\/auto_712220-Rvx2L4NlLl1765952171-300x192.jpeg",300,192,true],"medium_large":["https:\/\/veritasinfo.org\/wp-content\/uploads\/2025\/12\/auto_712220-Rvx2L4NlLl1765952171-768x492.jpeg",640,410,true],"large":["https:\/\/veritasinfo.org\/wp-content\/uploads\/2025\/12\/auto_712220-Rvx2L4NlLl1765952171.jpeg",640,410,false],"1536x1536":["https:\/\/veritasinfo.org\/wp-content\/uploads\/2025\/12\/auto_712220-Rvx2L4NlLl1765952171.jpeg",850,545,false],"2048x2048":["https:\/\/veritasinfo.org\/wp-content\/uploads\/2025\/12\/auto_712220-Rvx2L4NlLl1765952171.jpeg",850,545,false],"kreeti-slider-full":["https:\/\/veritasinfo.org\/wp-content\/uploads\/2025\/12\/auto_712220-Rvx2L4NlLl1765952171.jpeg",850,545,false],"kreeti-featured":["https:\/\/veritasinfo.org\/wp-content\/uploads\/2025\/12\/auto_712220-Rvx2L4NlLl1765952171.jpeg",850,545,false],"kreeti-medium":["https:\/\/veritasinfo.org\/wp-content\/uploads\/2025\/12\/auto_712220-Rvx2L4NlLl1765952171.jpeg",720,462,false],"kreeti-medium-square":["https:\/\/veritasinfo.org\/wp-content\/uploads\/2025\/12\/auto_712220-Rvx2L4NlLl1765952171.jpeg",350,224,false]},"author_info":{"info":["US5"]},"category_info":"<a href=\"https:\/\/veritasinfo.org\/?cat=58\" rel=\"category\">Politik\u00eb<\/a>","tag_info":"Politik\u00eb","comment_count":"0","_links":{"self":[{"href":"https:\/\/veritasinfo.org\/index.php?rest_route=\/wp\/v2\/posts\/24306","targetHints":{"allow":["GET"]}}],"collection":[{"href":"https:\/\/veritasinfo.org\/index.php?rest_route=\/wp\/v2\/posts"}],"about":[{"href":"https:\/\/veritasinfo.org\/index.php?rest_route=\/wp\/v2\/types\/post"}],"author":[{"embeddable":true,"href":"https:\/\/veritasinfo.org\/index.php?rest_route=\/wp\/v2\/users\/6"}],"replies":[{"embeddable":true,"href":"https:\/\/veritasinfo.org\/index.php?rest_route=%2Fwp%2Fv2%2Fcomments&post=24306"}],"version-history":[{"count":1,"href":"https:\/\/veritasinfo.org\/index.php?rest_route=\/wp\/v2\/posts\/24306\/revisions"}],"predecessor-version":[{"id":24308,"href":"https:\/\/veritasinfo.org\/index.php?rest_route=\/wp\/v2\/posts\/24306\/revisions\/24308"}],"wp:featuredmedia":[{"embeddable":true,"href":"https:\/\/veritasinfo.org\/index.php?rest_route=\/wp\/v2\/media\/24307"}],"wp:attachment":[{"href":"https:\/\/veritasinfo.org\/index.php?rest_route=%2Fwp%2Fv2%2Fmedia&parent=24306"}],"wp:term":[{"taxonomy":"category","embeddable":true,"href":"https:\/\/veritasinfo.org\/index.php?rest_route=%2Fwp%2Fv2%2Fcategories&post=24306"},{"taxonomy":"post_tag","embeddable":true,"href":"https:\/\/veritasinfo.org\/index.php?rest_route=%2Fwp%2Fv2%2Ftags&post=24306"}],"curies":[{"name":"wp","href":"https:\/\/api.w.org\/{rel}","templated":true}]}}