{"id":24269,"date":"2025-12-16T19:22:23","date_gmt":"2025-12-16T18:22:23","guid":{"rendered":"https:\/\/veritasinfo.org\/?p=24269"},"modified":"2025-12-16T19:22:23","modified_gmt":"2025-12-16T18:22:23","slug":"be-ja-heq-disa-prej-masave-ndaj-kosoves","status":"publish","type":"post","link":"https:\/\/veritasinfo.org\/?p=24269","title":{"rendered":"BE-ja heq disa prej masave ndaj Kosov\u00ebs"},"content":{"rendered":"<p><strong>Prishtin\u00eb, 16 dhjetor 2025 19:21<\/strong><\/p>\n<p>Bashkimi Evropian ka hequr disa prej masave ndaj Kosov\u00ebs, sipas nj\u00eb letre t\u00eb drejtorit t\u00eb p\u00ebrgjithsh\u00ebm p\u00ebr zgjerim t\u00eb BE-s\u00eb, Gert Jan Koopman, p\u00ebr z\u00ebvend\u00ebskryeministrin n\u00eb detyr\u00eb, Besnik Bislimi.<\/p>\n<p>Sipas letr\u00ebs, mjetet jan\u00eb liruar p\u00ebr kat\u00ebr projekte, dhe si pasoj\u00eb e asaj q\u00eb \u00ebsht\u00eb vler\u00ebsuar si transferim i duhur i pushtetit lokal n\u00eb veri, pas zgjedhjeve t\u00eb tetorit. N\u00eb nj\u00eb shkrim n\u00eb Facebook, Bislimi ka th\u00ebn\u00eb se b\u00ebhet fjal\u00eb p\u00ebr projekte n\u00eb vler\u00eb prej 34.6 milion\u00eb eurosh.<\/p>\n<p>\u201cBazuar n\u00eb k\u00ebto dhe n\u00eb p\u00ebrputhje me komunikimin e Komisionit p\u00ebr Zgjerimin 2025, kam k\u00ebnaq\u00ebsin\u00eb t\u2019ju informoj se Komisioni do t\u00eb heq\u00eb m\u00eb tej disa nga masat e BE-s\u00eb, konkretisht ato q\u00eb lidhen me programin e fondeve t\u00eb BE-s\u00eb dhe kontraktimin e projekteve prioritare\u201d, thuhet n\u00eb let\u00ebr.<\/p>\n<p>E korrespodenti i KOH\u00cbS n\u00eb Bruksel, Augustin Palokaj, ka th\u00ebn\u00eb se kjo \u00ebsht\u00eb d\u00ebshmi q\u00eb Komisioni nuk do t\u2019i heq\u00eb tash masat n\u00eb t\u00ebr\u00ebsi dhe se paralajm\u00ebrimi p\u00ebr heqjen e 50 p\u00ebr qind t\u00eb masave, do t\u00eb b\u00ebhet n\u00eb m\u00ebnyr\u00eb graduale.<\/p>\n<p>\u201cMegjithat\u00eb, mund t\u00eb thuhet se nga sot ka nisur heqja e masave graduale\u201d, ka th\u00ebn\u00eb ai.<\/p>\n<p>Si\u00e7 ka njoftuar Palokaj, disa burime n\u00eb Bruksel kan\u00eb th\u00ebn\u00eb se k\u00ebto mjete jan\u00eb liruar p\u00ebr arsye se mund t\u00eb humbnin shpejt sepse po u skadonte afati p\u00ebr p\u00ebrdorim.<\/p>\n<p>Komisioni po ashtu ka k\u00ebrkuar nga Kosova q\u00eb t\u2019i paraqes\u00eb projektet edhe p\u00ebr p\u00ebrdorimin e fondeve t\u00eb IPA-s, pra t\u00eb paraan\u00ebtar\u00ebsimit p\u00ebr periudh\u00ebn 2026-2027, si dhe se ato duhet t\u00eb miratohen edhe nga Komisioni Evropian e t\u00eb mb\u00ebshteten nga vendet an\u00ebtare.<\/p>\n<p>Palokaj ka th\u00ebn\u00eb se n\u00eb Bruksel ka munges\u00eb t\u00eb transparenc\u00ebs p\u00ebr \u00e7\u00ebshtjen e masave.<\/p>\n<p>Nd\u00ebrkaq Bislimi ka th\u00ebn\u00eb se Qeveria vazhdimisht ka insistuar p\u00ebr heqjen e masave, nd\u00ebrsa ka th\u00ebn\u00eb se hapi pasues duhet t\u00eb jet\u00eb heqja e plot\u00eb e masave.<\/p>\n<p>\u201cNuk ka m\u00eb asnj\u00eb arsye q\u00eb nj\u00eb pjes\u00eb e tyre t\u00eb mbahen n\u00eb fuqi, sidomos pas transferimit t\u00eb pushteti n\u00eb kat\u00ebr komunat n\u00eb veri n\u00eb m\u00ebnyr\u00eb ligjore dhe t\u00eb qet\u00eb\u201d, ka shkruar ai.<\/p>\n<p>Ministrat e vendeve an\u00ebtare t\u00eb Bashkimit Evropian kan\u00eb diskutuar t\u00eb mart\u00ebn n\u00eb Bruksel p\u00ebr procesin e zgjerimit dhe i kan\u00eb miratuar konkluzionet p\u00ebr k\u00ebt\u00eb proces. N\u00eb draftin e konkluzioneve thuhet se K\u00ebshilli p\u00ebrs\u00ebrit konkluzionet nga e kaluara dhe p\u00ebrsh\u00ebndet heqjen e masave t\u00eb mbetura ndaj Kosov\u00ebs, nj\u00eb formulim q\u00eb \u00ebsht\u00eb m\u00eb pozitiv sesa ato t\u00eb m\u00ebparshmet, mir\u00ebpo formulim q\u00eb nuk sqaron deri n\u00eb fund se \u00e7far\u00eb do t\u00eb ndodh\u00eb dhe kur me masat ndaj Kosov\u00ebs.<\/p>\n","protected":false},"excerpt":{"rendered":"<p>Prishtin\u00eb, 16 dhjetor 2025 19:21 Bashkimi Evropian ka hequr disa prej masave ndaj Kosov\u00ebs, sipas nj\u00eb letre t\u00eb drejtorit t\u00eb p\u00ebrgjithsh\u00ebm p\u00ebr zgjerim t\u00eb BE-s\u00eb,<\/p>\n","protected":false},"author":7,"featured_media":24270,"comment_status":"open","ping_status":"open","sticky":false,"template":"","format":"standard","meta":{"footnotes":""},"categories":[58],"tags":[],"class_list":["post-24269","post","type-post","status-publish","format-standard","has-post-thumbnail","hentry","category-politike-sq"],"yoast_head":"<!-- This site is optimized with the Yoast SEO plugin v25.3.1 - https:\/\/yoast.com\/wordpress\/plugins\/seo\/ -->\n<title>BE-ja heq disa prej masave ndaj Kosov\u00ebs -<\/title>\n<meta name=\"robots\" content=\"index, follow, max-snippet:-1, max-image-preview:large, max-video-preview:-1\" \/>\n<link rel=\"canonical\" href=\"https:\/\/veritasinfo.org\/?p=24269\" \/>\n<meta property=\"og:locale\" content=\"en_US\" \/>\n<meta property=\"og:type\" content=\"article\" \/>\n<meta property=\"og:title\" content=\"BE-ja heq disa prej masave ndaj Kosov\u00ebs -\" \/>\n<meta property=\"og:description\" content=\"Prishtin\u00eb, 16 dhjetor 2025 19:21 Bashkimi Evropian ka hequr disa prej masave ndaj Kosov\u00ebs, sipas nj\u00eb letre t\u00eb drejtorit t\u00eb p\u00ebrgjithsh\u00ebm p\u00ebr zgjerim t\u00eb BE-s\u00eb,\" \/>\n<meta property=\"og:url\" content=\"https:\/\/veritasinfo.org\/?p=24269\" \/>\n<meta property=\"article:published_time\" content=\"2025-12-16T18:22:23+00:00\" \/>\n<meta property=\"og:image\" content=\"https:\/\/veritasinfo.org\/wp-content\/uploads\/2025\/12\/Ejup-Maqedoni-4.jpg\" \/>\n\t<meta property=\"og:image:width\" content=\"909\" \/>\n\t<meta property=\"og:image:height\" content=\"480\" \/>\n\t<meta property=\"og:image:type\" content=\"image\/jpeg\" \/>\n<meta name=\"author\" content=\"US6\" \/>\n<meta name=\"twitter:card\" content=\"summary_large_image\" \/>\n<meta name=\"twitter:label1\" content=\"Written by\" \/>\n\t<meta name=\"twitter:data1\" content=\"US6\" \/>\n\t<meta name=\"twitter:label2\" content=\"Est. reading time\" \/>\n\t<meta name=\"twitter:data2\" content=\"2 minutes\" \/>\n<script type=\"application\/ld+json\" class=\"yoast-schema-graph\">{\"@context\":\"https:\/\/schema.org\",\"@graph\":[{\"@type\":\"WebPage\",\"@id\":\"https:\/\/veritasinfo.org\/?p=24269\",\"url\":\"https:\/\/veritasinfo.org\/?p=24269\",\"name\":\"BE-ja heq disa prej masave ndaj Kosov\u00ebs -\",\"isPartOf\":{\"@id\":\"https:\/\/veritasinfo.org\/#website\"},\"primaryImageOfPage\":{\"@id\":\"https:\/\/veritasinfo.org\/?p=24269#primaryimage\"},\"image\":{\"@id\":\"https:\/\/veritasinfo.org\/?p=24269#primaryimage\"},\"thumbnailUrl\":\"https:\/\/veritasinfo.org\/wp-content\/uploads\/2025\/12\/Ejup-Maqedoni-4.jpg\",\"datePublished\":\"2025-12-16T18:22:23+00:00\",\"author\":{\"@id\":\"https:\/\/veritasinfo.org\/#\/schema\/person\/fe199eede04c3937362892b7444747cc\"},\"breadcrumb\":{\"@id\":\"https:\/\/veritasinfo.org\/?p=24269#breadcrumb\"},\"inLanguage\":\"en-US\",\"potentialAction\":[{\"@type\":\"ReadAction\",\"target\":[\"https:\/\/veritasinfo.org\/?p=24269\"]}]},{\"@type\":\"ImageObject\",\"inLanguage\":\"en-US\",\"@id\":\"https:\/\/veritasinfo.org\/?p=24269#primaryimage\",\"url\":\"https:\/\/veritasinfo.org\/wp-content\/uploads\/2025\/12\/Ejup-Maqedoni-4.jpg\",\"contentUrl\":\"https:\/\/veritasinfo.org\/wp-content\/uploads\/2025\/12\/Ejup-Maqedoni-4.jpg\",\"width\":909,\"height\":480},{\"@type\":\"BreadcrumbList\",\"@id\":\"https:\/\/veritasinfo.org\/?p=24269#breadcrumb\",\"itemListElement\":[{\"@type\":\"ListItem\",\"position\":1,\"name\":\"Home\",\"item\":\"https:\/\/veritasinfo.org\/\"},{\"@type\":\"ListItem\",\"position\":2,\"name\":\"BE-ja heq disa prej masave ndaj Kosov\u00ebs\"}]},{\"@type\":\"WebSite\",\"@id\":\"https:\/\/veritasinfo.org\/#website\",\"url\":\"https:\/\/veritasinfo.org\/\",\"name\":\"\",\"description\":\"\",\"potentialAction\":[{\"@type\":\"SearchAction\",\"target\":{\"@type\":\"EntryPoint\",\"urlTemplate\":\"https:\/\/veritasinfo.org\/?s={search_term_string}\"},\"query-input\":{\"@type\":\"PropertyValueSpecification\",\"valueRequired\":true,\"valueName\":\"search_term_string\"}}],\"inLanguage\":\"en-US\"},{\"@type\":\"Person\",\"@id\":\"https:\/\/veritasinfo.org\/#\/schema\/person\/fe199eede04c3937362892b7444747cc\",\"name\":\"US6\",\"image\":{\"@type\":\"ImageObject\",\"inLanguage\":\"en-US\",\"@id\":\"https:\/\/veritasinfo.org\/#\/schema\/person\/image\/\",\"url\":\"https:\/\/secure.gravatar.com\/avatar\/cb16c3c31c9d23b9b8c705964598220b3014e42ff51eb540ff23cefa3ae8c15f?s=96&d=mm&r=g\",\"contentUrl\":\"https:\/\/secure.gravatar.com\/avatar\/cb16c3c31c9d23b9b8c705964598220b3014e42ff51eb540ff23cefa3ae8c15f?s=96&d=mm&r=g\",\"caption\":\"US6\"},\"url\":\"https:\/\/veritasinfo.org\/?author=7\"}]}<\/script>\n<!-- \/ Yoast SEO plugin. -->","yoast_head_json":{"title":"BE-ja heq disa prej masave ndaj Kosov\u00ebs -","robots":{"index":"index","follow":"follow","max-snippet":"max-snippet:-1","max-image-preview":"max-image-preview:large","max-video-preview":"max-video-preview:-1"},"canonical":"https:\/\/veritasinfo.org\/?p=24269","og_locale":"en_US","og_type":"article","og_title":"BE-ja heq disa prej masave ndaj Kosov\u00ebs -","og_description":"Prishtin\u00eb, 16 dhjetor 2025 19:21 Bashkimi Evropian ka hequr disa prej masave ndaj Kosov\u00ebs, sipas nj\u00eb letre t\u00eb drejtorit t\u00eb p\u00ebrgjithsh\u00ebm p\u00ebr zgjerim t\u00eb BE-s\u00eb,","og_url":"https:\/\/veritasinfo.org\/?p=24269","article_published_time":"2025-12-16T18:22:23+00:00","og_image":[{"width":909,"height":480,"url":"https:\/\/veritasinfo.org\/wp-content\/uploads\/2025\/12\/Ejup-Maqedoni-4.jpg","type":"image\/jpeg"}],"author":"US6","twitter_card":"summary_large_image","twitter_misc":{"Written by":"US6","Est. reading time":"2 minutes"},"schema":{"@context":"https:\/\/schema.org","@graph":[{"@type":"WebPage","@id":"https:\/\/veritasinfo.org\/?p=24269","url":"https:\/\/veritasinfo.org\/?p=24269","name":"BE-ja heq disa prej masave ndaj Kosov\u00ebs -","isPartOf":{"@id":"https:\/\/veritasinfo.org\/#website"},"primaryImageOfPage":{"@id":"https:\/\/veritasinfo.org\/?p=24269#primaryimage"},"image":{"@id":"https:\/\/veritasinfo.org\/?p=24269#primaryimage"},"thumbnailUrl":"https:\/\/veritasinfo.org\/wp-content\/uploads\/2025\/12\/Ejup-Maqedoni-4.jpg","datePublished":"2025-12-16T18:22:23+00:00","author":{"@id":"https:\/\/veritasinfo.org\/#\/schema\/person\/fe199eede04c3937362892b7444747cc"},"breadcrumb":{"@id":"https:\/\/veritasinfo.org\/?p=24269#breadcrumb"},"inLanguage":"en-US","potentialAction":[{"@type":"ReadAction","target":["https:\/\/veritasinfo.org\/?p=24269"]}]},{"@type":"ImageObject","inLanguage":"en-US","@id":"https:\/\/veritasinfo.org\/?p=24269#primaryimage","url":"https:\/\/veritasinfo.org\/wp-content\/uploads\/2025\/12\/Ejup-Maqedoni-4.jpg","contentUrl":"https:\/\/veritasinfo.org\/wp-content\/uploads\/2025\/12\/Ejup-Maqedoni-4.jpg","width":909,"height":480},{"@type":"BreadcrumbList","@id":"https:\/\/veritasinfo.org\/?p=24269#breadcrumb","itemListElement":[{"@type":"ListItem","position":1,"name":"Home","item":"https:\/\/veritasinfo.org\/"},{"@type":"ListItem","position":2,"name":"BE-ja heq disa prej masave ndaj Kosov\u00ebs"}]},{"@type":"WebSite","@id":"https:\/\/veritasinfo.org\/#website","url":"https:\/\/veritasinfo.org\/","name":"","description":"","potentialAction":[{"@type":"SearchAction","target":{"@type":"EntryPoint","urlTemplate":"https:\/\/veritasinfo.org\/?s={search_term_string}"},"query-input":{"@type":"PropertyValueSpecification","valueRequired":true,"valueName":"search_term_string"}}],"inLanguage":"en-US"},{"@type":"Person","@id":"https:\/\/veritasinfo.org\/#\/schema\/person\/fe199eede04c3937362892b7444747cc","name":"US6","image":{"@type":"ImageObject","inLanguage":"en-US","@id":"https:\/\/veritasinfo.org\/#\/schema\/person\/image\/","url":"https:\/\/secure.gravatar.com\/avatar\/cb16c3c31c9d23b9b8c705964598220b3014e42ff51eb540ff23cefa3ae8c15f?s=96&d=mm&r=g","contentUrl":"https:\/\/secure.gravatar.com\/avatar\/cb16c3c31c9d23b9b8c705964598220b3014e42ff51eb540ff23cefa3ae8c15f?s=96&d=mm&r=g","caption":"US6"},"url":"https:\/\/veritasinfo.org\/?author=7"}]}},"featured_image_urls":{"full":["https:\/\/veritasinfo.org\/wp-content\/uploads\/2025\/12\/Ejup-Maqedoni-4.jpg",909,480,false],"thumbnail":["https:\/\/veritasinfo.org\/wp-content\/uploads\/2025\/12\/Ejup-Maqedoni-4-150x150.jpg",150,150,true],"medium":["https:\/\/veritasinfo.org\/wp-content\/uploads\/2025\/12\/Ejup-Maqedoni-4-300x158.jpg",300,158,true],"medium_large":["https:\/\/veritasinfo.org\/wp-content\/uploads\/2025\/12\/Ejup-Maqedoni-4-768x406.jpg",640,338,true],"large":["https:\/\/veritasinfo.org\/wp-content\/uploads\/2025\/12\/Ejup-Maqedoni-4.jpg",640,338,false],"1536x1536":["https:\/\/veritasinfo.org\/wp-content\/uploads\/2025\/12\/Ejup-Maqedoni-4.jpg",909,480,false],"2048x2048":["https:\/\/veritasinfo.org\/wp-content\/uploads\/2025\/12\/Ejup-Maqedoni-4.jpg",909,480,false],"kreeti-slider-full":["https:\/\/veritasinfo.org\/wp-content\/uploads\/2025\/12\/Ejup-Maqedoni-4.jpg",909,480,false],"kreeti-featured":["https:\/\/veritasinfo.org\/wp-content\/uploads\/2025\/12\/Ejup-Maqedoni-4.jpg",909,480,false],"kreeti-medium":["https:\/\/veritasinfo.org\/wp-content\/uploads\/2025\/12\/Ejup-Maqedoni-4.jpg",720,380,false],"kreeti-medium-square":["https:\/\/veritasinfo.org\/wp-content\/uploads\/2025\/12\/Ejup-Maqedoni-4.jpg",350,185,false]},"author_info":{"info":["US6"]},"category_info":"<a href=\"https:\/\/veritasinfo.org\/?cat=58\" rel=\"category\">Politik\u00eb<\/a>","tag_info":"Politik\u00eb","comment_count":"0","_links":{"self":[{"href":"https:\/\/veritasinfo.org\/index.php?rest_route=\/wp\/v2\/posts\/24269","targetHints":{"allow":["GET"]}}],"collection":[{"href":"https:\/\/veritasinfo.org\/index.php?rest_route=\/wp\/v2\/posts"}],"about":[{"href":"https:\/\/veritasinfo.org\/index.php?rest_route=\/wp\/v2\/types\/post"}],"author":[{"embeddable":true,"href":"https:\/\/veritasinfo.org\/index.php?rest_route=\/wp\/v2\/users\/7"}],"replies":[{"embeddable":true,"href":"https:\/\/veritasinfo.org\/index.php?rest_route=%2Fwp%2Fv2%2Fcomments&post=24269"}],"version-history":[{"count":1,"href":"https:\/\/veritasinfo.org\/index.php?rest_route=\/wp\/v2\/posts\/24269\/revisions"}],"predecessor-version":[{"id":24271,"href":"https:\/\/veritasinfo.org\/index.php?rest_route=\/wp\/v2\/posts\/24269\/revisions\/24271"}],"wp:featuredmedia":[{"embeddable":true,"href":"https:\/\/veritasinfo.org\/index.php?rest_route=\/wp\/v2\/media\/24270"}],"wp:attachment":[{"href":"https:\/\/veritasinfo.org\/index.php?rest_route=%2Fwp%2Fv2%2Fmedia&parent=24269"}],"wp:term":[{"taxonomy":"category","embeddable":true,"href":"https:\/\/veritasinfo.org\/index.php?rest_route=%2Fwp%2Fv2%2Fcategories&post=24269"},{"taxonomy":"post_tag","embeddable":true,"href":"https:\/\/veritasinfo.org\/index.php?rest_route=%2Fwp%2Fv2%2Ftags&post=24269"}],"curies":[{"name":"wp","href":"https:\/\/api.w.org\/{rel}","templated":true}]}}