{"id":2426,"date":"2025-07-03T17:58:02","date_gmt":"2025-07-03T15:58:02","guid":{"rendered":"https:\/\/veritasinfo.org\/?p=2426"},"modified":"2025-07-03T17:58:02","modified_gmt":"2025-07-03T15:58:02","slug":"nente-te-vdekur-nga-vala-e-te-nxehtit-ne-evrope","status":"publish","type":"post","link":"https:\/\/veritasinfo.org\/?p=2426","title":{"rendered":"N\u00ebnt\u00eb t\u00eb vdekur nga vala e t\u00eb nxehtit n\u00eb Evrop\u00eb"},"content":{"rendered":"<p>03 Korrik 2025<\/p>\n<p>Evropa po p\u00ebrballet me nj\u00eb val\u00eb ekstreme t\u00eb t\u00eb nxehtit q\u00eb ka shkaktuar t\u00eb pakt\u00ebn n\u00ebnt\u00eb viktima deri tani. N\u00eb Itali, ku temperaturat arrit\u00ebn deri n\u00eb 38\u00b0C, jan\u00eb shpallur alarme t\u00eb kuqe n\u00eb 17 qytete, p\u00ebrfshir\u00eb Rom\u00ebn dhe Milanon. Nj\u00eb pun\u00ebtor nd\u00ebrtimi humbi jet\u00ebn n\u00eb Bolonj\u00eb, nd\u00ebrsa viktima t\u00eb tjera jan\u00eb raportuar n\u00eb Sardenj\u00eb dhe Palermo.<\/p>\n<p>N\u00eb Spanj\u00eb, temperaturat kan\u00eb kaluar 45\u00b0C, dhe autoritetet po hetojn\u00eb disa raste vdekjesh t\u00eb dyshuara nga nxeht\u00ebsia n\u00eb Huelva, Barcelona, Extremadura dhe Cordoba. Edhe n\u00eb Franc\u00eb jan\u00eb raportuar dy t\u00eb vdekur dhe qindra t\u00eb shtruar n\u00eb spital. N\u00eb Gjermani, zjarret pyjore kan\u00eb shp\u00ebrthyer n\u00eb disa rajone p\u00ebr shkak t\u00eb temperaturave mbi 40\u00b0C.<\/p>\n<p>Ekspert\u00ebt e sh\u00ebndet\u00ebsis\u00eb paralajm\u00ebrojn\u00eb p\u00ebr rrezikun e madh q\u00eb sjell vala e t\u00eb nxehtit, e cila konsiderohet \u201cvras\u00ebs i heshtur\u201d n\u00eb Evrop\u00eb.<\/p>\n","protected":false},"excerpt":{"rendered":"<p>03 Korrik 2025 Evropa po p\u00ebrballet me nj\u00eb val\u00eb ekstreme t\u00eb t\u00eb nxehtit q\u00eb ka shkaktuar t\u00eb pakt\u00ebn n\u00ebnt\u00eb viktima deri tani. N\u00eb Itali, ku<\/p>\n","protected":false},"author":1,"featured_media":2427,"comment_status":"open","ping_status":"open","sticky":false,"template":"","format":"standard","meta":{"footnotes":""},"categories":[60],"tags":[],"class_list":["post-2426","post","type-post","status-publish","format-standard","has-post-thumbnail","hentry","category-shoqerore-sq"],"yoast_head":"<!-- This site is optimized with the Yoast SEO plugin v25.3.1 - https:\/\/yoast.com\/wordpress\/plugins\/seo\/ -->\n<title>N\u00ebnt\u00eb t\u00eb vdekur nga vala e t\u00eb nxehtit n\u00eb Evrop\u00eb -<\/title>\n<meta name=\"robots\" content=\"index, follow, max-snippet:-1, max-image-preview:large, max-video-preview:-1\" \/>\n<link rel=\"canonical\" href=\"https:\/\/veritasinfo.org\/?p=2426\" \/>\n<meta property=\"og:locale\" content=\"en_US\" \/>\n<meta property=\"og:type\" content=\"article\" \/>\n<meta property=\"og:title\" content=\"N\u00ebnt\u00eb t\u00eb vdekur nga vala e t\u00eb nxehtit n\u00eb Evrop\u00eb -\" \/>\n<meta property=\"og:description\" content=\"03 Korrik 2025 Evropa po p\u00ebrballet me nj\u00eb val\u00eb ekstreme t\u00eb t\u00eb nxehtit q\u00eb ka shkaktuar t\u00eb pakt\u00ebn n\u00ebnt\u00eb viktima deri tani. N\u00eb Itali, ku\" \/>\n<meta property=\"og:url\" content=\"https:\/\/veritasinfo.org\/?p=2426\" \/>\n<meta property=\"article:published_time\" content=\"2025-07-03T15:58:02+00:00\" \/>\n<meta property=\"og:image\" content=\"https:\/\/veritasinfo.org\/wp-content\/uploads\/2025\/07\/736534.webp\" \/>\n\t<meta property=\"og:image:width\" content=\"660\" \/>\n\t<meta property=\"og:image:height\" content=\"440\" \/>\n\t<meta property=\"og:image:type\" content=\"image\/webp\" \/>\n<meta name=\"author\" content=\"admin\" \/>\n<meta name=\"twitter:card\" content=\"summary_large_image\" \/>\n<meta name=\"twitter:label1\" content=\"Written by\" \/>\n\t<meta name=\"twitter:data1\" content=\"admin\" \/>\n\t<meta name=\"twitter:label2\" content=\"Est. reading time\" \/>\n\t<meta name=\"twitter:data2\" content=\"1 minute\" \/>\n<script type=\"application\/ld+json\" class=\"yoast-schema-graph\">{\"@context\":\"https:\/\/schema.org\",\"@graph\":[{\"@type\":\"WebPage\",\"@id\":\"https:\/\/veritasinfo.org\/?p=2426\",\"url\":\"https:\/\/veritasinfo.org\/?p=2426\",\"name\":\"N\u00ebnt\u00eb t\u00eb vdekur nga vala e t\u00eb nxehtit n\u00eb Evrop\u00eb -\",\"isPartOf\":{\"@id\":\"https:\/\/veritasinfo.org\/#website\"},\"primaryImageOfPage\":{\"@id\":\"https:\/\/veritasinfo.org\/?p=2426#primaryimage\"},\"image\":{\"@id\":\"https:\/\/veritasinfo.org\/?p=2426#primaryimage\"},\"thumbnailUrl\":\"https:\/\/veritasinfo.org\/wp-content\/uploads\/2025\/07\/736534.webp\",\"datePublished\":\"2025-07-03T15:58:02+00:00\",\"author\":{\"@id\":\"https:\/\/veritasinfo.org\/#\/schema\/person\/7701f8c088bece422266b100a712374f\"},\"breadcrumb\":{\"@id\":\"https:\/\/veritasinfo.org\/?p=2426#breadcrumb\"},\"inLanguage\":\"en-US\",\"potentialAction\":[{\"@type\":\"ReadAction\",\"target\":[\"https:\/\/veritasinfo.org\/?p=2426\"]}]},{\"@type\":\"ImageObject\",\"inLanguage\":\"en-US\",\"@id\":\"https:\/\/veritasinfo.org\/?p=2426#primaryimage\",\"url\":\"https:\/\/veritasinfo.org\/wp-content\/uploads\/2025\/07\/736534.webp\",\"contentUrl\":\"https:\/\/veritasinfo.org\/wp-content\/uploads\/2025\/07\/736534.webp\",\"width\":660,\"height\":440},{\"@type\":\"BreadcrumbList\",\"@id\":\"https:\/\/veritasinfo.org\/?p=2426#breadcrumb\",\"itemListElement\":[{\"@type\":\"ListItem\",\"position\":1,\"name\":\"Home\",\"item\":\"https:\/\/veritasinfo.org\/\"},{\"@type\":\"ListItem\",\"position\":2,\"name\":\"N\u00ebnt\u00eb t\u00eb vdekur nga vala e t\u00eb nxehtit n\u00eb Evrop\u00eb\"}]},{\"@type\":\"WebSite\",\"@id\":\"https:\/\/veritasinfo.org\/#website\",\"url\":\"https:\/\/veritasinfo.org\/\",\"name\":\"\",\"description\":\"\",\"potentialAction\":[{\"@type\":\"SearchAction\",\"target\":{\"@type\":\"EntryPoint\",\"urlTemplate\":\"https:\/\/veritasinfo.org\/?s={search_term_string}\"},\"query-input\":{\"@type\":\"PropertyValueSpecification\",\"valueRequired\":true,\"valueName\":\"search_term_string\"}}],\"inLanguage\":\"en-US\"},{\"@type\":\"Person\",\"@id\":\"https:\/\/veritasinfo.org\/#\/schema\/person\/7701f8c088bece422266b100a712374f\",\"name\":\"admin\",\"image\":{\"@type\":\"ImageObject\",\"inLanguage\":\"en-US\",\"@id\":\"https:\/\/veritasinfo.org\/#\/schema\/person\/image\/\",\"url\":\"https:\/\/secure.gravatar.com\/avatar\/ea53aa3bf6c9a12d5fde8ce4deff43fef3885ae33cf60184161a50d6987cfd2f?s=96&d=mm&r=g\",\"contentUrl\":\"https:\/\/secure.gravatar.com\/avatar\/ea53aa3bf6c9a12d5fde8ce4deff43fef3885ae33cf60184161a50d6987cfd2f?s=96&d=mm&r=g\",\"caption\":\"admin\"},\"sameAs\":[\"https:\/\/veritasinfo.org\"],\"url\":\"https:\/\/veritasinfo.org\/?author=1\"}]}<\/script>\n<!-- \/ Yoast SEO plugin. -->","yoast_head_json":{"title":"N\u00ebnt\u00eb t\u00eb vdekur nga vala e t\u00eb nxehtit n\u00eb Evrop\u00eb -","robots":{"index":"index","follow":"follow","max-snippet":"max-snippet:-1","max-image-preview":"max-image-preview:large","max-video-preview":"max-video-preview:-1"},"canonical":"https:\/\/veritasinfo.org\/?p=2426","og_locale":"en_US","og_type":"article","og_title":"N\u00ebnt\u00eb t\u00eb vdekur nga vala e t\u00eb nxehtit n\u00eb Evrop\u00eb -","og_description":"03 Korrik 2025 Evropa po p\u00ebrballet me nj\u00eb val\u00eb ekstreme t\u00eb t\u00eb nxehtit q\u00eb ka shkaktuar t\u00eb pakt\u00ebn n\u00ebnt\u00eb viktima deri tani. N\u00eb Itali, ku","og_url":"https:\/\/veritasinfo.org\/?p=2426","article_published_time":"2025-07-03T15:58:02+00:00","og_image":[{"width":660,"height":440,"url":"https:\/\/veritasinfo.org\/wp-content\/uploads\/2025\/07\/736534.webp","type":"image\/webp"}],"author":"admin","twitter_card":"summary_large_image","twitter_misc":{"Written by":"admin","Est. reading time":"1 minute"},"schema":{"@context":"https:\/\/schema.org","@graph":[{"@type":"WebPage","@id":"https:\/\/veritasinfo.org\/?p=2426","url":"https:\/\/veritasinfo.org\/?p=2426","name":"N\u00ebnt\u00eb t\u00eb vdekur nga vala e t\u00eb nxehtit n\u00eb Evrop\u00eb -","isPartOf":{"@id":"https:\/\/veritasinfo.org\/#website"},"primaryImageOfPage":{"@id":"https:\/\/veritasinfo.org\/?p=2426#primaryimage"},"image":{"@id":"https:\/\/veritasinfo.org\/?p=2426#primaryimage"},"thumbnailUrl":"https:\/\/veritasinfo.org\/wp-content\/uploads\/2025\/07\/736534.webp","datePublished":"2025-07-03T15:58:02+00:00","author":{"@id":"https:\/\/veritasinfo.org\/#\/schema\/person\/7701f8c088bece422266b100a712374f"},"breadcrumb":{"@id":"https:\/\/veritasinfo.org\/?p=2426#breadcrumb"},"inLanguage":"en-US","potentialAction":[{"@type":"ReadAction","target":["https:\/\/veritasinfo.org\/?p=2426"]}]},{"@type":"ImageObject","inLanguage":"en-US","@id":"https:\/\/veritasinfo.org\/?p=2426#primaryimage","url":"https:\/\/veritasinfo.org\/wp-content\/uploads\/2025\/07\/736534.webp","contentUrl":"https:\/\/veritasinfo.org\/wp-content\/uploads\/2025\/07\/736534.webp","width":660,"height":440},{"@type":"BreadcrumbList","@id":"https:\/\/veritasinfo.org\/?p=2426#breadcrumb","itemListElement":[{"@type":"ListItem","position":1,"name":"Home","item":"https:\/\/veritasinfo.org\/"},{"@type":"ListItem","position":2,"name":"N\u00ebnt\u00eb t\u00eb vdekur nga vala e t\u00eb nxehtit n\u00eb Evrop\u00eb"}]},{"@type":"WebSite","@id":"https:\/\/veritasinfo.org\/#website","url":"https:\/\/veritasinfo.org\/","name":"","description":"","potentialAction":[{"@type":"SearchAction","target":{"@type":"EntryPoint","urlTemplate":"https:\/\/veritasinfo.org\/?s={search_term_string}"},"query-input":{"@type":"PropertyValueSpecification","valueRequired":true,"valueName":"search_term_string"}}],"inLanguage":"en-US"},{"@type":"Person","@id":"https:\/\/veritasinfo.org\/#\/schema\/person\/7701f8c088bece422266b100a712374f","name":"admin","image":{"@type":"ImageObject","inLanguage":"en-US","@id":"https:\/\/veritasinfo.org\/#\/schema\/person\/image\/","url":"https:\/\/secure.gravatar.com\/avatar\/ea53aa3bf6c9a12d5fde8ce4deff43fef3885ae33cf60184161a50d6987cfd2f?s=96&d=mm&r=g","contentUrl":"https:\/\/secure.gravatar.com\/avatar\/ea53aa3bf6c9a12d5fde8ce4deff43fef3885ae33cf60184161a50d6987cfd2f?s=96&d=mm&r=g","caption":"admin"},"sameAs":["https:\/\/veritasinfo.org"],"url":"https:\/\/veritasinfo.org\/?author=1"}]}},"featured_image_urls":{"full":["https:\/\/veritasinfo.org\/wp-content\/uploads\/2025\/07\/736534.webp",660,440,false],"thumbnail":["https:\/\/veritasinfo.org\/wp-content\/uploads\/2025\/07\/736534-150x150.webp",150,150,true],"medium":["https:\/\/veritasinfo.org\/wp-content\/uploads\/2025\/07\/736534-300x200.webp",300,200,true],"medium_large":["https:\/\/veritasinfo.org\/wp-content\/uploads\/2025\/07\/736534.webp",640,427,false],"large":["https:\/\/veritasinfo.org\/wp-content\/uploads\/2025\/07\/736534.webp",640,427,false],"1536x1536":["https:\/\/veritasinfo.org\/wp-content\/uploads\/2025\/07\/736534.webp",660,440,false],"2048x2048":["https:\/\/veritasinfo.org\/wp-content\/uploads\/2025\/07\/736534.webp",660,440,false],"kreeti-slider-full":["https:\/\/veritasinfo.org\/wp-content\/uploads\/2025\/07\/736534.webp",660,440,false],"kreeti-featured":["https:\/\/veritasinfo.org\/wp-content\/uploads\/2025\/07\/736534.webp",660,440,false],"kreeti-medium":["https:\/\/veritasinfo.org\/wp-content\/uploads\/2025\/07\/736534.webp",660,440,false],"kreeti-medium-square":["https:\/\/veritasinfo.org\/wp-content\/uploads\/2025\/07\/736534.webp",350,233,false]},"author_info":{"info":["admin"]},"category_info":"<a href=\"https:\/\/veritasinfo.org\/?cat=60\" rel=\"category\">Shoq\u00ebrore<\/a>","tag_info":"Shoq\u00ebrore","comment_count":"0","_links":{"self":[{"href":"https:\/\/veritasinfo.org\/index.php?rest_route=\/wp\/v2\/posts\/2426","targetHints":{"allow":["GET"]}}],"collection":[{"href":"https:\/\/veritasinfo.org\/index.php?rest_route=\/wp\/v2\/posts"}],"about":[{"href":"https:\/\/veritasinfo.org\/index.php?rest_route=\/wp\/v2\/types\/post"}],"author":[{"embeddable":true,"href":"https:\/\/veritasinfo.org\/index.php?rest_route=\/wp\/v2\/users\/1"}],"replies":[{"embeddable":true,"href":"https:\/\/veritasinfo.org\/index.php?rest_route=%2Fwp%2Fv2%2Fcomments&post=2426"}],"version-history":[{"count":1,"href":"https:\/\/veritasinfo.org\/index.php?rest_route=\/wp\/v2\/posts\/2426\/revisions"}],"predecessor-version":[{"id":2428,"href":"https:\/\/veritasinfo.org\/index.php?rest_route=\/wp\/v2\/posts\/2426\/revisions\/2428"}],"wp:featuredmedia":[{"embeddable":true,"href":"https:\/\/veritasinfo.org\/index.php?rest_route=\/wp\/v2\/media\/2427"}],"wp:attachment":[{"href":"https:\/\/veritasinfo.org\/index.php?rest_route=%2Fwp%2Fv2%2Fmedia&parent=2426"}],"wp:term":[{"taxonomy":"category","embeddable":true,"href":"https:\/\/veritasinfo.org\/index.php?rest_route=%2Fwp%2Fv2%2Fcategories&post=2426"},{"taxonomy":"post_tag","embeddable":true,"href":"https:\/\/veritasinfo.org\/index.php?rest_route=%2Fwp%2Fv2%2Ftags&post=2426"}],"curies":[{"name":"wp","href":"https:\/\/api.w.org\/{rel}","templated":true}]}}