{"id":24226,"date":"2025-12-16T14:29:45","date_gmt":"2025-12-16T13:29:45","guid":{"rendered":"https:\/\/veritasinfo.org\/?p=24226"},"modified":"2025-12-16T14:29:45","modified_gmt":"2025-12-16T13:29:45","slug":"gazeta-e-pavarur-serbe-shkruan-per-pasivizimin-e-adresave-diskriminimin-dhe-gjuhen-e-urrejtjes-ndaj-shqiptareve-ne-lugine","status":"publish","type":"post","link":"https:\/\/veritasinfo.org\/?p=24226","title":{"rendered":"Gazeta e pavarur serbe shkruan p\u00ebr pasivizimin e adresave, diskriminimin dhe gjuh\u00ebn e urrejtjes ndaj shqiptar\u00ebve n\u00eb Lugin\u00eb"},"content":{"rendered":"<p>Prishtin\u00eb 16 Dhjetor 2025. 14:28<\/p>\n<p>Gazeta e pavarur serbe \u201cVreme\u201d, e njohur p\u00ebr qasje liberale dhe anti-pushtetare n\u00eb Serbi, ka shkruar p\u00ebr diskriminimin e r\u00ebnd\u00eb t\u00eb shqiptar\u00ebve n\u00eb Lugin\u00eb t\u00eb Preshev\u00ebs.<\/p>\n<p>Prej pasivizimit t\u00eb adrsave, mosnjohjes s\u00eb diplomave universitare e deri te gjuha e urrejtjes q\u00eb jan\u00eb cak shqiptar\u00ebt.<\/p>\n<p>\u201cProblemi \u00ebsht\u00eb se policia kontrollon tri her\u00eb n\u00ebse dikush \u00ebsht\u00eb n\u00eb nj\u00eb adres\u00eb, k\u00ebshtu q\u00eb n\u00ebse nuk e gjen n\u00eb at\u00eb adres\u00eb, at\u00ebher\u00eb e fshin nga regjistri. Dhe nj\u00eb njeri, p\u00ebr shembull, mund t\u00eb jet\u00eb jasht\u00eb shtetit p\u00ebr nj\u00eb muaj. Komuniteti serb nuk e ka k\u00ebt\u00eb problem. Un\u00eb njoh serb\u00eb q\u00eb punojn\u00eb n\u00eb Beograd ose Nish\u00eb, k\u00ebshtu q\u00eb ata nuk fshihen nga regjistri. K\u00ebshtu, \u00ebsht\u00eb nj\u00eb praktik\u00eb selektive n\u00eb lidhje me an\u00ebtar\u00ebt e komunitetit shqiptar\u201c, shpjegon nj\u00eb bashk\u00ebbisedues i Vreme-s.<\/p>\n<p>Rezultatet e regjistrimit t\u00eb vitit 2022 regjistruan se n\u00eb Serbi ka gjithsej 61,687 shqiptar\u00eb, sipas t\u00eb dh\u00ebnave nga Zyra e Statistikave t\u00eb Republik\u00ebs (RSO).<\/p>\n<p>Kjo \u00ebsht\u00eb duksh\u00ebm m\u00eb shum\u00eb se regjistrimi i kryer n\u00eb vitin 2011, kur rezultati ishte 5,809 banor\u00eb p\u00ebr shkak t\u00eb bojkotit t\u00eb shumic\u00ebs s\u00eb an\u00ebtar\u00ebve t\u00eb komunitetit komb\u00ebtar shqiptar.<\/p>\n<p>Sipas regjistrimit t\u00eb fundit, komuniteti shqiptar \u00ebsht\u00eb m\u00eb i p\u00ebrfaq\u00ebsuar n\u00eb Preshev\u00eb, 31,340 nga 33,449 banor\u00eb n\u00eb at\u00eb komun\u00eb, dhe n\u00eb Bujanoc, 25,465 nga 41,068 banor\u00eb.<\/p>\n<p>N\u00eb total, n\u00eb rajonin e Serbis\u00eb Jugore dhe Lindore, komuniteti shqiptar, sipas t\u00eb dh\u00ebnave zyrtare, ka 58,145 banor\u00eb, sipas t\u00eb dh\u00ebnave nga RSO.<\/p>\n","protected":false},"excerpt":{"rendered":"<p>Prishtin\u00eb 16 Dhjetor 2025. 14:28 Gazeta e pavarur serbe \u201cVreme\u201d, e njohur p\u00ebr qasje liberale dhe anti-pushtetare n\u00eb Serbi, ka shkruar p\u00ebr diskriminimin e r\u00ebnd\u00eb<\/p>\n","protected":false},"author":6,"featured_media":24227,"comment_status":"open","ping_status":"open","sticky":false,"template":"","format":"standard","meta":{"footnotes":""},"categories":[58],"tags":[],"class_list":["post-24226","post","type-post","status-publish","format-standard","has-post-thumbnail","hentry","category-politike-sq"],"yoast_head":"<!-- This site is optimized with the Yoast SEO plugin v25.3.1 - https:\/\/yoast.com\/wordpress\/plugins\/seo\/ -->\n<title>Gazeta e pavarur serbe shkruan p\u00ebr pasivizimin e adresave, diskriminimin dhe gjuh\u00ebn e urrejtjes ndaj shqiptar\u00ebve n\u00eb Lugin\u00eb -<\/title>\n<meta name=\"robots\" content=\"index, follow, max-snippet:-1, max-image-preview:large, max-video-preview:-1\" \/>\n<link rel=\"canonical\" href=\"https:\/\/veritasinfo.org\/?p=24226\" \/>\n<meta property=\"og:locale\" content=\"en_US\" \/>\n<meta property=\"og:type\" content=\"article\" \/>\n<meta property=\"og:title\" content=\"Gazeta e pavarur serbe shkruan p\u00ebr pasivizimin e adresave, diskriminimin dhe gjuh\u00ebn e urrejtjes ndaj shqiptar\u00ebve n\u00eb Lugin\u00eb -\" \/>\n<meta property=\"og:description\" content=\"Prishtin\u00eb 16 Dhjetor 2025. 14:28 Gazeta e pavarur serbe \u201cVreme\u201d, e njohur p\u00ebr qasje liberale dhe anti-pushtetare n\u00eb Serbi, ka shkruar p\u00ebr diskriminimin e r\u00ebnd\u00eb\" \/>\n<meta property=\"og:url\" content=\"https:\/\/veritasinfo.org\/?p=24226\" \/>\n<meta property=\"article:published_time\" content=\"2025-12-16T13:29:45+00:00\" \/>\n<meta property=\"og:image\" content=\"https:\/\/veritasinfo.org\/wp-content\/uploads\/2025\/12\/auto_auto_auto_auto_lugina51698055820173222448617475487211765877562.jpg\" \/>\n\t<meta property=\"og:image:width\" content=\"900\" \/>\n\t<meta property=\"og:image:height\" content=\"654\" \/>\n\t<meta property=\"og:image:type\" content=\"image\/jpeg\" \/>\n<meta name=\"author\" content=\"US5\" \/>\n<meta name=\"twitter:card\" content=\"summary_large_image\" \/>\n<meta name=\"twitter:label1\" content=\"Written by\" \/>\n\t<meta name=\"twitter:data1\" content=\"US5\" \/>\n<script type=\"application\/ld+json\" class=\"yoast-schema-graph\">{\"@context\":\"https:\/\/schema.org\",\"@graph\":[{\"@type\":\"WebPage\",\"@id\":\"https:\/\/veritasinfo.org\/?p=24226\",\"url\":\"https:\/\/veritasinfo.org\/?p=24226\",\"name\":\"Gazeta e pavarur serbe shkruan p\u00ebr pasivizimin e adresave, diskriminimin dhe gjuh\u00ebn e urrejtjes ndaj shqiptar\u00ebve n\u00eb Lugin\u00eb -\",\"isPartOf\":{\"@id\":\"https:\/\/veritasinfo.org\/#website\"},\"primaryImageOfPage\":{\"@id\":\"https:\/\/veritasinfo.org\/?p=24226#primaryimage\"},\"image\":{\"@id\":\"https:\/\/veritasinfo.org\/?p=24226#primaryimage\"},\"thumbnailUrl\":\"https:\/\/veritasinfo.org\/wp-content\/uploads\/2025\/12\/auto_auto_auto_auto_lugina51698055820173222448617475487211765877562.jpg\",\"datePublished\":\"2025-12-16T13:29:45+00:00\",\"author\":{\"@id\":\"https:\/\/veritasinfo.org\/#\/schema\/person\/bc442336e35414d04494ab8fb45db4c6\"},\"breadcrumb\":{\"@id\":\"https:\/\/veritasinfo.org\/?p=24226#breadcrumb\"},\"inLanguage\":\"en-US\",\"potentialAction\":[{\"@type\":\"ReadAction\",\"target\":[\"https:\/\/veritasinfo.org\/?p=24226\"]}]},{\"@type\":\"ImageObject\",\"inLanguage\":\"en-US\",\"@id\":\"https:\/\/veritasinfo.org\/?p=24226#primaryimage\",\"url\":\"https:\/\/veritasinfo.org\/wp-content\/uploads\/2025\/12\/auto_auto_auto_auto_lugina51698055820173222448617475487211765877562.jpg\",\"contentUrl\":\"https:\/\/veritasinfo.org\/wp-content\/uploads\/2025\/12\/auto_auto_auto_auto_lugina51698055820173222448617475487211765877562.jpg\",\"width\":900,\"height\":654},{\"@type\":\"BreadcrumbList\",\"@id\":\"https:\/\/veritasinfo.org\/?p=24226#breadcrumb\",\"itemListElement\":[{\"@type\":\"ListItem\",\"position\":1,\"name\":\"Home\",\"item\":\"https:\/\/veritasinfo.org\/\"},{\"@type\":\"ListItem\",\"position\":2,\"name\":\"Gazeta e pavarur serbe shkruan p\u00ebr pasivizimin e adresave, diskriminimin dhe gjuh\u00ebn e urrejtjes ndaj shqiptar\u00ebve n\u00eb Lugin\u00eb\"}]},{\"@type\":\"WebSite\",\"@id\":\"https:\/\/veritasinfo.org\/#website\",\"url\":\"https:\/\/veritasinfo.org\/\",\"name\":\"\",\"description\":\"\",\"potentialAction\":[{\"@type\":\"SearchAction\",\"target\":{\"@type\":\"EntryPoint\",\"urlTemplate\":\"https:\/\/veritasinfo.org\/?s={search_term_string}\"},\"query-input\":{\"@type\":\"PropertyValueSpecification\",\"valueRequired\":true,\"valueName\":\"search_term_string\"}}],\"inLanguage\":\"en-US\"},{\"@type\":\"Person\",\"@id\":\"https:\/\/veritasinfo.org\/#\/schema\/person\/bc442336e35414d04494ab8fb45db4c6\",\"name\":\"US5\",\"image\":{\"@type\":\"ImageObject\",\"inLanguage\":\"en-US\",\"@id\":\"https:\/\/veritasinfo.org\/#\/schema\/person\/image\/\",\"url\":\"https:\/\/secure.gravatar.com\/avatar\/16a61e7272a0c5d001121ebb9e60e925d5816e4ac1e443ed3e640d9a6ae55d0c?s=96&d=mm&r=g\",\"contentUrl\":\"https:\/\/secure.gravatar.com\/avatar\/16a61e7272a0c5d001121ebb9e60e925d5816e4ac1e443ed3e640d9a6ae55d0c?s=96&d=mm&r=g\",\"caption\":\"US5\"},\"url\":\"https:\/\/veritasinfo.org\/?author=6\"}]}<\/script>\n<!-- \/ Yoast SEO plugin. -->","yoast_head_json":{"title":"Gazeta e pavarur serbe shkruan p\u00ebr pasivizimin e adresave, diskriminimin dhe gjuh\u00ebn e urrejtjes ndaj shqiptar\u00ebve n\u00eb Lugin\u00eb -","robots":{"index":"index","follow":"follow","max-snippet":"max-snippet:-1","max-image-preview":"max-image-preview:large","max-video-preview":"max-video-preview:-1"},"canonical":"https:\/\/veritasinfo.org\/?p=24226","og_locale":"en_US","og_type":"article","og_title":"Gazeta e pavarur serbe shkruan p\u00ebr pasivizimin e adresave, diskriminimin dhe gjuh\u00ebn e urrejtjes ndaj shqiptar\u00ebve n\u00eb Lugin\u00eb -","og_description":"Prishtin\u00eb 16 Dhjetor 2025. 14:28 Gazeta e pavarur serbe \u201cVreme\u201d, e njohur p\u00ebr qasje liberale dhe anti-pushtetare n\u00eb Serbi, ka shkruar p\u00ebr diskriminimin e r\u00ebnd\u00eb","og_url":"https:\/\/veritasinfo.org\/?p=24226","article_published_time":"2025-12-16T13:29:45+00:00","og_image":[{"width":900,"height":654,"url":"https:\/\/veritasinfo.org\/wp-content\/uploads\/2025\/12\/auto_auto_auto_auto_lugina51698055820173222448617475487211765877562.jpg","type":"image\/jpeg"}],"author":"US5","twitter_card":"summary_large_image","twitter_misc":{"Written by":"US5"},"schema":{"@context":"https:\/\/schema.org","@graph":[{"@type":"WebPage","@id":"https:\/\/veritasinfo.org\/?p=24226","url":"https:\/\/veritasinfo.org\/?p=24226","name":"Gazeta e pavarur serbe shkruan p\u00ebr pasivizimin e adresave, diskriminimin dhe gjuh\u00ebn e urrejtjes ndaj shqiptar\u00ebve n\u00eb Lugin\u00eb -","isPartOf":{"@id":"https:\/\/veritasinfo.org\/#website"},"primaryImageOfPage":{"@id":"https:\/\/veritasinfo.org\/?p=24226#primaryimage"},"image":{"@id":"https:\/\/veritasinfo.org\/?p=24226#primaryimage"},"thumbnailUrl":"https:\/\/veritasinfo.org\/wp-content\/uploads\/2025\/12\/auto_auto_auto_auto_lugina51698055820173222448617475487211765877562.jpg","datePublished":"2025-12-16T13:29:45+00:00","author":{"@id":"https:\/\/veritasinfo.org\/#\/schema\/person\/bc442336e35414d04494ab8fb45db4c6"},"breadcrumb":{"@id":"https:\/\/veritasinfo.org\/?p=24226#breadcrumb"},"inLanguage":"en-US","potentialAction":[{"@type":"ReadAction","target":["https:\/\/veritasinfo.org\/?p=24226"]}]},{"@type":"ImageObject","inLanguage":"en-US","@id":"https:\/\/veritasinfo.org\/?p=24226#primaryimage","url":"https:\/\/veritasinfo.org\/wp-content\/uploads\/2025\/12\/auto_auto_auto_auto_lugina51698055820173222448617475487211765877562.jpg","contentUrl":"https:\/\/veritasinfo.org\/wp-content\/uploads\/2025\/12\/auto_auto_auto_auto_lugina51698055820173222448617475487211765877562.jpg","width":900,"height":654},{"@type":"BreadcrumbList","@id":"https:\/\/veritasinfo.org\/?p=24226#breadcrumb","itemListElement":[{"@type":"ListItem","position":1,"name":"Home","item":"https:\/\/veritasinfo.org\/"},{"@type":"ListItem","position":2,"name":"Gazeta e pavarur serbe shkruan p\u00ebr pasivizimin e adresave, diskriminimin dhe gjuh\u00ebn e urrejtjes ndaj shqiptar\u00ebve n\u00eb Lugin\u00eb"}]},{"@type":"WebSite","@id":"https:\/\/veritasinfo.org\/#website","url":"https:\/\/veritasinfo.org\/","name":"","description":"","potentialAction":[{"@type":"SearchAction","target":{"@type":"EntryPoint","urlTemplate":"https:\/\/veritasinfo.org\/?s={search_term_string}"},"query-input":{"@type":"PropertyValueSpecification","valueRequired":true,"valueName":"search_term_string"}}],"inLanguage":"en-US"},{"@type":"Person","@id":"https:\/\/veritasinfo.org\/#\/schema\/person\/bc442336e35414d04494ab8fb45db4c6","name":"US5","image":{"@type":"ImageObject","inLanguage":"en-US","@id":"https:\/\/veritasinfo.org\/#\/schema\/person\/image\/","url":"https:\/\/secure.gravatar.com\/avatar\/16a61e7272a0c5d001121ebb9e60e925d5816e4ac1e443ed3e640d9a6ae55d0c?s=96&d=mm&r=g","contentUrl":"https:\/\/secure.gravatar.com\/avatar\/16a61e7272a0c5d001121ebb9e60e925d5816e4ac1e443ed3e640d9a6ae55d0c?s=96&d=mm&r=g","caption":"US5"},"url":"https:\/\/veritasinfo.org\/?author=6"}]}},"featured_image_urls":{"full":["https:\/\/veritasinfo.org\/wp-content\/uploads\/2025\/12\/auto_auto_auto_auto_lugina51698055820173222448617475487211765877562.jpg",900,654,false],"thumbnail":["https:\/\/veritasinfo.org\/wp-content\/uploads\/2025\/12\/auto_auto_auto_auto_lugina51698055820173222448617475487211765877562-150x150.jpg",150,150,true],"medium":["https:\/\/veritasinfo.org\/wp-content\/uploads\/2025\/12\/auto_auto_auto_auto_lugina51698055820173222448617475487211765877562-300x218.jpg",300,218,true],"medium_large":["https:\/\/veritasinfo.org\/wp-content\/uploads\/2025\/12\/auto_auto_auto_auto_lugina51698055820173222448617475487211765877562-768x558.jpg",640,465,true],"large":["https:\/\/veritasinfo.org\/wp-content\/uploads\/2025\/12\/auto_auto_auto_auto_lugina51698055820173222448617475487211765877562.jpg",640,465,false],"1536x1536":["https:\/\/veritasinfo.org\/wp-content\/uploads\/2025\/12\/auto_auto_auto_auto_lugina51698055820173222448617475487211765877562.jpg",900,654,false],"2048x2048":["https:\/\/veritasinfo.org\/wp-content\/uploads\/2025\/12\/auto_auto_auto_auto_lugina51698055820173222448617475487211765877562.jpg",900,654,false],"kreeti-slider-full":["https:\/\/veritasinfo.org\/wp-content\/uploads\/2025\/12\/auto_auto_auto_auto_lugina51698055820173222448617475487211765877562.jpg",900,654,false],"kreeti-featured":["https:\/\/veritasinfo.org\/wp-content\/uploads\/2025\/12\/auto_auto_auto_auto_lugina51698055820173222448617475487211765877562.jpg",900,654,false],"kreeti-medium":["https:\/\/veritasinfo.org\/wp-content\/uploads\/2025\/12\/auto_auto_auto_auto_lugina51698055820173222448617475487211765877562.jpg",720,523,false],"kreeti-medium-square":["https:\/\/veritasinfo.org\/wp-content\/uploads\/2025\/12\/auto_auto_auto_auto_lugina51698055820173222448617475487211765877562.jpg",350,254,false]},"author_info":{"info":["US5"]},"category_info":"<a href=\"https:\/\/veritasinfo.org\/?cat=58\" rel=\"category\">Politik\u00eb<\/a>","tag_info":"Politik\u00eb","comment_count":"0","_links":{"self":[{"href":"https:\/\/veritasinfo.org\/index.php?rest_route=\/wp\/v2\/posts\/24226","targetHints":{"allow":["GET"]}}],"collection":[{"href":"https:\/\/veritasinfo.org\/index.php?rest_route=\/wp\/v2\/posts"}],"about":[{"href":"https:\/\/veritasinfo.org\/index.php?rest_route=\/wp\/v2\/types\/post"}],"author":[{"embeddable":true,"href":"https:\/\/veritasinfo.org\/index.php?rest_route=\/wp\/v2\/users\/6"}],"replies":[{"embeddable":true,"href":"https:\/\/veritasinfo.org\/index.php?rest_route=%2Fwp%2Fv2%2Fcomments&post=24226"}],"version-history":[{"count":1,"href":"https:\/\/veritasinfo.org\/index.php?rest_route=\/wp\/v2\/posts\/24226\/revisions"}],"predecessor-version":[{"id":24228,"href":"https:\/\/veritasinfo.org\/index.php?rest_route=\/wp\/v2\/posts\/24226\/revisions\/24228"}],"wp:featuredmedia":[{"embeddable":true,"href":"https:\/\/veritasinfo.org\/index.php?rest_route=\/wp\/v2\/media\/24227"}],"wp:attachment":[{"href":"https:\/\/veritasinfo.org\/index.php?rest_route=%2Fwp%2Fv2%2Fmedia&parent=24226"}],"wp:term":[{"taxonomy":"category","embeddable":true,"href":"https:\/\/veritasinfo.org\/index.php?rest_route=%2Fwp%2Fv2%2Fcategories&post=24226"},{"taxonomy":"post_tag","embeddable":true,"href":"https:\/\/veritasinfo.org\/index.php?rest_route=%2Fwp%2Fv2%2Ftags&post=24226"}],"curies":[{"name":"wp","href":"https:\/\/api.w.org\/{rel}","templated":true}]}}