{"id":24206,"date":"2025-12-16T11:26:09","date_gmt":"2025-12-16T10:26:09","guid":{"rendered":"https:\/\/veritasinfo.org\/?p=24206"},"modified":"2025-12-16T11:26:09","modified_gmt":"2025-12-16T10:26:09","slug":"grafit-qe-glorifikon-gjenocidin-ne-srebrenice-shfaqet-ne-ambasaden-e-bosnje-dhe-hercegovines-ne-podgorice","status":"publish","type":"post","link":"https:\/\/veritasinfo.org\/?p=24206","title":{"rendered":"Grafit q\u00eb glorifikon gjenocidin n\u00eb Srebrenic\u00eb shfaqet n\u00eb Ambasad\u00ebn e Bosnj\u00eb dhe Hercegovin\u00ebs n\u00eb Podgoric\u00eb"},"content":{"rendered":"<p><strong>Prishtin\u00eb, 16 dhjetor 2025 11:25<\/strong><\/p>\n<p>N\u00eb or\u00ebt e nat\u00ebs, n\u00eb rrethoj\u00ebn e Ambasad\u00ebs s\u00eb Bosnj\u00eb dhe Hercegovin\u00ebs (BiH) n\u00eb Podgoric\u00eb \u00ebsht\u00eb shkruar nj\u00eb grafit q\u00eb glorifikon gjenocidin ndaj popullsis\u00eb boshnjake n\u00eb Srebrenic\u00eb n\u00eb vitin 1995, si dhe kriminelin e d\u00ebnuar p\u00ebr krime lufte, Ratko Mladiq.<\/p>\n<p>Me sprej blu, n\u00eb murin e ambasad\u00ebs jan\u00eb shkruar me germa t\u00eb m\u00ebdha fjal\u00ebt: \u201cGjeneral, faleminderit p\u00ebr Srebrenic\u00ebn!\u201d, nd\u00ebrsa mbi tabel\u00ebn me emrin e Ambasad\u00ebs jan\u00eb vizatuar edhe simbole nacionalist serb.<\/p>\n<p>Stafi i Ambasad\u00ebs s\u00eb Bosnj\u00eb dhe Hercegovin\u00ebs e ka v\u00ebrejtur grafitin n\u00eb or\u00ebt e m\u00ebngjesit, me rastin e ardhjes n\u00eb pun\u00eb, dhe menj\u00ebher\u00eb ka njoftuar policin\u00eb, kan\u00eb b\u00ebr\u00eb t\u00eb ditur burime jozyrtare p\u00ebr<a href=\"https:\/\/www.slobodnaevropa.org\/a\/grafit-ambasada-bih-u-podgorici-mladic-srebrenica\/33624485.html\">Radion Evropa e Lir\u00eb.<\/a><\/p>\n<p>Ekspertiza policore n\u00eb vendngjarje ka zgjatur deri rreth or\u00ebs 10:00, nd\u00ebrsa pritet q\u00eb prokurori kompetent t\u00eb deklarohet lidhur me kualifikimin juridik t\u00eb vepr\u00ebs.<\/p>\n<p>Sipas informacioneve jozyrtare, rasti mund t\u00eb cil\u00ebsohet si nxitje e urrejtjes fetare dhe komb\u00ebtare.<\/p>\n<p>Nga Ambasada e BeH \u00ebsht\u00eb b\u00ebr\u00eb e ditur se do t\u00eb reagojn\u00eb me nj\u00eb njoftim zyrtar n\u00eb vijim.<\/p>\n<p>Radio Evropa e Lir\u00eb i ka d\u00ebrguar k\u00ebrkes\u00eb p\u00ebr koment lidhur me k\u00ebt\u00eb incident Ministris\u00eb s\u00eb Pun\u00ebve t\u00eb Jashtme t\u00eb Malit t\u00eb Zi.<\/p>\n<p>Ratko Mladiq, emri i t\u00eb cilit p\u00ebrmendet n\u00eb grafit, \u00ebsht\u00eb d\u00ebnuar nga Gjykata e Hag\u00ebs p\u00ebr gjenocid n\u00eb Bosnj\u00eb dhe Hercegovin\u00eb. Ish-komandanti i Ushtris\u00eb s\u00eb Republik\u00ebs Srpska \u00ebsht\u00eb d\u00ebnuar me burgim t\u00eb p\u00ebrjetsh\u00ebm p\u00ebr gjenocid, krime kund\u00ebr njer\u00ebzimit dhe shkelje t\u00eb ligjeve dhe zakoneve t\u00eb luft\u00ebs gjat\u00eb luft\u00ebs n\u00eb Bosnj\u00eb dhe Hercegovin\u00eb n\u00eb vitet 1992\u20131995.<\/p>\n<p>&nbsp;<\/p>\n<p>&nbsp;<\/p>\n","protected":false},"excerpt":{"rendered":"<p>Prishtin\u00eb, 16 dhjetor 2025 11:25 N\u00eb or\u00ebt e nat\u00ebs, n\u00eb rrethoj\u00ebn e Ambasad\u00ebs s\u00eb Bosnj\u00eb dhe Hercegovin\u00ebs (BiH) n\u00eb Podgoric\u00eb \u00ebsht\u00eb shkruar nj\u00eb grafit q\u00eb<\/p>\n","protected":false},"author":7,"featured_media":24207,"comment_status":"open","ping_status":"open","sticky":false,"template":"","format":"standard","meta":{"footnotes":""},"categories":[58],"tags":[],"class_list":["post-24206","post","type-post","status-publish","format-standard","has-post-thumbnail","hentry","category-politike-sq"],"yoast_head":"<!-- This site is optimized with the Yoast SEO plugin v25.3.1 - https:\/\/yoast.com\/wordpress\/plugins\/seo\/ -->\n<title>Grafit q\u00eb glorifikon gjenocidin n\u00eb Srebrenic\u00eb shfaqet n\u00eb Ambasad\u00ebn e Bosnj\u00eb dhe Hercegovin\u00ebs n\u00eb Podgoric\u00eb -<\/title>\n<meta name=\"robots\" content=\"index, follow, max-snippet:-1, max-image-preview:large, max-video-preview:-1\" \/>\n<link rel=\"canonical\" href=\"https:\/\/veritasinfo.org\/?p=24206\" \/>\n<meta property=\"og:locale\" content=\"en_US\" \/>\n<meta property=\"og:type\" content=\"article\" \/>\n<meta property=\"og:title\" content=\"Grafit q\u00eb glorifikon gjenocidin n\u00eb Srebrenic\u00eb shfaqet n\u00eb Ambasad\u00ebn e Bosnj\u00eb dhe Hercegovin\u00ebs n\u00eb Podgoric\u00eb -\" \/>\n<meta property=\"og:description\" content=\"Prishtin\u00eb, 16 dhjetor 2025 11:25 N\u00eb or\u00ebt e nat\u00ebs, n\u00eb rrethoj\u00ebn e Ambasad\u00ebs s\u00eb Bosnj\u00eb dhe Hercegovin\u00ebs (BiH) n\u00eb Podgoric\u00eb \u00ebsht\u00eb shkruar nj\u00eb grafit q\u00eb\" \/>\n<meta property=\"og:url\" content=\"https:\/\/veritasinfo.org\/?p=24206\" \/>\n<meta property=\"article:published_time\" content=\"2025-12-16T10:26:09+00:00\" \/>\n<meta property=\"og:image\" content=\"https:\/\/veritasinfo.org\/wp-content\/uploads\/2025\/12\/Ejup-Maqedoni-2.jpg\" \/>\n\t<meta property=\"og:image:width\" content=\"600\" \/>\n\t<meta property=\"og:image:height\" content=\"360\" \/>\n\t<meta property=\"og:image:type\" content=\"image\/jpeg\" \/>\n<meta name=\"author\" content=\"US6\" \/>\n<meta name=\"twitter:card\" content=\"summary_large_image\" \/>\n<meta name=\"twitter:label1\" content=\"Written by\" \/>\n\t<meta name=\"twitter:data1\" content=\"US6\" \/>\n\t<meta name=\"twitter:label2\" content=\"Est. reading time\" \/>\n\t<meta name=\"twitter:data2\" content=\"2 minutes\" \/>\n<script type=\"application\/ld+json\" class=\"yoast-schema-graph\">{\"@context\":\"https:\/\/schema.org\",\"@graph\":[{\"@type\":\"WebPage\",\"@id\":\"https:\/\/veritasinfo.org\/?p=24206\",\"url\":\"https:\/\/veritasinfo.org\/?p=24206\",\"name\":\"Grafit q\u00eb glorifikon gjenocidin n\u00eb Srebrenic\u00eb shfaqet n\u00eb Ambasad\u00ebn e Bosnj\u00eb dhe Hercegovin\u00ebs n\u00eb Podgoric\u00eb -\",\"isPartOf\":{\"@id\":\"https:\/\/veritasinfo.org\/#website\"},\"primaryImageOfPage\":{\"@id\":\"https:\/\/veritasinfo.org\/?p=24206#primaryimage\"},\"image\":{\"@id\":\"https:\/\/veritasinfo.org\/?p=24206#primaryimage\"},\"thumbnailUrl\":\"https:\/\/veritasinfo.org\/wp-content\/uploads\/2025\/12\/Ejup-Maqedoni-2.jpg\",\"datePublished\":\"2025-12-16T10:26:09+00:00\",\"author\":{\"@id\":\"https:\/\/veritasinfo.org\/#\/schema\/person\/fe199eede04c3937362892b7444747cc\"},\"breadcrumb\":{\"@id\":\"https:\/\/veritasinfo.org\/?p=24206#breadcrumb\"},\"inLanguage\":\"en-US\",\"potentialAction\":[{\"@type\":\"ReadAction\",\"target\":[\"https:\/\/veritasinfo.org\/?p=24206\"]}]},{\"@type\":\"ImageObject\",\"inLanguage\":\"en-US\",\"@id\":\"https:\/\/veritasinfo.org\/?p=24206#primaryimage\",\"url\":\"https:\/\/veritasinfo.org\/wp-content\/uploads\/2025\/12\/Ejup-Maqedoni-2.jpg\",\"contentUrl\":\"https:\/\/veritasinfo.org\/wp-content\/uploads\/2025\/12\/Ejup-Maqedoni-2.jpg\",\"width\":600,\"height\":360},{\"@type\":\"BreadcrumbList\",\"@id\":\"https:\/\/veritasinfo.org\/?p=24206#breadcrumb\",\"itemListElement\":[{\"@type\":\"ListItem\",\"position\":1,\"name\":\"Home\",\"item\":\"https:\/\/veritasinfo.org\/\"},{\"@type\":\"ListItem\",\"position\":2,\"name\":\"Grafit q\u00eb glorifikon gjenocidin n\u00eb Srebrenic\u00eb shfaqet n\u00eb Ambasad\u00ebn e Bosnj\u00eb dhe Hercegovin\u00ebs n\u00eb Podgoric\u00eb\"}]},{\"@type\":\"WebSite\",\"@id\":\"https:\/\/veritasinfo.org\/#website\",\"url\":\"https:\/\/veritasinfo.org\/\",\"name\":\"\",\"description\":\"\",\"potentialAction\":[{\"@type\":\"SearchAction\",\"target\":{\"@type\":\"EntryPoint\",\"urlTemplate\":\"https:\/\/veritasinfo.org\/?s={search_term_string}\"},\"query-input\":{\"@type\":\"PropertyValueSpecification\",\"valueRequired\":true,\"valueName\":\"search_term_string\"}}],\"inLanguage\":\"en-US\"},{\"@type\":\"Person\",\"@id\":\"https:\/\/veritasinfo.org\/#\/schema\/person\/fe199eede04c3937362892b7444747cc\",\"name\":\"US6\",\"image\":{\"@type\":\"ImageObject\",\"inLanguage\":\"en-US\",\"@id\":\"https:\/\/veritasinfo.org\/#\/schema\/person\/image\/\",\"url\":\"https:\/\/secure.gravatar.com\/avatar\/cb16c3c31c9d23b9b8c705964598220b3014e42ff51eb540ff23cefa3ae8c15f?s=96&d=mm&r=g\",\"contentUrl\":\"https:\/\/secure.gravatar.com\/avatar\/cb16c3c31c9d23b9b8c705964598220b3014e42ff51eb540ff23cefa3ae8c15f?s=96&d=mm&r=g\",\"caption\":\"US6\"},\"url\":\"https:\/\/veritasinfo.org\/?author=7\"}]}<\/script>\n<!-- \/ Yoast SEO plugin. -->","yoast_head_json":{"title":"Grafit q\u00eb glorifikon gjenocidin n\u00eb Srebrenic\u00eb shfaqet n\u00eb Ambasad\u00ebn e Bosnj\u00eb dhe Hercegovin\u00ebs n\u00eb Podgoric\u00eb -","robots":{"index":"index","follow":"follow","max-snippet":"max-snippet:-1","max-image-preview":"max-image-preview:large","max-video-preview":"max-video-preview:-1"},"canonical":"https:\/\/veritasinfo.org\/?p=24206","og_locale":"en_US","og_type":"article","og_title":"Grafit q\u00eb glorifikon gjenocidin n\u00eb Srebrenic\u00eb shfaqet n\u00eb Ambasad\u00ebn e Bosnj\u00eb dhe Hercegovin\u00ebs n\u00eb Podgoric\u00eb -","og_description":"Prishtin\u00eb, 16 dhjetor 2025 11:25 N\u00eb or\u00ebt e nat\u00ebs, n\u00eb rrethoj\u00ebn e Ambasad\u00ebs s\u00eb Bosnj\u00eb dhe Hercegovin\u00ebs (BiH) n\u00eb Podgoric\u00eb \u00ebsht\u00eb shkruar nj\u00eb grafit q\u00eb","og_url":"https:\/\/veritasinfo.org\/?p=24206","article_published_time":"2025-12-16T10:26:09+00:00","og_image":[{"width":600,"height":360,"url":"https:\/\/veritasinfo.org\/wp-content\/uploads\/2025\/12\/Ejup-Maqedoni-2.jpg","type":"image\/jpeg"}],"author":"US6","twitter_card":"summary_large_image","twitter_misc":{"Written by":"US6","Est. reading time":"2 minutes"},"schema":{"@context":"https:\/\/schema.org","@graph":[{"@type":"WebPage","@id":"https:\/\/veritasinfo.org\/?p=24206","url":"https:\/\/veritasinfo.org\/?p=24206","name":"Grafit q\u00eb glorifikon gjenocidin n\u00eb Srebrenic\u00eb shfaqet n\u00eb Ambasad\u00ebn e Bosnj\u00eb dhe Hercegovin\u00ebs n\u00eb Podgoric\u00eb -","isPartOf":{"@id":"https:\/\/veritasinfo.org\/#website"},"primaryImageOfPage":{"@id":"https:\/\/veritasinfo.org\/?p=24206#primaryimage"},"image":{"@id":"https:\/\/veritasinfo.org\/?p=24206#primaryimage"},"thumbnailUrl":"https:\/\/veritasinfo.org\/wp-content\/uploads\/2025\/12\/Ejup-Maqedoni-2.jpg","datePublished":"2025-12-16T10:26:09+00:00","author":{"@id":"https:\/\/veritasinfo.org\/#\/schema\/person\/fe199eede04c3937362892b7444747cc"},"breadcrumb":{"@id":"https:\/\/veritasinfo.org\/?p=24206#breadcrumb"},"inLanguage":"en-US","potentialAction":[{"@type":"ReadAction","target":["https:\/\/veritasinfo.org\/?p=24206"]}]},{"@type":"ImageObject","inLanguage":"en-US","@id":"https:\/\/veritasinfo.org\/?p=24206#primaryimage","url":"https:\/\/veritasinfo.org\/wp-content\/uploads\/2025\/12\/Ejup-Maqedoni-2.jpg","contentUrl":"https:\/\/veritasinfo.org\/wp-content\/uploads\/2025\/12\/Ejup-Maqedoni-2.jpg","width":600,"height":360},{"@type":"BreadcrumbList","@id":"https:\/\/veritasinfo.org\/?p=24206#breadcrumb","itemListElement":[{"@type":"ListItem","position":1,"name":"Home","item":"https:\/\/veritasinfo.org\/"},{"@type":"ListItem","position":2,"name":"Grafit q\u00eb glorifikon gjenocidin n\u00eb Srebrenic\u00eb shfaqet n\u00eb Ambasad\u00ebn e Bosnj\u00eb dhe Hercegovin\u00ebs n\u00eb Podgoric\u00eb"}]},{"@type":"WebSite","@id":"https:\/\/veritasinfo.org\/#website","url":"https:\/\/veritasinfo.org\/","name":"","description":"","potentialAction":[{"@type":"SearchAction","target":{"@type":"EntryPoint","urlTemplate":"https:\/\/veritasinfo.org\/?s={search_term_string}"},"query-input":{"@type":"PropertyValueSpecification","valueRequired":true,"valueName":"search_term_string"}}],"inLanguage":"en-US"},{"@type":"Person","@id":"https:\/\/veritasinfo.org\/#\/schema\/person\/fe199eede04c3937362892b7444747cc","name":"US6","image":{"@type":"ImageObject","inLanguage":"en-US","@id":"https:\/\/veritasinfo.org\/#\/schema\/person\/image\/","url":"https:\/\/secure.gravatar.com\/avatar\/cb16c3c31c9d23b9b8c705964598220b3014e42ff51eb540ff23cefa3ae8c15f?s=96&d=mm&r=g","contentUrl":"https:\/\/secure.gravatar.com\/avatar\/cb16c3c31c9d23b9b8c705964598220b3014e42ff51eb540ff23cefa3ae8c15f?s=96&d=mm&r=g","caption":"US6"},"url":"https:\/\/veritasinfo.org\/?author=7"}]}},"featured_image_urls":{"full":["https:\/\/veritasinfo.org\/wp-content\/uploads\/2025\/12\/Ejup-Maqedoni-2.jpg",600,360,false],"thumbnail":["https:\/\/veritasinfo.org\/wp-content\/uploads\/2025\/12\/Ejup-Maqedoni-2-150x150.jpg",150,150,true],"medium":["https:\/\/veritasinfo.org\/wp-content\/uploads\/2025\/12\/Ejup-Maqedoni-2-300x180.jpg",300,180,true],"medium_large":["https:\/\/veritasinfo.org\/wp-content\/uploads\/2025\/12\/Ejup-Maqedoni-2.jpg",600,360,false],"large":["https:\/\/veritasinfo.org\/wp-content\/uploads\/2025\/12\/Ejup-Maqedoni-2.jpg",600,360,false],"1536x1536":["https:\/\/veritasinfo.org\/wp-content\/uploads\/2025\/12\/Ejup-Maqedoni-2.jpg",600,360,false],"2048x2048":["https:\/\/veritasinfo.org\/wp-content\/uploads\/2025\/12\/Ejup-Maqedoni-2.jpg",600,360,false],"kreeti-slider-full":["https:\/\/veritasinfo.org\/wp-content\/uploads\/2025\/12\/Ejup-Maqedoni-2.jpg",600,360,false],"kreeti-featured":["https:\/\/veritasinfo.org\/wp-content\/uploads\/2025\/12\/Ejup-Maqedoni-2.jpg",600,360,false],"kreeti-medium":["https:\/\/veritasinfo.org\/wp-content\/uploads\/2025\/12\/Ejup-Maqedoni-2.jpg",600,360,false],"kreeti-medium-square":["https:\/\/veritasinfo.org\/wp-content\/uploads\/2025\/12\/Ejup-Maqedoni-2.jpg",350,210,false]},"author_info":{"info":["US6"]},"category_info":"<a href=\"https:\/\/veritasinfo.org\/?cat=58\" rel=\"category\">Politik\u00eb<\/a>","tag_info":"Politik\u00eb","comment_count":"0","_links":{"self":[{"href":"https:\/\/veritasinfo.org\/index.php?rest_route=\/wp\/v2\/posts\/24206","targetHints":{"allow":["GET"]}}],"collection":[{"href":"https:\/\/veritasinfo.org\/index.php?rest_route=\/wp\/v2\/posts"}],"about":[{"href":"https:\/\/veritasinfo.org\/index.php?rest_route=\/wp\/v2\/types\/post"}],"author":[{"embeddable":true,"href":"https:\/\/veritasinfo.org\/index.php?rest_route=\/wp\/v2\/users\/7"}],"replies":[{"embeddable":true,"href":"https:\/\/veritasinfo.org\/index.php?rest_route=%2Fwp%2Fv2%2Fcomments&post=24206"}],"version-history":[{"count":1,"href":"https:\/\/veritasinfo.org\/index.php?rest_route=\/wp\/v2\/posts\/24206\/revisions"}],"predecessor-version":[{"id":24208,"href":"https:\/\/veritasinfo.org\/index.php?rest_route=\/wp\/v2\/posts\/24206\/revisions\/24208"}],"wp:featuredmedia":[{"embeddable":true,"href":"https:\/\/veritasinfo.org\/index.php?rest_route=\/wp\/v2\/media\/24207"}],"wp:attachment":[{"href":"https:\/\/veritasinfo.org\/index.php?rest_route=%2Fwp%2Fv2%2Fmedia&parent=24206"}],"wp:term":[{"taxonomy":"category","embeddable":true,"href":"https:\/\/veritasinfo.org\/index.php?rest_route=%2Fwp%2Fv2%2Fcategories&post=24206"},{"taxonomy":"post_tag","embeddable":true,"href":"https:\/\/veritasinfo.org\/index.php?rest_route=%2Fwp%2Fv2%2Ftags&post=24206"}],"curies":[{"name":"wp","href":"https:\/\/api.w.org\/{rel}","templated":true}]}}