{"id":24200,"date":"2025-12-16T10:35:24","date_gmt":"2025-12-16T09:35:24","guid":{"rendered":"https:\/\/veritasinfo.org\/?p=24200"},"modified":"2025-12-16T10:35:24","modified_gmt":"2025-12-16T09:35:24","slug":"evropa-gati-te-udheheqe-nje-force-shumekombeshe-ne-ukraine-si-pjese-e-planit-te-paqes-te-shba-se","status":"publish","type":"post","link":"https:\/\/veritasinfo.org\/?p=24200","title":{"rendered":"Evropa gati t\u00eb udh\u00ebheq\u00eb nj\u00eb \u201cforc\u00eb shum\u00ebkomb\u00ebshe\u201d n\u00eb Ukrain\u00eb si pjes\u00eb e planit t\u00eb paqes t\u00eb SHBA-s\u00eb"},"content":{"rendered":"<p>Prishtin\u00eb 16 Dhjetor 2025 10:34<\/p>\n<p>Evropa \u00ebsht\u00eb gati t\u00eb udh\u00ebheq\u00eb nj\u00eb \u201cforc\u00eb shum\u00ebkomb\u00ebshe\u201d n\u00eb Ukrain\u00eb si pjes\u00eb e nj\u00eb propozimi t\u00eb SHBA-s\u00eb p\u00ebr nj\u00eb marr\u00ebveshje paqeje midis Rusis\u00eb dhe Ukrain\u00ebs, than\u00eb udh\u00ebheq\u00ebsit evropian\u00eb.<\/p>\n<p>N\u00eb nj\u00eb deklarat\u00eb, udh\u00ebheq\u00ebsit e Mbret\u00ebris\u00eb s\u00eb Bashkuar, Franc\u00ebs, Gjermanis\u00eb dhe tet\u00eb vendeve t\u00eb tjera evropiane than\u00eb se trupat nga nj\u00eb \u201ckoalicion i vullnetsh\u00ebm\u201d me mb\u00ebshtetjen e SHBA-s\u00eb mund t\u00eb \u201cndihmojn\u00eb n\u00eb rigjenerimin e forcave t\u00eb Ukrain\u00ebs, n\u00eb sigurimin e qiejve t\u00eb Ukrain\u00ebs dhe n\u00eb mb\u00ebshtetjen e deteve m\u00eb t\u00eb sigurta, duke p\u00ebrfshir\u00eb edhe p\u00ebrmes operimit brenda Ukrain\u00ebs\u201d.<\/p>\n<p>Propozimi ishte pjes\u00eb e nj\u00eb pakete t\u00eb re garancish sigurie, t\u00eb mb\u00ebshtetur nga Sht\u00ebpia e Bardh\u00eb, q\u00eb mund t\u00eb sh\u00ebnoj\u00eb nj\u00eb p\u00ebrparim n\u00eb arritjen e nj\u00eb marr\u00ebveshjeje paqeje midis Mosk\u00ebs dhe Kievit, than\u00eb udh\u00ebheq\u00ebsit amerikan\u00eb dhe evropian\u00eb.<\/p>\n<p>Por ata shtuan se mbeten dallime t\u00eb r\u00ebnd\u00ebsishme mbi statusin e ardhsh\u00ebm t\u00eb territoreve ukrainase t\u00eb pushtuara nga Rusia, shkruan The Guardian, p\u00ebrcjell Telegrafi.<\/p>\n<p>Trump u tha gazetar\u00ebve n\u00eb Zyr\u00ebn Ovale t\u00eb h\u00ebn\u00ebn se kishte pasur bisedime \u201cshum\u00eb t\u00eb gjata dhe shum\u00eb t\u00eb mira\u201d me homologun ukrainas Volodymyr Zelenskyy dhe udh\u00ebheq\u00ebsit evropian\u00eb dhe t\u00eb NATO-s, duke shtuar: \u201cKishim biseda t\u00eb shumta me presidentin (Vladimir) Putin t\u00eb Rusis\u00eb dhe mendoj se jemi m\u00eb af\u00ebr tani se kurr\u00eb m\u00eb par\u00eb dhe do t\u00eb shohim se \u00e7far\u00eb mund t\u00eb b\u00ebjm\u00eb\u201d.<\/p>\n<p>I pyetur n\u00ebse kishte folur s\u00eb fundmi drejtp\u00ebrdrejt me Vladimir Putin, Trump u p\u00ebrgjigj \u201cpo, kam folur\u201d, por nuk dha detaje.<\/p>\n<p>Por Trump duket se sugjeroi q\u00eb n\u00eb k\u00ebmbim t\u00eb garancive t\u00eb siguris\u00eb, Ukraina duhet t\u00eb bjer\u00eb dakord t\u2019i jap\u00eb Rusis\u00eb pjes\u00ebt e rajonit lindor t\u00eb Donbasit q\u00eb Kievi ende i mban \u2013 di\u00e7ka q\u00eb Zelensky e ka p\u00ebrjashtuar m\u00eb par\u00eb.<\/p>\n<p>\u201cEpo, ata tashm\u00eb e kan\u00eb humbur territorin, p\u00ebr t\u00eb qen\u00eb i sinqert\u00eb\u201d, tha ai kur u pyet se \u00e7far\u00eb nxitjeje do t\u00eb kishte Ukraina p\u00ebr t\u00eb hequr dor\u00eb nga toka.<\/p>\n<p>Zelensky tha se bisedimet me t\u00eb d\u00ebrguarit e Trump nuk ishin \u201ct\u00eb lehta\u201d, por soll\u00ebn \u201cp\u00ebrparim t\u00eb v\u00ebrtet\u00eb\u201d n\u00eb \u00e7\u00ebshtjen e garancive t\u00eb siguris\u00eb. Megjithat\u00eb, mbet\u00ebn dallime n\u00eb \u00e7\u00ebshtjen se \u00e7far\u00eb territori.<\/p>\n<p>\u201cKa pasur dialog t\u00eb mjaftuesh\u00ebm n\u00eb k\u00ebt\u00eb territor dhe mendoj se, sinqerisht, ne ende kemi q\u00ebndrime t\u00eb ndryshme\u201d, u tha Zelensky gazetar\u00ebve.<\/p>\n<p>Sipas propozimit, Ukraina do t\u00eb kishte mb\u00ebshtetjen per\u00ebndimore p\u00ebr t\u00eb mbajtur nj\u00eb ushtri t\u00eb p\u00ebrhershme prej 800,000 trupash, SHBA-t\u00eb do t\u00eb drejtonin nj\u00eb \u201cmekaniz\u00ebm monitorimi dhe verifikimi t\u00eb arm\u00ebpushimit\u201d p\u00ebr t\u00eb ofruar paralajm\u00ebrim t\u00eb hersh\u00ebm p\u00ebr \u00e7do sulm t\u00eb ardhsh\u00ebm dhe vendet evropiane do t\u00eb n\u00ebnshkruanin gjithashtu nj\u00eb \u201cangazhim ligj\u00ebrisht t\u00eb detyruesh\u00ebm, n\u00eb var\u00ebsi t\u00eb procedurave komb\u00ebtare, p\u00ebr t\u00eb marr\u00eb masa p\u00ebr t\u00eb rivendosur paqen dhe sigurin\u00eb n\u00eb rast t\u00eb nj\u00eb sulmi t\u00eb armatosur n\u00eb t\u00eb ardhmen\u201d.<\/p>\n<p>Evropa gjithashtu do t\u00eb mb\u00ebshteste pranimin e Ukrain\u00ebs n\u00eb Bashkimin Evropian.<\/p>\n<p>Marr\u00ebveshja do t\u2019i ofronte n\u00eb m\u00ebnyr\u00eb efektive Ukrain\u00ebs garanci \u201ct\u00eb ngjashme me nenin pes\u00eb\u201d, sipas dy zyrtar\u00ebve amerikan\u00eb t\u00eb informuar mbi negociatat, duke krahasuar garancit\u00eb e siguris\u00eb me ato t\u00eb ofruara aleat\u00ebve t\u00eb NATO-s nga sulmet e huaja.<\/p>\n<p>SHBA-t\u00eb paraqit\u00ebn paket\u00ebn e re n\u00eb bisedimet n\u00eb Berlin k\u00ebt\u00eb jav\u00eb me presidentin e Ukrain\u00ebs, Volodymyr Zelenskyy, si dhe diplomat\u00eb t\u00eb lart\u00eb dhe zyrtar\u00eb t\u00eb siguris\u00eb nga aleat\u00ebt evropian\u00eb. Zyrtar\u00ebt amerikan\u00eb than\u00eb se besonin se Rusia do t\u00eb pranonte garancit\u00eb e siguris\u00eb t\u00eb paraqitura n\u00eb bisedime, gj\u00eb q\u00eb do t\u00eb sh\u00ebnonte nj\u00eb zbutje t\u00eb ndjeshme t\u00eb k\u00ebrkesave t\u00eb Kremlinit p\u00ebr kufizime n\u00eb madh\u00ebsin\u00eb e ushtris\u00eb s\u00eb Ukrain\u00ebs dhe kund\u00ebrshtimin ndaj trupave nga vendet e NATO-s q\u00eb veprojn\u00eb n\u00eb Ukrain\u00eb.<\/p>\n","protected":false},"excerpt":{"rendered":"<p>Prishtin\u00eb 16 Dhjetor 2025 10:34 Evropa \u00ebsht\u00eb gati t\u00eb udh\u00ebheq\u00eb nj\u00eb \u201cforc\u00eb shum\u00ebkomb\u00ebshe\u201d n\u00eb Ukrain\u00eb si pjes\u00eb e nj\u00eb propozimi t\u00eb SHBA-s\u00eb p\u00ebr nj\u00eb marr\u00ebveshje<\/p>\n","protected":false},"author":6,"featured_media":24201,"comment_status":"open","ping_status":"open","sticky":false,"template":"","format":"standard","meta":{"footnotes":""},"categories":[72],"tags":[],"class_list":["post-24200","post","type-post","status-publish","format-standard","has-post-thumbnail","hentry","category-bota"],"yoast_head":"<!-- This site is optimized with the Yoast SEO plugin v25.3.1 - https:\/\/yoast.com\/wordpress\/plugins\/seo\/ -->\n<title>Evropa gati t\u00eb udh\u00ebheq\u00eb nj\u00eb \u201cforc\u00eb shum\u00ebkomb\u00ebshe\u201d n\u00eb Ukrain\u00eb si pjes\u00eb e planit t\u00eb paqes t\u00eb SHBA-s\u00eb -<\/title>\n<meta name=\"robots\" content=\"index, follow, max-snippet:-1, max-image-preview:large, max-video-preview:-1\" \/>\n<link rel=\"canonical\" href=\"https:\/\/veritasinfo.org\/?p=24200\" \/>\n<meta property=\"og:locale\" content=\"en_US\" \/>\n<meta property=\"og:type\" content=\"article\" \/>\n<meta property=\"og:title\" content=\"Evropa gati t\u00eb udh\u00ebheq\u00eb nj\u00eb \u201cforc\u00eb shum\u00ebkomb\u00ebshe\u201d n\u00eb Ukrain\u00eb si pjes\u00eb e planit t\u00eb paqes t\u00eb SHBA-s\u00eb -\" \/>\n<meta property=\"og:description\" content=\"Prishtin\u00eb 16 Dhjetor 2025 10:34 Evropa \u00ebsht\u00eb gati t\u00eb udh\u00ebheq\u00eb nj\u00eb \u201cforc\u00eb shum\u00ebkomb\u00ebshe\u201d n\u00eb Ukrain\u00eb si pjes\u00eb e nj\u00eb propozimi t\u00eb SHBA-s\u00eb p\u00ebr nj\u00eb marr\u00ebveshje\" \/>\n<meta property=\"og:url\" content=\"https:\/\/veritasinfo.org\/?p=24200\" \/>\n<meta property=\"article:published_time\" content=\"2025-12-16T09:35:24+00:00\" \/>\n<meta property=\"og:image\" content=\"https:\/\/veritasinfo.org\/wp-content\/uploads\/2025\/12\/zelensky-1.jpg\" \/>\n\t<meta property=\"og:image:width\" content=\"1200\" \/>\n\t<meta property=\"og:image:height\" content=\"675\" \/>\n\t<meta property=\"og:image:type\" content=\"image\/jpeg\" \/>\n<meta name=\"author\" content=\"US5\" \/>\n<meta name=\"twitter:card\" content=\"summary_large_image\" \/>\n<meta name=\"twitter:label1\" content=\"Written by\" \/>\n\t<meta name=\"twitter:data1\" content=\"US5\" \/>\n<script type=\"application\/ld+json\" class=\"yoast-schema-graph\">{\"@context\":\"https:\/\/schema.org\",\"@graph\":[{\"@type\":\"WebPage\",\"@id\":\"https:\/\/veritasinfo.org\/?p=24200\",\"url\":\"https:\/\/veritasinfo.org\/?p=24200\",\"name\":\"Evropa gati t\u00eb udh\u00ebheq\u00eb nj\u00eb \u201cforc\u00eb shum\u00ebkomb\u00ebshe\u201d n\u00eb Ukrain\u00eb si pjes\u00eb e planit t\u00eb paqes t\u00eb SHBA-s\u00eb -\",\"isPartOf\":{\"@id\":\"https:\/\/veritasinfo.org\/#website\"},\"primaryImageOfPage\":{\"@id\":\"https:\/\/veritasinfo.org\/?p=24200#primaryimage\"},\"image\":{\"@id\":\"https:\/\/veritasinfo.org\/?p=24200#primaryimage\"},\"thumbnailUrl\":\"https:\/\/veritasinfo.org\/wp-content\/uploads\/2025\/12\/zelensky-1.jpg\",\"datePublished\":\"2025-12-16T09:35:24+00:00\",\"author\":{\"@id\":\"https:\/\/veritasinfo.org\/#\/schema\/person\/bc442336e35414d04494ab8fb45db4c6\"},\"breadcrumb\":{\"@id\":\"https:\/\/veritasinfo.org\/?p=24200#breadcrumb\"},\"inLanguage\":\"en-US\",\"potentialAction\":[{\"@type\":\"ReadAction\",\"target\":[\"https:\/\/veritasinfo.org\/?p=24200\"]}]},{\"@type\":\"ImageObject\",\"inLanguage\":\"en-US\",\"@id\":\"https:\/\/veritasinfo.org\/?p=24200#primaryimage\",\"url\":\"https:\/\/veritasinfo.org\/wp-content\/uploads\/2025\/12\/zelensky-1.jpg\",\"contentUrl\":\"https:\/\/veritasinfo.org\/wp-content\/uploads\/2025\/12\/zelensky-1.jpg\",\"width\":1200,\"height\":675},{\"@type\":\"BreadcrumbList\",\"@id\":\"https:\/\/veritasinfo.org\/?p=24200#breadcrumb\",\"itemListElement\":[{\"@type\":\"ListItem\",\"position\":1,\"name\":\"Home\",\"item\":\"https:\/\/veritasinfo.org\/\"},{\"@type\":\"ListItem\",\"position\":2,\"name\":\"Evropa gati t\u00eb udh\u00ebheq\u00eb nj\u00eb \u201cforc\u00eb shum\u00ebkomb\u00ebshe\u201d n\u00eb Ukrain\u00eb si pjes\u00eb e planit t\u00eb paqes t\u00eb SHBA-s\u00eb\"}]},{\"@type\":\"WebSite\",\"@id\":\"https:\/\/veritasinfo.org\/#website\",\"url\":\"https:\/\/veritasinfo.org\/\",\"name\":\"\",\"description\":\"\",\"potentialAction\":[{\"@type\":\"SearchAction\",\"target\":{\"@type\":\"EntryPoint\",\"urlTemplate\":\"https:\/\/veritasinfo.org\/?s={search_term_string}\"},\"query-input\":{\"@type\":\"PropertyValueSpecification\",\"valueRequired\":true,\"valueName\":\"search_term_string\"}}],\"inLanguage\":\"en-US\"},{\"@type\":\"Person\",\"@id\":\"https:\/\/veritasinfo.org\/#\/schema\/person\/bc442336e35414d04494ab8fb45db4c6\",\"name\":\"US5\",\"image\":{\"@type\":\"ImageObject\",\"inLanguage\":\"en-US\",\"@id\":\"https:\/\/veritasinfo.org\/#\/schema\/person\/image\/\",\"url\":\"https:\/\/secure.gravatar.com\/avatar\/16a61e7272a0c5d001121ebb9e60e925d5816e4ac1e443ed3e640d9a6ae55d0c?s=96&d=mm&r=g\",\"contentUrl\":\"https:\/\/secure.gravatar.com\/avatar\/16a61e7272a0c5d001121ebb9e60e925d5816e4ac1e443ed3e640d9a6ae55d0c?s=96&d=mm&r=g\",\"caption\":\"US5\"},\"url\":\"https:\/\/veritasinfo.org\/?author=6\"}]}<\/script>\n<!-- \/ Yoast SEO plugin. -->","yoast_head_json":{"title":"Evropa gati t\u00eb udh\u00ebheq\u00eb nj\u00eb \u201cforc\u00eb shum\u00ebkomb\u00ebshe\u201d n\u00eb Ukrain\u00eb si pjes\u00eb e planit t\u00eb paqes t\u00eb SHBA-s\u00eb -","robots":{"index":"index","follow":"follow","max-snippet":"max-snippet:-1","max-image-preview":"max-image-preview:large","max-video-preview":"max-video-preview:-1"},"canonical":"https:\/\/veritasinfo.org\/?p=24200","og_locale":"en_US","og_type":"article","og_title":"Evropa gati t\u00eb udh\u00ebheq\u00eb nj\u00eb \u201cforc\u00eb shum\u00ebkomb\u00ebshe\u201d n\u00eb Ukrain\u00eb si pjes\u00eb e planit t\u00eb paqes t\u00eb SHBA-s\u00eb -","og_description":"Prishtin\u00eb 16 Dhjetor 2025 10:34 Evropa \u00ebsht\u00eb gati t\u00eb udh\u00ebheq\u00eb nj\u00eb \u201cforc\u00eb shum\u00ebkomb\u00ebshe\u201d n\u00eb Ukrain\u00eb si pjes\u00eb e nj\u00eb propozimi t\u00eb SHBA-s\u00eb p\u00ebr nj\u00eb marr\u00ebveshje","og_url":"https:\/\/veritasinfo.org\/?p=24200","article_published_time":"2025-12-16T09:35:24+00:00","og_image":[{"width":1200,"height":675,"url":"https:\/\/veritasinfo.org\/wp-content\/uploads\/2025\/12\/zelensky-1.jpg","type":"image\/jpeg"}],"author":"US5","twitter_card":"summary_large_image","twitter_misc":{"Written by":"US5"},"schema":{"@context":"https:\/\/schema.org","@graph":[{"@type":"WebPage","@id":"https:\/\/veritasinfo.org\/?p=24200","url":"https:\/\/veritasinfo.org\/?p=24200","name":"Evropa gati t\u00eb udh\u00ebheq\u00eb nj\u00eb \u201cforc\u00eb shum\u00ebkomb\u00ebshe\u201d n\u00eb Ukrain\u00eb si pjes\u00eb e planit t\u00eb paqes t\u00eb SHBA-s\u00eb -","isPartOf":{"@id":"https:\/\/veritasinfo.org\/#website"},"primaryImageOfPage":{"@id":"https:\/\/veritasinfo.org\/?p=24200#primaryimage"},"image":{"@id":"https:\/\/veritasinfo.org\/?p=24200#primaryimage"},"thumbnailUrl":"https:\/\/veritasinfo.org\/wp-content\/uploads\/2025\/12\/zelensky-1.jpg","datePublished":"2025-12-16T09:35:24+00:00","author":{"@id":"https:\/\/veritasinfo.org\/#\/schema\/person\/bc442336e35414d04494ab8fb45db4c6"},"breadcrumb":{"@id":"https:\/\/veritasinfo.org\/?p=24200#breadcrumb"},"inLanguage":"en-US","potentialAction":[{"@type":"ReadAction","target":["https:\/\/veritasinfo.org\/?p=24200"]}]},{"@type":"ImageObject","inLanguage":"en-US","@id":"https:\/\/veritasinfo.org\/?p=24200#primaryimage","url":"https:\/\/veritasinfo.org\/wp-content\/uploads\/2025\/12\/zelensky-1.jpg","contentUrl":"https:\/\/veritasinfo.org\/wp-content\/uploads\/2025\/12\/zelensky-1.jpg","width":1200,"height":675},{"@type":"BreadcrumbList","@id":"https:\/\/veritasinfo.org\/?p=24200#breadcrumb","itemListElement":[{"@type":"ListItem","position":1,"name":"Home","item":"https:\/\/veritasinfo.org\/"},{"@type":"ListItem","position":2,"name":"Evropa gati t\u00eb udh\u00ebheq\u00eb nj\u00eb \u201cforc\u00eb shum\u00ebkomb\u00ebshe\u201d n\u00eb Ukrain\u00eb si pjes\u00eb e planit t\u00eb paqes t\u00eb SHBA-s\u00eb"}]},{"@type":"WebSite","@id":"https:\/\/veritasinfo.org\/#website","url":"https:\/\/veritasinfo.org\/","name":"","description":"","potentialAction":[{"@type":"SearchAction","target":{"@type":"EntryPoint","urlTemplate":"https:\/\/veritasinfo.org\/?s={search_term_string}"},"query-input":{"@type":"PropertyValueSpecification","valueRequired":true,"valueName":"search_term_string"}}],"inLanguage":"en-US"},{"@type":"Person","@id":"https:\/\/veritasinfo.org\/#\/schema\/person\/bc442336e35414d04494ab8fb45db4c6","name":"US5","image":{"@type":"ImageObject","inLanguage":"en-US","@id":"https:\/\/veritasinfo.org\/#\/schema\/person\/image\/","url":"https:\/\/secure.gravatar.com\/avatar\/16a61e7272a0c5d001121ebb9e60e925d5816e4ac1e443ed3e640d9a6ae55d0c?s=96&d=mm&r=g","contentUrl":"https:\/\/secure.gravatar.com\/avatar\/16a61e7272a0c5d001121ebb9e60e925d5816e4ac1e443ed3e640d9a6ae55d0c?s=96&d=mm&r=g","caption":"US5"},"url":"https:\/\/veritasinfo.org\/?author=6"}]}},"featured_image_urls":{"full":["https:\/\/veritasinfo.org\/wp-content\/uploads\/2025\/12\/zelensky-1.jpg",1200,675,false],"thumbnail":["https:\/\/veritasinfo.org\/wp-content\/uploads\/2025\/12\/zelensky-1-150x150.jpg",150,150,true],"medium":["https:\/\/veritasinfo.org\/wp-content\/uploads\/2025\/12\/zelensky-1-300x169.jpg",300,169,true],"medium_large":["https:\/\/veritasinfo.org\/wp-content\/uploads\/2025\/12\/zelensky-1-768x432.jpg",640,360,true],"large":["https:\/\/veritasinfo.org\/wp-content\/uploads\/2025\/12\/zelensky-1-1024x576.jpg",640,360,true],"1536x1536":["https:\/\/veritasinfo.org\/wp-content\/uploads\/2025\/12\/zelensky-1.jpg",1200,675,false],"2048x2048":["https:\/\/veritasinfo.org\/wp-content\/uploads\/2025\/12\/zelensky-1.jpg",1200,675,false],"kreeti-slider-full":["https:\/\/veritasinfo.org\/wp-content\/uploads\/2025\/12\/zelensky-1.jpg",1200,675,false],"kreeti-featured":["https:\/\/veritasinfo.org\/wp-content\/uploads\/2025\/12\/zelensky-1.jpg",1024,576,false],"kreeti-medium":["https:\/\/veritasinfo.org\/wp-content\/uploads\/2025\/12\/zelensky-1.jpg",720,405,false],"kreeti-medium-square":["https:\/\/veritasinfo.org\/wp-content\/uploads\/2025\/12\/zelensky-1.jpg",350,197,false]},"author_info":{"info":["US5"]},"category_info":"<a href=\"https:\/\/veritasinfo.org\/?cat=72\" rel=\"category\">Bota<\/a>","tag_info":"Bota","comment_count":"0","_links":{"self":[{"href":"https:\/\/veritasinfo.org\/index.php?rest_route=\/wp\/v2\/posts\/24200","targetHints":{"allow":["GET"]}}],"collection":[{"href":"https:\/\/veritasinfo.org\/index.php?rest_route=\/wp\/v2\/posts"}],"about":[{"href":"https:\/\/veritasinfo.org\/index.php?rest_route=\/wp\/v2\/types\/post"}],"author":[{"embeddable":true,"href":"https:\/\/veritasinfo.org\/index.php?rest_route=\/wp\/v2\/users\/6"}],"replies":[{"embeddable":true,"href":"https:\/\/veritasinfo.org\/index.php?rest_route=%2Fwp%2Fv2%2Fcomments&post=24200"}],"version-history":[{"count":1,"href":"https:\/\/veritasinfo.org\/index.php?rest_route=\/wp\/v2\/posts\/24200\/revisions"}],"predecessor-version":[{"id":24202,"href":"https:\/\/veritasinfo.org\/index.php?rest_route=\/wp\/v2\/posts\/24200\/revisions\/24202"}],"wp:featuredmedia":[{"embeddable":true,"href":"https:\/\/veritasinfo.org\/index.php?rest_route=\/wp\/v2\/media\/24201"}],"wp:attachment":[{"href":"https:\/\/veritasinfo.org\/index.php?rest_route=%2Fwp%2Fv2%2Fmedia&parent=24200"}],"wp:term":[{"taxonomy":"category","embeddable":true,"href":"https:\/\/veritasinfo.org\/index.php?rest_route=%2Fwp%2Fv2%2Fcategories&post=24200"},{"taxonomy":"post_tag","embeddable":true,"href":"https:\/\/veritasinfo.org\/index.php?rest_route=%2Fwp%2Fv2%2Ftags&post=24200"}],"curies":[{"name":"wp","href":"https:\/\/api.w.org\/{rel}","templated":true}]}}