{"id":2418,"date":"2025-07-03T15:51:24","date_gmt":"2025-07-03T13:51:24","guid":{"rendered":"https:\/\/veritasinfo.org\/?p=2418"},"modified":"2025-07-03T15:51:24","modified_gmt":"2025-07-03T13:51:24","slug":"vazhdojne-te-perhapen-zjarret-ne-turqi-nje-i-vdekur","status":"publish","type":"post","link":"https:\/\/veritasinfo.org\/?p=2418","title":{"rendered":"Vazhdojn\u00eb t\u00eb p\u00ebrhapen zjarret n\u00eb Turqi, nj\u00eb i vdekur"},"content":{"rendered":"<p>Ankara, 03 Korrik 2025<\/p>\n<p>Nj\u00eb zjarr i madh ka l\u00ebn\u00eb t\u00eb vdekur nj\u00eb burr\u00eb i cili ishte vet\u00ebm n\u00eb sht\u00ebpi n\u00eb provinc\u00ebn per\u00ebndimore t\u00eb Izmirit n\u00eb Turqi, pasi u p\u00ebrhap n\u00eb nj\u00eb zon\u00eb banimi, ka b\u00ebr\u00eb t\u00eb ditur t\u00eb enjten agjencia shtet\u00ebrore e lajmeve Anadolu.<\/p>\n<div class=\"instream-video\">\n<div data-id=\"2kQm8Ze4251g\">\n<div class=\"orp-player-wrapper orp-aspectRateFixed orp-tiny-size orp-player-ipm orp-player-ipm-hidden orp-force-hide-player\">Rasti sh\u00ebnon viktim\u00ebn e par\u00eb pas gati nj\u00eb jave zjarresh t\u00eb shp\u00ebrndara.<\/div>\n<\/div>\n<\/div>\n<p>Burri, 81 vje\u00e7, ka vdekur n\u00eb lagjen Odemis ku zjarrfik\u00ebsit luftuan me zjarret p\u00ebr t\u00eb dyt\u00ebn dit\u00eb, teksa disa helikopter\u00eb dhe avion\u00eb hidhnin uj\u00eb n\u00eb terrenin malor.<\/p>\n<p>Autoritetet kan\u00eb mbyllur disa rrug\u00eb p\u00ebr n\u00eb qytetin turistik t\u00eb \u00c7e\u015fmes\u00eb n\u00eb Egje p\u00ebr shkak t\u00eb zjarrit, ka njoftuar Anadolu.<\/p>\n<div id=\"__ads-300x250in-4\" class=\"__ads-300x250-inarticle\" data-google-query-id=\"CKG-xMnqoI4DFUNxHQkdWV82Yw\">\n<div id=\"futureads_async_1452929932\" data-zone=\"dcd202be-eaca-4f3c-a133-263b2e0d91e3\" data-sender=\"futureads\" data-parent-id=\"google_ads_iframe_\/21895329656\/300x250-in-article_0__container__\">\n<div class=\"resize-sensor\" dir=\"ltr\">\n<div class=\"resize-sensor-expand\">\n<div>Transmetuesit kan\u00eb shfaqur pamje t\u00eb flak\u00ebve n\u00ebp\u00ebr pjes\u00eb t\u00eb autostrad\u00ebs kryesore nd\u00ebrsa mb\u00ebrrinin cisternat e ujit.<\/div>\n<\/div>\n<\/div>\n<\/div>\n<\/div>\n<p>Zjarret n\u00eb t\u00eb gjith\u00eb per\u00ebndimin e Turqis\u00eb kan\u00eb d\u00ebmtuar rreth 200 sht\u00ebpi teksa viktimave u \u00ebsht\u00eb ofruar akomodim alternativ, ka th\u00ebn\u00eb ministri i Brendsh\u00ebm, Ali Yerlikaya.<\/p>\n<p>Rreth 50,000 njer\u00ebz u evakuuan p\u00ebrkoh\u00ebsisht m\u00eb par\u00eb gjat\u00eb jav\u00ebs p\u00ebr shkak t\u00eb zjarreve, t\u00eb cilat u nxit\u00ebn nga temperaturat e larta, lag\u00ebshtia e ul\u00ebt dhe er\u00ebrat e forta. Disa jan\u00eb v\u00ebn\u00eb n\u00ebn kontroll.<\/p>\n<p>Zjarre t\u00eb tjera shp\u00ebrthyen gjithashtu t\u00eb enjten n\u00eb provinc\u00ebn jugore turistike t\u00eb Antalias dhe pak jasht\u00eb Stambollit, qytetit m\u00eb t\u00eb madh t\u00eb Turqis\u00eb, sipas Anadolu.<\/p>\n<p>&nbsp;<\/p>\n","protected":false},"excerpt":{"rendered":"<p>Ankara, 03 Korrik 2025 Nj\u00eb zjarr i madh ka l\u00ebn\u00eb t\u00eb vdekur nj\u00eb burr\u00eb i cili ishte vet\u00ebm n\u00eb sht\u00ebpi n\u00eb provinc\u00ebn per\u00ebndimore t\u00eb Izmirit<\/p>\n","protected":false},"author":1,"featured_media":2419,"comment_status":"open","ping_status":"open","sticky":false,"template":"","format":"standard","meta":{"footnotes":""},"categories":[72],"tags":[],"class_list":["post-2418","post","type-post","status-publish","format-standard","has-post-thumbnail","hentry","category-bota"],"yoast_head":"<!-- This site is optimized with the Yoast SEO plugin v25.3.1 - https:\/\/yoast.com\/wordpress\/plugins\/seo\/ -->\n<title>Vazhdojn\u00eb t\u00eb p\u00ebrhapen zjarret n\u00eb Turqi, nj\u00eb i vdekur -<\/title>\n<meta name=\"robots\" content=\"index, follow, max-snippet:-1, max-image-preview:large, max-video-preview:-1\" \/>\n<link rel=\"canonical\" href=\"https:\/\/veritasinfo.org\/?p=2418\" \/>\n<meta property=\"og:locale\" content=\"en_US\" \/>\n<meta property=\"og:type\" content=\"article\" \/>\n<meta property=\"og:title\" content=\"Vazhdojn\u00eb t\u00eb p\u00ebrhapen zjarret n\u00eb Turqi, nj\u00eb i vdekur -\" \/>\n<meta property=\"og:description\" content=\"Ankara, 03 Korrik 2025 Nj\u00eb zjarr i madh ka l\u00ebn\u00eb t\u00eb vdekur nj\u00eb burr\u00eb i cili ishte vet\u00ebm n\u00eb sht\u00ebpi n\u00eb provinc\u00ebn per\u00ebndimore t\u00eb Izmirit\" \/>\n<meta property=\"og:url\" content=\"https:\/\/veritasinfo.org\/?p=2418\" \/>\n<meta property=\"article:published_time\" content=\"2025-07-03T13:51:24+00:00\" \/>\n<meta property=\"og:image\" content=\"https:\/\/veritasinfo.org\/wp-content\/uploads\/2025\/07\/IMG_1700.webp\" \/>\n\t<meta property=\"og:image:width\" content=\"1360\" \/>\n\t<meta property=\"og:image:height\" content=\"870\" \/>\n\t<meta property=\"og:image:type\" content=\"image\/webp\" \/>\n<meta name=\"author\" content=\"admin\" \/>\n<meta name=\"twitter:card\" content=\"summary_large_image\" \/>\n<meta name=\"twitter:label1\" content=\"Written by\" \/>\n\t<meta name=\"twitter:data1\" content=\"admin\" \/>\n\t<meta name=\"twitter:label2\" content=\"Est. reading time\" \/>\n\t<meta name=\"twitter:data2\" content=\"2 minutes\" \/>\n<script type=\"application\/ld+json\" class=\"yoast-schema-graph\">{\"@context\":\"https:\/\/schema.org\",\"@graph\":[{\"@type\":\"WebPage\",\"@id\":\"https:\/\/veritasinfo.org\/?p=2418\",\"url\":\"https:\/\/veritasinfo.org\/?p=2418\",\"name\":\"Vazhdojn\u00eb t\u00eb p\u00ebrhapen zjarret n\u00eb Turqi, nj\u00eb i vdekur -\",\"isPartOf\":{\"@id\":\"https:\/\/veritasinfo.org\/#website\"},\"primaryImageOfPage\":{\"@id\":\"https:\/\/veritasinfo.org\/?p=2418#primaryimage\"},\"image\":{\"@id\":\"https:\/\/veritasinfo.org\/?p=2418#primaryimage\"},\"thumbnailUrl\":\"https:\/\/veritasinfo.org\/wp-content\/uploads\/2025\/07\/IMG_1700.webp\",\"datePublished\":\"2025-07-03T13:51:24+00:00\",\"author\":{\"@id\":\"https:\/\/veritasinfo.org\/#\/schema\/person\/7701f8c088bece422266b100a712374f\"},\"breadcrumb\":{\"@id\":\"https:\/\/veritasinfo.org\/?p=2418#breadcrumb\"},\"inLanguage\":\"en-US\",\"potentialAction\":[{\"@type\":\"ReadAction\",\"target\":[\"https:\/\/veritasinfo.org\/?p=2418\"]}]},{\"@type\":\"ImageObject\",\"inLanguage\":\"en-US\",\"@id\":\"https:\/\/veritasinfo.org\/?p=2418#primaryimage\",\"url\":\"https:\/\/veritasinfo.org\/wp-content\/uploads\/2025\/07\/IMG_1700.webp\",\"contentUrl\":\"https:\/\/veritasinfo.org\/wp-content\/uploads\/2025\/07\/IMG_1700.webp\",\"width\":1360,\"height\":870},{\"@type\":\"BreadcrumbList\",\"@id\":\"https:\/\/veritasinfo.org\/?p=2418#breadcrumb\",\"itemListElement\":[{\"@type\":\"ListItem\",\"position\":1,\"name\":\"Home\",\"item\":\"https:\/\/veritasinfo.org\/\"},{\"@type\":\"ListItem\",\"position\":2,\"name\":\"Vazhdojn\u00eb t\u00eb p\u00ebrhapen zjarret n\u00eb Turqi, nj\u00eb i vdekur\"}]},{\"@type\":\"WebSite\",\"@id\":\"https:\/\/veritasinfo.org\/#website\",\"url\":\"https:\/\/veritasinfo.org\/\",\"name\":\"\",\"description\":\"\",\"potentialAction\":[{\"@type\":\"SearchAction\",\"target\":{\"@type\":\"EntryPoint\",\"urlTemplate\":\"https:\/\/veritasinfo.org\/?s={search_term_string}\"},\"query-input\":{\"@type\":\"PropertyValueSpecification\",\"valueRequired\":true,\"valueName\":\"search_term_string\"}}],\"inLanguage\":\"en-US\"},{\"@type\":\"Person\",\"@id\":\"https:\/\/veritasinfo.org\/#\/schema\/person\/7701f8c088bece422266b100a712374f\",\"name\":\"admin\",\"image\":{\"@type\":\"ImageObject\",\"inLanguage\":\"en-US\",\"@id\":\"https:\/\/veritasinfo.org\/#\/schema\/person\/image\/\",\"url\":\"https:\/\/secure.gravatar.com\/avatar\/ea53aa3bf6c9a12d5fde8ce4deff43fef3885ae33cf60184161a50d6987cfd2f?s=96&d=mm&r=g\",\"contentUrl\":\"https:\/\/secure.gravatar.com\/avatar\/ea53aa3bf6c9a12d5fde8ce4deff43fef3885ae33cf60184161a50d6987cfd2f?s=96&d=mm&r=g\",\"caption\":\"admin\"},\"sameAs\":[\"https:\/\/veritasinfo.org\"],\"url\":\"https:\/\/veritasinfo.org\/?author=1\"}]}<\/script>\n<!-- \/ Yoast SEO plugin. -->","yoast_head_json":{"title":"Vazhdojn\u00eb t\u00eb p\u00ebrhapen zjarret n\u00eb Turqi, nj\u00eb i vdekur -","robots":{"index":"index","follow":"follow","max-snippet":"max-snippet:-1","max-image-preview":"max-image-preview:large","max-video-preview":"max-video-preview:-1"},"canonical":"https:\/\/veritasinfo.org\/?p=2418","og_locale":"en_US","og_type":"article","og_title":"Vazhdojn\u00eb t\u00eb p\u00ebrhapen zjarret n\u00eb Turqi, nj\u00eb i vdekur -","og_description":"Ankara, 03 Korrik 2025 Nj\u00eb zjarr i madh ka l\u00ebn\u00eb t\u00eb vdekur nj\u00eb burr\u00eb i cili ishte vet\u00ebm n\u00eb sht\u00ebpi n\u00eb provinc\u00ebn per\u00ebndimore t\u00eb Izmirit","og_url":"https:\/\/veritasinfo.org\/?p=2418","article_published_time":"2025-07-03T13:51:24+00:00","og_image":[{"width":1360,"height":870,"url":"https:\/\/veritasinfo.org\/wp-content\/uploads\/2025\/07\/IMG_1700.webp","type":"image\/webp"}],"author":"admin","twitter_card":"summary_large_image","twitter_misc":{"Written by":"admin","Est. reading time":"2 minutes"},"schema":{"@context":"https:\/\/schema.org","@graph":[{"@type":"WebPage","@id":"https:\/\/veritasinfo.org\/?p=2418","url":"https:\/\/veritasinfo.org\/?p=2418","name":"Vazhdojn\u00eb t\u00eb p\u00ebrhapen zjarret n\u00eb Turqi, nj\u00eb i vdekur -","isPartOf":{"@id":"https:\/\/veritasinfo.org\/#website"},"primaryImageOfPage":{"@id":"https:\/\/veritasinfo.org\/?p=2418#primaryimage"},"image":{"@id":"https:\/\/veritasinfo.org\/?p=2418#primaryimage"},"thumbnailUrl":"https:\/\/veritasinfo.org\/wp-content\/uploads\/2025\/07\/IMG_1700.webp","datePublished":"2025-07-03T13:51:24+00:00","author":{"@id":"https:\/\/veritasinfo.org\/#\/schema\/person\/7701f8c088bece422266b100a712374f"},"breadcrumb":{"@id":"https:\/\/veritasinfo.org\/?p=2418#breadcrumb"},"inLanguage":"en-US","potentialAction":[{"@type":"ReadAction","target":["https:\/\/veritasinfo.org\/?p=2418"]}]},{"@type":"ImageObject","inLanguage":"en-US","@id":"https:\/\/veritasinfo.org\/?p=2418#primaryimage","url":"https:\/\/veritasinfo.org\/wp-content\/uploads\/2025\/07\/IMG_1700.webp","contentUrl":"https:\/\/veritasinfo.org\/wp-content\/uploads\/2025\/07\/IMG_1700.webp","width":1360,"height":870},{"@type":"BreadcrumbList","@id":"https:\/\/veritasinfo.org\/?p=2418#breadcrumb","itemListElement":[{"@type":"ListItem","position":1,"name":"Home","item":"https:\/\/veritasinfo.org\/"},{"@type":"ListItem","position":2,"name":"Vazhdojn\u00eb t\u00eb p\u00ebrhapen zjarret n\u00eb Turqi, nj\u00eb i vdekur"}]},{"@type":"WebSite","@id":"https:\/\/veritasinfo.org\/#website","url":"https:\/\/veritasinfo.org\/","name":"","description":"","potentialAction":[{"@type":"SearchAction","target":{"@type":"EntryPoint","urlTemplate":"https:\/\/veritasinfo.org\/?s={search_term_string}"},"query-input":{"@type":"PropertyValueSpecification","valueRequired":true,"valueName":"search_term_string"}}],"inLanguage":"en-US"},{"@type":"Person","@id":"https:\/\/veritasinfo.org\/#\/schema\/person\/7701f8c088bece422266b100a712374f","name":"admin","image":{"@type":"ImageObject","inLanguage":"en-US","@id":"https:\/\/veritasinfo.org\/#\/schema\/person\/image\/","url":"https:\/\/secure.gravatar.com\/avatar\/ea53aa3bf6c9a12d5fde8ce4deff43fef3885ae33cf60184161a50d6987cfd2f?s=96&d=mm&r=g","contentUrl":"https:\/\/secure.gravatar.com\/avatar\/ea53aa3bf6c9a12d5fde8ce4deff43fef3885ae33cf60184161a50d6987cfd2f?s=96&d=mm&r=g","caption":"admin"},"sameAs":["https:\/\/veritasinfo.org"],"url":"https:\/\/veritasinfo.org\/?author=1"}]}},"featured_image_urls":{"full":["https:\/\/veritasinfo.org\/wp-content\/uploads\/2025\/07\/IMG_1700.webp",1360,870,false],"thumbnail":["https:\/\/veritasinfo.org\/wp-content\/uploads\/2025\/07\/IMG_1700-150x150.webp",150,150,true],"medium":["https:\/\/veritasinfo.org\/wp-content\/uploads\/2025\/07\/IMG_1700-300x192.webp",300,192,true],"medium_large":["https:\/\/veritasinfo.org\/wp-content\/uploads\/2025\/07\/IMG_1700-768x491.webp",640,409,true],"large":["https:\/\/veritasinfo.org\/wp-content\/uploads\/2025\/07\/IMG_1700-1024x655.webp",640,409,true],"1536x1536":["https:\/\/veritasinfo.org\/wp-content\/uploads\/2025\/07\/IMG_1700.webp",1360,870,false],"2048x2048":["https:\/\/veritasinfo.org\/wp-content\/uploads\/2025\/07\/IMG_1700.webp",1360,870,false],"kreeti-slider-full":["https:\/\/veritasinfo.org\/wp-content\/uploads\/2025\/07\/IMG_1700.webp",1126,720,false],"kreeti-featured":["https:\/\/veritasinfo.org\/wp-content\/uploads\/2025\/07\/IMG_1700.webp",1024,655,false],"kreeti-medium":["https:\/\/veritasinfo.org\/wp-content\/uploads\/2025\/07\/IMG_1700.webp",720,461,false],"kreeti-medium-square":["https:\/\/veritasinfo.org\/wp-content\/uploads\/2025\/07\/IMG_1700.webp",350,224,false]},"author_info":{"info":["admin"]},"category_info":"<a href=\"https:\/\/veritasinfo.org\/?cat=72\" rel=\"category\">Bota<\/a>","tag_info":"Bota","comment_count":"0","_links":{"self":[{"href":"https:\/\/veritasinfo.org\/index.php?rest_route=\/wp\/v2\/posts\/2418","targetHints":{"allow":["GET"]}}],"collection":[{"href":"https:\/\/veritasinfo.org\/index.php?rest_route=\/wp\/v2\/posts"}],"about":[{"href":"https:\/\/veritasinfo.org\/index.php?rest_route=\/wp\/v2\/types\/post"}],"author":[{"embeddable":true,"href":"https:\/\/veritasinfo.org\/index.php?rest_route=\/wp\/v2\/users\/1"}],"replies":[{"embeddable":true,"href":"https:\/\/veritasinfo.org\/index.php?rest_route=%2Fwp%2Fv2%2Fcomments&post=2418"}],"version-history":[{"count":1,"href":"https:\/\/veritasinfo.org\/index.php?rest_route=\/wp\/v2\/posts\/2418\/revisions"}],"predecessor-version":[{"id":2421,"href":"https:\/\/veritasinfo.org\/index.php?rest_route=\/wp\/v2\/posts\/2418\/revisions\/2421"}],"wp:featuredmedia":[{"embeddable":true,"href":"https:\/\/veritasinfo.org\/index.php?rest_route=\/wp\/v2\/media\/2419"}],"wp:attachment":[{"href":"https:\/\/veritasinfo.org\/index.php?rest_route=%2Fwp%2Fv2%2Fmedia&parent=2418"}],"wp:term":[{"taxonomy":"category","embeddable":true,"href":"https:\/\/veritasinfo.org\/index.php?rest_route=%2Fwp%2Fv2%2Fcategories&post=2418"},{"taxonomy":"post_tag","embeddable":true,"href":"https:\/\/veritasinfo.org\/index.php?rest_route=%2Fwp%2Fv2%2Ftags&post=2418"}],"curies":[{"name":"wp","href":"https:\/\/api.w.org\/{rel}","templated":true}]}}