{"id":24169,"date":"2025-12-16T08:37:05","date_gmt":"2025-12-16T07:37:05","guid":{"rendered":"https:\/\/veritasinfo.org\/?p=24169"},"modified":"2025-12-16T08:37:05","modified_gmt":"2025-12-16T07:37:05","slug":"343-kontrata-u-nenshkruan-me-praktikante-ne-veri-te-kosoves","status":"publish","type":"post","link":"https:\/\/veritasinfo.org\/?p=24169","title":{"rendered":"343 kontrata u n\u00ebnshkruan me praktikant\u00eb n\u00eb veri t\u00eb Kosov\u00ebs"},"content":{"rendered":"<p>Prishtin\u00eb 16 Dhjetor 2025 08:35<\/p>\n<p>Ministria p\u00ebr Komunitete dhe Kthim, n\u00eb bashk\u00ebpunim me organizat\u00ebn humanitare &#8220;N\u00ebna Terez\u00eb&#8221;, n\u00ebnshkroi gjithsej 343 kontrata me praktikant\u00eb n\u00eb veri t\u00eb Kosov\u00ebs, q\u00eb \u00ebsht\u00eb nj\u00eb hap i r\u00ebnd\u00ebsish\u00ebm drejt p\u00ebrmir\u00ebsimit t\u00eb pun\u00ebsimit dhe fuqizimit profesional t\u00eb t\u00eb rinjve.<\/p>\n<p>Q\u00ebllimi i programit t\u00eb praktik\u00ebs \u00ebsht\u00eb t&#8217;u jap\u00eb t\u00eb rinjve mund\u00ebsin\u00eb t\u00eb fitojn\u00eb p\u00ebrvoj\u00ebn e tyre t\u00eb par\u00eb t\u00eb pun\u00ebs, t\u00eb p\u00ebrmir\u00ebsojn\u00eb njohurit\u00eb dhe aft\u00ebsit\u00eb e tyre, por edhe t\u00eb p\u00ebrfshihen m\u00eb leht\u00eb n\u00eb tregun e pun\u00ebs. Si\u00e7 u njoftua, v\u00ebmendje e ve\u00e7ant\u00eb iu kushtua an\u00ebtar\u00ebve t\u00eb komuniteteve jo-shumic\u00eb, n\u00eb p\u00ebrputhje me mandatin e Ministris\u00eb p\u00ebr Komunitete dhe Kthim.<\/p>\n<p>P\u00ebrfaq\u00ebsuesit e Ministris\u00eb theksuan se programe t\u00eb tilla kontribuojn\u00eb n\u00eb stabilitetin shoq\u00ebror dhe mbijetes\u00ebn e t\u00eb rinjve n\u00eb veri t\u00eb Kosov\u00ebs, nd\u00ebrsa organizata &#8220;N\u00ebna Terez\u00eb&#8221; tha se do t\u00eb vazhdojn\u00eb t\u00eb ofrojn\u00eb mb\u00ebshtetje p\u00ebr iniciativat q\u00eb forcojn\u00eb sigurin\u00eb ekonomike dhe perspektiv\u00ebn e t\u00eb rinjve.<\/p>\n","protected":false},"excerpt":{"rendered":"<p>Prishtin\u00eb 16 Dhjetor 2025 08:35 Ministria p\u00ebr Komunitete dhe Kthim, n\u00eb bashk\u00ebpunim me organizat\u00ebn humanitare &#8220;N\u00ebna Terez\u00eb&#8221;, n\u00ebnshkroi gjithsej 343 kontrata me praktikant\u00eb n\u00eb veri<\/p>\n","protected":false},"author":6,"featured_media":24170,"comment_status":"open","ping_status":"open","sticky":false,"template":"","format":"standard","meta":{"footnotes":""},"categories":[52],"tags":[],"class_list":["post-24169","post","type-post","status-publish","format-standard","has-post-thumbnail","hentry","category-komunat-sq"],"yoast_head":"<!-- This site is optimized with the Yoast SEO plugin v25.3.1 - https:\/\/yoast.com\/wordpress\/plugins\/seo\/ -->\n<title>343 kontrata u n\u00ebnshkruan me praktikant\u00eb n\u00eb veri t\u00eb Kosov\u00ebs -<\/title>\n<meta name=\"robots\" content=\"index, follow, max-snippet:-1, max-image-preview:large, max-video-preview:-1\" \/>\n<link rel=\"canonical\" href=\"https:\/\/veritasinfo.org\/?p=24169\" \/>\n<meta property=\"og:locale\" content=\"en_US\" \/>\n<meta property=\"og:type\" content=\"article\" \/>\n<meta property=\"og:title\" content=\"343 kontrata u n\u00ebnshkruan me praktikant\u00eb n\u00eb veri t\u00eb Kosov\u00ebs -\" \/>\n<meta property=\"og:description\" content=\"Prishtin\u00eb 16 Dhjetor 2025 08:35 Ministria p\u00ebr Komunitete dhe Kthim, n\u00eb bashk\u00ebpunim me organizat\u00ebn humanitare &#8220;N\u00ebna Terez\u00eb&#8221;, n\u00ebnshkroi gjithsej 343 kontrata me praktikant\u00eb n\u00eb veri\" \/>\n<meta property=\"og:url\" content=\"https:\/\/veritasinfo.org\/?p=24169\" \/>\n<meta property=\"article:published_time\" content=\"2025-12-16T07:37:05+00:00\" \/>\n<meta property=\"og:image\" content=\"https:\/\/veritasinfo.org\/wp-content\/uploads\/2025\/12\/ministria.webp\" \/>\n\t<meta property=\"og:image:width\" content=\"797\" \/>\n\t<meta property=\"og:image:height\" content=\"377\" \/>\n\t<meta property=\"og:image:type\" content=\"image\/webp\" \/>\n<meta name=\"author\" content=\"US5\" \/>\n<meta name=\"twitter:card\" content=\"summary_large_image\" \/>\n<meta name=\"twitter:label1\" content=\"Written by\" \/>\n\t<meta name=\"twitter:data1\" content=\"US5\" \/>\n\t<meta name=\"twitter:label2\" content=\"Est. reading time\" \/>\n\t<meta name=\"twitter:data2\" content=\"1 minute\" \/>\n<script type=\"application\/ld+json\" class=\"yoast-schema-graph\">{\"@context\":\"https:\/\/schema.org\",\"@graph\":[{\"@type\":\"WebPage\",\"@id\":\"https:\/\/veritasinfo.org\/?p=24169\",\"url\":\"https:\/\/veritasinfo.org\/?p=24169\",\"name\":\"343 kontrata u n\u00ebnshkruan me praktikant\u00eb n\u00eb veri t\u00eb Kosov\u00ebs -\",\"isPartOf\":{\"@id\":\"https:\/\/veritasinfo.org\/#website\"},\"primaryImageOfPage\":{\"@id\":\"https:\/\/veritasinfo.org\/?p=24169#primaryimage\"},\"image\":{\"@id\":\"https:\/\/veritasinfo.org\/?p=24169#primaryimage\"},\"thumbnailUrl\":\"https:\/\/veritasinfo.org\/wp-content\/uploads\/2025\/12\/ministria.webp\",\"datePublished\":\"2025-12-16T07:37:05+00:00\",\"author\":{\"@id\":\"https:\/\/veritasinfo.org\/#\/schema\/person\/bc442336e35414d04494ab8fb45db4c6\"},\"breadcrumb\":{\"@id\":\"https:\/\/veritasinfo.org\/?p=24169#breadcrumb\"},\"inLanguage\":\"en-US\",\"potentialAction\":[{\"@type\":\"ReadAction\",\"target\":[\"https:\/\/veritasinfo.org\/?p=24169\"]}]},{\"@type\":\"ImageObject\",\"inLanguage\":\"en-US\",\"@id\":\"https:\/\/veritasinfo.org\/?p=24169#primaryimage\",\"url\":\"https:\/\/veritasinfo.org\/wp-content\/uploads\/2025\/12\/ministria.webp\",\"contentUrl\":\"https:\/\/veritasinfo.org\/wp-content\/uploads\/2025\/12\/ministria.webp\",\"width\":797,\"height\":377},{\"@type\":\"BreadcrumbList\",\"@id\":\"https:\/\/veritasinfo.org\/?p=24169#breadcrumb\",\"itemListElement\":[{\"@type\":\"ListItem\",\"position\":1,\"name\":\"Home\",\"item\":\"https:\/\/veritasinfo.org\/\"},{\"@type\":\"ListItem\",\"position\":2,\"name\":\"343 kontrata u n\u00ebnshkruan me praktikant\u00eb n\u00eb veri t\u00eb Kosov\u00ebs\"}]},{\"@type\":\"WebSite\",\"@id\":\"https:\/\/veritasinfo.org\/#website\",\"url\":\"https:\/\/veritasinfo.org\/\",\"name\":\"\",\"description\":\"\",\"potentialAction\":[{\"@type\":\"SearchAction\",\"target\":{\"@type\":\"EntryPoint\",\"urlTemplate\":\"https:\/\/veritasinfo.org\/?s={search_term_string}\"},\"query-input\":{\"@type\":\"PropertyValueSpecification\",\"valueRequired\":true,\"valueName\":\"search_term_string\"}}],\"inLanguage\":\"en-US\"},{\"@type\":\"Person\",\"@id\":\"https:\/\/veritasinfo.org\/#\/schema\/person\/bc442336e35414d04494ab8fb45db4c6\",\"name\":\"US5\",\"image\":{\"@type\":\"ImageObject\",\"inLanguage\":\"en-US\",\"@id\":\"https:\/\/veritasinfo.org\/#\/schema\/person\/image\/\",\"url\":\"https:\/\/secure.gravatar.com\/avatar\/16a61e7272a0c5d001121ebb9e60e925d5816e4ac1e443ed3e640d9a6ae55d0c?s=96&d=mm&r=g\",\"contentUrl\":\"https:\/\/secure.gravatar.com\/avatar\/16a61e7272a0c5d001121ebb9e60e925d5816e4ac1e443ed3e640d9a6ae55d0c?s=96&d=mm&r=g\",\"caption\":\"US5\"},\"url\":\"https:\/\/veritasinfo.org\/?author=6\"}]}<\/script>\n<!-- \/ Yoast SEO plugin. -->","yoast_head_json":{"title":"343 kontrata u n\u00ebnshkruan me praktikant\u00eb n\u00eb veri t\u00eb Kosov\u00ebs -","robots":{"index":"index","follow":"follow","max-snippet":"max-snippet:-1","max-image-preview":"max-image-preview:large","max-video-preview":"max-video-preview:-1"},"canonical":"https:\/\/veritasinfo.org\/?p=24169","og_locale":"en_US","og_type":"article","og_title":"343 kontrata u n\u00ebnshkruan me praktikant\u00eb n\u00eb veri t\u00eb Kosov\u00ebs -","og_description":"Prishtin\u00eb 16 Dhjetor 2025 08:35 Ministria p\u00ebr Komunitete dhe Kthim, n\u00eb bashk\u00ebpunim me organizat\u00ebn humanitare &#8220;N\u00ebna Terez\u00eb&#8221;, n\u00ebnshkroi gjithsej 343 kontrata me praktikant\u00eb n\u00eb veri","og_url":"https:\/\/veritasinfo.org\/?p=24169","article_published_time":"2025-12-16T07:37:05+00:00","og_image":[{"width":797,"height":377,"url":"https:\/\/veritasinfo.org\/wp-content\/uploads\/2025\/12\/ministria.webp","type":"image\/webp"}],"author":"US5","twitter_card":"summary_large_image","twitter_misc":{"Written by":"US5","Est. reading time":"1 minute"},"schema":{"@context":"https:\/\/schema.org","@graph":[{"@type":"WebPage","@id":"https:\/\/veritasinfo.org\/?p=24169","url":"https:\/\/veritasinfo.org\/?p=24169","name":"343 kontrata u n\u00ebnshkruan me praktikant\u00eb n\u00eb veri t\u00eb Kosov\u00ebs -","isPartOf":{"@id":"https:\/\/veritasinfo.org\/#website"},"primaryImageOfPage":{"@id":"https:\/\/veritasinfo.org\/?p=24169#primaryimage"},"image":{"@id":"https:\/\/veritasinfo.org\/?p=24169#primaryimage"},"thumbnailUrl":"https:\/\/veritasinfo.org\/wp-content\/uploads\/2025\/12\/ministria.webp","datePublished":"2025-12-16T07:37:05+00:00","author":{"@id":"https:\/\/veritasinfo.org\/#\/schema\/person\/bc442336e35414d04494ab8fb45db4c6"},"breadcrumb":{"@id":"https:\/\/veritasinfo.org\/?p=24169#breadcrumb"},"inLanguage":"en-US","potentialAction":[{"@type":"ReadAction","target":["https:\/\/veritasinfo.org\/?p=24169"]}]},{"@type":"ImageObject","inLanguage":"en-US","@id":"https:\/\/veritasinfo.org\/?p=24169#primaryimage","url":"https:\/\/veritasinfo.org\/wp-content\/uploads\/2025\/12\/ministria.webp","contentUrl":"https:\/\/veritasinfo.org\/wp-content\/uploads\/2025\/12\/ministria.webp","width":797,"height":377},{"@type":"BreadcrumbList","@id":"https:\/\/veritasinfo.org\/?p=24169#breadcrumb","itemListElement":[{"@type":"ListItem","position":1,"name":"Home","item":"https:\/\/veritasinfo.org\/"},{"@type":"ListItem","position":2,"name":"343 kontrata u n\u00ebnshkruan me praktikant\u00eb n\u00eb veri t\u00eb Kosov\u00ebs"}]},{"@type":"WebSite","@id":"https:\/\/veritasinfo.org\/#website","url":"https:\/\/veritasinfo.org\/","name":"","description":"","potentialAction":[{"@type":"SearchAction","target":{"@type":"EntryPoint","urlTemplate":"https:\/\/veritasinfo.org\/?s={search_term_string}"},"query-input":{"@type":"PropertyValueSpecification","valueRequired":true,"valueName":"search_term_string"}}],"inLanguage":"en-US"},{"@type":"Person","@id":"https:\/\/veritasinfo.org\/#\/schema\/person\/bc442336e35414d04494ab8fb45db4c6","name":"US5","image":{"@type":"ImageObject","inLanguage":"en-US","@id":"https:\/\/veritasinfo.org\/#\/schema\/person\/image\/","url":"https:\/\/secure.gravatar.com\/avatar\/16a61e7272a0c5d001121ebb9e60e925d5816e4ac1e443ed3e640d9a6ae55d0c?s=96&d=mm&r=g","contentUrl":"https:\/\/secure.gravatar.com\/avatar\/16a61e7272a0c5d001121ebb9e60e925d5816e4ac1e443ed3e640d9a6ae55d0c?s=96&d=mm&r=g","caption":"US5"},"url":"https:\/\/veritasinfo.org\/?author=6"}]}},"featured_image_urls":{"full":["https:\/\/veritasinfo.org\/wp-content\/uploads\/2025\/12\/ministria.webp",797,377,false],"thumbnail":["https:\/\/veritasinfo.org\/wp-content\/uploads\/2025\/12\/ministria-150x150.webp",150,150,true],"medium":["https:\/\/veritasinfo.org\/wp-content\/uploads\/2025\/12\/ministria-300x142.webp",300,142,true],"medium_large":["https:\/\/veritasinfo.org\/wp-content\/uploads\/2025\/12\/ministria-768x363.webp",640,303,true],"large":["https:\/\/veritasinfo.org\/wp-content\/uploads\/2025\/12\/ministria.webp",640,303,false],"1536x1536":["https:\/\/veritasinfo.org\/wp-content\/uploads\/2025\/12\/ministria.webp",797,377,false],"2048x2048":["https:\/\/veritasinfo.org\/wp-content\/uploads\/2025\/12\/ministria.webp",797,377,false],"kreeti-slider-full":["https:\/\/veritasinfo.org\/wp-content\/uploads\/2025\/12\/ministria.webp",797,377,false],"kreeti-featured":["https:\/\/veritasinfo.org\/wp-content\/uploads\/2025\/12\/ministria.webp",797,377,false],"kreeti-medium":["https:\/\/veritasinfo.org\/wp-content\/uploads\/2025\/12\/ministria.webp",720,341,false],"kreeti-medium-square":["https:\/\/veritasinfo.org\/wp-content\/uploads\/2025\/12\/ministria.webp",350,166,false]},"author_info":{"info":["US5"]},"category_info":"<a href=\"https:\/\/veritasinfo.org\/?cat=52\" rel=\"category\">Komunat<\/a>","tag_info":"Komunat","comment_count":"0","_links":{"self":[{"href":"https:\/\/veritasinfo.org\/index.php?rest_route=\/wp\/v2\/posts\/24169","targetHints":{"allow":["GET"]}}],"collection":[{"href":"https:\/\/veritasinfo.org\/index.php?rest_route=\/wp\/v2\/posts"}],"about":[{"href":"https:\/\/veritasinfo.org\/index.php?rest_route=\/wp\/v2\/types\/post"}],"author":[{"embeddable":true,"href":"https:\/\/veritasinfo.org\/index.php?rest_route=\/wp\/v2\/users\/6"}],"replies":[{"embeddable":true,"href":"https:\/\/veritasinfo.org\/index.php?rest_route=%2Fwp%2Fv2%2Fcomments&post=24169"}],"version-history":[{"count":1,"href":"https:\/\/veritasinfo.org\/index.php?rest_route=\/wp\/v2\/posts\/24169\/revisions"}],"predecessor-version":[{"id":24171,"href":"https:\/\/veritasinfo.org\/index.php?rest_route=\/wp\/v2\/posts\/24169\/revisions\/24171"}],"wp:featuredmedia":[{"embeddable":true,"href":"https:\/\/veritasinfo.org\/index.php?rest_route=\/wp\/v2\/media\/24170"}],"wp:attachment":[{"href":"https:\/\/veritasinfo.org\/index.php?rest_route=%2Fwp%2Fv2%2Fmedia&parent=24169"}],"wp:term":[{"taxonomy":"category","embeddable":true,"href":"https:\/\/veritasinfo.org\/index.php?rest_route=%2Fwp%2Fv2%2Fcategories&post=24169"},{"taxonomy":"post_tag","embeddable":true,"href":"https:\/\/veritasinfo.org\/index.php?rest_route=%2Fwp%2Fv2%2Ftags&post=24169"}],"curies":[{"name":"wp","href":"https:\/\/api.w.org\/{rel}","templated":true}]}}