{"id":24160,"date":"2025-12-16T08:17:35","date_gmt":"2025-12-16T07:17:35","guid":{"rendered":"https:\/\/veritasinfo.org\/?p=24160"},"modified":"2025-12-16T08:18:49","modified_gmt":"2025-12-16T07:18:49","slug":"ish-nenkoloneli-britanik-kosova-ne-periudhen-me-te-rrezikshme-qe-nga-viti-1999-kfor-i-pasiv-ndaj-serbise","status":"publish","type":"post","link":"https:\/\/veritasinfo.org\/?p=24160","title":{"rendered":"Ish-n\u00ebnkoloneli britanik: Kosova n\u00eb periudh\u00ebn m\u00eb t\u00eb rrezikshme q\u00eb nga viti 1999, KFOR-i pasiv ndaj Serbis\u00eb"},"content":{"rendered":"<p>Prishtin\u00eb 16 Dhjetor 2025 08:16<\/p>\n<p>N\u00ebnkoloneli britanik n\u00eb pension, Ade Clewlow, ka v\u00ebn\u00eb n\u00eb pik\u00ebpyetje rolin e KFOR-it n\u00eb Kosov\u00eb, duke th\u00ebn\u00eb se misioni ka kapacitete t\u00eb mjaftueshme, por i mungon vullneti p\u00ebr t\u00eb vepruar. Ai kritikon p\u00ebrb\u00ebrjen e KFOR-it dhe qasjen e but\u00eb ndaj agresionit serb, ve\u00e7an\u00ebrisht gjat\u00eb ngjarjeve n\u00eb veri dhe sulmit n\u00eb Banjsk\u00eb. Sipas tij, Serbia mbetet nj\u00eb k\u00ebrc\u00ebnim serioz ushtarak dhe Kosova ndodhet n\u00eb periudh\u00ebn m\u00eb t\u00eb rrezikshme q\u00eb nga viti 1999.<\/p>\n<p>N\u00ebnkoloneli britanik n\u00eb pension, Ade Clewlow, ka kritikuar ashp\u00ebr misionin paqeruajt\u00ebs t\u00eb KFOR-it n\u00eb Kosov\u00eb, duke v\u00ebn\u00eb n\u00eb dyshim gatishm\u00ebrin\u00eb e tij p\u00ebr t\u00eb garantuar sigurin\u00eb e vendit.<\/p>\n<p>Sipas Clewlow, KFOR-i posedon kapacitete t\u00eb mjaftueshme p\u00ebr ta mbrojtur Kosov\u00ebn, por i mungon vullneti politik p\u00ebr ta b\u00ebr\u00eb k\u00ebt\u00eb.<\/p>\n<p>Ai thekson se p\u00ebrb\u00ebrja e forc\u00ebs p\u00ebrfshin vende per\u00ebndimore si Mbret\u00ebria e Bashkuar dhe Shtetet e Bashkuara, por edhe shtete q\u00eb, sipas tij, kan\u00eb q\u00ebndrime problematike ndaj Kosov\u00ebs.<\/p>\n<p>\u201cP\u00ebrb\u00ebrja e KFOR-it p\u00ebrfshin vende t\u00eb bot\u00ebs per\u00ebndimore t\u00eb rangut t\u00eb par\u00eb, si SHBA-t\u00eb dhe Mbret\u00ebria e Bashkuar, me oficer\u00eb dhe trupa rezerv\u00eb nga SHBA-ja dhe forca t\u00eb rregullta nga Britania. Por ajo p\u00ebrfshin gjithashtu vende si Hungaria, e cila ka nj\u00eb pakt mbrojt\u00ebs me Serbin\u00eb. \u00cbsht\u00eb shum\u00eb pak e mundshme q\u00eb nj\u00eb shtet me nj\u00eb pakt t\u00eb till\u00eb t\u00eb p\u00ebrdor\u00eb forc\u00eb kund\u00ebr Serbis\u00eb, n\u00ebse ajo do t\u00eb tentonte t\u00eb hynte n\u00eb Kosov\u00eb. N\u00eb KFOR ka edhe forca nga vende si Sllovakia, t\u00eb cilat publikisht kan\u00eb deklaruar se jan\u00eb aty p\u00ebr t\u00eb mbrojtur serb\u00ebt etnik\u00eb\u201d, ka deklaruar Clewlow p\u00ebr T\u00ebv\u00eb1.<\/p>\n<p>Clewlow, i cili ka sh\u00ebrbyer edhe si oficer nd\u00ebrlidh\u00ebs i KFOR-it me Trupat Mbrojt\u00ebse t\u00eb Kosov\u00ebs, ka p\u00ebrmendur zhvillimet e viteve t\u00eb fundit n\u00eb veri t\u00eb vendit p\u00ebr t\u00eb mb\u00ebshtetur argumentet e tij.<\/p>\n<p>Sipas tij, trupat paqeruajt\u00ebse t\u00eb NATO-s kan\u00eb treguar but\u00ebsi ndaj agresionit serb.<\/p>\n<p>\u201cAgresioni serb ka qen\u00eb shum\u00eb i duksh\u00ebm n\u00eb dy vitet e fundit. N\u00eb maj t\u00eb vitit 2023, sipas mendimit tim, pati nj\u00eb akt brutal nga serb\u00ebt etnik\u00eb me q\u00ebllim zbutjen e KFOR-it dhe d\u00ebrgimin e nj\u00eb mesazhi t\u00eb qart\u00eb: \u2018mos u afroni m\u00eb kurr\u00eb\u2019. Kjo i parapriu aktit t\u00eb q\u00ebllimsh\u00ebm n\u00eb Banjsk\u00eb. N\u00eb jav\u00ebt dhe muajt para shtatorit t\u00eb atij viti, arm\u00eb, armatime dhe municione u transportuan nga Serbia n\u00eb Kosov\u00eb. K\u00ebto u denoncuan nga britanik\u00ebt, por nuk pati asnj\u00eb reagim nga KFOR-i. Ky \u00ebsht\u00eb thelbi i problemit\u201d, ka deklaruar ai.<\/p>\n<p>Clewlow thot\u00eb se  q\u00ebllimet e Serbis\u00eb nuk kan\u00eb ndryshuar dhe ajo vazhdon t\u00eb paraqes\u00eb rrezik serioz p\u00ebr Kosov\u00ebn.<\/p>\n<p>Ai vler\u00ebson se vendi nuk ka qen\u00eb kurr\u00eb m\u00eb i rrezikuar q\u00eb nga viti 1999.<\/p>\n<p>\u201cPa asnj\u00eb dyshim, ushtria serbe \u00ebsht\u00eb shum\u00eb e aft\u00eb dhe, n\u00ebse do t\u00eb donte, mund ta kalonte kufirin. Tani e dim\u00eb se trupat e KFOR-it thjesht do t\u00eb v\u00ebzhgonin situat\u00ebn dhe do t\u00eb raportonin n\u00eb nivele m\u00eb t\u00eb larta. Serbia mbetet nj\u00eb k\u00ebrc\u00ebnim ushtarak. Ata e kan\u00eb demonstruar m\u00eb her\u00ebt q\u00ebllimin e tyre dhe asgj\u00eb nuk ka ndryshuar. Kjo \u00ebsht\u00eb ndoshta periudha m\u00eb e rrezikshme p\u00ebr Kosov\u00ebn q\u00eb nga viti 1999 sa i p\u00ebrket k\u00ebrc\u00ebnimit serb, dhe komuniteti nd\u00ebrkomb\u00ebtar duhet t\u00eb zgjohet ndaj k\u00ebtij fakti\u201d, thekson Clewlow.<\/p>\n<p>NATO ka mision paqeruajt\u00ebs n\u00eb Kosov\u00eb q\u00eb nga p\u00ebrfundimi i luft\u00ebs, nd\u00ebrsa aktualisht n\u00eb kuad\u00ebr t\u00eb KFOR-it jan\u00eb t\u00eb angazhuara mbi 4.600 trupa nga 29 vende t\u00eb bot\u00ebs.<\/p>\n","protected":false},"excerpt":{"rendered":"<p>Prishtin\u00eb 16 Dhjetor 2025 08:16 N\u00ebnkoloneli britanik n\u00eb pension, Ade Clewlow, ka v\u00ebn\u00eb n\u00eb pik\u00ebpyetje rolin e KFOR-it n\u00eb Kosov\u00eb, duke th\u00ebn\u00eb se misioni ka<\/p>\n","protected":false},"author":6,"featured_media":24161,"comment_status":"open","ping_status":"open","sticky":false,"template":"","format":"standard","meta":{"footnotes":""},"categories":[58],"tags":[],"class_list":["post-24160","post","type-post","status-publish","format-standard","has-post-thumbnail","hentry","category-politike-sq"],"yoast_head":"<!-- This site is optimized with the Yoast SEO plugin v25.3.1 - https:\/\/yoast.com\/wordpress\/plugins\/seo\/ -->\n<title>Ish-n\u00ebnkoloneli britanik: Kosova n\u00eb periudh\u00ebn m\u00eb t\u00eb rrezikshme q\u00eb nga viti 1999, KFOR-i pasiv ndaj Serbis\u00eb -<\/title>\n<meta name=\"robots\" content=\"index, follow, max-snippet:-1, max-image-preview:large, max-video-preview:-1\" \/>\n<link rel=\"canonical\" href=\"https:\/\/veritasinfo.org\/?p=24160\" \/>\n<meta property=\"og:locale\" content=\"en_US\" \/>\n<meta property=\"og:type\" content=\"article\" \/>\n<meta property=\"og:title\" content=\"Ish-n\u00ebnkoloneli britanik: Kosova n\u00eb periudh\u00ebn m\u00eb t\u00eb rrezikshme q\u00eb nga viti 1999, KFOR-i pasiv ndaj Serbis\u00eb -\" \/>\n<meta property=\"og:description\" content=\"Prishtin\u00eb 16 Dhjetor 2025 08:16 N\u00ebnkoloneli britanik n\u00eb pension, Ade Clewlow, ka v\u00ebn\u00eb n\u00eb pik\u00ebpyetje rolin e KFOR-it n\u00eb Kosov\u00eb, duke th\u00ebn\u00eb se misioni ka\" \/>\n<meta property=\"og:url\" content=\"https:\/\/veritasinfo.org\/?p=24160\" \/>\n<meta property=\"article:published_time\" content=\"2025-12-16T07:17:35+00:00\" \/>\n<meta property=\"article:modified_time\" content=\"2025-12-16T07:18:49+00:00\" \/>\n<meta property=\"og:image\" content=\"https:\/\/veritasinfo.org\/wp-content\/uploads\/2025\/12\/image-11-10.webp\" \/>\n\t<meta property=\"og:image:width\" content=\"1245\" \/>\n\t<meta property=\"og:image:height\" content=\"700\" \/>\n\t<meta property=\"og:image:type\" content=\"image\/webp\" \/>\n<meta name=\"author\" content=\"US5\" \/>\n<meta name=\"twitter:card\" content=\"summary_large_image\" \/>\n<meta name=\"twitter:label1\" content=\"Written by\" \/>\n\t<meta name=\"twitter:data1\" content=\"US5\" \/>\n\t<meta name=\"twitter:label2\" content=\"Est. reading time\" \/>\n\t<meta name=\"twitter:data2\" content=\"3 minutes\" \/>\n<script type=\"application\/ld+json\" class=\"yoast-schema-graph\">{\"@context\":\"https:\/\/schema.org\",\"@graph\":[{\"@type\":\"WebPage\",\"@id\":\"https:\/\/veritasinfo.org\/?p=24160\",\"url\":\"https:\/\/veritasinfo.org\/?p=24160\",\"name\":\"Ish-n\u00ebnkoloneli britanik: Kosova n\u00eb periudh\u00ebn m\u00eb t\u00eb rrezikshme q\u00eb nga viti 1999, KFOR-i pasiv ndaj Serbis\u00eb -\",\"isPartOf\":{\"@id\":\"https:\/\/veritasinfo.org\/#website\"},\"primaryImageOfPage\":{\"@id\":\"https:\/\/veritasinfo.org\/?p=24160#primaryimage\"},\"image\":{\"@id\":\"https:\/\/veritasinfo.org\/?p=24160#primaryimage\"},\"thumbnailUrl\":\"https:\/\/veritasinfo.org\/wp-content\/uploads\/2025\/12\/image-11-10.webp\",\"datePublished\":\"2025-12-16T07:17:35+00:00\",\"dateModified\":\"2025-12-16T07:18:49+00:00\",\"author\":{\"@id\":\"https:\/\/veritasinfo.org\/#\/schema\/person\/bc442336e35414d04494ab8fb45db4c6\"},\"breadcrumb\":{\"@id\":\"https:\/\/veritasinfo.org\/?p=24160#breadcrumb\"},\"inLanguage\":\"en-US\",\"potentialAction\":[{\"@type\":\"ReadAction\",\"target\":[\"https:\/\/veritasinfo.org\/?p=24160\"]}]},{\"@type\":\"ImageObject\",\"inLanguage\":\"en-US\",\"@id\":\"https:\/\/veritasinfo.org\/?p=24160#primaryimage\",\"url\":\"https:\/\/veritasinfo.org\/wp-content\/uploads\/2025\/12\/image-11-10.webp\",\"contentUrl\":\"https:\/\/veritasinfo.org\/wp-content\/uploads\/2025\/12\/image-11-10.webp\",\"width\":1245,\"height\":700},{\"@type\":\"BreadcrumbList\",\"@id\":\"https:\/\/veritasinfo.org\/?p=24160#breadcrumb\",\"itemListElement\":[{\"@type\":\"ListItem\",\"position\":1,\"name\":\"Home\",\"item\":\"https:\/\/veritasinfo.org\/\"},{\"@type\":\"ListItem\",\"position\":2,\"name\":\"Ish-n\u00ebnkoloneli britanik: Kosova n\u00eb periudh\u00ebn m\u00eb t\u00eb rrezikshme q\u00eb nga viti 1999, KFOR-i pasiv ndaj Serbis\u00eb\"}]},{\"@type\":\"WebSite\",\"@id\":\"https:\/\/veritasinfo.org\/#website\",\"url\":\"https:\/\/veritasinfo.org\/\",\"name\":\"\",\"description\":\"\",\"potentialAction\":[{\"@type\":\"SearchAction\",\"target\":{\"@type\":\"EntryPoint\",\"urlTemplate\":\"https:\/\/veritasinfo.org\/?s={search_term_string}\"},\"query-input\":{\"@type\":\"PropertyValueSpecification\",\"valueRequired\":true,\"valueName\":\"search_term_string\"}}],\"inLanguage\":\"en-US\"},{\"@type\":\"Person\",\"@id\":\"https:\/\/veritasinfo.org\/#\/schema\/person\/bc442336e35414d04494ab8fb45db4c6\",\"name\":\"US5\",\"image\":{\"@type\":\"ImageObject\",\"inLanguage\":\"en-US\",\"@id\":\"https:\/\/veritasinfo.org\/#\/schema\/person\/image\/\",\"url\":\"https:\/\/secure.gravatar.com\/avatar\/16a61e7272a0c5d001121ebb9e60e925d5816e4ac1e443ed3e640d9a6ae55d0c?s=96&d=mm&r=g\",\"contentUrl\":\"https:\/\/secure.gravatar.com\/avatar\/16a61e7272a0c5d001121ebb9e60e925d5816e4ac1e443ed3e640d9a6ae55d0c?s=96&d=mm&r=g\",\"caption\":\"US5\"},\"url\":\"https:\/\/veritasinfo.org\/?author=6\"}]}<\/script>\n<!-- \/ Yoast SEO plugin. -->","yoast_head_json":{"title":"Ish-n\u00ebnkoloneli britanik: Kosova n\u00eb periudh\u00ebn m\u00eb t\u00eb rrezikshme q\u00eb nga viti 1999, KFOR-i pasiv ndaj Serbis\u00eb -","robots":{"index":"index","follow":"follow","max-snippet":"max-snippet:-1","max-image-preview":"max-image-preview:large","max-video-preview":"max-video-preview:-1"},"canonical":"https:\/\/veritasinfo.org\/?p=24160","og_locale":"en_US","og_type":"article","og_title":"Ish-n\u00ebnkoloneli britanik: Kosova n\u00eb periudh\u00ebn m\u00eb t\u00eb rrezikshme q\u00eb nga viti 1999, KFOR-i pasiv ndaj Serbis\u00eb -","og_description":"Prishtin\u00eb 16 Dhjetor 2025 08:16 N\u00ebnkoloneli britanik n\u00eb pension, Ade Clewlow, ka v\u00ebn\u00eb n\u00eb pik\u00ebpyetje rolin e KFOR-it n\u00eb Kosov\u00eb, duke th\u00ebn\u00eb se misioni ka","og_url":"https:\/\/veritasinfo.org\/?p=24160","article_published_time":"2025-12-16T07:17:35+00:00","article_modified_time":"2025-12-16T07:18:49+00:00","og_image":[{"width":1245,"height":700,"url":"https:\/\/veritasinfo.org\/wp-content\/uploads\/2025\/12\/image-11-10.webp","type":"image\/webp"}],"author":"US5","twitter_card":"summary_large_image","twitter_misc":{"Written by":"US5","Est. reading time":"3 minutes"},"schema":{"@context":"https:\/\/schema.org","@graph":[{"@type":"WebPage","@id":"https:\/\/veritasinfo.org\/?p=24160","url":"https:\/\/veritasinfo.org\/?p=24160","name":"Ish-n\u00ebnkoloneli britanik: Kosova n\u00eb periudh\u00ebn m\u00eb t\u00eb rrezikshme q\u00eb nga viti 1999, KFOR-i pasiv ndaj Serbis\u00eb -","isPartOf":{"@id":"https:\/\/veritasinfo.org\/#website"},"primaryImageOfPage":{"@id":"https:\/\/veritasinfo.org\/?p=24160#primaryimage"},"image":{"@id":"https:\/\/veritasinfo.org\/?p=24160#primaryimage"},"thumbnailUrl":"https:\/\/veritasinfo.org\/wp-content\/uploads\/2025\/12\/image-11-10.webp","datePublished":"2025-12-16T07:17:35+00:00","dateModified":"2025-12-16T07:18:49+00:00","author":{"@id":"https:\/\/veritasinfo.org\/#\/schema\/person\/bc442336e35414d04494ab8fb45db4c6"},"breadcrumb":{"@id":"https:\/\/veritasinfo.org\/?p=24160#breadcrumb"},"inLanguage":"en-US","potentialAction":[{"@type":"ReadAction","target":["https:\/\/veritasinfo.org\/?p=24160"]}]},{"@type":"ImageObject","inLanguage":"en-US","@id":"https:\/\/veritasinfo.org\/?p=24160#primaryimage","url":"https:\/\/veritasinfo.org\/wp-content\/uploads\/2025\/12\/image-11-10.webp","contentUrl":"https:\/\/veritasinfo.org\/wp-content\/uploads\/2025\/12\/image-11-10.webp","width":1245,"height":700},{"@type":"BreadcrumbList","@id":"https:\/\/veritasinfo.org\/?p=24160#breadcrumb","itemListElement":[{"@type":"ListItem","position":1,"name":"Home","item":"https:\/\/veritasinfo.org\/"},{"@type":"ListItem","position":2,"name":"Ish-n\u00ebnkoloneli britanik: Kosova n\u00eb periudh\u00ebn m\u00eb t\u00eb rrezikshme q\u00eb nga viti 1999, KFOR-i pasiv ndaj Serbis\u00eb"}]},{"@type":"WebSite","@id":"https:\/\/veritasinfo.org\/#website","url":"https:\/\/veritasinfo.org\/","name":"","description":"","potentialAction":[{"@type":"SearchAction","target":{"@type":"EntryPoint","urlTemplate":"https:\/\/veritasinfo.org\/?s={search_term_string}"},"query-input":{"@type":"PropertyValueSpecification","valueRequired":true,"valueName":"search_term_string"}}],"inLanguage":"en-US"},{"@type":"Person","@id":"https:\/\/veritasinfo.org\/#\/schema\/person\/bc442336e35414d04494ab8fb45db4c6","name":"US5","image":{"@type":"ImageObject","inLanguage":"en-US","@id":"https:\/\/veritasinfo.org\/#\/schema\/person\/image\/","url":"https:\/\/secure.gravatar.com\/avatar\/16a61e7272a0c5d001121ebb9e60e925d5816e4ac1e443ed3e640d9a6ae55d0c?s=96&d=mm&r=g","contentUrl":"https:\/\/secure.gravatar.com\/avatar\/16a61e7272a0c5d001121ebb9e60e925d5816e4ac1e443ed3e640d9a6ae55d0c?s=96&d=mm&r=g","caption":"US5"},"url":"https:\/\/veritasinfo.org\/?author=6"}]}},"featured_image_urls":{"full":["https:\/\/veritasinfo.org\/wp-content\/uploads\/2025\/12\/image-11-10.webp",1245,700,false],"thumbnail":["https:\/\/veritasinfo.org\/wp-content\/uploads\/2025\/12\/image-11-10-150x150.webp",150,150,true],"medium":["https:\/\/veritasinfo.org\/wp-content\/uploads\/2025\/12\/image-11-10-300x169.webp",300,169,true],"medium_large":["https:\/\/veritasinfo.org\/wp-content\/uploads\/2025\/12\/image-11-10-768x432.webp",640,360,true],"large":["https:\/\/veritasinfo.org\/wp-content\/uploads\/2025\/12\/image-11-10-1024x576.webp",640,360,true],"1536x1536":["https:\/\/veritasinfo.org\/wp-content\/uploads\/2025\/12\/image-11-10.webp",1245,700,false],"2048x2048":["https:\/\/veritasinfo.org\/wp-content\/uploads\/2025\/12\/image-11-10.webp",1245,700,false],"kreeti-slider-full":["https:\/\/veritasinfo.org\/wp-content\/uploads\/2025\/12\/image-11-10.webp",1245,700,false],"kreeti-featured":["https:\/\/veritasinfo.org\/wp-content\/uploads\/2025\/12\/image-11-10.webp",1024,576,false],"kreeti-medium":["https:\/\/veritasinfo.org\/wp-content\/uploads\/2025\/12\/image-11-10.webp",720,405,false],"kreeti-medium-square":["https:\/\/veritasinfo.org\/wp-content\/uploads\/2025\/12\/image-11-10.webp",350,197,false]},"author_info":{"info":["US5"]},"category_info":"<a href=\"https:\/\/veritasinfo.org\/?cat=58\" rel=\"category\">Politik\u00eb<\/a>","tag_info":"Politik\u00eb","comment_count":"0","_links":{"self":[{"href":"https:\/\/veritasinfo.org\/index.php?rest_route=\/wp\/v2\/posts\/24160","targetHints":{"allow":["GET"]}}],"collection":[{"href":"https:\/\/veritasinfo.org\/index.php?rest_route=\/wp\/v2\/posts"}],"about":[{"href":"https:\/\/veritasinfo.org\/index.php?rest_route=\/wp\/v2\/types\/post"}],"author":[{"embeddable":true,"href":"https:\/\/veritasinfo.org\/index.php?rest_route=\/wp\/v2\/users\/6"}],"replies":[{"embeddable":true,"href":"https:\/\/veritasinfo.org\/index.php?rest_route=%2Fwp%2Fv2%2Fcomments&post=24160"}],"version-history":[{"count":2,"href":"https:\/\/veritasinfo.org\/index.php?rest_route=\/wp\/v2\/posts\/24160\/revisions"}],"predecessor-version":[{"id":24164,"href":"https:\/\/veritasinfo.org\/index.php?rest_route=\/wp\/v2\/posts\/24160\/revisions\/24164"}],"wp:featuredmedia":[{"embeddable":true,"href":"https:\/\/veritasinfo.org\/index.php?rest_route=\/wp\/v2\/media\/24161"}],"wp:attachment":[{"href":"https:\/\/veritasinfo.org\/index.php?rest_route=%2Fwp%2Fv2%2Fmedia&parent=24160"}],"wp:term":[{"taxonomy":"category","embeddable":true,"href":"https:\/\/veritasinfo.org\/index.php?rest_route=%2Fwp%2Fv2%2Fcategories&post=24160"},{"taxonomy":"post_tag","embeddable":true,"href":"https:\/\/veritasinfo.org\/index.php?rest_route=%2Fwp%2Fv2%2Ftags&post=24160"}],"curies":[{"name":"wp","href":"https:\/\/api.w.org\/{rel}","templated":true}]}}