{"id":2416,"date":"2025-07-03T15:40:03","date_gmt":"2025-07-03T13:40:03","guid":{"rendered":"https:\/\/veritasinfo.org\/?p=2416"},"modified":"2025-07-03T15:40:03","modified_gmt":"2025-07-03T13:40:03","slug":"maqedonci-takon-ministren-e-mbrojtjes-te-luksemburgut-presim-mbeshtetjen-e-anetaresimit-te-kosoves-ne-ke","status":"publish","type":"post","link":"https:\/\/veritasinfo.org\/?p=2416","title":{"rendered":"Maqedonci takon ministren e mbrojtjes t\u00eb Luksemburgut: Presim mb\u00ebshtetjen e an\u00ebtar\u00ebsimit t\u00eb Kosov\u00ebs n\u00eb KE"},"content":{"rendered":"<p>Prishtin\u00eb, 03 Korrik 2025<\/p>\n<p><strong>Ministri i Mbrojtjes i Kosov\u00ebs, Ejup Maqedonci, ka pritur sot Ministren e Mbrojtjes t\u00eb Luksemburgut, Yuriko Backes, n\u00eb nj\u00eb takim ku jan\u00eb diskutuar mund\u00ebsit\u00eb e reja t\u00eb bashk\u00ebpunimit nd\u00ebrmjet dy shteteve, ve\u00e7an\u00ebrisht n\u00eb fushat ku Kosova ka nevoj\u00eb p\u00ebr mb\u00ebshtetje.<\/strong><\/p>\n<p><strong><br \/>\n<\/strong>Ministri Maqedonci ka shprehur mir\u00ebnjohjen p\u00ebr investimet e vazhdueshme t\u00eb Luksemburgut n\u00eb Kosov\u00eb p\u00ebrmes projekteve zhvillimore, t\u00eb cilat kan\u00eb ndikuar pozitivisht n\u00eb p\u00ebrmir\u00ebsimin e cil\u00ebsis\u00eb s\u00eb jet\u00ebs dhe zhvillimin e q\u00ebndruesh\u00ebm t\u00eb vendit.<\/p>\n<p>Po ashtu, ai ka fal\u00ebnderuar Luksemburgun p\u00ebr kontributin e trupave t\u00eb tij q\u00eb sh\u00ebrbejn\u00eb n\u00eb Kontigjentin e Beneluksit n\u00eb kuad\u00ebr t\u00eb KFOR-it, duke theksuar r\u00ebnd\u00ebsin\u00eb e k\u00ebsaj mb\u00ebshtetjeje n\u00eb sigurimin e paqes dhe stabilitetit n\u00eb rajon.<\/p>\n<p>\u201cJemi t\u00eb gatsh\u00ebm q\u00eb bashk\u00ebpunimin me Luksemburgun n\u00eb fush\u00ebn e mbrojtjes ta thellojm\u00eb, derisa presim mb\u00ebshtetje p\u00ebr integrimin euroatlantik t\u00eb vendit, an\u00ebtar\u00ebsimin e Kosov\u00ebs n\u00eb K\u00ebshillin e Evrop\u00ebs dhe organizata t\u00eb tjera nd\u00ebrkomb\u00ebtare.\u201d, thuhet tutje n\u00eb postimin e tij.<\/p>\n<p>&nbsp;<\/p>\n","protected":false},"excerpt":{"rendered":"<p>Prishtin\u00eb, 03 Korrik 2025 Ministri i Mbrojtjes i Kosov\u00ebs, Ejup Maqedonci, ka pritur sot Ministren e Mbrojtjes t\u00eb Luksemburgut, Yuriko Backes, n\u00eb nj\u00eb takim ku<\/p>\n","protected":false},"author":1,"featured_media":2409,"comment_status":"open","ping_status":"open","sticky":false,"template":"","format":"standard","meta":{"footnotes":""},"categories":[58],"tags":[],"class_list":["post-2416","post","type-post","status-publish","format-standard","has-post-thumbnail","hentry","category-politike-sq"],"yoast_head":"<!-- This site is optimized with the Yoast SEO plugin v25.3.1 - https:\/\/yoast.com\/wordpress\/plugins\/seo\/ -->\n<title>Maqedonci takon ministren e mbrojtjes t\u00eb Luksemburgut: Presim mb\u00ebshtetjen e an\u00ebtar\u00ebsimit t\u00eb Kosov\u00ebs n\u00eb KE -<\/title>\n<meta name=\"robots\" content=\"index, follow, max-snippet:-1, max-image-preview:large, max-video-preview:-1\" \/>\n<link rel=\"canonical\" href=\"https:\/\/veritasinfo.org\/?p=2416\" \/>\n<meta property=\"og:locale\" content=\"en_US\" \/>\n<meta property=\"og:type\" content=\"article\" \/>\n<meta property=\"og:title\" content=\"Maqedonci takon ministren e mbrojtjes t\u00eb Luksemburgut: Presim mb\u00ebshtetjen e an\u00ebtar\u00ebsimit t\u00eb Kosov\u00ebs n\u00eb KE -\" \/>\n<meta property=\"og:description\" content=\"Prishtin\u00eb, 03 Korrik 2025 Ministri i Mbrojtjes i Kosov\u00ebs, Ejup Maqedonci, ka pritur sot Ministren e Mbrojtjes t\u00eb Luksemburgut, Yuriko Backes, n\u00eb nj\u00eb takim ku\" \/>\n<meta property=\"og:url\" content=\"https:\/\/veritasinfo.org\/?p=2416\" \/>\n<meta property=\"article:published_time\" content=\"2025-07-03T13:40:03+00:00\" \/>\n<meta property=\"og:image\" content=\"https:\/\/veritasinfo.org\/wp-content\/uploads\/2025\/07\/IMG_1695.webp\" \/>\n\t<meta property=\"og:image:width\" content=\"1360\" \/>\n\t<meta property=\"og:image:height\" content=\"870\" \/>\n\t<meta property=\"og:image:type\" content=\"image\/webp\" \/>\n<meta name=\"author\" content=\"admin\" \/>\n<meta name=\"twitter:card\" content=\"summary_large_image\" \/>\n<meta name=\"twitter:label1\" content=\"Written by\" \/>\n\t<meta name=\"twitter:data1\" content=\"admin\" \/>\n\t<meta name=\"twitter:label2\" content=\"Est. reading time\" \/>\n\t<meta name=\"twitter:data2\" content=\"1 minute\" \/>\n<script type=\"application\/ld+json\" class=\"yoast-schema-graph\">{\"@context\":\"https:\/\/schema.org\",\"@graph\":[{\"@type\":\"WebPage\",\"@id\":\"https:\/\/veritasinfo.org\/?p=2416\",\"url\":\"https:\/\/veritasinfo.org\/?p=2416\",\"name\":\"Maqedonci takon ministren e mbrojtjes t\u00eb Luksemburgut: Presim mb\u00ebshtetjen e an\u00ebtar\u00ebsimit t\u00eb Kosov\u00ebs n\u00eb KE -\",\"isPartOf\":{\"@id\":\"https:\/\/veritasinfo.org\/#website\"},\"primaryImageOfPage\":{\"@id\":\"https:\/\/veritasinfo.org\/?p=2416#primaryimage\"},\"image\":{\"@id\":\"https:\/\/veritasinfo.org\/?p=2416#primaryimage\"},\"thumbnailUrl\":\"https:\/\/veritasinfo.org\/wp-content\/uploads\/2025\/07\/IMG_1695.webp\",\"datePublished\":\"2025-07-03T13:40:03+00:00\",\"author\":{\"@id\":\"https:\/\/veritasinfo.org\/#\/schema\/person\/7701f8c088bece422266b100a712374f\"},\"breadcrumb\":{\"@id\":\"https:\/\/veritasinfo.org\/?p=2416#breadcrumb\"},\"inLanguage\":\"en-US\",\"potentialAction\":[{\"@type\":\"ReadAction\",\"target\":[\"https:\/\/veritasinfo.org\/?p=2416\"]}]},{\"@type\":\"ImageObject\",\"inLanguage\":\"en-US\",\"@id\":\"https:\/\/veritasinfo.org\/?p=2416#primaryimage\",\"url\":\"https:\/\/veritasinfo.org\/wp-content\/uploads\/2025\/07\/IMG_1695.webp\",\"contentUrl\":\"https:\/\/veritasinfo.org\/wp-content\/uploads\/2025\/07\/IMG_1695.webp\",\"width\":1360,\"height\":870},{\"@type\":\"BreadcrumbList\",\"@id\":\"https:\/\/veritasinfo.org\/?p=2416#breadcrumb\",\"itemListElement\":[{\"@type\":\"ListItem\",\"position\":1,\"name\":\"Home\",\"item\":\"https:\/\/veritasinfo.org\/\"},{\"@type\":\"ListItem\",\"position\":2,\"name\":\"Maqedonci takon ministren e mbrojtjes t\u00eb Luksemburgut: Presim mb\u00ebshtetjen e an\u00ebtar\u00ebsimit t\u00eb Kosov\u00ebs n\u00eb KE\"}]},{\"@type\":\"WebSite\",\"@id\":\"https:\/\/veritasinfo.org\/#website\",\"url\":\"https:\/\/veritasinfo.org\/\",\"name\":\"\",\"description\":\"\",\"potentialAction\":[{\"@type\":\"SearchAction\",\"target\":{\"@type\":\"EntryPoint\",\"urlTemplate\":\"https:\/\/veritasinfo.org\/?s={search_term_string}\"},\"query-input\":{\"@type\":\"PropertyValueSpecification\",\"valueRequired\":true,\"valueName\":\"search_term_string\"}}],\"inLanguage\":\"en-US\"},{\"@type\":\"Person\",\"@id\":\"https:\/\/veritasinfo.org\/#\/schema\/person\/7701f8c088bece422266b100a712374f\",\"name\":\"admin\",\"image\":{\"@type\":\"ImageObject\",\"inLanguage\":\"en-US\",\"@id\":\"https:\/\/veritasinfo.org\/#\/schema\/person\/image\/\",\"url\":\"https:\/\/secure.gravatar.com\/avatar\/ea53aa3bf6c9a12d5fde8ce4deff43fef3885ae33cf60184161a50d6987cfd2f?s=96&d=mm&r=g\",\"contentUrl\":\"https:\/\/secure.gravatar.com\/avatar\/ea53aa3bf6c9a12d5fde8ce4deff43fef3885ae33cf60184161a50d6987cfd2f?s=96&d=mm&r=g\",\"caption\":\"admin\"},\"sameAs\":[\"https:\/\/veritasinfo.org\"],\"url\":\"https:\/\/veritasinfo.org\/?author=1\"}]}<\/script>\n<!-- \/ Yoast SEO plugin. -->","yoast_head_json":{"title":"Maqedonci takon ministren e mbrojtjes t\u00eb Luksemburgut: Presim mb\u00ebshtetjen e an\u00ebtar\u00ebsimit t\u00eb Kosov\u00ebs n\u00eb KE -","robots":{"index":"index","follow":"follow","max-snippet":"max-snippet:-1","max-image-preview":"max-image-preview:large","max-video-preview":"max-video-preview:-1"},"canonical":"https:\/\/veritasinfo.org\/?p=2416","og_locale":"en_US","og_type":"article","og_title":"Maqedonci takon ministren e mbrojtjes t\u00eb Luksemburgut: Presim mb\u00ebshtetjen e an\u00ebtar\u00ebsimit t\u00eb Kosov\u00ebs n\u00eb KE -","og_description":"Prishtin\u00eb, 03 Korrik 2025 Ministri i Mbrojtjes i Kosov\u00ebs, Ejup Maqedonci, ka pritur sot Ministren e Mbrojtjes t\u00eb Luksemburgut, Yuriko Backes, n\u00eb nj\u00eb takim ku","og_url":"https:\/\/veritasinfo.org\/?p=2416","article_published_time":"2025-07-03T13:40:03+00:00","og_image":[{"width":1360,"height":870,"url":"https:\/\/veritasinfo.org\/wp-content\/uploads\/2025\/07\/IMG_1695.webp","type":"image\/webp"}],"author":"admin","twitter_card":"summary_large_image","twitter_misc":{"Written by":"admin","Est. reading time":"1 minute"},"schema":{"@context":"https:\/\/schema.org","@graph":[{"@type":"WebPage","@id":"https:\/\/veritasinfo.org\/?p=2416","url":"https:\/\/veritasinfo.org\/?p=2416","name":"Maqedonci takon ministren e mbrojtjes t\u00eb Luksemburgut: Presim mb\u00ebshtetjen e an\u00ebtar\u00ebsimit t\u00eb Kosov\u00ebs n\u00eb KE -","isPartOf":{"@id":"https:\/\/veritasinfo.org\/#website"},"primaryImageOfPage":{"@id":"https:\/\/veritasinfo.org\/?p=2416#primaryimage"},"image":{"@id":"https:\/\/veritasinfo.org\/?p=2416#primaryimage"},"thumbnailUrl":"https:\/\/veritasinfo.org\/wp-content\/uploads\/2025\/07\/IMG_1695.webp","datePublished":"2025-07-03T13:40:03+00:00","author":{"@id":"https:\/\/veritasinfo.org\/#\/schema\/person\/7701f8c088bece422266b100a712374f"},"breadcrumb":{"@id":"https:\/\/veritasinfo.org\/?p=2416#breadcrumb"},"inLanguage":"en-US","potentialAction":[{"@type":"ReadAction","target":["https:\/\/veritasinfo.org\/?p=2416"]}]},{"@type":"ImageObject","inLanguage":"en-US","@id":"https:\/\/veritasinfo.org\/?p=2416#primaryimage","url":"https:\/\/veritasinfo.org\/wp-content\/uploads\/2025\/07\/IMG_1695.webp","contentUrl":"https:\/\/veritasinfo.org\/wp-content\/uploads\/2025\/07\/IMG_1695.webp","width":1360,"height":870},{"@type":"BreadcrumbList","@id":"https:\/\/veritasinfo.org\/?p=2416#breadcrumb","itemListElement":[{"@type":"ListItem","position":1,"name":"Home","item":"https:\/\/veritasinfo.org\/"},{"@type":"ListItem","position":2,"name":"Maqedonci takon ministren e mbrojtjes t\u00eb Luksemburgut: Presim mb\u00ebshtetjen e an\u00ebtar\u00ebsimit t\u00eb Kosov\u00ebs n\u00eb KE"}]},{"@type":"WebSite","@id":"https:\/\/veritasinfo.org\/#website","url":"https:\/\/veritasinfo.org\/","name":"","description":"","potentialAction":[{"@type":"SearchAction","target":{"@type":"EntryPoint","urlTemplate":"https:\/\/veritasinfo.org\/?s={search_term_string}"},"query-input":{"@type":"PropertyValueSpecification","valueRequired":true,"valueName":"search_term_string"}}],"inLanguage":"en-US"},{"@type":"Person","@id":"https:\/\/veritasinfo.org\/#\/schema\/person\/7701f8c088bece422266b100a712374f","name":"admin","image":{"@type":"ImageObject","inLanguage":"en-US","@id":"https:\/\/veritasinfo.org\/#\/schema\/person\/image\/","url":"https:\/\/secure.gravatar.com\/avatar\/ea53aa3bf6c9a12d5fde8ce4deff43fef3885ae33cf60184161a50d6987cfd2f?s=96&d=mm&r=g","contentUrl":"https:\/\/secure.gravatar.com\/avatar\/ea53aa3bf6c9a12d5fde8ce4deff43fef3885ae33cf60184161a50d6987cfd2f?s=96&d=mm&r=g","caption":"admin"},"sameAs":["https:\/\/veritasinfo.org"],"url":"https:\/\/veritasinfo.org\/?author=1"}]}},"featured_image_urls":{"full":["https:\/\/veritasinfo.org\/wp-content\/uploads\/2025\/07\/IMG_1695.webp",1360,870,false],"thumbnail":["https:\/\/veritasinfo.org\/wp-content\/uploads\/2025\/07\/IMG_1695-150x150.webp",150,150,true],"medium":["https:\/\/veritasinfo.org\/wp-content\/uploads\/2025\/07\/IMG_1695-300x192.webp",300,192,true],"medium_large":["https:\/\/veritasinfo.org\/wp-content\/uploads\/2025\/07\/IMG_1695-768x491.webp",640,409,true],"large":["https:\/\/veritasinfo.org\/wp-content\/uploads\/2025\/07\/IMG_1695-1024x655.webp",640,409,true],"1536x1536":["https:\/\/veritasinfo.org\/wp-content\/uploads\/2025\/07\/IMG_1695.webp",1360,870,false],"2048x2048":["https:\/\/veritasinfo.org\/wp-content\/uploads\/2025\/07\/IMG_1695.webp",1360,870,false],"kreeti-slider-full":["https:\/\/veritasinfo.org\/wp-content\/uploads\/2025\/07\/IMG_1695.webp",1126,720,false],"kreeti-featured":["https:\/\/veritasinfo.org\/wp-content\/uploads\/2025\/07\/IMG_1695.webp",1024,655,false],"kreeti-medium":["https:\/\/veritasinfo.org\/wp-content\/uploads\/2025\/07\/IMG_1695.webp",720,461,false],"kreeti-medium-square":["https:\/\/veritasinfo.org\/wp-content\/uploads\/2025\/07\/IMG_1695.webp",350,224,false]},"author_info":{"info":["admin"]},"category_info":"<a href=\"https:\/\/veritasinfo.org\/?cat=58\" rel=\"category\">Politik\u00eb<\/a>","tag_info":"Politik\u00eb","comment_count":"0","_links":{"self":[{"href":"https:\/\/veritasinfo.org\/index.php?rest_route=\/wp\/v2\/posts\/2416","targetHints":{"allow":["GET"]}}],"collection":[{"href":"https:\/\/veritasinfo.org\/index.php?rest_route=\/wp\/v2\/posts"}],"about":[{"href":"https:\/\/veritasinfo.org\/index.php?rest_route=\/wp\/v2\/types\/post"}],"author":[{"embeddable":true,"href":"https:\/\/veritasinfo.org\/index.php?rest_route=\/wp\/v2\/users\/1"}],"replies":[{"embeddable":true,"href":"https:\/\/veritasinfo.org\/index.php?rest_route=%2Fwp%2Fv2%2Fcomments&post=2416"}],"version-history":[{"count":1,"href":"https:\/\/veritasinfo.org\/index.php?rest_route=\/wp\/v2\/posts\/2416\/revisions"}],"predecessor-version":[{"id":2417,"href":"https:\/\/veritasinfo.org\/index.php?rest_route=\/wp\/v2\/posts\/2416\/revisions\/2417"}],"wp:featuredmedia":[{"embeddable":true,"href":"https:\/\/veritasinfo.org\/index.php?rest_route=\/wp\/v2\/media\/2409"}],"wp:attachment":[{"href":"https:\/\/veritasinfo.org\/index.php?rest_route=%2Fwp%2Fv2%2Fmedia&parent=2416"}],"wp:term":[{"taxonomy":"category","embeddable":true,"href":"https:\/\/veritasinfo.org\/index.php?rest_route=%2Fwp%2Fv2%2Fcategories&post=2416"},{"taxonomy":"post_tag","embeddable":true,"href":"https:\/\/veritasinfo.org\/index.php?rest_route=%2Fwp%2Fv2%2Ftags&post=2416"}],"curies":[{"name":"wp","href":"https:\/\/api.w.org\/{rel}","templated":true}]}}