{"id":24138,"date":"2025-12-15T20:05:44","date_gmt":"2025-12-15T19:05:44","guid":{"rendered":"https:\/\/veritasinfo.org\/?p=24138"},"modified":"2025-12-15T20:05:44","modified_gmt":"2025-12-15T19:05:44","slug":"joseph-trump-ne-pozite-unike-per-ta-permbyllur-dramen-ne-ballkan-me-anetaresimin-e-kosoves-dhe-serbise-ne-nato","status":"publish","type":"post","link":"https:\/\/veritasinfo.org\/?p=24138","title":{"rendered":"Joseph: Trump n\u00eb pozit\u00eb unike p\u00ebr ta p\u00ebrmbyllur dram\u00ebn n\u00eb Ballkan me an\u00ebtar\u00ebsimin e Kosov\u00ebs dhe Serbis\u00eb n\u00eb NATO"},"content":{"rendered":"<p>Prishtin\u00eb 15 Dhjetori 2025 20:04<\/p>\n<p>Edward P. Joseph, ligj\u00ebrues n\u00eb Universitetin Johns Hopkins dhe ekspert i \u00e7\u00ebshtjeve t\u00eb Ballkanit Per\u00ebndimor, tha pas d\u00ebshmis\u00eb s\u00eb tij n\u00eb Kongresin Amerikan se kushti kryesor i pap\u00ebrmbushur p\u00ebr stabilitet real dhe t\u00eb q\u00ebndruesh\u00ebm \u00ebsht\u00eb q\u00eb Serbia ta pranoj\u00eb rendin per\u00ebndimor p\u00ebr rajonin.<\/p>\n<p>Para N\u00ebnkomitetit p\u00ebr Europ\u00ebn t\u00eb Komitetit p\u00ebr Pun\u00eb t\u00eb Jashtme t\u00eb Dhom\u00ebs s\u00eb P\u00ebrfaq\u00ebsuesve t\u00eb SHBA-s\u00eb, n\u00eb seanc\u00ebn d\u00ebgjimore me tem\u00ebn \u201cPik\u00eb e nxeht\u00eb: Rruga drejt stabilitetit n\u00eb Ballkanin Per\u00ebndimor\u201d, n\u00eb fillim t\u00eb dhjetorit, Joseph paraqiti vler\u00ebsime mbi rolin e Serbis\u00eb n\u00eb stabilitetin rajonal, marr\u00ebdh\u00ebniet me Rusin\u00eb dhe hezitimin e Per\u00ebndimit.<\/p>\n<p>Joseph tha n\u00eb nj\u00eb intervist\u00eb p\u00ebr gazet\u00ebn boshnjake \u201cAvaz\u201d se d\u00ebshmia e tij u p\u00ebrqendrua te paq\u00ebndrueshm\u00ebria n\u00eb Ballkanin Per\u00ebndimor.<\/p>\n<p>\u201cShtrova pyetjen thelb\u00ebsore: pse ky rajon, ku SHBA, BE dhe NATO kan\u00eb ndikim vendimtar, vazhdon t\u00eb jet\u00eb i paq\u00ebndruesh\u00ebm? Edhe pse asnj\u00eb aktor nuk mban p\u00ebrgjegj\u00ebsi t\u00eb plot\u00eb, theksova kushtin kryesor t\u00eb pap\u00ebrmbushur p\u00ebr stabilitet real dhe t\u00eb q\u00ebndruesh\u00ebm: q\u00eb Serbia ta pranoj\u00eb rendin per\u00ebndimor p\u00ebr rajonin. Kjo do t\u00eb thot\u00eb q\u00eb vendi m\u00eb i madh, larg e m\u00eb i madhi nd\u00ebr gjasht\u00eb vendet e Ballkanit Per\u00ebndimor, m\u00eb n\u00eb fund t\u2019i pranoj\u00eb rezultatet e luft\u00ebrave, pa k\u00ebrkuar \u201ckompensim\u201d n\u00eb Bosnj\u00eb e Hercegovin\u00eb, n\u00eb Kosov\u00eb apo n\u00eb Mal t\u00eb Zi. Kjo do t\u00eb thot\u00eb orientim drejt partneritetit strategjik me SHBA-n\u00eb, Bashkimin Europian dhe, mbi t\u00eb gjitha, NATO-n \u2013 e jo me Rusin\u00eb dhe Kin\u00ebn apo aktor\u00eb t\u00eb tjer\u00eb malinj,\u201d tha ai.<\/p>\n<p>Joseph tha se Administrata Trump \u201cmund ta shfryt\u00ebzoj\u00eb mund\u00ebsin\u00eb q\u00eb presidenti Biden e humbi\u201d n\u00eb lidhje me orientimin e Serbis\u00eb q\u00eb ta pranoj\u00eb rendin per\u00ebndimor p\u00ebr Ballkanin.<\/p>\n<p>\u201cPara s\u00eb gjithash, si\u00e7 kam theksuar n\u00eb d\u00ebshmin\u00eb n\u00eb Kongres, SHBA duhet t\u00eb mbetet e pal\u00ebkundur n\u00eb k\u00ebmb\u00ebnguljen q\u00eb rus\u00ebt t\u00eb largohen nga NIS-i (Industria e Naft\u00ebs e Serbis\u00eb). Biden mund ta kishte shtyr\u00eb Beogradin ta nacionalizonte NIS-in dhe t\u00eb vendoste sanksione ndaj Rusis\u00eb, por priti deri n\u00eb fund t\u00eb mandatit t\u00eb tij p\u00ebr t\u00eb vendosur sanksione ndaj NIS-it,\u201d tha ai.Presioni tani \u00ebsht\u00eb serioz, thot\u00eb Joseph, sepse \u201cSerbia po mbyll rafinerin\u00eb e saj t\u00eb vetme n\u00eb Pan\u00e7ev\u00eb dhe po fillon t\u00eb mbetet pa rezerva nafte\u201d.<\/p>\n<p>\u201cN\u00eb seanc\u00eb i b\u00ebra thirrje Kongresit dhe Administrat\u00ebs t\u00eb q\u00ebndrojn\u00eb t\u00eb vendosur dhe t\u00eb mos bien pre e p\u00ebrpjekjeve ruse apo serbe p\u00ebr blerje kohe n\u00eb lidhje me NIS-in. Nacionalizimi i NIS-it mund t\u00eb shkaktoj\u00eb nj\u00eb p\u00ebr\u00e7arje serioze mes Mosk\u00ebs dhe Beogradit, duke hapur rrug\u00ebn p\u00ebr hapa t\u00eb m\u00ebtejsh\u00ebm,\u201d tha ai.<\/p>\n<p>Sipas Joseph, SHBA-ja \u201cmund ta p\u00ebrmbyll\u00eb t\u00eb gjith\u00eb dram\u00ebn e pap\u00ebrfunduar t\u00eb shp\u00ebrb\u00ebrjes s\u00eb Jugosllavis\u00eb\u201d.<\/p>\n<p>\u201cSHBA mund ta p\u00ebrmbyll\u00eb t\u00eb gjith\u00eb dram\u00ebn e pap\u00ebrfunduar t\u00eb shp\u00ebrb\u00ebrjes s\u00eb Jugosllavis\u00eb aty ku edhe filloi: n\u00eb Kosov\u00eb. Si\u00e7 kam shkruar muajin e kaluar n\u00eb \u2018SAIS Review\u2019, presidenti Trump \u00ebsht\u00eb n\u00eb nj\u00eb pozit\u00eb unike p\u00ebr ta shtyr\u00eb Beogradin t\u00eb angazhohet p\u00ebr an\u00ebtar\u00ebsim n\u00eb NATO, s\u00eb bashku me Kosov\u00ebn. Kjo do ta p\u00ebrfundonte bllokad\u00ebn dhe do ta ndryshonte n\u00eb m\u00ebnyr\u00eb dramatike marr\u00ebdh\u00ebnien e Serbis\u00eb me fqinj\u00ebt \u2013 dhe, po aq e r\u00ebnd\u00ebsishme, me t\u00eb kaluar\u00ebn, p\u00ebrfshir\u00eb Srebrenic\u00ebn. Dhe shtoj Zhep\u00ebn, ku kam sh\u00ebrbyer n\u00eb korrik 1995 me UNPROFOR-in,\u201d tha ai.<\/p>\n<p>Joseph tha se \u201ce gjith\u00eb kjo \u00ebsht\u00eb m\u00eb reale sesa njer\u00ebzit e imagjinojn\u00eb\u201d.<br \/>\nTrump g\u00ebzon popullaritet t\u00eb jasht\u00ebzakonsh\u00ebm n\u00eb Serbi dhe perceptohet si figur\u00eb e fort\u00eb, autoritare. Nd\u00ebrsa serb\u00ebt jan\u00eb m\u00eb t\u00eb hapur ndaj NATO-s sesa mendohet \u2013 ve\u00e7an\u00ebrisht n\u00ebse Qeveria e Aleksandar Vu\u00e7iqit do ta ndryshonte narrativ\u00ebn. N\u00eb seanc\u00eb p\u00ebrmenda hulumtimin m\u00eb t\u00eb fundit t\u00eb IRI q\u00eb tregon se gjysma e popullsis\u00eb s\u00eb Serbis\u00eb ka q\u00ebndrim pozitiv ndaj NATO-s (duke d\u00ebshiruar t\u00eb pakt\u00ebn \u2018m\u00eb shum\u00eb komunikim me NATO-n\u2019). Teksti im n\u00eb \u2018SAIS Review\u2019 p\u00ebrmend edhe arsye t\u00eb tjera pse Vu\u00e7iqi do ta shqyrtonte NATO-n \u2013 ve\u00e7an\u00ebrisht pasi Trump t\u2019i ofroj\u00eb Kosov\u00ebs rrug\u00ebn drejt an\u00ebtar\u00ebsimit n\u00eb Aleanc\u00eb,\u201d tha ai.<\/p>\n<p>Ai tha se Administrata e Joe Biden pati qasje t\u00eb \u201cpabalancuar\u201d p\u00ebr Kosov\u00ebn dhe Serbin\u00eb.<\/p>\n<p>\u201cP\u00ebr shembull, n\u00eb maj 2023, serb\u00ebt sulmuan r\u00ebnd\u00eb ushtar\u00ebt e KFOR-it n\u00eb Zve\u00e7an, n\u00eb veri t\u00eb Kosov\u00ebs. Megjithat\u00eb, u nd\u00ebshkua vet\u00ebm Kurti, p\u00ebr vendosjen e kryetar\u00ebve t\u00eb komunave (n\u00eb zgjedhje q\u00eb serb\u00ebt i bojkotuan). Dy jav\u00eb m\u00eb von\u00eb, Serbia rr\u00ebmbeu tre polic\u00eb kosovar\u00eb nga territori i Kosov\u00ebs, gj\u00eb q\u00eb p\u00ebrb\u00ebn shkelje serioze t\u00eb detyrimeve formale t\u00eb Beogradit ndaj NATO-s. Megjithat\u00eb, nuk pati asnj\u00eb nd\u00ebshkim p\u00ebr Beogradin. Dy muaj m\u00eb von\u00eb, n\u00eb shtator 2023, vet\u00ebm Kurti u faj\u00ebsua p\u00ebr munges\u00ebn e p\u00ebrparimit n\u00eb dialogun me BE-n\u00eb. Me nj\u00eb model t\u00eb till\u00eb, ku p\u00ebrgjegj\u00ebsia i atribuohet ekskluzivisht Kosov\u00ebs, nuk ishte surpriz\u00eb q\u00eb po at\u00eb muaj ndodhi nj\u00eb operacion shum\u00eb serioz n\u00eb Banjsk\u00eb. Tani SHBA ka pezulluar Dialogun Strategjik me Kosov\u00ebn, nd\u00ebrsa me Serbin\u00eb e vazhdon. Nd\u00ebrkoh\u00eb, kemi nj\u00eb rr\u00ebmbim t\u00eb pretenduar t\u00eb nj\u00eb qytetari t\u00eb Kosov\u00ebs me komb\u00ebsi serbe, t\u00eb marr\u00eb nga Kosova n\u00eb Serbi. A do t\u00eb p\u00ebrfundoj\u00eb ky model s\u00ebrish me dhun\u00eb t\u00eb re?\u201d<\/p>\n<p>Joseph foli edhe p\u00ebr Republika Srpskan, nd\u00ebrsa e cil\u00ebsoi at\u00eb si gabim kardinal t\u00eb Marr\u00ebveshjes s\u00eb Dejtonit.<\/p>\n<p>\u201cSi\u00e7 kam theksuar, zyrtar\u00ebt amerikan\u00eb e njohin k\u00ebt\u00eb si gabim kardinal t\u00eb Marr\u00ebveshjes s\u00eb Dejtonit kur u thon\u00eb kosovar\u00ebve: \u2018Mos u shqet\u00ebsoni, nuk do t\u00eb krijoni nj\u00eb republik\u00eb t\u00eb re serbe kur t\u00eb formoni Asociacionin e komunave me shumic\u00eb serbe\u2019. Me k\u00ebt\u00eb ata e pranojn\u00eb problemin e brendsh\u00ebm q\u00eb paraqet krijimi i RS\u201d.<\/p>\n","protected":false},"excerpt":{"rendered":"<p>Prishtin\u00eb 15 Dhjetori 2025 20:04 Edward P. Joseph, ligj\u00ebrues n\u00eb Universitetin Johns Hopkins dhe ekspert i \u00e7\u00ebshtjeve t\u00eb Ballkanit Per\u00ebndimor, tha pas d\u00ebshmis\u00eb s\u00eb tij<\/p>\n","protected":false},"author":6,"featured_media":24139,"comment_status":"open","ping_status":"open","sticky":false,"template":"","format":"standard","meta":{"footnotes":""},"categories":[58],"tags":[],"class_list":["post-24138","post","type-post","status-publish","format-standard","has-post-thumbnail","hentry","category-politike-sq"],"yoast_head":"<!-- This site is optimized with the Yoast SEO plugin v25.3.1 - https:\/\/yoast.com\/wordpress\/plugins\/seo\/ -->\n<title>Joseph: Trump n\u00eb pozit\u00eb unike p\u00ebr ta p\u00ebrmbyllur dram\u00ebn n\u00eb Ballkan me an\u00ebtar\u00ebsimin e Kosov\u00ebs dhe Serbis\u00eb n\u00eb NATO -<\/title>\n<meta name=\"robots\" content=\"index, follow, max-snippet:-1, max-image-preview:large, max-video-preview:-1\" \/>\n<link rel=\"canonical\" href=\"https:\/\/veritasinfo.org\/?p=24138\" \/>\n<meta property=\"og:locale\" content=\"en_US\" \/>\n<meta property=\"og:type\" content=\"article\" \/>\n<meta property=\"og:title\" content=\"Joseph: Trump n\u00eb pozit\u00eb unike p\u00ebr ta p\u00ebrmbyllur dram\u00ebn n\u00eb Ballkan me an\u00ebtar\u00ebsimin e Kosov\u00ebs dhe Serbis\u00eb n\u00eb NATO -\" \/>\n<meta property=\"og:description\" content=\"Prishtin\u00eb 15 Dhjetori 2025 20:04 Edward P. Joseph, ligj\u00ebrues n\u00eb Universitetin Johns Hopkins dhe ekspert i \u00e7\u00ebshtjeve t\u00eb Ballkanit Per\u00ebndimor, tha pas d\u00ebshmis\u00eb s\u00eb tij\" \/>\n<meta property=\"og:url\" content=\"https:\/\/veritasinfo.org\/?p=24138\" \/>\n<meta property=\"article:published_time\" content=\"2025-12-15T19:05:44+00:00\" \/>\n<meta property=\"og:image\" content=\"https:\/\/veritasinfo.org\/wp-content\/uploads\/2025\/12\/joseph.jpg\" \/>\n\t<meta property=\"og:image:width\" content=\"823\" \/>\n\t<meta property=\"og:image:height\" content=\"553\" \/>\n\t<meta property=\"og:image:type\" content=\"image\/jpeg\" \/>\n<meta name=\"author\" content=\"US5\" \/>\n<meta name=\"twitter:card\" content=\"summary_large_image\" \/>\n<meta name=\"twitter:label1\" content=\"Written by\" \/>\n\t<meta name=\"twitter:data1\" content=\"US5\" \/>\n<script type=\"application\/ld+json\" class=\"yoast-schema-graph\">{\"@context\":\"https:\/\/schema.org\",\"@graph\":[{\"@type\":\"WebPage\",\"@id\":\"https:\/\/veritasinfo.org\/?p=24138\",\"url\":\"https:\/\/veritasinfo.org\/?p=24138\",\"name\":\"Joseph: Trump n\u00eb pozit\u00eb unike p\u00ebr ta p\u00ebrmbyllur dram\u00ebn n\u00eb Ballkan me an\u00ebtar\u00ebsimin e Kosov\u00ebs dhe Serbis\u00eb n\u00eb NATO -\",\"isPartOf\":{\"@id\":\"https:\/\/veritasinfo.org\/#website\"},\"primaryImageOfPage\":{\"@id\":\"https:\/\/veritasinfo.org\/?p=24138#primaryimage\"},\"image\":{\"@id\":\"https:\/\/veritasinfo.org\/?p=24138#primaryimage\"},\"thumbnailUrl\":\"https:\/\/veritasinfo.org\/wp-content\/uploads\/2025\/12\/joseph.jpg\",\"datePublished\":\"2025-12-15T19:05:44+00:00\",\"author\":{\"@id\":\"https:\/\/veritasinfo.org\/#\/schema\/person\/bc442336e35414d04494ab8fb45db4c6\"},\"breadcrumb\":{\"@id\":\"https:\/\/veritasinfo.org\/?p=24138#breadcrumb\"},\"inLanguage\":\"en-US\",\"potentialAction\":[{\"@type\":\"ReadAction\",\"target\":[\"https:\/\/veritasinfo.org\/?p=24138\"]}]},{\"@type\":\"ImageObject\",\"inLanguage\":\"en-US\",\"@id\":\"https:\/\/veritasinfo.org\/?p=24138#primaryimage\",\"url\":\"https:\/\/veritasinfo.org\/wp-content\/uploads\/2025\/12\/joseph.jpg\",\"contentUrl\":\"https:\/\/veritasinfo.org\/wp-content\/uploads\/2025\/12\/joseph.jpg\",\"width\":823,\"height\":553},{\"@type\":\"BreadcrumbList\",\"@id\":\"https:\/\/veritasinfo.org\/?p=24138#breadcrumb\",\"itemListElement\":[{\"@type\":\"ListItem\",\"position\":1,\"name\":\"Home\",\"item\":\"https:\/\/veritasinfo.org\/\"},{\"@type\":\"ListItem\",\"position\":2,\"name\":\"Joseph: Trump n\u00eb pozit\u00eb unike p\u00ebr ta p\u00ebrmbyllur dram\u00ebn n\u00eb Ballkan me an\u00ebtar\u00ebsimin e Kosov\u00ebs dhe Serbis\u00eb n\u00eb NATO\"}]},{\"@type\":\"WebSite\",\"@id\":\"https:\/\/veritasinfo.org\/#website\",\"url\":\"https:\/\/veritasinfo.org\/\",\"name\":\"\",\"description\":\"\",\"potentialAction\":[{\"@type\":\"SearchAction\",\"target\":{\"@type\":\"EntryPoint\",\"urlTemplate\":\"https:\/\/veritasinfo.org\/?s={search_term_string}\"},\"query-input\":{\"@type\":\"PropertyValueSpecification\",\"valueRequired\":true,\"valueName\":\"search_term_string\"}}],\"inLanguage\":\"en-US\"},{\"@type\":\"Person\",\"@id\":\"https:\/\/veritasinfo.org\/#\/schema\/person\/bc442336e35414d04494ab8fb45db4c6\",\"name\":\"US5\",\"image\":{\"@type\":\"ImageObject\",\"inLanguage\":\"en-US\",\"@id\":\"https:\/\/veritasinfo.org\/#\/schema\/person\/image\/\",\"url\":\"https:\/\/secure.gravatar.com\/avatar\/16a61e7272a0c5d001121ebb9e60e925d5816e4ac1e443ed3e640d9a6ae55d0c?s=96&d=mm&r=g\",\"contentUrl\":\"https:\/\/secure.gravatar.com\/avatar\/16a61e7272a0c5d001121ebb9e60e925d5816e4ac1e443ed3e640d9a6ae55d0c?s=96&d=mm&r=g\",\"caption\":\"US5\"},\"url\":\"https:\/\/veritasinfo.org\/?author=6\"}]}<\/script>\n<!-- \/ Yoast SEO plugin. -->","yoast_head_json":{"title":"Joseph: Trump n\u00eb pozit\u00eb unike p\u00ebr ta p\u00ebrmbyllur dram\u00ebn n\u00eb Ballkan me an\u00ebtar\u00ebsimin e Kosov\u00ebs dhe Serbis\u00eb n\u00eb NATO -","robots":{"index":"index","follow":"follow","max-snippet":"max-snippet:-1","max-image-preview":"max-image-preview:large","max-video-preview":"max-video-preview:-1"},"canonical":"https:\/\/veritasinfo.org\/?p=24138","og_locale":"en_US","og_type":"article","og_title":"Joseph: Trump n\u00eb pozit\u00eb unike p\u00ebr ta p\u00ebrmbyllur dram\u00ebn n\u00eb Ballkan me an\u00ebtar\u00ebsimin e Kosov\u00ebs dhe Serbis\u00eb n\u00eb NATO -","og_description":"Prishtin\u00eb 15 Dhjetori 2025 20:04 Edward P. Joseph, ligj\u00ebrues n\u00eb Universitetin Johns Hopkins dhe ekspert i \u00e7\u00ebshtjeve t\u00eb Ballkanit Per\u00ebndimor, tha pas d\u00ebshmis\u00eb s\u00eb tij","og_url":"https:\/\/veritasinfo.org\/?p=24138","article_published_time":"2025-12-15T19:05:44+00:00","og_image":[{"width":823,"height":553,"url":"https:\/\/veritasinfo.org\/wp-content\/uploads\/2025\/12\/joseph.jpg","type":"image\/jpeg"}],"author":"US5","twitter_card":"summary_large_image","twitter_misc":{"Written by":"US5"},"schema":{"@context":"https:\/\/schema.org","@graph":[{"@type":"WebPage","@id":"https:\/\/veritasinfo.org\/?p=24138","url":"https:\/\/veritasinfo.org\/?p=24138","name":"Joseph: Trump n\u00eb pozit\u00eb unike p\u00ebr ta p\u00ebrmbyllur dram\u00ebn n\u00eb Ballkan me an\u00ebtar\u00ebsimin e Kosov\u00ebs dhe Serbis\u00eb n\u00eb NATO -","isPartOf":{"@id":"https:\/\/veritasinfo.org\/#website"},"primaryImageOfPage":{"@id":"https:\/\/veritasinfo.org\/?p=24138#primaryimage"},"image":{"@id":"https:\/\/veritasinfo.org\/?p=24138#primaryimage"},"thumbnailUrl":"https:\/\/veritasinfo.org\/wp-content\/uploads\/2025\/12\/joseph.jpg","datePublished":"2025-12-15T19:05:44+00:00","author":{"@id":"https:\/\/veritasinfo.org\/#\/schema\/person\/bc442336e35414d04494ab8fb45db4c6"},"breadcrumb":{"@id":"https:\/\/veritasinfo.org\/?p=24138#breadcrumb"},"inLanguage":"en-US","potentialAction":[{"@type":"ReadAction","target":["https:\/\/veritasinfo.org\/?p=24138"]}]},{"@type":"ImageObject","inLanguage":"en-US","@id":"https:\/\/veritasinfo.org\/?p=24138#primaryimage","url":"https:\/\/veritasinfo.org\/wp-content\/uploads\/2025\/12\/joseph.jpg","contentUrl":"https:\/\/veritasinfo.org\/wp-content\/uploads\/2025\/12\/joseph.jpg","width":823,"height":553},{"@type":"BreadcrumbList","@id":"https:\/\/veritasinfo.org\/?p=24138#breadcrumb","itemListElement":[{"@type":"ListItem","position":1,"name":"Home","item":"https:\/\/veritasinfo.org\/"},{"@type":"ListItem","position":2,"name":"Joseph: Trump n\u00eb pozit\u00eb unike p\u00ebr ta p\u00ebrmbyllur dram\u00ebn n\u00eb Ballkan me an\u00ebtar\u00ebsimin e Kosov\u00ebs dhe Serbis\u00eb n\u00eb NATO"}]},{"@type":"WebSite","@id":"https:\/\/veritasinfo.org\/#website","url":"https:\/\/veritasinfo.org\/","name":"","description":"","potentialAction":[{"@type":"SearchAction","target":{"@type":"EntryPoint","urlTemplate":"https:\/\/veritasinfo.org\/?s={search_term_string}"},"query-input":{"@type":"PropertyValueSpecification","valueRequired":true,"valueName":"search_term_string"}}],"inLanguage":"en-US"},{"@type":"Person","@id":"https:\/\/veritasinfo.org\/#\/schema\/person\/bc442336e35414d04494ab8fb45db4c6","name":"US5","image":{"@type":"ImageObject","inLanguage":"en-US","@id":"https:\/\/veritasinfo.org\/#\/schema\/person\/image\/","url":"https:\/\/secure.gravatar.com\/avatar\/16a61e7272a0c5d001121ebb9e60e925d5816e4ac1e443ed3e640d9a6ae55d0c?s=96&d=mm&r=g","contentUrl":"https:\/\/secure.gravatar.com\/avatar\/16a61e7272a0c5d001121ebb9e60e925d5816e4ac1e443ed3e640d9a6ae55d0c?s=96&d=mm&r=g","caption":"US5"},"url":"https:\/\/veritasinfo.org\/?author=6"}]}},"featured_image_urls":{"full":["https:\/\/veritasinfo.org\/wp-content\/uploads\/2025\/12\/joseph.jpg",823,553,false],"thumbnail":["https:\/\/veritasinfo.org\/wp-content\/uploads\/2025\/12\/joseph-150x150.jpg",150,150,true],"medium":["https:\/\/veritasinfo.org\/wp-content\/uploads\/2025\/12\/joseph-300x202.jpg",300,202,true],"medium_large":["https:\/\/veritasinfo.org\/wp-content\/uploads\/2025\/12\/joseph-768x516.jpg",640,430,true],"large":["https:\/\/veritasinfo.org\/wp-content\/uploads\/2025\/12\/joseph.jpg",640,430,false],"1536x1536":["https:\/\/veritasinfo.org\/wp-content\/uploads\/2025\/12\/joseph.jpg",823,553,false],"2048x2048":["https:\/\/veritasinfo.org\/wp-content\/uploads\/2025\/12\/joseph.jpg",823,553,false],"kreeti-slider-full":["https:\/\/veritasinfo.org\/wp-content\/uploads\/2025\/12\/joseph.jpg",823,553,false],"kreeti-featured":["https:\/\/veritasinfo.org\/wp-content\/uploads\/2025\/12\/joseph.jpg",823,553,false],"kreeti-medium":["https:\/\/veritasinfo.org\/wp-content\/uploads\/2025\/12\/joseph.jpg",720,484,false],"kreeti-medium-square":["https:\/\/veritasinfo.org\/wp-content\/uploads\/2025\/12\/joseph.jpg",350,235,false]},"author_info":{"info":["US5"]},"category_info":"<a href=\"https:\/\/veritasinfo.org\/?cat=58\" rel=\"category\">Politik\u00eb<\/a>","tag_info":"Politik\u00eb","comment_count":"0","_links":{"self":[{"href":"https:\/\/veritasinfo.org\/index.php?rest_route=\/wp\/v2\/posts\/24138","targetHints":{"allow":["GET"]}}],"collection":[{"href":"https:\/\/veritasinfo.org\/index.php?rest_route=\/wp\/v2\/posts"}],"about":[{"href":"https:\/\/veritasinfo.org\/index.php?rest_route=\/wp\/v2\/types\/post"}],"author":[{"embeddable":true,"href":"https:\/\/veritasinfo.org\/index.php?rest_route=\/wp\/v2\/users\/6"}],"replies":[{"embeddable":true,"href":"https:\/\/veritasinfo.org\/index.php?rest_route=%2Fwp%2Fv2%2Fcomments&post=24138"}],"version-history":[{"count":1,"href":"https:\/\/veritasinfo.org\/index.php?rest_route=\/wp\/v2\/posts\/24138\/revisions"}],"predecessor-version":[{"id":24140,"href":"https:\/\/veritasinfo.org\/index.php?rest_route=\/wp\/v2\/posts\/24138\/revisions\/24140"}],"wp:featuredmedia":[{"embeddable":true,"href":"https:\/\/veritasinfo.org\/index.php?rest_route=\/wp\/v2\/media\/24139"}],"wp:attachment":[{"href":"https:\/\/veritasinfo.org\/index.php?rest_route=%2Fwp%2Fv2%2Fmedia&parent=24138"}],"wp:term":[{"taxonomy":"category","embeddable":true,"href":"https:\/\/veritasinfo.org\/index.php?rest_route=%2Fwp%2Fv2%2Fcategories&post=24138"},{"taxonomy":"post_tag","embeddable":true,"href":"https:\/\/veritasinfo.org\/index.php?rest_route=%2Fwp%2Fv2%2Ftags&post=24138"}],"curies":[{"name":"wp","href":"https:\/\/api.w.org\/{rel}","templated":true}]}}