{"id":24133,"date":"2025-12-15T19:51:49","date_gmt":"2025-12-15T18:51:49","guid":{"rendered":"https:\/\/veritasinfo.org\/?p=24133"},"modified":"2025-12-15T19:54:50","modified_gmt":"2025-12-15T18:54:50","slug":"veseli-paralajmerimet-e-paramilitareve-serbe-nga-ukraina-duhet-te-merren-seriozisht-rreziku-prek-edhe-kosoven","status":"publish","type":"post","link":"https:\/\/veritasinfo.org\/?p=24133","title":{"rendered":"Veseli: Paralajm\u00ebrimet e paramilitar\u00ebve serb\u00eb nga Ukraina duhet t\u00eb merren seriozisht, rreziku prek edhe Kosov\u00ebn"},"content":{"rendered":"<p><strong>Prishtin\u00eb, 15 dhjetor 2025 18:50<\/strong><\/p>\n<p>Afrim Veseli, kolonel n\u00eb pension i Forc\u00ebs s\u00eb Siguris\u00eb s\u00eb Kosov\u00ebs, ka folur lidhur me pjes\u00ebmarrjen e paramilitar\u00ebve serb\u00eb n\u00eb luft\u00ebn n\u00eb Ukrain\u00eb, t\u00eb cil\u00ebt kan\u00eb deklaruar se, sapo t\u00eb p\u00ebrfundojn\u00eb atje, do t\u00eb kthehen n\u00eb Ballkan.<\/p>\n<p>Lidhur me k\u00ebt\u00eb \u00e7\u00ebshtje, edhe mediumi britanik The Telegraph ka raportuar se k\u00ebta pjes\u00ebtar\u00eb po p\u00ebrgatiten p\u00ebr nj\u00eb luft\u00eb t\u00eb madhe n\u00eb Ballkan.<\/p>\n<p>Veseli ka th\u00ebn\u00eb se ky paralajm\u00ebrim duhet t\u00eb merret seriozisht.<\/p>\n<p>\u201cQ\u00eb nga fillimi i konfliktit n\u00eb Ukrain\u00eb kam p\u00ebrcjell\u00eb disa video t\u00eb paramilitar\u00ebve serb\u00eb, t\u00eb cil\u00ebt jan\u00eb n\u00eb frontin e ukrainasve, gjegj\u00ebsisht n\u00eb luft\u00eb kund\u00ebr popullit ukrainas dhe liris\u00eb s\u00eb tyre\u201d, ka deklaruar ai.<\/p>\n<p>\u201cAta kan\u00eb b\u00ebr\u00eb shum\u00eb postime duke i thirrur edhe bashk\u00ebatdhetar\u00ebt e tyre n\u00eb Serbi q\u00eb t\u2019i bashkohen asaj lufte. Sigurisht q\u00eb inteligjenca e NATO-s dhe e vendeve t\u00eb tjera per\u00ebndimore, n\u00eb k\u00ebt\u00eb rast edhe e Britanis\u00eb s\u00eb Madhe, i kan\u00eb edhe m\u00eb t\u00eb sakta k\u00ebto informacione. Se a do t\u00eb ket\u00eb rrezik t\u00eb nj\u00eb konflikti n\u00eb Ballkan, realisht jan\u00eb dy vatra krize q\u00eb potencialisht mund t\u00eb shp\u00ebrthejn\u00eb: Bosnja dhe Hercegovina dhe Republika e Kosov\u00ebs\u201d, ka th\u00ebn\u00eb Veseli.<\/p>\n<p>Tutje, ai ka theksuar se shkuarja e k\u00ebtyre pjes\u00ebtar\u00ebve n\u00eb Ukrain\u00eb nuk \u00ebsht\u00eb pa dijenin\u00eb e shtetit serb dhe se kjo dallon nga rasti i Kosov\u00ebs, ku disa shqiptar\u00eb kishin shkuar n\u00eb luft\u00ebrat n\u00eb Lindjen e Mesme, por pa p\u00ebrkrahjen e shtetit.<\/p>\n<p>\u201cN\u00eb rastin e shqiptar\u00ebve, shteti i Kosov\u00ebs jo vet\u00ebm q\u00eb nuk i ka p\u00ebrkrahur, por p\u00ebrkundrazi i ka luftuar k\u00ebto fenomene. Nd\u00ebrsa n\u00eb rastin e serb\u00ebve n\u00eb Ukrain\u00eb, shteti serb, n\u00eb m\u00ebnyr\u00eb indirekte p\u00ebrmes agjencive t\u00eb inteligjenc\u00ebs, i p\u00ebrkrah ata, madje edhe i st\u00ebrvit\u201d, ka th\u00ebn\u00eb Veseli.<\/p>\n<p>&nbsp;<\/p>\n","protected":false},"excerpt":{"rendered":"<p>Prishtin\u00eb, 15 dhjetor 2025 18:50 Afrim Veseli, kolonel n\u00eb pension i Forc\u00ebs s\u00eb Siguris\u00eb s\u00eb Kosov\u00ebs, ka folur lidhur me pjes\u00ebmarrjen e paramilitar\u00ebve serb\u00eb n\u00eb<\/p>\n","protected":false},"author":7,"featured_media":24134,"comment_status":"open","ping_status":"open","sticky":false,"template":"","format":"standard","meta":{"footnotes":""},"categories":[58],"tags":[],"class_list":["post-24133","post","type-post","status-publish","format-standard","has-post-thumbnail","hentry","category-politike-sq"],"yoast_head":"<!-- This site is optimized with the Yoast SEO plugin v25.3.1 - https:\/\/yoast.com\/wordpress\/plugins\/seo\/ -->\n<title>Veseli: Paralajm\u00ebrimet e paramilitar\u00ebve serb\u00eb nga Ukraina duhet t\u00eb merren seriozisht, rreziku prek edhe Kosov\u00ebn -<\/title>\n<meta name=\"robots\" content=\"index, follow, max-snippet:-1, max-image-preview:large, max-video-preview:-1\" \/>\n<link rel=\"canonical\" href=\"https:\/\/veritasinfo.org\/?p=24133\" \/>\n<meta property=\"og:locale\" content=\"en_US\" \/>\n<meta property=\"og:type\" content=\"article\" \/>\n<meta property=\"og:title\" content=\"Veseli: Paralajm\u00ebrimet e paramilitar\u00ebve serb\u00eb nga Ukraina duhet t\u00eb merren seriozisht, rreziku prek edhe Kosov\u00ebn -\" \/>\n<meta property=\"og:description\" content=\"Prishtin\u00eb, 15 dhjetor 2025 18:50 Afrim Veseli, kolonel n\u00eb pension i Forc\u00ebs s\u00eb Siguris\u00eb s\u00eb Kosov\u00ebs, ka folur lidhur me pjes\u00ebmarrjen e paramilitar\u00ebve serb\u00eb n\u00eb\" \/>\n<meta property=\"og:url\" content=\"https:\/\/veritasinfo.org\/?p=24133\" \/>\n<meta property=\"article:published_time\" content=\"2025-12-15T18:51:49+00:00\" \/>\n<meta property=\"article:modified_time\" content=\"2025-12-15T18:54:50+00:00\" \/>\n<meta property=\"og:image\" content=\"https:\/\/veritasinfo.org\/wp-content\/uploads\/2025\/12\/FSK-16.png\" \/>\n\t<meta property=\"og:image:width\" content=\"825\" \/>\n\t<meta property=\"og:image:height\" content=\"419\" \/>\n\t<meta property=\"og:image:type\" content=\"image\/png\" \/>\n<meta name=\"author\" content=\"US6\" \/>\n<meta name=\"twitter:card\" content=\"summary_large_image\" \/>\n<meta name=\"twitter:label1\" content=\"Written by\" \/>\n\t<meta name=\"twitter:data1\" content=\"US6\" \/>\n\t<meta name=\"twitter:label2\" content=\"Est. reading time\" \/>\n\t<meta name=\"twitter:data2\" content=\"2 minutes\" \/>\n<script type=\"application\/ld+json\" class=\"yoast-schema-graph\">{\"@context\":\"https:\/\/schema.org\",\"@graph\":[{\"@type\":\"WebPage\",\"@id\":\"https:\/\/veritasinfo.org\/?p=24133\",\"url\":\"https:\/\/veritasinfo.org\/?p=24133\",\"name\":\"Veseli: Paralajm\u00ebrimet e paramilitar\u00ebve serb\u00eb nga Ukraina duhet t\u00eb merren seriozisht, rreziku prek edhe Kosov\u00ebn -\",\"isPartOf\":{\"@id\":\"https:\/\/veritasinfo.org\/#website\"},\"primaryImageOfPage\":{\"@id\":\"https:\/\/veritasinfo.org\/?p=24133#primaryimage\"},\"image\":{\"@id\":\"https:\/\/veritasinfo.org\/?p=24133#primaryimage\"},\"thumbnailUrl\":\"https:\/\/veritasinfo.org\/wp-content\/uploads\/2025\/12\/FSK-16.png\",\"datePublished\":\"2025-12-15T18:51:49+00:00\",\"dateModified\":\"2025-12-15T18:54:50+00:00\",\"author\":{\"@id\":\"https:\/\/veritasinfo.org\/#\/schema\/person\/fe199eede04c3937362892b7444747cc\"},\"breadcrumb\":{\"@id\":\"https:\/\/veritasinfo.org\/?p=24133#breadcrumb\"},\"inLanguage\":\"en-US\",\"potentialAction\":[{\"@type\":\"ReadAction\",\"target\":[\"https:\/\/veritasinfo.org\/?p=24133\"]}]},{\"@type\":\"ImageObject\",\"inLanguage\":\"en-US\",\"@id\":\"https:\/\/veritasinfo.org\/?p=24133#primaryimage\",\"url\":\"https:\/\/veritasinfo.org\/wp-content\/uploads\/2025\/12\/FSK-16.png\",\"contentUrl\":\"https:\/\/veritasinfo.org\/wp-content\/uploads\/2025\/12\/FSK-16.png\",\"width\":825,\"height\":419},{\"@type\":\"BreadcrumbList\",\"@id\":\"https:\/\/veritasinfo.org\/?p=24133#breadcrumb\",\"itemListElement\":[{\"@type\":\"ListItem\",\"position\":1,\"name\":\"Home\",\"item\":\"https:\/\/veritasinfo.org\/\"},{\"@type\":\"ListItem\",\"position\":2,\"name\":\"Veseli: Paralajm\u00ebrimet e paramilitar\u00ebve serb\u00eb nga Ukraina duhet t\u00eb merren seriozisht, rreziku prek edhe Kosov\u00ebn\"}]},{\"@type\":\"WebSite\",\"@id\":\"https:\/\/veritasinfo.org\/#website\",\"url\":\"https:\/\/veritasinfo.org\/\",\"name\":\"\",\"description\":\"\",\"potentialAction\":[{\"@type\":\"SearchAction\",\"target\":{\"@type\":\"EntryPoint\",\"urlTemplate\":\"https:\/\/veritasinfo.org\/?s={search_term_string}\"},\"query-input\":{\"@type\":\"PropertyValueSpecification\",\"valueRequired\":true,\"valueName\":\"search_term_string\"}}],\"inLanguage\":\"en-US\"},{\"@type\":\"Person\",\"@id\":\"https:\/\/veritasinfo.org\/#\/schema\/person\/fe199eede04c3937362892b7444747cc\",\"name\":\"US6\",\"image\":{\"@type\":\"ImageObject\",\"inLanguage\":\"en-US\",\"@id\":\"https:\/\/veritasinfo.org\/#\/schema\/person\/image\/\",\"url\":\"https:\/\/secure.gravatar.com\/avatar\/cb16c3c31c9d23b9b8c705964598220b3014e42ff51eb540ff23cefa3ae8c15f?s=96&d=mm&r=g\",\"contentUrl\":\"https:\/\/secure.gravatar.com\/avatar\/cb16c3c31c9d23b9b8c705964598220b3014e42ff51eb540ff23cefa3ae8c15f?s=96&d=mm&r=g\",\"caption\":\"US6\"},\"url\":\"https:\/\/veritasinfo.org\/?author=7\"}]}<\/script>\n<!-- \/ Yoast SEO plugin. -->","yoast_head_json":{"title":"Veseli: Paralajm\u00ebrimet e paramilitar\u00ebve serb\u00eb nga Ukraina duhet t\u00eb merren seriozisht, rreziku prek edhe Kosov\u00ebn -","robots":{"index":"index","follow":"follow","max-snippet":"max-snippet:-1","max-image-preview":"max-image-preview:large","max-video-preview":"max-video-preview:-1"},"canonical":"https:\/\/veritasinfo.org\/?p=24133","og_locale":"en_US","og_type":"article","og_title":"Veseli: Paralajm\u00ebrimet e paramilitar\u00ebve serb\u00eb nga Ukraina duhet t\u00eb merren seriozisht, rreziku prek edhe Kosov\u00ebn -","og_description":"Prishtin\u00eb, 15 dhjetor 2025 18:50 Afrim Veseli, kolonel n\u00eb pension i Forc\u00ebs s\u00eb Siguris\u00eb s\u00eb Kosov\u00ebs, ka folur lidhur me pjes\u00ebmarrjen e paramilitar\u00ebve serb\u00eb n\u00eb","og_url":"https:\/\/veritasinfo.org\/?p=24133","article_published_time":"2025-12-15T18:51:49+00:00","article_modified_time":"2025-12-15T18:54:50+00:00","og_image":[{"width":825,"height":419,"url":"https:\/\/veritasinfo.org\/wp-content\/uploads\/2025\/12\/FSK-16.png","type":"image\/png"}],"author":"US6","twitter_card":"summary_large_image","twitter_misc":{"Written by":"US6","Est. reading time":"2 minutes"},"schema":{"@context":"https:\/\/schema.org","@graph":[{"@type":"WebPage","@id":"https:\/\/veritasinfo.org\/?p=24133","url":"https:\/\/veritasinfo.org\/?p=24133","name":"Veseli: Paralajm\u00ebrimet e paramilitar\u00ebve serb\u00eb nga Ukraina duhet t\u00eb merren seriozisht, rreziku prek edhe Kosov\u00ebn -","isPartOf":{"@id":"https:\/\/veritasinfo.org\/#website"},"primaryImageOfPage":{"@id":"https:\/\/veritasinfo.org\/?p=24133#primaryimage"},"image":{"@id":"https:\/\/veritasinfo.org\/?p=24133#primaryimage"},"thumbnailUrl":"https:\/\/veritasinfo.org\/wp-content\/uploads\/2025\/12\/FSK-16.png","datePublished":"2025-12-15T18:51:49+00:00","dateModified":"2025-12-15T18:54:50+00:00","author":{"@id":"https:\/\/veritasinfo.org\/#\/schema\/person\/fe199eede04c3937362892b7444747cc"},"breadcrumb":{"@id":"https:\/\/veritasinfo.org\/?p=24133#breadcrumb"},"inLanguage":"en-US","potentialAction":[{"@type":"ReadAction","target":["https:\/\/veritasinfo.org\/?p=24133"]}]},{"@type":"ImageObject","inLanguage":"en-US","@id":"https:\/\/veritasinfo.org\/?p=24133#primaryimage","url":"https:\/\/veritasinfo.org\/wp-content\/uploads\/2025\/12\/FSK-16.png","contentUrl":"https:\/\/veritasinfo.org\/wp-content\/uploads\/2025\/12\/FSK-16.png","width":825,"height":419},{"@type":"BreadcrumbList","@id":"https:\/\/veritasinfo.org\/?p=24133#breadcrumb","itemListElement":[{"@type":"ListItem","position":1,"name":"Home","item":"https:\/\/veritasinfo.org\/"},{"@type":"ListItem","position":2,"name":"Veseli: Paralajm\u00ebrimet e paramilitar\u00ebve serb\u00eb nga Ukraina duhet t\u00eb merren seriozisht, rreziku prek edhe Kosov\u00ebn"}]},{"@type":"WebSite","@id":"https:\/\/veritasinfo.org\/#website","url":"https:\/\/veritasinfo.org\/","name":"","description":"","potentialAction":[{"@type":"SearchAction","target":{"@type":"EntryPoint","urlTemplate":"https:\/\/veritasinfo.org\/?s={search_term_string}"},"query-input":{"@type":"PropertyValueSpecification","valueRequired":true,"valueName":"search_term_string"}}],"inLanguage":"en-US"},{"@type":"Person","@id":"https:\/\/veritasinfo.org\/#\/schema\/person\/fe199eede04c3937362892b7444747cc","name":"US6","image":{"@type":"ImageObject","inLanguage":"en-US","@id":"https:\/\/veritasinfo.org\/#\/schema\/person\/image\/","url":"https:\/\/secure.gravatar.com\/avatar\/cb16c3c31c9d23b9b8c705964598220b3014e42ff51eb540ff23cefa3ae8c15f?s=96&d=mm&r=g","contentUrl":"https:\/\/secure.gravatar.com\/avatar\/cb16c3c31c9d23b9b8c705964598220b3014e42ff51eb540ff23cefa3ae8c15f?s=96&d=mm&r=g","caption":"US6"},"url":"https:\/\/veritasinfo.org\/?author=7"}]}},"featured_image_urls":{"full":["https:\/\/veritasinfo.org\/wp-content\/uploads\/2025\/12\/FSK-16.png",825,419,false],"thumbnail":["https:\/\/veritasinfo.org\/wp-content\/uploads\/2025\/12\/FSK-16-150x150.png",150,150,true],"medium":["https:\/\/veritasinfo.org\/wp-content\/uploads\/2025\/12\/FSK-16-300x152.png",300,152,true],"medium_large":["https:\/\/veritasinfo.org\/wp-content\/uploads\/2025\/12\/FSK-16-768x390.png",640,325,true],"large":["https:\/\/veritasinfo.org\/wp-content\/uploads\/2025\/12\/FSK-16.png",640,325,false],"1536x1536":["https:\/\/veritasinfo.org\/wp-content\/uploads\/2025\/12\/FSK-16.png",825,419,false],"2048x2048":["https:\/\/veritasinfo.org\/wp-content\/uploads\/2025\/12\/FSK-16.png",825,419,false],"kreeti-slider-full":["https:\/\/veritasinfo.org\/wp-content\/uploads\/2025\/12\/FSK-16.png",825,419,false],"kreeti-featured":["https:\/\/veritasinfo.org\/wp-content\/uploads\/2025\/12\/FSK-16.png",825,419,false],"kreeti-medium":["https:\/\/veritasinfo.org\/wp-content\/uploads\/2025\/12\/FSK-16.png",720,366,false],"kreeti-medium-square":["https:\/\/veritasinfo.org\/wp-content\/uploads\/2025\/12\/FSK-16.png",350,178,false]},"author_info":{"info":["US6"]},"category_info":"<a href=\"https:\/\/veritasinfo.org\/?cat=58\" rel=\"category\">Politik\u00eb<\/a>","tag_info":"Politik\u00eb","comment_count":"0","_links":{"self":[{"href":"https:\/\/veritasinfo.org\/index.php?rest_route=\/wp\/v2\/posts\/24133","targetHints":{"allow":["GET"]}}],"collection":[{"href":"https:\/\/veritasinfo.org\/index.php?rest_route=\/wp\/v2\/posts"}],"about":[{"href":"https:\/\/veritasinfo.org\/index.php?rest_route=\/wp\/v2\/types\/post"}],"author":[{"embeddable":true,"href":"https:\/\/veritasinfo.org\/index.php?rest_route=\/wp\/v2\/users\/7"}],"replies":[{"embeddable":true,"href":"https:\/\/veritasinfo.org\/index.php?rest_route=%2Fwp%2Fv2%2Fcomments&post=24133"}],"version-history":[{"count":1,"href":"https:\/\/veritasinfo.org\/index.php?rest_route=\/wp\/v2\/posts\/24133\/revisions"}],"predecessor-version":[{"id":24135,"href":"https:\/\/veritasinfo.org\/index.php?rest_route=\/wp\/v2\/posts\/24133\/revisions\/24135"}],"wp:featuredmedia":[{"embeddable":true,"href":"https:\/\/veritasinfo.org\/index.php?rest_route=\/wp\/v2\/media\/24134"}],"wp:attachment":[{"href":"https:\/\/veritasinfo.org\/index.php?rest_route=%2Fwp%2Fv2%2Fmedia&parent=24133"}],"wp:term":[{"taxonomy":"category","embeddable":true,"href":"https:\/\/veritasinfo.org\/index.php?rest_route=%2Fwp%2Fv2%2Fcategories&post=24133"},{"taxonomy":"post_tag","embeddable":true,"href":"https:\/\/veritasinfo.org\/index.php?rest_route=%2Fwp%2Fv2%2Ftags&post=24133"}],"curies":[{"name":"wp","href":"https:\/\/api.w.org\/{rel}","templated":true}]}}