{"id":24128,"date":"2025-12-15T18:46:08","date_gmt":"2025-12-15T17:46:08","guid":{"rendered":"https:\/\/veritasinfo.org\/?p=24128"},"modified":"2025-12-15T18:46:08","modified_gmt":"2025-12-15T17:46:08","slug":"heshtja-e-serbise-per-panda-n-nje-tjeter-deshmi-qe-e-verteta-po-fshihet","status":"publish","type":"post","link":"https:\/\/veritasinfo.org\/?p=24128","title":{"rendered":"Heshtja e Serbis\u00eb p\u00ebr \u201cPanda\u201d-n, nj\u00eb tjet\u00ebr d\u00ebshmi q\u00eb e v\u00ebrteta po fshihet"},"content":{"rendered":"<p><strong>Prishtin\u00eb, 15 dhjetor 2025 18:44<\/strong><\/p>\n<p>P\u00ebrvjetori i masakr\u00ebs n\u00eb kafenen\u00eb \u201cPanda\u201d n\u00eb Pej\u00eb, ku m\u00eb 14 dhjetor 1998 u vran\u00eb gjasht\u00eb t\u00eb rinj serb\u00eb, k\u00ebt\u00eb vit kaloi pa asnj\u00eb reagim zyrtar nga Beogradi. Presidenti i Serbis\u00eb, Aleksandar Vu\u00e7i\u00e7, dhe asnj\u00eb p\u00ebrfaq\u00ebsues i lart\u00eb i klas\u00ebs politike serbe nuk e p\u00ebrmend\u00ebn fare ngjarjen, ndryshe nga vitet e m\u00ebparshme kur rasti p\u00ebrdorej rregullisht p\u00ebr t\u00eb akuzuar shqiptar\u00ebt.<\/p>\n<p>Kjo heshtje \u00ebsht\u00eb dometh\u00ebn\u00ebse. Deri para dy-tre vitesh, autoritetet serbe e shfryt\u00ebzonin rastin \u201cPanda\u201d si argument politik dhe propagandistik, duke ia mveshur fajin shqiptar\u00ebve dhe U\u00c7K-s\u00eb, pavar\u00ebsisht munges\u00ebs s\u00eb provave. Sot, kur n\u00eb Serbi po zhvillohen hetime q\u00eb hedhin dyshime serioze mbi rolin e sh\u00ebrbimeve sekrete serbe n\u00eb inskenimin e krimit, narrativa zyrtare ka ndryshuar \u2013 jo p\u00ebrmes transparenc\u00ebs, por p\u00ebrmes heshtjes.<\/p>\n<p>Vet\u00eb deklaratat e m\u00ebhershme t\u00eb presidentit Vu\u00e7i\u00e7, i cili ka pranuar se nuk ka prova q\u00eb shqiptar\u00ebt jan\u00eb p\u00ebrgjegj\u00ebs p\u00ebr k\u00ebt\u00eb krim, kan\u00eb hapur nj\u00eb kapitull t\u00eb ri dyshimesh. Paralelisht, n\u00eb Serbi po hetohet mund\u00ebsia q\u00eb strukturat e siguris\u00eb s\u00eb shtetit serb ta ken\u00eb organizuar sulmin, me q\u00ebllim q\u00eb krimi t\u2019u faturohej shqiptar\u00ebve dhe t\u00eb sh\u00ebrbente si justifikim p\u00ebr intensifikimin e dhun\u00ebs dhe represionit n\u00eb Kosov\u00eb gjat\u00eb viteve t\u00eb luft\u00ebs.<\/p>\n<p>Mos-reagimi i Beogradit n\u00eb p\u00ebrvjetorin e k\u00ebsaj ngjarjeje nuk shihet m\u00eb si harres\u00eb, por si strategji politike p\u00ebr t\u00eb shmangur p\u00ebrgjeg\u00ebsin\u00eb. N\u00eb Serbi mediat opozitare vler\u00ebsojn\u00eb\u00a0se \u00e7do p\u00ebrkujtim zyrtar do ta detyronte Serbin\u00eb t\u00eb p\u00ebrballej me pyetjen thelb\u00ebsore: kush e organizoi v\u00ebrtet masakr\u00ebn e \u201cPanda\u201d-s dhe pse e v\u00ebrteta u fsheh p\u00ebr dekada.<\/p>\n<p>Deri n\u00eb vitin 2023 presidenti i Serbis\u00eb,\u00a0Aleksand\u00ebr Vu\u00e7i\u00e7, nxitohej t\u00eb faj\u00ebsonte shqiptar\u00ebt p\u00ebr k\u00ebt\u00eb ngjarje &#8211; reagim q\u00eb b\u00ebhej vet\u00ebm n\u00eb p\u00ebrvjetorin e vrasjes s\u00eb t\u00eb rinjve serb\u00eb.<\/p>\n<p>Mir\u00ebpo, n\u00eb dy vitet e fundit kan\u00eb munguar reagimet nga Serbia, gjegj\u00ebsisht nga presidenti i saj.<\/p>\n<p>N\u00eb historikun e deklaratave t\u00eb tij, Vu\u00e7i\u00e7 kishte l\u00ebn\u00eb\u00a0t\u00eb kuptohet se hetuesit po i afrohen gjetjes t\u00eb s\u00eb v\u00ebrtet\u00ebs \u00e7do vit q\u00eb nga viti 2013, kur ai fillimisht sugjeroi se nuk kishte asnj\u00eb prov\u00eb se masakra ishte kryer nga shqiptar\u00ebt e Kosov\u00ebs.<\/p>\n<p>Ljubica Trifovi\u00e7, n\u00ebna e t\u00eb vrarit Dragan Trifovi\u00e7, vite m\u00eb par\u00eb kishte deklaruar se ajo ndjek \u00e7do dalje publike t\u00eb Vu\u00e7i\u00e7it, duke shpresuar t\u00eb d\u00ebgjoj\u00eb p\u00ebr ndonj\u00eb zbulim t\u00eb madh n\u00eb k\u00ebt\u00eb hetim, edhe pse nuk beson se kjo do t\u00eb ndodh\u00eb.<\/p>\n<p>\u201cAskush nuk kishte ndonj\u00eb shpres\u00eb derisa doli Vu\u00e7i\u00e7i dhe e tha vet\u00eb publikisht k\u00ebt\u00eb (p\u00ebr progresin n\u00eb k\u00ebt\u00eb rast). Pra, zoti president, at\u00ebher\u00eb kush i vrau ata f\u00ebmij\u00eb?\u201d pyeti Trifovi\u00e7<\/p>\n<p>Hetimet p\u00ebr k\u00ebt\u00eb krim jan\u00eb nisur vet\u00ebm m\u00eb 12 maj 2016 n\u00eb Prokurorin\u00eb p\u00ebr Krim t\u00eb Organizuar n\u00eb Beograd. N\u00eb sulmin terrorist, me bresh\u00ebri automatike, jan\u00eb q\u00eblluar rreth 60 plumba.<\/p>\n<p>P\u00ebrfaq\u00ebsuesi ligjor i prind\u00ebrve t\u00eb t\u00eb rinjve t\u00eb vrar\u00eb n\u00eb kafenen\u00eb \u201cPanda\u201d n\u00eb Pej\u00eb, Ivan Niniq, dy vjet m\u00eb par\u00eb ka paraqitur k\u00ebrkes\u00eb n\u00eb Prokurorin\u00eb p\u00ebr Krim t\u00eb Organizuar q\u00eb n\u00eb cil\u00ebsin\u00eb e d\u00ebshmitarit t\u00eb merret n\u00eb pyetje presidenti i Serbis\u00eb, Aleksandar Vu\u00e7iq.<\/p>\n<p>Sipas shkrimit t\u00eb gazet\u00ebs Danas, e cila m\u00ebson jozyrtarisht, \u00ebsht\u00eb paraqitur gjithashtu k\u00ebrkes\u00eb q\u00eb si d\u00ebshmitar\u00eb n\u00eb rastin \u201cPanda\u201d t\u00eb merren n\u00eb pyetje edhe ish-shefi i Sh\u00ebrbimit t\u00eb Sigurimit Shtet\u00ebror, Jovica Stanishiq, dhe Franko Simatoviq \u201cFrenki\u201d, po ashtu ish-zyrtar i lart\u00eb i SDB-s\u00eb. T\u00eb dy jan\u00eb t\u00eb d\u00ebnuar nga Tribunali i Hag\u00ebs.<\/p>\n<p>Rasti \u201cPanda\u201d mbetet nj\u00eb nga shembujt m\u00eb t\u00eb r\u00ebnd\u00eb t\u00eb manipulimit t\u00eb krimeve p\u00ebr q\u00ebllime politike, nd\u00ebrsa heshtja e sotme e udh\u00ebheqjes serbe vet\u00ebm sa forcon dyshimet se pas k\u00ebtij krimi q\u00ebndronin sh\u00ebrbimet sekrete serbe, me synimin p\u00ebr t\u00eb faj\u00ebsuar shqiptar\u00ebt dhe p\u00ebr t\u00eb nd\u00ebrtuar nj\u00eb narrativ\u00eb t\u00eb rreme q\u00eb i sh\u00ebrbente politikave t\u00eb koh\u00ebs.<\/p>\n<p>Derisa Serbia t\u00eb jap\u00eb p\u00ebrgjigje t\u00eb qarta dhe t\u00eb hap\u00eb arkivat e saj, \u201cPanda\u201d do t\u00eb mbetet jo vet\u00ebm nj\u00eb krim i pazbardhur, por edhe simbol i munges\u00ebs s\u00eb drejt\u00ebsis\u00eb dhe i heshtjes s\u00eb q\u00ebllimshme shtet\u00ebrore.<\/p>\n<p>&nbsp;<\/p>\n","protected":false},"excerpt":{"rendered":"<p>Prishtin\u00eb, 15 dhjetor 2025 18:44 P\u00ebrvjetori i masakr\u00ebs n\u00eb kafenen\u00eb \u201cPanda\u201d n\u00eb Pej\u00eb, ku m\u00eb 14 dhjetor 1998 u vran\u00eb gjasht\u00eb t\u00eb rinj serb\u00eb, k\u00ebt\u00eb<\/p>\n","protected":false},"author":7,"featured_media":24129,"comment_status":"open","ping_status":"open","sticky":false,"template":"","format":"standard","meta":{"footnotes":""},"categories":[58],"tags":[],"class_list":["post-24128","post","type-post","status-publish","format-standard","has-post-thumbnail","hentry","category-politike-sq"],"yoast_head":"<!-- This site is optimized with the Yoast SEO plugin v25.3.1 - https:\/\/yoast.com\/wordpress\/plugins\/seo\/ -->\n<title>Heshtja e Serbis\u00eb p\u00ebr \u201cPanda\u201d-n, nj\u00eb tjet\u00ebr d\u00ebshmi q\u00eb e v\u00ebrteta po fshihet -<\/title>\n<meta name=\"robots\" content=\"index, follow, max-snippet:-1, max-image-preview:large, max-video-preview:-1\" \/>\n<link rel=\"canonical\" href=\"https:\/\/veritasinfo.org\/?p=24128\" \/>\n<meta property=\"og:locale\" content=\"en_US\" \/>\n<meta property=\"og:type\" content=\"article\" \/>\n<meta property=\"og:title\" content=\"Heshtja e Serbis\u00eb p\u00ebr \u201cPanda\u201d-n, nj\u00eb tjet\u00ebr d\u00ebshmi q\u00eb e v\u00ebrteta po fshihet -\" \/>\n<meta property=\"og:description\" content=\"Prishtin\u00eb, 15 dhjetor 2025 18:44 P\u00ebrvjetori i masakr\u00ebs n\u00eb kafenen\u00eb \u201cPanda\u201d n\u00eb Pej\u00eb, ku m\u00eb 14 dhjetor 1998 u vran\u00eb gjasht\u00eb t\u00eb rinj serb\u00eb, k\u00ebt\u00eb\" \/>\n<meta property=\"og:url\" content=\"https:\/\/veritasinfo.org\/?p=24128\" \/>\n<meta property=\"article:published_time\" content=\"2025-12-15T17:46:08+00:00\" \/>\n<meta property=\"og:image\" content=\"https:\/\/veritasinfo.org\/wp-content\/uploads\/2025\/12\/KQZ-1-2.jpeg\" \/>\n\t<meta property=\"og:image:width\" content=\"1361\" \/>\n\t<meta property=\"og:image:height\" content=\"881\" \/>\n\t<meta property=\"og:image:type\" content=\"image\/jpeg\" \/>\n<meta name=\"author\" content=\"US6\" \/>\n<meta name=\"twitter:card\" content=\"summary_large_image\" \/>\n<meta name=\"twitter:label1\" content=\"Written by\" \/>\n\t<meta name=\"twitter:data1\" content=\"US6\" \/>\n\t<meta name=\"twitter:label2\" content=\"Est. reading time\" \/>\n\t<meta name=\"twitter:data2\" content=\"3 minutes\" \/>\n<script type=\"application\/ld+json\" class=\"yoast-schema-graph\">{\"@context\":\"https:\/\/schema.org\",\"@graph\":[{\"@type\":\"WebPage\",\"@id\":\"https:\/\/veritasinfo.org\/?p=24128\",\"url\":\"https:\/\/veritasinfo.org\/?p=24128\",\"name\":\"Heshtja e Serbis\u00eb p\u00ebr \u201cPanda\u201d-n, nj\u00eb tjet\u00ebr d\u00ebshmi q\u00eb e v\u00ebrteta po fshihet -\",\"isPartOf\":{\"@id\":\"https:\/\/veritasinfo.org\/#website\"},\"primaryImageOfPage\":{\"@id\":\"https:\/\/veritasinfo.org\/?p=24128#primaryimage\"},\"image\":{\"@id\":\"https:\/\/veritasinfo.org\/?p=24128#primaryimage\"},\"thumbnailUrl\":\"https:\/\/veritasinfo.org\/wp-content\/uploads\/2025\/12\/KQZ-1-2.jpeg\",\"datePublished\":\"2025-12-15T17:46:08+00:00\",\"author\":{\"@id\":\"https:\/\/veritasinfo.org\/#\/schema\/person\/fe199eede04c3937362892b7444747cc\"},\"breadcrumb\":{\"@id\":\"https:\/\/veritasinfo.org\/?p=24128#breadcrumb\"},\"inLanguage\":\"en-US\",\"potentialAction\":[{\"@type\":\"ReadAction\",\"target\":[\"https:\/\/veritasinfo.org\/?p=24128\"]}]},{\"@type\":\"ImageObject\",\"inLanguage\":\"en-US\",\"@id\":\"https:\/\/veritasinfo.org\/?p=24128#primaryimage\",\"url\":\"https:\/\/veritasinfo.org\/wp-content\/uploads\/2025\/12\/KQZ-1-2.jpeg\",\"contentUrl\":\"https:\/\/veritasinfo.org\/wp-content\/uploads\/2025\/12\/KQZ-1-2.jpeg\",\"width\":1361,\"height\":881},{\"@type\":\"BreadcrumbList\",\"@id\":\"https:\/\/veritasinfo.org\/?p=24128#breadcrumb\",\"itemListElement\":[{\"@type\":\"ListItem\",\"position\":1,\"name\":\"Home\",\"item\":\"https:\/\/veritasinfo.org\/\"},{\"@type\":\"ListItem\",\"position\":2,\"name\":\"Heshtja e Serbis\u00eb p\u00ebr \u201cPanda\u201d-n, nj\u00eb tjet\u00ebr d\u00ebshmi q\u00eb e v\u00ebrteta po fshihet\"}]},{\"@type\":\"WebSite\",\"@id\":\"https:\/\/veritasinfo.org\/#website\",\"url\":\"https:\/\/veritasinfo.org\/\",\"name\":\"\",\"description\":\"\",\"potentialAction\":[{\"@type\":\"SearchAction\",\"target\":{\"@type\":\"EntryPoint\",\"urlTemplate\":\"https:\/\/veritasinfo.org\/?s={search_term_string}\"},\"query-input\":{\"@type\":\"PropertyValueSpecification\",\"valueRequired\":true,\"valueName\":\"search_term_string\"}}],\"inLanguage\":\"en-US\"},{\"@type\":\"Person\",\"@id\":\"https:\/\/veritasinfo.org\/#\/schema\/person\/fe199eede04c3937362892b7444747cc\",\"name\":\"US6\",\"image\":{\"@type\":\"ImageObject\",\"inLanguage\":\"en-US\",\"@id\":\"https:\/\/veritasinfo.org\/#\/schema\/person\/image\/\",\"url\":\"https:\/\/secure.gravatar.com\/avatar\/cb16c3c31c9d23b9b8c705964598220b3014e42ff51eb540ff23cefa3ae8c15f?s=96&d=mm&r=g\",\"contentUrl\":\"https:\/\/secure.gravatar.com\/avatar\/cb16c3c31c9d23b9b8c705964598220b3014e42ff51eb540ff23cefa3ae8c15f?s=96&d=mm&r=g\",\"caption\":\"US6\"},\"url\":\"https:\/\/veritasinfo.org\/?author=7\"}]}<\/script>\n<!-- \/ Yoast SEO plugin. -->","yoast_head_json":{"title":"Heshtja e Serbis\u00eb p\u00ebr \u201cPanda\u201d-n, nj\u00eb tjet\u00ebr d\u00ebshmi q\u00eb e v\u00ebrteta po fshihet -","robots":{"index":"index","follow":"follow","max-snippet":"max-snippet:-1","max-image-preview":"max-image-preview:large","max-video-preview":"max-video-preview:-1"},"canonical":"https:\/\/veritasinfo.org\/?p=24128","og_locale":"en_US","og_type":"article","og_title":"Heshtja e Serbis\u00eb p\u00ebr \u201cPanda\u201d-n, nj\u00eb tjet\u00ebr d\u00ebshmi q\u00eb e v\u00ebrteta po fshihet -","og_description":"Prishtin\u00eb, 15 dhjetor 2025 18:44 P\u00ebrvjetori i masakr\u00ebs n\u00eb kafenen\u00eb \u201cPanda\u201d n\u00eb Pej\u00eb, ku m\u00eb 14 dhjetor 1998 u vran\u00eb gjasht\u00eb t\u00eb rinj serb\u00eb, k\u00ebt\u00eb","og_url":"https:\/\/veritasinfo.org\/?p=24128","article_published_time":"2025-12-15T17:46:08+00:00","og_image":[{"width":1361,"height":881,"url":"https:\/\/veritasinfo.org\/wp-content\/uploads\/2025\/12\/KQZ-1-2.jpeg","type":"image\/jpeg"}],"author":"US6","twitter_card":"summary_large_image","twitter_misc":{"Written by":"US6","Est. reading time":"3 minutes"},"schema":{"@context":"https:\/\/schema.org","@graph":[{"@type":"WebPage","@id":"https:\/\/veritasinfo.org\/?p=24128","url":"https:\/\/veritasinfo.org\/?p=24128","name":"Heshtja e Serbis\u00eb p\u00ebr \u201cPanda\u201d-n, nj\u00eb tjet\u00ebr d\u00ebshmi q\u00eb e v\u00ebrteta po fshihet -","isPartOf":{"@id":"https:\/\/veritasinfo.org\/#website"},"primaryImageOfPage":{"@id":"https:\/\/veritasinfo.org\/?p=24128#primaryimage"},"image":{"@id":"https:\/\/veritasinfo.org\/?p=24128#primaryimage"},"thumbnailUrl":"https:\/\/veritasinfo.org\/wp-content\/uploads\/2025\/12\/KQZ-1-2.jpeg","datePublished":"2025-12-15T17:46:08+00:00","author":{"@id":"https:\/\/veritasinfo.org\/#\/schema\/person\/fe199eede04c3937362892b7444747cc"},"breadcrumb":{"@id":"https:\/\/veritasinfo.org\/?p=24128#breadcrumb"},"inLanguage":"en-US","potentialAction":[{"@type":"ReadAction","target":["https:\/\/veritasinfo.org\/?p=24128"]}]},{"@type":"ImageObject","inLanguage":"en-US","@id":"https:\/\/veritasinfo.org\/?p=24128#primaryimage","url":"https:\/\/veritasinfo.org\/wp-content\/uploads\/2025\/12\/KQZ-1-2.jpeg","contentUrl":"https:\/\/veritasinfo.org\/wp-content\/uploads\/2025\/12\/KQZ-1-2.jpeg","width":1361,"height":881},{"@type":"BreadcrumbList","@id":"https:\/\/veritasinfo.org\/?p=24128#breadcrumb","itemListElement":[{"@type":"ListItem","position":1,"name":"Home","item":"https:\/\/veritasinfo.org\/"},{"@type":"ListItem","position":2,"name":"Heshtja e Serbis\u00eb p\u00ebr \u201cPanda\u201d-n, nj\u00eb tjet\u00ebr d\u00ebshmi q\u00eb e v\u00ebrteta po fshihet"}]},{"@type":"WebSite","@id":"https:\/\/veritasinfo.org\/#website","url":"https:\/\/veritasinfo.org\/","name":"","description":"","potentialAction":[{"@type":"SearchAction","target":{"@type":"EntryPoint","urlTemplate":"https:\/\/veritasinfo.org\/?s={search_term_string}"},"query-input":{"@type":"PropertyValueSpecification","valueRequired":true,"valueName":"search_term_string"}}],"inLanguage":"en-US"},{"@type":"Person","@id":"https:\/\/veritasinfo.org\/#\/schema\/person\/fe199eede04c3937362892b7444747cc","name":"US6","image":{"@type":"ImageObject","inLanguage":"en-US","@id":"https:\/\/veritasinfo.org\/#\/schema\/person\/image\/","url":"https:\/\/secure.gravatar.com\/avatar\/cb16c3c31c9d23b9b8c705964598220b3014e42ff51eb540ff23cefa3ae8c15f?s=96&d=mm&r=g","contentUrl":"https:\/\/secure.gravatar.com\/avatar\/cb16c3c31c9d23b9b8c705964598220b3014e42ff51eb540ff23cefa3ae8c15f?s=96&d=mm&r=g","caption":"US6"},"url":"https:\/\/veritasinfo.org\/?author=7"}]}},"featured_image_urls":{"full":["https:\/\/veritasinfo.org\/wp-content\/uploads\/2025\/12\/KQZ-1-2.jpeg",1361,881,false],"thumbnail":["https:\/\/veritasinfo.org\/wp-content\/uploads\/2025\/12\/KQZ-1-2-150x150.jpeg",150,150,true],"medium":["https:\/\/veritasinfo.org\/wp-content\/uploads\/2025\/12\/KQZ-1-2-300x194.jpeg",300,194,true],"medium_large":["https:\/\/veritasinfo.org\/wp-content\/uploads\/2025\/12\/KQZ-1-2-768x497.jpeg",640,414,true],"large":["https:\/\/veritasinfo.org\/wp-content\/uploads\/2025\/12\/KQZ-1-2-1024x663.jpeg",640,414,true],"1536x1536":["https:\/\/veritasinfo.org\/wp-content\/uploads\/2025\/12\/KQZ-1-2.jpeg",1361,881,false],"2048x2048":["https:\/\/veritasinfo.org\/wp-content\/uploads\/2025\/12\/KQZ-1-2.jpeg",1361,881,false],"kreeti-slider-full":["https:\/\/veritasinfo.org\/wp-content\/uploads\/2025\/12\/KQZ-1-2.jpeg",1112,720,false],"kreeti-featured":["https:\/\/veritasinfo.org\/wp-content\/uploads\/2025\/12\/KQZ-1-2.jpeg",1024,663,false],"kreeti-medium":["https:\/\/veritasinfo.org\/wp-content\/uploads\/2025\/12\/KQZ-1-2.jpeg",720,466,false],"kreeti-medium-square":["https:\/\/veritasinfo.org\/wp-content\/uploads\/2025\/12\/KQZ-1-2.jpeg",350,227,false]},"author_info":{"info":["US6"]},"category_info":"<a href=\"https:\/\/veritasinfo.org\/?cat=58\" rel=\"category\">Politik\u00eb<\/a>","tag_info":"Politik\u00eb","comment_count":"0","_links":{"self":[{"href":"https:\/\/veritasinfo.org\/index.php?rest_route=\/wp\/v2\/posts\/24128","targetHints":{"allow":["GET"]}}],"collection":[{"href":"https:\/\/veritasinfo.org\/index.php?rest_route=\/wp\/v2\/posts"}],"about":[{"href":"https:\/\/veritasinfo.org\/index.php?rest_route=\/wp\/v2\/types\/post"}],"author":[{"embeddable":true,"href":"https:\/\/veritasinfo.org\/index.php?rest_route=\/wp\/v2\/users\/7"}],"replies":[{"embeddable":true,"href":"https:\/\/veritasinfo.org\/index.php?rest_route=%2Fwp%2Fv2%2Fcomments&post=24128"}],"version-history":[{"count":1,"href":"https:\/\/veritasinfo.org\/index.php?rest_route=\/wp\/v2\/posts\/24128\/revisions"}],"predecessor-version":[{"id":24130,"href":"https:\/\/veritasinfo.org\/index.php?rest_route=\/wp\/v2\/posts\/24128\/revisions\/24130"}],"wp:featuredmedia":[{"embeddable":true,"href":"https:\/\/veritasinfo.org\/index.php?rest_route=\/wp\/v2\/media\/24129"}],"wp:attachment":[{"href":"https:\/\/veritasinfo.org\/index.php?rest_route=%2Fwp%2Fv2%2Fmedia&parent=24128"}],"wp:term":[{"taxonomy":"category","embeddable":true,"href":"https:\/\/veritasinfo.org\/index.php?rest_route=%2Fwp%2Fv2%2Fcategories&post=24128"},{"taxonomy":"post_tag","embeddable":true,"href":"https:\/\/veritasinfo.org\/index.php?rest_route=%2Fwp%2Fv2%2Ftags&post=24128"}],"curies":[{"name":"wp","href":"https:\/\/api.w.org\/{rel}","templated":true}]}}