{"id":24097,"date":"2025-12-15T13:09:33","date_gmt":"2025-12-15T12:09:33","guid":{"rendered":"https:\/\/veritasinfo.org\/?p=24097"},"modified":"2025-12-15T13:09:51","modified_gmt":"2025-12-15T12:09:51","slug":"24097","status":"publish","type":"post","link":"https:\/\/veritasinfo.org\/?p=24097","title":{"rendered":"Biserko: Vu\u00e7iq hapi dyert e ndikimit rus, Serbia po destabilizon Ballkanin"},"content":{"rendered":"<p>Prishtin\u00eb 15 Dhjetor 2025 13:07<\/p>\n<p>Q\u00eb n\u00eb fillim ka qen\u00eb e qart\u00eb se Serbia do t\u00eb p\u00ebrpiqet t\u00eb pengoj\u00eb rrug\u00ebn e Malit t\u00eb Zi drejt an\u00ebtar\u00ebsimit n\u00eb Bashkimin Evropian (BE), ve\u00e7an\u00ebrisht pasi u p\u00ebrmend se Mali i Zi dhe Shqip\u00ebria mund t\u00eb pranohen n\u00eb BE deri n\u00eb vitin 2030. K\u00ebshtu vler\u00ebson p\u00ebr gazet\u00ebn malazeze Pobjeda Sonja Biserko, presidente e Komitetit t\u00eb Helsinkit p\u00ebr t\u00eb Drejtat e Njeriut n\u00eb Serbi.<\/p>\n<p>Sipas saj, arsyet jan\u00eb t\u00eb shumta: me an\u00ebtar\u00ebsimin e Malit t\u00eb Zi n\u00eb BE do t\u00eb zvog\u00eblohej ndikimi rajonal i Serbis\u00eb dhe do t\u00eb ndalej procesi i ashtuquajtur i \u201cserbizimit\u201d t\u00eb Malit t\u00eb Zi, \u00e7ka do t\u00eb n\u00ebnkuptonte edhe fundin e projektit \u201cbota serbe\u201d.<\/p>\n<p>Duke komentuar deklarat\u00ebn e presidentit serb Aleksandar Vu\u00e7i\u00e7, i cili e quajti Malin e Zi \u201ct\u00eb mjer\u00eb\u201d dhe e akuzoi se po i sh\u00ebrben Kroacis\u00eb p\u00ebr hir t\u00eb integrimit evropian, Biserko thot\u00eb se ideja e Serbis\u00eb q\u00eb i gjith\u00eb rajoni t\u00eb hyj\u00eb nj\u00ebkoh\u00ebsisht n\u00eb BE \u00ebsht\u00eb joreale.<\/p>\n<p>\u201cPropozimi q\u00eb i gjith\u00eb Ballkani Per\u00ebndimor t\u00eb pranohet nj\u00ebkoh\u00ebsisht n\u00eb BE \u00ebsht\u00eb jorealist, sepse Serbia \u00ebsht\u00eb duksh\u00ebm prapa n\u00eb reformat thelb\u00ebsore. BE-ja nuk ka hequr dor\u00eb nga Serbia, por vazhdon t\u2019i k\u00ebrkoj\u00eb p\u00ebrmir\u00ebsime n\u00eb lirin\u00eb e mediave, forcimin e shoq\u00ebris\u00eb civile, respektimin e lirive akademike dhe luftimin e dezinformatave t\u00eb jashtme\u201d, thekson Biserko.<\/p>\n<p>Ajo shton se Bashkimi Evropian vazhdimisht i v\u00eb n\u00eb dukje Serbis\u00eb munges\u00ebn e p\u00ebrparimit n\u00eb reform\u00ebn e gjyq\u00ebsorit dhe n\u00eb krijimin e kushteve p\u00ebr zgjedhje t\u00eb ndershme, p\u00ebrfshir\u00eb rregullimin e listave zgjedhore.<br \/>\n\u201cBE insiston edhe n\u00eb zbatimin e Marr\u00ebveshjes s\u00eb Ohrit dhe n\u00eb p\u00ebrmbushjen e shum\u00eb obligimeve t\u00eb tjera. E gjith\u00eb kjo tregon se Serbia nuk ka interes t\u00eb sinqert\u00eb p\u00ebr an\u00ebtar\u00ebsim n\u00eb BE, por ka q\u00ebllim t\u00eb qart\u00eb t\u00eb pengoj\u00eb rrug\u00ebn evropiane t\u00eb fqinj\u00ebve t\u00eb saj. Politika e BE-s\u00eb e bazuar n\u00eb tolerimin ndaj Serbis\u00eb nuk ka dh\u00ebn\u00eb rezultate, gj\u00eb q\u00eb shpjegon afrimin gjithnj\u00eb e m\u00eb t\u00eb madh t\u00eb Brukselit me Shqip\u00ebrin\u00eb dhe Malin e Zi. N\u00eb k\u00ebt\u00eb kontekst, tashm\u00eb flitet edhe p\u00ebr fillimin e pun\u00ebs p\u00ebr marr\u00ebveshjen e an\u00ebtar\u00ebsimit t\u00eb Malit t\u00eb Zi\u201d, deklaron Biserko.<\/p>\n<p>Sipas saj, \u00ebsht\u00eb arritur n\u00eb p\u00ebrfundimin se Serbia nuk \u00ebsht\u00eb partnere e BE-s\u00eb, por faktor presioni dhe destabilizimi.<\/p>\n<p>Duke folur p\u00ebr ndikimin rus, Biserko vler\u00ebson se Serbia tashm\u00eb ndodhet n\u00ebn ndikim t\u00eb fort\u00eb dhe malinj t\u00eb Mosk\u00ebs.<\/p>\n<p>\u201cMund t\u00eb thuhet se Serbia, dhe ve\u00e7an\u00ebrisht presidenti Vu\u00e7iq, jan\u00eb peng i interesave ruse. Kjo u pa qart\u00eb edhe n\u00eb rastin e kompanis\u00eb NIS, ku Vu\u00e7i\u00e7 shpeshher\u00eb tregon m\u00eb shum\u00eb kujdes p\u00ebr interesat e Rusis\u00eb sesa p\u00ebr ato t\u00eb Serbis\u00eb\u201d, tha ajo.<\/p>\n<p>Biserko kujton se pik\u00ebrisht Partia Progresive Serbe (SNS) dhe Aleksandar Vu\u00e7iq i kan\u00eb hapur gjer\u00ebsisht dyert ndikimit rus, i cili p\u00ebrmes Serbis\u00eb shtrihet n\u00eb t\u00eb gjith\u00eb rajonin.<\/p>\n<p>\u201cShtetit rus i p\u00ebrshtatet ruajtja e status quo-s\u00eb n\u00eb Ballkanin Per\u00ebndimor, nd\u00ebrsa radikal\u00ebt dhe p\u00ebrparimtar\u00ebt serb\u00eb mbeten instrument ky\u00e7 i Mosk\u00ebs p\u00ebr realizimin e k\u00ebtij q\u00ebllimi. Vu\u00e7i\u00e7 tregon frikacak\u00ebri politike, sepse nuk \u00ebsht\u00eb i gatsh\u00ebm t\u00eb mbroj\u00eb interesin e v\u00ebrtet\u00eb t\u00eb Serbis\u00eb, por po e \u00e7on vendin drejt kaosit. Tensionet po rriten dhe po krijohet nj\u00eb psikoz\u00eb q\u00eb t\u00eb kujton vitet \u201990. \u00cbsht\u00eb simptomatike q\u00eb qytetar\u00ebt po blejn\u00eb n\u00eb panik euro dhe tashm\u00eb \u00ebsht\u00eb e v\u00ebshtir\u00eb t\u2019i gjesh\u201d, p\u00ebrfundon Biserko.<\/p>\n","protected":false},"excerpt":{"rendered":"<p>Prishtin\u00eb 15 Dhjetor 2025 13:07 Q\u00eb n\u00eb fillim ka qen\u00eb e qart\u00eb se Serbia do t\u00eb p\u00ebrpiqet t\u00eb pengoj\u00eb rrug\u00ebn e Malit t\u00eb Zi drejt<\/p>\n","protected":false},"author":6,"featured_media":24098,"comment_status":"open","ping_status":"open","sticky":false,"template":"","format":"standard","meta":{"footnotes":""},"categories":[58],"tags":[],"class_list":["post-24097","post","type-post","status-publish","format-standard","has-post-thumbnail","hentry","category-politike-sq"],"yoast_head":"<!-- This site is optimized with the Yoast SEO plugin v25.3.1 - https:\/\/yoast.com\/wordpress\/plugins\/seo\/ -->\n<title>Biserko: Vu\u00e7iq hapi dyert e ndikimit rus, Serbia po destabilizon Ballkanin -<\/title>\n<meta name=\"robots\" content=\"index, follow, max-snippet:-1, max-image-preview:large, max-video-preview:-1\" \/>\n<link rel=\"canonical\" href=\"https:\/\/veritasinfo.org\/?p=24097\" \/>\n<meta property=\"og:locale\" content=\"en_US\" \/>\n<meta property=\"og:type\" content=\"article\" \/>\n<meta property=\"og:title\" content=\"Biserko: Vu\u00e7iq hapi dyert e ndikimit rus, Serbia po destabilizon Ballkanin -\" \/>\n<meta property=\"og:description\" content=\"Prishtin\u00eb 15 Dhjetor 2025 13:07 Q\u00eb n\u00eb fillim ka qen\u00eb e qart\u00eb se Serbia do t\u00eb p\u00ebrpiqet t\u00eb pengoj\u00eb rrug\u00ebn e Malit t\u00eb Zi drejt\" \/>\n<meta property=\"og:url\" content=\"https:\/\/veritasinfo.org\/?p=24097\" \/>\n<meta property=\"article:published_time\" content=\"2025-12-15T12:09:33+00:00\" \/>\n<meta property=\"article:modified_time\" content=\"2025-12-15T12:09:51+00:00\" \/>\n<meta property=\"og:image\" content=\"https:\/\/veritasinfo.org\/wp-content\/uploads\/2025\/12\/IMG-20251215-WA0003.jpg\" \/>\n\t<meta property=\"og:image:width\" content=\"1140\" \/>\n\t<meta property=\"og:image:height\" content=\"570\" \/>\n\t<meta property=\"og:image:type\" content=\"image\/jpeg\" \/>\n<meta name=\"author\" content=\"US5\" \/>\n<meta name=\"twitter:card\" content=\"summary_large_image\" \/>\n<meta name=\"twitter:label1\" content=\"Written by\" \/>\n\t<meta name=\"twitter:data1\" content=\"US5\" \/>\n\t<meta name=\"twitter:label2\" content=\"Est. reading time\" \/>\n\t<meta name=\"twitter:data2\" content=\"3 minutes\" \/>\n<script type=\"application\/ld+json\" class=\"yoast-schema-graph\">{\"@context\":\"https:\/\/schema.org\",\"@graph\":[{\"@type\":\"WebPage\",\"@id\":\"https:\/\/veritasinfo.org\/?p=24097\",\"url\":\"https:\/\/veritasinfo.org\/?p=24097\",\"name\":\"Biserko: Vu\u00e7iq hapi dyert e ndikimit rus, Serbia po destabilizon Ballkanin -\",\"isPartOf\":{\"@id\":\"https:\/\/veritasinfo.org\/#website\"},\"primaryImageOfPage\":{\"@id\":\"https:\/\/veritasinfo.org\/?p=24097#primaryimage\"},\"image\":{\"@id\":\"https:\/\/veritasinfo.org\/?p=24097#primaryimage\"},\"thumbnailUrl\":\"https:\/\/veritasinfo.org\/wp-content\/uploads\/2025\/12\/IMG-20251215-WA0003.jpg\",\"datePublished\":\"2025-12-15T12:09:33+00:00\",\"dateModified\":\"2025-12-15T12:09:51+00:00\",\"author\":{\"@id\":\"https:\/\/veritasinfo.org\/#\/schema\/person\/bc442336e35414d04494ab8fb45db4c6\"},\"breadcrumb\":{\"@id\":\"https:\/\/veritasinfo.org\/?p=24097#breadcrumb\"},\"inLanguage\":\"en-US\",\"potentialAction\":[{\"@type\":\"ReadAction\",\"target\":[\"https:\/\/veritasinfo.org\/?p=24097\"]}]},{\"@type\":\"ImageObject\",\"inLanguage\":\"en-US\",\"@id\":\"https:\/\/veritasinfo.org\/?p=24097#primaryimage\",\"url\":\"https:\/\/veritasinfo.org\/wp-content\/uploads\/2025\/12\/IMG-20251215-WA0003.jpg\",\"contentUrl\":\"https:\/\/veritasinfo.org\/wp-content\/uploads\/2025\/12\/IMG-20251215-WA0003.jpg\",\"width\":1140,\"height\":570},{\"@type\":\"BreadcrumbList\",\"@id\":\"https:\/\/veritasinfo.org\/?p=24097#breadcrumb\",\"itemListElement\":[{\"@type\":\"ListItem\",\"position\":1,\"name\":\"Home\",\"item\":\"https:\/\/veritasinfo.org\/\"},{\"@type\":\"ListItem\",\"position\":2,\"name\":\"Biserko: Vu\u00e7iq hapi dyert e ndikimit rus, Serbia po destabilizon Ballkanin\"}]},{\"@type\":\"WebSite\",\"@id\":\"https:\/\/veritasinfo.org\/#website\",\"url\":\"https:\/\/veritasinfo.org\/\",\"name\":\"\",\"description\":\"\",\"potentialAction\":[{\"@type\":\"SearchAction\",\"target\":{\"@type\":\"EntryPoint\",\"urlTemplate\":\"https:\/\/veritasinfo.org\/?s={search_term_string}\"},\"query-input\":{\"@type\":\"PropertyValueSpecification\",\"valueRequired\":true,\"valueName\":\"search_term_string\"}}],\"inLanguage\":\"en-US\"},{\"@type\":\"Person\",\"@id\":\"https:\/\/veritasinfo.org\/#\/schema\/person\/bc442336e35414d04494ab8fb45db4c6\",\"name\":\"US5\",\"image\":{\"@type\":\"ImageObject\",\"inLanguage\":\"en-US\",\"@id\":\"https:\/\/veritasinfo.org\/#\/schema\/person\/image\/\",\"url\":\"https:\/\/secure.gravatar.com\/avatar\/16a61e7272a0c5d001121ebb9e60e925d5816e4ac1e443ed3e640d9a6ae55d0c?s=96&d=mm&r=g\",\"contentUrl\":\"https:\/\/secure.gravatar.com\/avatar\/16a61e7272a0c5d001121ebb9e60e925d5816e4ac1e443ed3e640d9a6ae55d0c?s=96&d=mm&r=g\",\"caption\":\"US5\"},\"url\":\"https:\/\/veritasinfo.org\/?author=6\"}]}<\/script>\n<!-- \/ Yoast SEO plugin. -->","yoast_head_json":{"title":"Biserko: Vu\u00e7iq hapi dyert e ndikimit rus, Serbia po destabilizon Ballkanin -","robots":{"index":"index","follow":"follow","max-snippet":"max-snippet:-1","max-image-preview":"max-image-preview:large","max-video-preview":"max-video-preview:-1"},"canonical":"https:\/\/veritasinfo.org\/?p=24097","og_locale":"en_US","og_type":"article","og_title":"Biserko: Vu\u00e7iq hapi dyert e ndikimit rus, Serbia po destabilizon Ballkanin -","og_description":"Prishtin\u00eb 15 Dhjetor 2025 13:07 Q\u00eb n\u00eb fillim ka qen\u00eb e qart\u00eb se Serbia do t\u00eb p\u00ebrpiqet t\u00eb pengoj\u00eb rrug\u00ebn e Malit t\u00eb Zi drejt","og_url":"https:\/\/veritasinfo.org\/?p=24097","article_published_time":"2025-12-15T12:09:33+00:00","article_modified_time":"2025-12-15T12:09:51+00:00","og_image":[{"width":1140,"height":570,"url":"https:\/\/veritasinfo.org\/wp-content\/uploads\/2025\/12\/IMG-20251215-WA0003.jpg","type":"image\/jpeg"}],"author":"US5","twitter_card":"summary_large_image","twitter_misc":{"Written by":"US5","Est. reading time":"3 minutes"},"schema":{"@context":"https:\/\/schema.org","@graph":[{"@type":"WebPage","@id":"https:\/\/veritasinfo.org\/?p=24097","url":"https:\/\/veritasinfo.org\/?p=24097","name":"Biserko: Vu\u00e7iq hapi dyert e ndikimit rus, Serbia po destabilizon Ballkanin -","isPartOf":{"@id":"https:\/\/veritasinfo.org\/#website"},"primaryImageOfPage":{"@id":"https:\/\/veritasinfo.org\/?p=24097#primaryimage"},"image":{"@id":"https:\/\/veritasinfo.org\/?p=24097#primaryimage"},"thumbnailUrl":"https:\/\/veritasinfo.org\/wp-content\/uploads\/2025\/12\/IMG-20251215-WA0003.jpg","datePublished":"2025-12-15T12:09:33+00:00","dateModified":"2025-12-15T12:09:51+00:00","author":{"@id":"https:\/\/veritasinfo.org\/#\/schema\/person\/bc442336e35414d04494ab8fb45db4c6"},"breadcrumb":{"@id":"https:\/\/veritasinfo.org\/?p=24097#breadcrumb"},"inLanguage":"en-US","potentialAction":[{"@type":"ReadAction","target":["https:\/\/veritasinfo.org\/?p=24097"]}]},{"@type":"ImageObject","inLanguage":"en-US","@id":"https:\/\/veritasinfo.org\/?p=24097#primaryimage","url":"https:\/\/veritasinfo.org\/wp-content\/uploads\/2025\/12\/IMG-20251215-WA0003.jpg","contentUrl":"https:\/\/veritasinfo.org\/wp-content\/uploads\/2025\/12\/IMG-20251215-WA0003.jpg","width":1140,"height":570},{"@type":"BreadcrumbList","@id":"https:\/\/veritasinfo.org\/?p=24097#breadcrumb","itemListElement":[{"@type":"ListItem","position":1,"name":"Home","item":"https:\/\/veritasinfo.org\/"},{"@type":"ListItem","position":2,"name":"Biserko: Vu\u00e7iq hapi dyert e ndikimit rus, Serbia po destabilizon Ballkanin"}]},{"@type":"WebSite","@id":"https:\/\/veritasinfo.org\/#website","url":"https:\/\/veritasinfo.org\/","name":"","description":"","potentialAction":[{"@type":"SearchAction","target":{"@type":"EntryPoint","urlTemplate":"https:\/\/veritasinfo.org\/?s={search_term_string}"},"query-input":{"@type":"PropertyValueSpecification","valueRequired":true,"valueName":"search_term_string"}}],"inLanguage":"en-US"},{"@type":"Person","@id":"https:\/\/veritasinfo.org\/#\/schema\/person\/bc442336e35414d04494ab8fb45db4c6","name":"US5","image":{"@type":"ImageObject","inLanguage":"en-US","@id":"https:\/\/veritasinfo.org\/#\/schema\/person\/image\/","url":"https:\/\/secure.gravatar.com\/avatar\/16a61e7272a0c5d001121ebb9e60e925d5816e4ac1e443ed3e640d9a6ae55d0c?s=96&d=mm&r=g","contentUrl":"https:\/\/secure.gravatar.com\/avatar\/16a61e7272a0c5d001121ebb9e60e925d5816e4ac1e443ed3e640d9a6ae55d0c?s=96&d=mm&r=g","caption":"US5"},"url":"https:\/\/veritasinfo.org\/?author=6"}]}},"featured_image_urls":{"full":["https:\/\/veritasinfo.org\/wp-content\/uploads\/2025\/12\/IMG-20251215-WA0003.jpg",1140,570,false],"thumbnail":["https:\/\/veritasinfo.org\/wp-content\/uploads\/2025\/12\/IMG-20251215-WA0003-150x150.jpg",150,150,true],"medium":["https:\/\/veritasinfo.org\/wp-content\/uploads\/2025\/12\/IMG-20251215-WA0003-300x150.jpg",300,150,true],"medium_large":["https:\/\/veritasinfo.org\/wp-content\/uploads\/2025\/12\/IMG-20251215-WA0003-768x384.jpg",640,320,true],"large":["https:\/\/veritasinfo.org\/wp-content\/uploads\/2025\/12\/IMG-20251215-WA0003-1024x512.jpg",640,320,true],"1536x1536":["https:\/\/veritasinfo.org\/wp-content\/uploads\/2025\/12\/IMG-20251215-WA0003.jpg",1140,570,false],"2048x2048":["https:\/\/veritasinfo.org\/wp-content\/uploads\/2025\/12\/IMG-20251215-WA0003.jpg",1140,570,false],"kreeti-slider-full":["https:\/\/veritasinfo.org\/wp-content\/uploads\/2025\/12\/IMG-20251215-WA0003.jpg",1140,570,false],"kreeti-featured":["https:\/\/veritasinfo.org\/wp-content\/uploads\/2025\/12\/IMG-20251215-WA0003.jpg",1024,512,false],"kreeti-medium":["https:\/\/veritasinfo.org\/wp-content\/uploads\/2025\/12\/IMG-20251215-WA0003.jpg",720,360,false],"kreeti-medium-square":["https:\/\/veritasinfo.org\/wp-content\/uploads\/2025\/12\/IMG-20251215-WA0003.jpg",350,175,false]},"author_info":{"info":["US5"]},"category_info":"<a href=\"https:\/\/veritasinfo.org\/?cat=58\" rel=\"category\">Politik\u00eb<\/a>","tag_info":"Politik\u00eb","comment_count":"0","_links":{"self":[{"href":"https:\/\/veritasinfo.org\/index.php?rest_route=\/wp\/v2\/posts\/24097","targetHints":{"allow":["GET"]}}],"collection":[{"href":"https:\/\/veritasinfo.org\/index.php?rest_route=\/wp\/v2\/posts"}],"about":[{"href":"https:\/\/veritasinfo.org\/index.php?rest_route=\/wp\/v2\/types\/post"}],"author":[{"embeddable":true,"href":"https:\/\/veritasinfo.org\/index.php?rest_route=\/wp\/v2\/users\/6"}],"replies":[{"embeddable":true,"href":"https:\/\/veritasinfo.org\/index.php?rest_route=%2Fwp%2Fv2%2Fcomments&post=24097"}],"version-history":[{"count":2,"href":"https:\/\/veritasinfo.org\/index.php?rest_route=\/wp\/v2\/posts\/24097\/revisions"}],"predecessor-version":[{"id":24100,"href":"https:\/\/veritasinfo.org\/index.php?rest_route=\/wp\/v2\/posts\/24097\/revisions\/24100"}],"wp:featuredmedia":[{"embeddable":true,"href":"https:\/\/veritasinfo.org\/index.php?rest_route=\/wp\/v2\/media\/24098"}],"wp:attachment":[{"href":"https:\/\/veritasinfo.org\/index.php?rest_route=%2Fwp%2Fv2%2Fmedia&parent=24097"}],"wp:term":[{"taxonomy":"category","embeddable":true,"href":"https:\/\/veritasinfo.org\/index.php?rest_route=%2Fwp%2Fv2%2Fcategories&post=24097"},{"taxonomy":"post_tag","embeddable":true,"href":"https:\/\/veritasinfo.org\/index.php?rest_route=%2Fwp%2Fv2%2Ftags&post=24097"}],"curies":[{"name":"wp","href":"https:\/\/api.w.org\/{rel}","templated":true}]}}