{"id":24087,"date":"2025-12-15T11:30:45","date_gmt":"2025-12-15T10:30:45","guid":{"rendered":"https:\/\/veritasinfo.org\/?p=24087"},"modified":"2025-12-15T11:30:45","modified_gmt":"2025-12-15T10:30:45","slug":"vjosa-osmani-paqja-per-kosoven-nenkupton-drejtesi-dhe-refuzim-te-mohimit-te-gjenocidit","status":"publish","type":"post","link":"https:\/\/veritasinfo.org\/?p=24087","title":{"rendered":"Vjosa Osmani: Paqja p\u00ebr Kosov\u00ebn n\u00ebnkupton drejt\u00ebsi dhe refuzim t\u00eb mohimit t\u00eb gjenocidit"},"content":{"rendered":"<p>Prishtin\u00eb 15 Dhjetor 2025 11:29<\/p>\n<p>Presidentja e Kosov\u00ebs, Vjosa Osmani, gjat\u00eb fjal\u00ebs s\u00eb saj pas pranimit t\u00eb \u00c7mimit Bonifacio VIII nga Akademia Bonifaciana, ka theksuar se paqja p\u00ebr Kosov\u00ebn \u00ebsht\u00eb e pandashme nga drejt\u00ebsija.<\/p>\n<p>Ajo u shpreh se paqja n\u00ebnkupton drejt\u00ebsi p\u00ebr \u00e7do viktim\u00eb, zbardhjen e fatit t\u00eb \u00e7do personi t\u00eb zhdukur me dhun\u00eb dhe refuzimin e \u00e7do mohimi t\u00eb krimeve gjenocidale t\u00eb kryera kund\u00ebr popullit t\u00eb Kosov\u00ebs.<\/p>\n<p>\u201cP\u00ebr Kosov\u00ebn, paqja do t\u00eb thot\u00eb drejt\u00ebsi p\u00ebr \u00e7do viktim\u00eb, zbardhje t\u00eb fatit t\u00eb \u00e7do t\u00eb zhdukuri me dhun\u00eb dhe refuzim t\u00eb \u00e7do mohimi t\u00eb krimeve gjenocidale kund\u00ebr popullit ton\u00eb\u201d, tha Osmani.<\/p>\n","protected":false},"excerpt":{"rendered":"<p>Prishtin\u00eb 15 Dhjetor 2025 11:29 Presidentja e Kosov\u00ebs, Vjosa Osmani, gjat\u00eb fjal\u00ebs s\u00eb saj pas pranimit t\u00eb \u00c7mimit Bonifacio VIII nga Akademia Bonifaciana, ka theksuar<\/p>\n","protected":false},"author":6,"featured_media":24088,"comment_status":"open","ping_status":"open","sticky":false,"template":"","format":"standard","meta":{"footnotes":""},"categories":[58],"tags":[],"class_list":["post-24087","post","type-post","status-publish","format-standard","has-post-thumbnail","hentry","category-politike-sq"],"yoast_head":"<!-- This site is optimized with the Yoast SEO plugin v25.3.1 - https:\/\/yoast.com\/wordpress\/plugins\/seo\/ -->\n<title>Vjosa Osmani: Paqja p\u00ebr Kosov\u00ebn n\u00ebnkupton drejt\u00ebsi dhe refuzim t\u00eb mohimit t\u00eb gjenocidit -<\/title>\n<meta name=\"robots\" content=\"index, follow, max-snippet:-1, max-image-preview:large, max-video-preview:-1\" \/>\n<link rel=\"canonical\" href=\"https:\/\/veritasinfo.org\/?p=24087\" \/>\n<meta property=\"og:locale\" content=\"en_US\" \/>\n<meta property=\"og:type\" content=\"article\" \/>\n<meta property=\"og:title\" content=\"Vjosa Osmani: Paqja p\u00ebr Kosov\u00ebn n\u00ebnkupton drejt\u00ebsi dhe refuzim t\u00eb mohimit t\u00eb gjenocidit -\" \/>\n<meta property=\"og:description\" content=\"Prishtin\u00eb 15 Dhjetor 2025 11:29 Presidentja e Kosov\u00ebs, Vjosa Osmani, gjat\u00eb fjal\u00ebs s\u00eb saj pas pranimit t\u00eb \u00c7mimit Bonifacio VIII nga Akademia Bonifaciana, ka theksuar\" \/>\n<meta property=\"og:url\" content=\"https:\/\/veritasinfo.org\/?p=24087\" \/>\n<meta property=\"article:published_time\" content=\"2025-12-15T10:30:45+00:00\" \/>\n<meta property=\"og:image\" content=\"https:\/\/veritasinfo.org\/wp-content\/uploads\/2025\/12\/osmani-750x375-2.gif\" \/>\n\t<meta property=\"og:image:width\" content=\"750\" \/>\n\t<meta property=\"og:image:height\" content=\"375\" \/>\n\t<meta property=\"og:image:type\" content=\"image\/gif\" \/>\n<meta name=\"author\" content=\"US5\" \/>\n<meta name=\"twitter:card\" content=\"summary_large_image\" \/>\n<meta name=\"twitter:label1\" content=\"Written by\" \/>\n\t<meta name=\"twitter:data1\" content=\"US5\" \/>\n\t<meta name=\"twitter:label2\" content=\"Est. reading time\" \/>\n\t<meta name=\"twitter:data2\" content=\"1 minute\" \/>\n<script type=\"application\/ld+json\" class=\"yoast-schema-graph\">{\"@context\":\"https:\/\/schema.org\",\"@graph\":[{\"@type\":\"WebPage\",\"@id\":\"https:\/\/veritasinfo.org\/?p=24087\",\"url\":\"https:\/\/veritasinfo.org\/?p=24087\",\"name\":\"Vjosa Osmani: Paqja p\u00ebr Kosov\u00ebn n\u00ebnkupton drejt\u00ebsi dhe refuzim t\u00eb mohimit t\u00eb gjenocidit -\",\"isPartOf\":{\"@id\":\"https:\/\/veritasinfo.org\/#website\"},\"primaryImageOfPage\":{\"@id\":\"https:\/\/veritasinfo.org\/?p=24087#primaryimage\"},\"image\":{\"@id\":\"https:\/\/veritasinfo.org\/?p=24087#primaryimage\"},\"thumbnailUrl\":\"https:\/\/veritasinfo.org\/wp-content\/uploads\/2025\/12\/osmani-750x375-2.gif\",\"datePublished\":\"2025-12-15T10:30:45+00:00\",\"author\":{\"@id\":\"https:\/\/veritasinfo.org\/#\/schema\/person\/bc442336e35414d04494ab8fb45db4c6\"},\"breadcrumb\":{\"@id\":\"https:\/\/veritasinfo.org\/?p=24087#breadcrumb\"},\"inLanguage\":\"en-US\",\"potentialAction\":[{\"@type\":\"ReadAction\",\"target\":[\"https:\/\/veritasinfo.org\/?p=24087\"]}]},{\"@type\":\"ImageObject\",\"inLanguage\":\"en-US\",\"@id\":\"https:\/\/veritasinfo.org\/?p=24087#primaryimage\",\"url\":\"https:\/\/veritasinfo.org\/wp-content\/uploads\/2025\/12\/osmani-750x375-2.gif\",\"contentUrl\":\"https:\/\/veritasinfo.org\/wp-content\/uploads\/2025\/12\/osmani-750x375-2.gif\",\"width\":750,\"height\":375},{\"@type\":\"BreadcrumbList\",\"@id\":\"https:\/\/veritasinfo.org\/?p=24087#breadcrumb\",\"itemListElement\":[{\"@type\":\"ListItem\",\"position\":1,\"name\":\"Home\",\"item\":\"https:\/\/veritasinfo.org\/\"},{\"@type\":\"ListItem\",\"position\":2,\"name\":\"Vjosa Osmani: Paqja p\u00ebr Kosov\u00ebn n\u00ebnkupton drejt\u00ebsi dhe refuzim t\u00eb mohimit t\u00eb gjenocidit\"}]},{\"@type\":\"WebSite\",\"@id\":\"https:\/\/veritasinfo.org\/#website\",\"url\":\"https:\/\/veritasinfo.org\/\",\"name\":\"\",\"description\":\"\",\"potentialAction\":[{\"@type\":\"SearchAction\",\"target\":{\"@type\":\"EntryPoint\",\"urlTemplate\":\"https:\/\/veritasinfo.org\/?s={search_term_string}\"},\"query-input\":{\"@type\":\"PropertyValueSpecification\",\"valueRequired\":true,\"valueName\":\"search_term_string\"}}],\"inLanguage\":\"en-US\"},{\"@type\":\"Person\",\"@id\":\"https:\/\/veritasinfo.org\/#\/schema\/person\/bc442336e35414d04494ab8fb45db4c6\",\"name\":\"US5\",\"image\":{\"@type\":\"ImageObject\",\"inLanguage\":\"en-US\",\"@id\":\"https:\/\/veritasinfo.org\/#\/schema\/person\/image\/\",\"url\":\"https:\/\/secure.gravatar.com\/avatar\/16a61e7272a0c5d001121ebb9e60e925d5816e4ac1e443ed3e640d9a6ae55d0c?s=96&d=mm&r=g\",\"contentUrl\":\"https:\/\/secure.gravatar.com\/avatar\/16a61e7272a0c5d001121ebb9e60e925d5816e4ac1e443ed3e640d9a6ae55d0c?s=96&d=mm&r=g\",\"caption\":\"US5\"},\"url\":\"https:\/\/veritasinfo.org\/?author=6\"}]}<\/script>\n<!-- \/ Yoast SEO plugin. -->","yoast_head_json":{"title":"Vjosa Osmani: Paqja p\u00ebr Kosov\u00ebn n\u00ebnkupton drejt\u00ebsi dhe refuzim t\u00eb mohimit t\u00eb gjenocidit -","robots":{"index":"index","follow":"follow","max-snippet":"max-snippet:-1","max-image-preview":"max-image-preview:large","max-video-preview":"max-video-preview:-1"},"canonical":"https:\/\/veritasinfo.org\/?p=24087","og_locale":"en_US","og_type":"article","og_title":"Vjosa Osmani: Paqja p\u00ebr Kosov\u00ebn n\u00ebnkupton drejt\u00ebsi dhe refuzim t\u00eb mohimit t\u00eb gjenocidit -","og_description":"Prishtin\u00eb 15 Dhjetor 2025 11:29 Presidentja e Kosov\u00ebs, Vjosa Osmani, gjat\u00eb fjal\u00ebs s\u00eb saj pas pranimit t\u00eb \u00c7mimit Bonifacio VIII nga Akademia Bonifaciana, ka theksuar","og_url":"https:\/\/veritasinfo.org\/?p=24087","article_published_time":"2025-12-15T10:30:45+00:00","og_image":[{"width":750,"height":375,"url":"https:\/\/veritasinfo.org\/wp-content\/uploads\/2025\/12\/osmani-750x375-2.gif","type":"image\/gif"}],"author":"US5","twitter_card":"summary_large_image","twitter_misc":{"Written by":"US5","Est. reading time":"1 minute"},"schema":{"@context":"https:\/\/schema.org","@graph":[{"@type":"WebPage","@id":"https:\/\/veritasinfo.org\/?p=24087","url":"https:\/\/veritasinfo.org\/?p=24087","name":"Vjosa Osmani: Paqja p\u00ebr Kosov\u00ebn n\u00ebnkupton drejt\u00ebsi dhe refuzim t\u00eb mohimit t\u00eb gjenocidit -","isPartOf":{"@id":"https:\/\/veritasinfo.org\/#website"},"primaryImageOfPage":{"@id":"https:\/\/veritasinfo.org\/?p=24087#primaryimage"},"image":{"@id":"https:\/\/veritasinfo.org\/?p=24087#primaryimage"},"thumbnailUrl":"https:\/\/veritasinfo.org\/wp-content\/uploads\/2025\/12\/osmani-750x375-2.gif","datePublished":"2025-12-15T10:30:45+00:00","author":{"@id":"https:\/\/veritasinfo.org\/#\/schema\/person\/bc442336e35414d04494ab8fb45db4c6"},"breadcrumb":{"@id":"https:\/\/veritasinfo.org\/?p=24087#breadcrumb"},"inLanguage":"en-US","potentialAction":[{"@type":"ReadAction","target":["https:\/\/veritasinfo.org\/?p=24087"]}]},{"@type":"ImageObject","inLanguage":"en-US","@id":"https:\/\/veritasinfo.org\/?p=24087#primaryimage","url":"https:\/\/veritasinfo.org\/wp-content\/uploads\/2025\/12\/osmani-750x375-2.gif","contentUrl":"https:\/\/veritasinfo.org\/wp-content\/uploads\/2025\/12\/osmani-750x375-2.gif","width":750,"height":375},{"@type":"BreadcrumbList","@id":"https:\/\/veritasinfo.org\/?p=24087#breadcrumb","itemListElement":[{"@type":"ListItem","position":1,"name":"Home","item":"https:\/\/veritasinfo.org\/"},{"@type":"ListItem","position":2,"name":"Vjosa Osmani: Paqja p\u00ebr Kosov\u00ebn n\u00ebnkupton drejt\u00ebsi dhe refuzim t\u00eb mohimit t\u00eb gjenocidit"}]},{"@type":"WebSite","@id":"https:\/\/veritasinfo.org\/#website","url":"https:\/\/veritasinfo.org\/","name":"","description":"","potentialAction":[{"@type":"SearchAction","target":{"@type":"EntryPoint","urlTemplate":"https:\/\/veritasinfo.org\/?s={search_term_string}"},"query-input":{"@type":"PropertyValueSpecification","valueRequired":true,"valueName":"search_term_string"}}],"inLanguage":"en-US"},{"@type":"Person","@id":"https:\/\/veritasinfo.org\/#\/schema\/person\/bc442336e35414d04494ab8fb45db4c6","name":"US5","image":{"@type":"ImageObject","inLanguage":"en-US","@id":"https:\/\/veritasinfo.org\/#\/schema\/person\/image\/","url":"https:\/\/secure.gravatar.com\/avatar\/16a61e7272a0c5d001121ebb9e60e925d5816e4ac1e443ed3e640d9a6ae55d0c?s=96&d=mm&r=g","contentUrl":"https:\/\/secure.gravatar.com\/avatar\/16a61e7272a0c5d001121ebb9e60e925d5816e4ac1e443ed3e640d9a6ae55d0c?s=96&d=mm&r=g","caption":"US5"},"url":"https:\/\/veritasinfo.org\/?author=6"}]}},"featured_image_urls":{"full":["https:\/\/veritasinfo.org\/wp-content\/uploads\/2025\/12\/osmani-750x375-2.gif",750,375,false],"thumbnail":["https:\/\/veritasinfo.org\/wp-content\/uploads\/2025\/12\/osmani-750x375-2-150x150.gif",150,150,true],"medium":["https:\/\/veritasinfo.org\/wp-content\/uploads\/2025\/12\/osmani-750x375-2-300x150.gif",300,150,true],"medium_large":["https:\/\/veritasinfo.org\/wp-content\/uploads\/2025\/12\/osmani-750x375-2.gif",640,320,false],"large":["https:\/\/veritasinfo.org\/wp-content\/uploads\/2025\/12\/osmani-750x375-2.gif",640,320,false],"1536x1536":["https:\/\/veritasinfo.org\/wp-content\/uploads\/2025\/12\/osmani-750x375-2.gif",750,375,false],"2048x2048":["https:\/\/veritasinfo.org\/wp-content\/uploads\/2025\/12\/osmani-750x375-2.gif",750,375,false],"kreeti-slider-full":["https:\/\/veritasinfo.org\/wp-content\/uploads\/2025\/12\/osmani-750x375-2.gif",750,375,false],"kreeti-featured":["https:\/\/veritasinfo.org\/wp-content\/uploads\/2025\/12\/osmani-750x375-2.gif",750,375,false],"kreeti-medium":["https:\/\/veritasinfo.org\/wp-content\/uploads\/2025\/12\/osmani-750x375-2.gif",720,360,false],"kreeti-medium-square":["https:\/\/veritasinfo.org\/wp-content\/uploads\/2025\/12\/osmani-750x375-2.gif",350,175,false]},"author_info":{"info":["US5"]},"category_info":"<a href=\"https:\/\/veritasinfo.org\/?cat=58\" rel=\"category\">Politik\u00eb<\/a>","tag_info":"Politik\u00eb","comment_count":"0","_links":{"self":[{"href":"https:\/\/veritasinfo.org\/index.php?rest_route=\/wp\/v2\/posts\/24087","targetHints":{"allow":["GET"]}}],"collection":[{"href":"https:\/\/veritasinfo.org\/index.php?rest_route=\/wp\/v2\/posts"}],"about":[{"href":"https:\/\/veritasinfo.org\/index.php?rest_route=\/wp\/v2\/types\/post"}],"author":[{"embeddable":true,"href":"https:\/\/veritasinfo.org\/index.php?rest_route=\/wp\/v2\/users\/6"}],"replies":[{"embeddable":true,"href":"https:\/\/veritasinfo.org\/index.php?rest_route=%2Fwp%2Fv2%2Fcomments&post=24087"}],"version-history":[{"count":1,"href":"https:\/\/veritasinfo.org\/index.php?rest_route=\/wp\/v2\/posts\/24087\/revisions"}],"predecessor-version":[{"id":24089,"href":"https:\/\/veritasinfo.org\/index.php?rest_route=\/wp\/v2\/posts\/24087\/revisions\/24089"}],"wp:featuredmedia":[{"embeddable":true,"href":"https:\/\/veritasinfo.org\/index.php?rest_route=\/wp\/v2\/media\/24088"}],"wp:attachment":[{"href":"https:\/\/veritasinfo.org\/index.php?rest_route=%2Fwp%2Fv2%2Fmedia&parent=24087"}],"wp:term":[{"taxonomy":"category","embeddable":true,"href":"https:\/\/veritasinfo.org\/index.php?rest_route=%2Fwp%2Fv2%2Fcategories&post=24087"},{"taxonomy":"post_tag","embeddable":true,"href":"https:\/\/veritasinfo.org\/index.php?rest_route=%2Fwp%2Fv2%2Ftags&post=24087"}],"curies":[{"name":"wp","href":"https:\/\/api.w.org\/{rel}","templated":true}]}}