{"id":24074,"date":"2025-12-15T10:11:34","date_gmt":"2025-12-15T09:11:34","guid":{"rendered":"https:\/\/veritasinfo.org\/?p=24074"},"modified":"2025-12-15T10:16:33","modified_gmt":"2025-12-15T09:16:33","slug":"janjiq-serbia-de-fakto-e-ka-njohur-kosoven","status":"publish","type":"post","link":"https:\/\/veritasinfo.org\/?p=24074","title":{"rendered":"Janjiq: Serbia de fakto e ka njohur Kosov\u00ebn"},"content":{"rendered":"<p>Prishtin\u00eb 15 Dhjetor 2025 10:10<\/p>\n<p>Analisti serb, Dushan Janjiq, ka folur n\u00eb nj\u00eb intervist\u00eb p\u00ebr RTK-n\u00eb p\u00ebr \u00e7\u00ebshtjen e dialogut mes Kosov\u00ebs dhe Serbis\u00eb si dhe p\u00ebr asociacionin. Janjiq thot\u00eb se Serbia de fakto e ka njohur Kosov\u00ebn, por q\u00eb me sulmin n\u00eb Banjsk\u00eb ka rr\u00ebnuar gjith\u00e7ka. Sa i p\u00ebrket Asociacionit t\u00eb komunave me shumic\u00eb serbe, Janjiq deklaron se ai ishte ofruar keq.<\/p>\n<p>Dialogu p\u00ebr normalizimin mes Kosov\u00ebs dhe Serbis\u00eb ka humbur p\u00ebrmbajtjen politike dhe \u00ebsht\u00eb reduktuar n\u00eb takime formale pa rezultate, vler\u00ebson p\u00ebr RTK analisti politik Dushan Janjiq. Edhe pse, sipas tij, dialogu \u00ebsht\u00eb thelb\u00ebsisht i bllokuar, n\u00eb marr\u00ebdh\u00ebniet e Serbis\u00eb ndaj Kosov\u00ebs shum\u00eb \u00e7\u00ebshtje ky\u00e7e tashm\u00eb jan\u00eb faktikisht t\u00eb zgjidhura.<\/p>\n<p>\u201cN\u00eb k\u00ebt\u00eb proces, Serbia e ka njohur de facto Kosov\u00ebn. Kjo \u00ebsht\u00eb e p\u00ebrfshir\u00eb n\u00eb marr\u00ebveshje dhe n\u00eb dokumente. Narrativi p\u00ebr \u2018mosnjohjen\u2019 sh\u00ebrben vet\u00ebm p\u00ebr p\u00ebrdorim t\u00eb brendsh\u00ebm. Beogradi nuk ka m\u00eb \u00e7far\u00eb t\u00eb ofroj\u00eb, me sulmin n\u00eb Banjsk\u00eb gjith\u00e7ka \u00ebsht\u00eb dor\u00ebzuar\u201d, tha Janjiq.<\/p>\n<p>Megjithat\u00eb, sipas Janjiqit, problemet ky\u00e7e politike mbeten t\u00eb pazgjidhura. Ai vler\u00ebson se Asociacioni i komunave me shumic\u00eb serbe \u00ebsht\u00eb vendosur gabimisht q\u00eb n\u00eb fillim dhe nuk mund t\u00eb ofroj\u00eb nj\u00eb zgjidhje t\u00eb q\u00ebndrueshme.<\/p>\n<p>\u201cAsociacioni i komunave me shumic\u00eb serbe, n\u00eb k\u00ebt\u00eb form\u00eb, nuk \u00ebsht\u00eb i realizuesh\u00ebm. Kosova tashm\u00eb \u00ebsht\u00eb e decentralizuar dhe modeli etnik p\u00ebrfaq\u00ebson nj\u00eb d\u00ebshtim politik. Pa status institucional t\u00eb qart\u00eb dhe mbrojtje reale t\u00eb t\u00eb drejtave t\u00eb komunitetit serb, Kosova nuk ka nj\u00eb rrug\u00eb serioze drejt K\u00ebshillit t\u00eb Evrop\u00ebs. Ekzistojn\u00eb modele, madje edhe Kurti ka p\u00ebrmendur modelin kroat si t\u00eb pranuesh\u00ebm p\u00ebr vet\u00ebqeverisjen e pakicave\u201d, theksoi Janjiq.<\/p>\n","protected":false},"excerpt":{"rendered":"<p>Prishtin\u00eb 15 Dhjetor 2025 10:10 Analisti serb, Dushan Janjiq, ka folur n\u00eb nj\u00eb intervist\u00eb p\u00ebr RTK-n\u00eb p\u00ebr \u00e7\u00ebshtjen e dialogut mes Kosov\u00ebs dhe Serbis\u00eb si<\/p>\n","protected":false},"author":6,"featured_media":24075,"comment_status":"open","ping_status":"open","sticky":false,"template":"","format":"standard","meta":{"footnotes":""},"categories":[58],"tags":[],"class_list":["post-24074","post","type-post","status-publish","format-standard","has-post-thumbnail","hentry","category-politike-sq"],"yoast_head":"<!-- This site is optimized with the Yoast SEO plugin v25.3.1 - https:\/\/yoast.com\/wordpress\/plugins\/seo\/ -->\n<title>Janjiq: Serbia de fakto e ka njohur Kosov\u00ebn -<\/title>\n<meta name=\"robots\" content=\"index, follow, max-snippet:-1, max-image-preview:large, max-video-preview:-1\" \/>\n<link rel=\"canonical\" href=\"https:\/\/veritasinfo.org\/?p=24074\" \/>\n<meta property=\"og:locale\" content=\"en_US\" \/>\n<meta property=\"og:type\" content=\"article\" \/>\n<meta property=\"og:title\" content=\"Janjiq: Serbia de fakto e ka njohur Kosov\u00ebn -\" \/>\n<meta property=\"og:description\" content=\"Prishtin\u00eb 15 Dhjetor 2025 10:10 Analisti serb, Dushan Janjiq, ka folur n\u00eb nj\u00eb intervist\u00eb p\u00ebr RTK-n\u00eb p\u00ebr \u00e7\u00ebshtjen e dialogut mes Kosov\u00ebs dhe Serbis\u00eb si\" \/>\n<meta property=\"og:url\" content=\"https:\/\/veritasinfo.org\/?p=24074\" \/>\n<meta property=\"article:published_time\" content=\"2025-12-15T09:11:34+00:00\" \/>\n<meta property=\"article:modified_time\" content=\"2025-12-15T09:16:33+00:00\" \/>\n<meta property=\"og:image\" content=\"https:\/\/veritasinfo.org\/wp-content\/uploads\/2025\/12\/800-450-1699006691xdushan-janiq-558-750x375-1.jpg\" \/>\n\t<meta property=\"og:image:width\" content=\"750\" \/>\n\t<meta property=\"og:image:height\" content=\"375\" \/>\n\t<meta property=\"og:image:type\" content=\"image\/jpeg\" \/>\n<meta name=\"author\" content=\"US5\" \/>\n<meta name=\"twitter:card\" content=\"summary_large_image\" \/>\n<meta name=\"twitter:label1\" content=\"Written by\" \/>\n\t<meta name=\"twitter:data1\" content=\"US5\" \/>\n\t<meta name=\"twitter:label2\" content=\"Est. reading time\" \/>\n\t<meta name=\"twitter:data2\" content=\"3 minutes\" \/>\n<script type=\"application\/ld+json\" class=\"yoast-schema-graph\">{\"@context\":\"https:\/\/schema.org\",\"@graph\":[{\"@type\":\"WebPage\",\"@id\":\"https:\/\/veritasinfo.org\/?p=24074\",\"url\":\"https:\/\/veritasinfo.org\/?p=24074\",\"name\":\"Janjiq: Serbia de fakto e ka njohur Kosov\u00ebn -\",\"isPartOf\":{\"@id\":\"https:\/\/veritasinfo.org\/#website\"},\"primaryImageOfPage\":{\"@id\":\"https:\/\/veritasinfo.org\/?p=24074#primaryimage\"},\"image\":{\"@id\":\"https:\/\/veritasinfo.org\/?p=24074#primaryimage\"},\"thumbnailUrl\":\"https:\/\/veritasinfo.org\/wp-content\/uploads\/2025\/12\/800-450-1699006691xdushan-janiq-558-750x375-1.jpg\",\"datePublished\":\"2025-12-15T09:11:34+00:00\",\"dateModified\":\"2025-12-15T09:16:33+00:00\",\"author\":{\"@id\":\"https:\/\/veritasinfo.org\/#\/schema\/person\/bc442336e35414d04494ab8fb45db4c6\"},\"breadcrumb\":{\"@id\":\"https:\/\/veritasinfo.org\/?p=24074#breadcrumb\"},\"inLanguage\":\"en-US\",\"potentialAction\":[{\"@type\":\"ReadAction\",\"target\":[\"https:\/\/veritasinfo.org\/?p=24074\"]}]},{\"@type\":\"ImageObject\",\"inLanguage\":\"en-US\",\"@id\":\"https:\/\/veritasinfo.org\/?p=24074#primaryimage\",\"url\":\"https:\/\/veritasinfo.org\/wp-content\/uploads\/2025\/12\/800-450-1699006691xdushan-janiq-558-750x375-1.jpg\",\"contentUrl\":\"https:\/\/veritasinfo.org\/wp-content\/uploads\/2025\/12\/800-450-1699006691xdushan-janiq-558-750x375-1.jpg\",\"width\":750,\"height\":375},{\"@type\":\"BreadcrumbList\",\"@id\":\"https:\/\/veritasinfo.org\/?p=24074#breadcrumb\",\"itemListElement\":[{\"@type\":\"ListItem\",\"position\":1,\"name\":\"Home\",\"item\":\"https:\/\/veritasinfo.org\/\"},{\"@type\":\"ListItem\",\"position\":2,\"name\":\"Janjiq: Serbia de fakto e ka njohur Kosov\u00ebn\"}]},{\"@type\":\"WebSite\",\"@id\":\"https:\/\/veritasinfo.org\/#website\",\"url\":\"https:\/\/veritasinfo.org\/\",\"name\":\"\",\"description\":\"\",\"potentialAction\":[{\"@type\":\"SearchAction\",\"target\":{\"@type\":\"EntryPoint\",\"urlTemplate\":\"https:\/\/veritasinfo.org\/?s={search_term_string}\"},\"query-input\":{\"@type\":\"PropertyValueSpecification\",\"valueRequired\":true,\"valueName\":\"search_term_string\"}}],\"inLanguage\":\"en-US\"},{\"@type\":\"Person\",\"@id\":\"https:\/\/veritasinfo.org\/#\/schema\/person\/bc442336e35414d04494ab8fb45db4c6\",\"name\":\"US5\",\"image\":{\"@type\":\"ImageObject\",\"inLanguage\":\"en-US\",\"@id\":\"https:\/\/veritasinfo.org\/#\/schema\/person\/image\/\",\"url\":\"https:\/\/secure.gravatar.com\/avatar\/16a61e7272a0c5d001121ebb9e60e925d5816e4ac1e443ed3e640d9a6ae55d0c?s=96&d=mm&r=g\",\"contentUrl\":\"https:\/\/secure.gravatar.com\/avatar\/16a61e7272a0c5d001121ebb9e60e925d5816e4ac1e443ed3e640d9a6ae55d0c?s=96&d=mm&r=g\",\"caption\":\"US5\"},\"url\":\"https:\/\/veritasinfo.org\/?author=6\"}]}<\/script>\n<!-- \/ Yoast SEO plugin. -->","yoast_head_json":{"title":"Janjiq: Serbia de fakto e ka njohur Kosov\u00ebn -","robots":{"index":"index","follow":"follow","max-snippet":"max-snippet:-1","max-image-preview":"max-image-preview:large","max-video-preview":"max-video-preview:-1"},"canonical":"https:\/\/veritasinfo.org\/?p=24074","og_locale":"en_US","og_type":"article","og_title":"Janjiq: Serbia de fakto e ka njohur Kosov\u00ebn -","og_description":"Prishtin\u00eb 15 Dhjetor 2025 10:10 Analisti serb, Dushan Janjiq, ka folur n\u00eb nj\u00eb intervist\u00eb p\u00ebr RTK-n\u00eb p\u00ebr \u00e7\u00ebshtjen e dialogut mes Kosov\u00ebs dhe Serbis\u00eb si","og_url":"https:\/\/veritasinfo.org\/?p=24074","article_published_time":"2025-12-15T09:11:34+00:00","article_modified_time":"2025-12-15T09:16:33+00:00","og_image":[{"width":750,"height":375,"url":"https:\/\/veritasinfo.org\/wp-content\/uploads\/2025\/12\/800-450-1699006691xdushan-janiq-558-750x375-1.jpg","type":"image\/jpeg"}],"author":"US5","twitter_card":"summary_large_image","twitter_misc":{"Written by":"US5","Est. reading time":"3 minutes"},"schema":{"@context":"https:\/\/schema.org","@graph":[{"@type":"WebPage","@id":"https:\/\/veritasinfo.org\/?p=24074","url":"https:\/\/veritasinfo.org\/?p=24074","name":"Janjiq: Serbia de fakto e ka njohur Kosov\u00ebn -","isPartOf":{"@id":"https:\/\/veritasinfo.org\/#website"},"primaryImageOfPage":{"@id":"https:\/\/veritasinfo.org\/?p=24074#primaryimage"},"image":{"@id":"https:\/\/veritasinfo.org\/?p=24074#primaryimage"},"thumbnailUrl":"https:\/\/veritasinfo.org\/wp-content\/uploads\/2025\/12\/800-450-1699006691xdushan-janiq-558-750x375-1.jpg","datePublished":"2025-12-15T09:11:34+00:00","dateModified":"2025-12-15T09:16:33+00:00","author":{"@id":"https:\/\/veritasinfo.org\/#\/schema\/person\/bc442336e35414d04494ab8fb45db4c6"},"breadcrumb":{"@id":"https:\/\/veritasinfo.org\/?p=24074#breadcrumb"},"inLanguage":"en-US","potentialAction":[{"@type":"ReadAction","target":["https:\/\/veritasinfo.org\/?p=24074"]}]},{"@type":"ImageObject","inLanguage":"en-US","@id":"https:\/\/veritasinfo.org\/?p=24074#primaryimage","url":"https:\/\/veritasinfo.org\/wp-content\/uploads\/2025\/12\/800-450-1699006691xdushan-janiq-558-750x375-1.jpg","contentUrl":"https:\/\/veritasinfo.org\/wp-content\/uploads\/2025\/12\/800-450-1699006691xdushan-janiq-558-750x375-1.jpg","width":750,"height":375},{"@type":"BreadcrumbList","@id":"https:\/\/veritasinfo.org\/?p=24074#breadcrumb","itemListElement":[{"@type":"ListItem","position":1,"name":"Home","item":"https:\/\/veritasinfo.org\/"},{"@type":"ListItem","position":2,"name":"Janjiq: Serbia de fakto e ka njohur Kosov\u00ebn"}]},{"@type":"WebSite","@id":"https:\/\/veritasinfo.org\/#website","url":"https:\/\/veritasinfo.org\/","name":"","description":"","potentialAction":[{"@type":"SearchAction","target":{"@type":"EntryPoint","urlTemplate":"https:\/\/veritasinfo.org\/?s={search_term_string}"},"query-input":{"@type":"PropertyValueSpecification","valueRequired":true,"valueName":"search_term_string"}}],"inLanguage":"en-US"},{"@type":"Person","@id":"https:\/\/veritasinfo.org\/#\/schema\/person\/bc442336e35414d04494ab8fb45db4c6","name":"US5","image":{"@type":"ImageObject","inLanguage":"en-US","@id":"https:\/\/veritasinfo.org\/#\/schema\/person\/image\/","url":"https:\/\/secure.gravatar.com\/avatar\/16a61e7272a0c5d001121ebb9e60e925d5816e4ac1e443ed3e640d9a6ae55d0c?s=96&d=mm&r=g","contentUrl":"https:\/\/secure.gravatar.com\/avatar\/16a61e7272a0c5d001121ebb9e60e925d5816e4ac1e443ed3e640d9a6ae55d0c?s=96&d=mm&r=g","caption":"US5"},"url":"https:\/\/veritasinfo.org\/?author=6"}]}},"featured_image_urls":{"full":["https:\/\/veritasinfo.org\/wp-content\/uploads\/2025\/12\/800-450-1699006691xdushan-janiq-558-750x375-1.jpg",750,375,false],"thumbnail":["https:\/\/veritasinfo.org\/wp-content\/uploads\/2025\/12\/800-450-1699006691xdushan-janiq-558-750x375-1-150x150.jpg",150,150,true],"medium":["https:\/\/veritasinfo.org\/wp-content\/uploads\/2025\/12\/800-450-1699006691xdushan-janiq-558-750x375-1-300x150.jpg",300,150,true],"medium_large":["https:\/\/veritasinfo.org\/wp-content\/uploads\/2025\/12\/800-450-1699006691xdushan-janiq-558-750x375-1.jpg",640,320,false],"large":["https:\/\/veritasinfo.org\/wp-content\/uploads\/2025\/12\/800-450-1699006691xdushan-janiq-558-750x375-1.jpg",640,320,false],"1536x1536":["https:\/\/veritasinfo.org\/wp-content\/uploads\/2025\/12\/800-450-1699006691xdushan-janiq-558-750x375-1.jpg",750,375,false],"2048x2048":["https:\/\/veritasinfo.org\/wp-content\/uploads\/2025\/12\/800-450-1699006691xdushan-janiq-558-750x375-1.jpg",750,375,false],"kreeti-slider-full":["https:\/\/veritasinfo.org\/wp-content\/uploads\/2025\/12\/800-450-1699006691xdushan-janiq-558-750x375-1.jpg",750,375,false],"kreeti-featured":["https:\/\/veritasinfo.org\/wp-content\/uploads\/2025\/12\/800-450-1699006691xdushan-janiq-558-750x375-1.jpg",750,375,false],"kreeti-medium":["https:\/\/veritasinfo.org\/wp-content\/uploads\/2025\/12\/800-450-1699006691xdushan-janiq-558-750x375-1.jpg",720,360,false],"kreeti-medium-square":["https:\/\/veritasinfo.org\/wp-content\/uploads\/2025\/12\/800-450-1699006691xdushan-janiq-558-750x375-1.jpg",350,175,false]},"author_info":{"info":["US5"]},"category_info":"<a href=\"https:\/\/veritasinfo.org\/?cat=58\" rel=\"category\">Politik\u00eb<\/a>","tag_info":"Politik\u00eb","comment_count":"0","_links":{"self":[{"href":"https:\/\/veritasinfo.org\/index.php?rest_route=\/wp\/v2\/posts\/24074","targetHints":{"allow":["GET"]}}],"collection":[{"href":"https:\/\/veritasinfo.org\/index.php?rest_route=\/wp\/v2\/posts"}],"about":[{"href":"https:\/\/veritasinfo.org\/index.php?rest_route=\/wp\/v2\/types\/post"}],"author":[{"embeddable":true,"href":"https:\/\/veritasinfo.org\/index.php?rest_route=\/wp\/v2\/users\/6"}],"replies":[{"embeddable":true,"href":"https:\/\/veritasinfo.org\/index.php?rest_route=%2Fwp%2Fv2%2Fcomments&post=24074"}],"version-history":[{"count":3,"href":"https:\/\/veritasinfo.org\/index.php?rest_route=\/wp\/v2\/posts\/24074\/revisions"}],"predecessor-version":[{"id":24080,"href":"https:\/\/veritasinfo.org\/index.php?rest_route=\/wp\/v2\/posts\/24074\/revisions\/24080"}],"wp:featuredmedia":[{"embeddable":true,"href":"https:\/\/veritasinfo.org\/index.php?rest_route=\/wp\/v2\/media\/24075"}],"wp:attachment":[{"href":"https:\/\/veritasinfo.org\/index.php?rest_route=%2Fwp%2Fv2%2Fmedia&parent=24074"}],"wp:term":[{"taxonomy":"category","embeddable":true,"href":"https:\/\/veritasinfo.org\/index.php?rest_route=%2Fwp%2Fv2%2Fcategories&post=24074"},{"taxonomy":"post_tag","embeddable":true,"href":"https:\/\/veritasinfo.org\/index.php?rest_route=%2Fwp%2Fv2%2Ftags&post=24074"}],"curies":[{"name":"wp","href":"https:\/\/api.w.org\/{rel}","templated":true}]}}