{"id":24005,"date":"2025-12-14T18:14:41","date_gmt":"2025-12-14T17:14:41","guid":{"rendered":"https:\/\/veritasinfo.org\/?p=24005"},"modified":"2025-12-14T18:16:43","modified_gmt":"2025-12-14T17:16:43","slug":"fried-strategjia-aktuale-e-shba-se-se-kritikon-mbeshtetjen-ndaj-kosoves","status":"publish","type":"post","link":"https:\/\/veritasinfo.org\/?p=24005","title":{"rendered":"Fried: Strategjia aktuale e SHBA-s\u00eb s\u2019e kritikon mb\u00ebshtetjen ndaj Kosov\u00ebs"},"content":{"rendered":"<p><strong>Prishtin\u00eb, 14 dhjetor 2025 18:16 |<\/strong><\/p>\n<p>Ish-ndihm\u00ebsi i sekretarit amerikan t\u00eb Shtetit, Daniel Fried, duke folur p\u00ebr Strategjin\u00eb e Siguris\u00eb Komb\u00ebtare t\u00eb SHBA-s\u00eb t\u00eb p\u00ebrpiluar nga Administrata Trump, thot\u00eb se ajo ndan vlerat nga interesat, bie ndesh me politikat tjera amerikane dhe favorizon t\u00eb djatht\u00ebn radikale n\u00eb Evrop\u00eb, n\u00eb kund\u00ebrshtim me vet\u00eb q\u00ebllimet strategjike t\u00eb SHBA-s\u00eb.<\/p>\n<p>Mosp\u00ebrfshirja e Kosov\u00ebs dhe Ballkanit n\u00eb p\u00ebrgjith\u00ebsi n\u00eb strategji, sipas Friedit, reflekton si uljen e urgjenc\u00ebs s\u00eb kriz\u00ebs atje, ashtu edhe pritshm\u00ebrin\u00eb q\u00eb Evropa t\u00eb marr\u00eb rolin kryesor.<\/p>\n<p>Ai shton se, me tonin ideologjik t\u00eb strategjis\u00eb s\u00eb re, ndoshta \u00ebsht\u00eb edhe \u201cm\u00eb mir\u00eb\u201d p\u00ebr Kosov\u00ebn q\u00eb t\u00eb mos p\u00ebrmendet fare.<\/p>\n<p>\u201cStrategjia mund ta kishte shp\u00ebrfillur leht\u00ebsisht Ballkanin si \u00e7\u00ebshtje t\u00eb Evrop\u00ebs dhe jo t\u00eb SHBA-s\u00eb. E, madje, mund ta kishte kritikuar edhe fokusin ton\u00eb t\u00eb m\u00ebparsh\u00ebm n\u00eb Ballkan\u2026 se pse jemi p\u00ebrfshir\u00eb p\u00ebr shtetnd\u00ebrtimin e Kosov\u00ebs apo p\u00ebr \u00e7\u00ebshtjet e t\u00eb drejtave t\u00eb njeriut, q\u00eb na kan\u00eb \u00e7uar n\u00eb konflikt ushtarak\u201d, thot\u00eb Fried p\u00ebr programin Expose t\u00eb Radios Evropa e Lir\u00eb.<\/p>\n<p>Megjithat\u00eb, sipas tij, konfuzioni \u00ebsht\u00eb i duksh\u00ebm edhe n\u00eb vet\u00eb kryeqytetin e vendimmarrjes bot\u00ebrore \u2013 n\u00eb Uashington.<\/p>\n<p>Kongresi atje po shtyn p\u00ebrpara Aktin e Autorizimit t\u00eb Mbrojtjes Komb\u00ebtare, i cili bie ndesh me Strategjin\u00eb Komb\u00ebtare.<\/p>\n<p>Ai synon t\u00eb forcoj\u00eb angazhimin ushtarak t\u00eb SHBA-s\u00eb n\u00eb Evrop\u00eb dhe t\u00eb rris\u00eb v\u00ebmendjen ndaj bashk\u00ebpunimit t\u00eb Rusis\u00eb me Kin\u00ebn dhe Koren\u00eb e Veriut.<\/p>\n<p>Ligji garanton 76.000 trupa amerikane n\u00eb Evrop\u00eb, ndalon t\u00ebrheqjet e m\u00ebdha t\u00eb pajisjeve dhe vazhdon mb\u00ebshtetjen p\u00ebr vendet baltike, p\u00ebr t\u00eb frenuar Rusin\u00eb.<\/p>\n<p>N\u00eb pjes\u00ebn p\u00ebr Ballkanin Per\u00ebndimor thuhet, mes tjerash, se \u201c\u00ebsht\u00eb n\u00eb interes t\u00eb p\u00ebrbashk\u00ebt t\u00eb SHBA-s\u00eb dhe vendeve t\u00eb k\u00ebtij rajoni q\u00eb ato t\u00eb ken\u00eb rritje dhe zhvillim ekonomik t\u00eb q\u00ebndruesh\u00ebm\u201d.<\/p>\n<p>Marr\u00ebveshjen p\u00ebr Rrug\u00ebn drejt Normalizimit t\u00eb Marr\u00ebdh\u00ebnieve mes Kosov\u00ebs dhe Serbis\u00eb e vler\u00ebson si \u201chap pozitiv p\u00ebrpara n\u00eb avancimin e normalizimit midis dy vendeve\u201d dhe thekson se ato duhet t\u00eb p\u00ebrpiqen t\u00eb b\u00ebjn\u00eb p\u00ebrparim t\u00eb menj\u00ebhersh\u00ebm n\u00eb zbatimin e saj.<\/p>\n<p>\u201cShtetet e Bashkuara duhet t\u00eb vazhdojn\u00eb t\u00eb mb\u00ebshtesin nj\u00eb marr\u00ebveshje p\u00ebrfundimtare gjith\u00ebp\u00ebrfshir\u00ebse midis Kosov\u00ebs dhe Serbis\u00eb bazuar n\u00eb njohjen reciproke\u201d, thuhet, po ashtu, n\u00eb at\u00eb dokument.<\/p>\n<p>Fried thot\u00eb se gjuha n\u00eb Aktin e Autorizimit t\u00eb Mbrojtjes Komb\u00ebtare \u00ebsht\u00eb \u201ckrejt\u00ebsisht e kund\u00ebrta\u201d me at\u00eb t\u00eb strategjis\u00eb.<\/p>\n<p>\u201cAjo vendos kufij mbi aft\u00ebsin\u00eb e administrat\u00ebs p\u00ebr t\u00eb t\u00ebrhequr trupat nga Evropa. Ky \u00ebsht\u00eb edhe nj\u00eb dokument republikan. Kryetari i Dhom\u00ebs s\u00eb P\u00ebrfaq\u00ebsuesve, Mike Johnson, e ka mb\u00ebshtetur at\u00eb\u201d, thot\u00eb Fried.<\/p>\n<p>P\u00ebr shkak t\u00eb k\u00ebtyre kontradiktave, si\u00e7 i quan, Fried sheh edhe \u201cnj\u00eb shpres\u00eb relative\u201d \u2013 se SHBA-ja nuk \u00ebsht\u00eb aq e vendosur t\u00eb t\u00ebrhiqet nga Evropa sa mund t\u00eb sugjeroj\u00eb strategjia.<\/p>\n<p>Fried, n\u00eb an\u00ebn tjet\u00ebr, \u00ebsht\u00eb m\u00eb paralajm\u00ebrues: sipas tij, rajoni do t\u00eb b\u00ebhej m\u00eb i cenuesh\u00ebm n\u00ebse Shtetet e Bashkuara zvog\u00eblojn\u00eb pranin\u00eb dhe angazhimin e tyre.<\/p>\n<p>Ai vler\u00ebson se Rusia dhe Kina do ta shfryt\u00ebzonin nj\u00eb boshll\u00ebk t\u00eb till\u00eb amerikan n\u00eb m\u00ebnyra t\u00eb ndryshme, por plot\u00ebsuese.<\/p>\n<p>\u201cKina do t\u00eb p\u00ebrpiqet t\u00eb blej\u00eb infrastruktur\u00ebn dhe nyjet ky\u00e7e, p\u00ebr t\u00eb fituar kontroll mbi m\u00eb shum\u00eb sektor\u00eb t\u00eb ekonomis\u00eb. Rusia do t\u00eb p\u00ebrpiqet t\u2019i p\u00ebrdor\u00eb disa vende si agjent\u00eb, p\u00ebr t\u00eb shfryt\u00ebzuar dob\u00ebsit\u00eb e tyre dhe p\u00ebr t\u00eb krijuar kaos sa her\u00eb t\u00eb mundet. N\u00eb secilin rast, t\u00eb dyja vendet do ta shohin Ballkanin si nj\u00eb fush\u00eb p\u00ebr realizimin e ambicieve t\u00eb tyre m\u00eb t\u00eb gjera\u201d, thot\u00eb Fried.<\/p>\n<p>Fried thot\u00eb se Evropa, ve\u00e7an\u00ebrisht BE-ja, duhet ta marr\u00eb udh\u00ebheqjen n\u00eb stabilizimin e Ballkanit Per\u00ebndimor, sepse e ardhmja m\u00eb e q\u00ebndrueshme e rajonit \u00ebsht\u00eb brenda BE-s\u00eb.<\/p>\n<p>Ai n\u00ebnvizon se BE-ja duhet ta ket\u00eb fuqin\u00eb p\u00ebr t\u00eb frenuar elementet agresive n\u00eb Beograd, q\u00eb veprojn\u00eb p\u00ebr nxitjen e konflikteve t\u00eb reja n\u00eb Kosov\u00eb ose p\u00ebr ta mbajtur Bosnj\u00ebn t\u00eb ndar\u00eb p\u00ebrgjithmon\u00eb.<\/p>\n<p>Sipas tij, kur Evropa ta marr\u00eb plot\u00ebsisht k\u00ebt\u00eb p\u00ebrgjegj\u00ebsi, hap\u00ebsira p\u00ebr Rusin\u00eb dhe aktor\u00ebt e tjer\u00eb destabilizues p\u00ebr t\u00eb luajtur loj\u00ebra n\u00eb Ballkan, do t\u00eb zvog\u00eblohet ndjesh\u00ebm.<\/p>\n<p>\u201cEvropa duhet ta marr\u00eb udh\u00ebheqjen tani. Kur ka d\u00ebshtuar, SHBA-ja \u00ebsht\u00eb detyruar t\u00eb nd\u00ebrhyj\u00eb. E kuptoj k\u00ebt\u00eb, por problemi real i takon Evrop\u00ebs, sepse e ardhmja m\u00eb e mir\u00eb e k\u00ebtyre vendeve \u00ebsht\u00eb brenda Evrop\u00ebs \u2013 n\u00ebse duan t\u00eb arrijn\u00eb potencialin q\u00eb meritojn\u00eb\u201d, thot\u00eb Fried.<\/p>\n<p>Bashkimi Evropian konfirmon vazhdimisht angazhimin e tij p\u00ebr perspektiv\u00ebn e an\u00ebtar\u00ebsimit t\u00eb Ballkanit Per\u00ebndimor n\u00eb BE. Samiti i radh\u00ebs BE-Ballkani Per\u00ebndimor do t\u00eb mbahet m\u00eb 17 dhjetor n\u00eb Bruksel. Prej vendeve t\u00eb rajonit, vet\u00ebm Kosova nuk \u00ebsht\u00eb ende kandidate p\u00ebr an\u00ebtar\u00ebsim.<\/p>\n<p>Fried thekson r\u00ebnd\u00ebsin\u00eb q\u00eb Kosova t\u00eb jet\u00eb nj\u00eb shtet demokratik dhe jo nj\u00eb projekt nacionalist, q\u00eb pasqyron pjes\u00ebn m\u00eb t\u00eb keqe t\u00eb s\u00eb kaluar\u00ebs s\u00eb Serbis\u00eb.<\/p>\n<p>\u201cUn\u00eb kam qen\u00eb pjes\u00eb e vendimit t\u00eb SHBA-s\u00eb p\u00ebr t\u00eb mb\u00ebshtetur pavar\u00ebsin\u00eb e Kosov\u00ebs, dhe ky ishte vendim i duhur. Flamuri i Kosov\u00ebs \u00ebsht\u00eb i shk\u00eblqyer: nuk p\u00ebrfaq\u00ebson nj\u00eb komb t\u00eb vet\u00ebm, por t\u00eb gjith\u00eb banor\u00ebt e vendit, dhe \u00ebsht\u00eb i modeluar sipas flamurit t\u00eb BE-s\u00eb. Ai simbolizon qart\u00eb t\u00eb ardhmen e Kosov\u00ebs n\u00eb Evrop\u00eb p\u00ebr t\u00eb gjith\u00eb qytetar\u00ebt e saj. Marr\u00ebveshja jon\u00eb me Kosov\u00ebn ishte: ne do t\u00eb mb\u00ebshtesim pavar\u00ebsin\u00eb, por ju duhet t\u00eb punoni p\u00ebr nj\u00eb Kosov\u00eb demokratike, jo nacionaliste. Ne nuk duam nj\u00eb version t\u00eb vog\u00ebl t\u00eb Serbis\u00eb s\u00eb Millosheviqit\u201d, p\u00ebrfundon Fried.<\/p>\n<p>&nbsp;<\/p>\n","protected":false},"excerpt":{"rendered":"<p>Prishtin\u00eb, 14 dhjetor 2025 18:16 | Ish-ndihm\u00ebsi i sekretarit amerikan t\u00eb Shtetit, Daniel Fried, duke folur p\u00ebr Strategjin\u00eb e Siguris\u00eb Komb\u00ebtare t\u00eb SHBA-s\u00eb t\u00eb p\u00ebrpiluar<\/p>\n","protected":false},"author":7,"featured_media":24006,"comment_status":"open","ping_status":"open","sticky":false,"template":"","format":"standard","meta":{"footnotes":""},"categories":[58],"tags":[],"class_list":["post-24005","post","type-post","status-publish","format-standard","has-post-thumbnail","hentry","category-politike-sq"],"yoast_head":"<!-- This site is optimized with the Yoast SEO plugin v25.3.1 - https:\/\/yoast.com\/wordpress\/plugins\/seo\/ -->\n<title>Fried: Strategjia aktuale e SHBA-s\u00eb s\u2019e kritikon mb\u00ebshtetjen ndaj Kosov\u00ebs -<\/title>\n<meta name=\"robots\" content=\"index, follow, max-snippet:-1, max-image-preview:large, max-video-preview:-1\" \/>\n<link rel=\"canonical\" href=\"https:\/\/veritasinfo.org\/?p=24005\" \/>\n<meta property=\"og:locale\" content=\"en_US\" \/>\n<meta property=\"og:type\" content=\"article\" \/>\n<meta property=\"og:title\" content=\"Fried: Strategjia aktuale e SHBA-s\u00eb s\u2019e kritikon mb\u00ebshtetjen ndaj Kosov\u00ebs -\" \/>\n<meta property=\"og:description\" content=\"Prishtin\u00eb, 14 dhjetor 2025 18:16 | Ish-ndihm\u00ebsi i sekretarit amerikan t\u00eb Shtetit, Daniel Fried, duke folur p\u00ebr Strategjin\u00eb e Siguris\u00eb Komb\u00ebtare t\u00eb SHBA-s\u00eb t\u00eb p\u00ebrpiluar\" \/>\n<meta property=\"og:url\" content=\"https:\/\/veritasinfo.org\/?p=24005\" \/>\n<meta property=\"article:published_time\" content=\"2025-12-14T17:14:41+00:00\" \/>\n<meta property=\"article:modified_time\" content=\"2025-12-14T17:16:43+00:00\" \/>\n<meta property=\"og:image\" content=\"https:\/\/veritasinfo.org\/wp-content\/uploads\/2025\/12\/FSK-10.png\" \/>\n\t<meta property=\"og:image:width\" content=\"752\" \/>\n\t<meta property=\"og:image:height\" content=\"470\" \/>\n\t<meta property=\"og:image:type\" content=\"image\/png\" \/>\n<meta name=\"author\" content=\"US6\" \/>\n<meta name=\"twitter:card\" content=\"summary_large_image\" \/>\n<meta name=\"twitter:label1\" content=\"Written by\" \/>\n\t<meta name=\"twitter:data1\" content=\"US6\" \/>\n\t<meta name=\"twitter:label2\" content=\"Est. reading time\" \/>\n\t<meta name=\"twitter:data2\" content=\"4 minutes\" \/>\n<script type=\"application\/ld+json\" class=\"yoast-schema-graph\">{\"@context\":\"https:\/\/schema.org\",\"@graph\":[{\"@type\":\"WebPage\",\"@id\":\"https:\/\/veritasinfo.org\/?p=24005\",\"url\":\"https:\/\/veritasinfo.org\/?p=24005\",\"name\":\"Fried: Strategjia aktuale e SHBA-s\u00eb s\u2019e kritikon mb\u00ebshtetjen ndaj Kosov\u00ebs -\",\"isPartOf\":{\"@id\":\"https:\/\/veritasinfo.org\/#website\"},\"primaryImageOfPage\":{\"@id\":\"https:\/\/veritasinfo.org\/?p=24005#primaryimage\"},\"image\":{\"@id\":\"https:\/\/veritasinfo.org\/?p=24005#primaryimage\"},\"thumbnailUrl\":\"https:\/\/veritasinfo.org\/wp-content\/uploads\/2025\/12\/FSK-10.png\",\"datePublished\":\"2025-12-14T17:14:41+00:00\",\"dateModified\":\"2025-12-14T17:16:43+00:00\",\"author\":{\"@id\":\"https:\/\/veritasinfo.org\/#\/schema\/person\/fe199eede04c3937362892b7444747cc\"},\"breadcrumb\":{\"@id\":\"https:\/\/veritasinfo.org\/?p=24005#breadcrumb\"},\"inLanguage\":\"en-US\",\"potentialAction\":[{\"@type\":\"ReadAction\",\"target\":[\"https:\/\/veritasinfo.org\/?p=24005\"]}]},{\"@type\":\"ImageObject\",\"inLanguage\":\"en-US\",\"@id\":\"https:\/\/veritasinfo.org\/?p=24005#primaryimage\",\"url\":\"https:\/\/veritasinfo.org\/wp-content\/uploads\/2025\/12\/FSK-10.png\",\"contentUrl\":\"https:\/\/veritasinfo.org\/wp-content\/uploads\/2025\/12\/FSK-10.png\",\"width\":752,\"height\":470},{\"@type\":\"BreadcrumbList\",\"@id\":\"https:\/\/veritasinfo.org\/?p=24005#breadcrumb\",\"itemListElement\":[{\"@type\":\"ListItem\",\"position\":1,\"name\":\"Home\",\"item\":\"https:\/\/veritasinfo.org\/\"},{\"@type\":\"ListItem\",\"position\":2,\"name\":\"Fried: Strategjia aktuale e SHBA-s\u00eb s\u2019e kritikon mb\u00ebshtetjen ndaj Kosov\u00ebs\"}]},{\"@type\":\"WebSite\",\"@id\":\"https:\/\/veritasinfo.org\/#website\",\"url\":\"https:\/\/veritasinfo.org\/\",\"name\":\"\",\"description\":\"\",\"potentialAction\":[{\"@type\":\"SearchAction\",\"target\":{\"@type\":\"EntryPoint\",\"urlTemplate\":\"https:\/\/veritasinfo.org\/?s={search_term_string}\"},\"query-input\":{\"@type\":\"PropertyValueSpecification\",\"valueRequired\":true,\"valueName\":\"search_term_string\"}}],\"inLanguage\":\"en-US\"},{\"@type\":\"Person\",\"@id\":\"https:\/\/veritasinfo.org\/#\/schema\/person\/fe199eede04c3937362892b7444747cc\",\"name\":\"US6\",\"image\":{\"@type\":\"ImageObject\",\"inLanguage\":\"en-US\",\"@id\":\"https:\/\/veritasinfo.org\/#\/schema\/person\/image\/\",\"url\":\"https:\/\/secure.gravatar.com\/avatar\/cb16c3c31c9d23b9b8c705964598220b3014e42ff51eb540ff23cefa3ae8c15f?s=96&d=mm&r=g\",\"contentUrl\":\"https:\/\/secure.gravatar.com\/avatar\/cb16c3c31c9d23b9b8c705964598220b3014e42ff51eb540ff23cefa3ae8c15f?s=96&d=mm&r=g\",\"caption\":\"US6\"},\"url\":\"https:\/\/veritasinfo.org\/?author=7\"}]}<\/script>\n<!-- \/ Yoast SEO plugin. -->","yoast_head_json":{"title":"Fried: Strategjia aktuale e SHBA-s\u00eb s\u2019e kritikon mb\u00ebshtetjen ndaj Kosov\u00ebs -","robots":{"index":"index","follow":"follow","max-snippet":"max-snippet:-1","max-image-preview":"max-image-preview:large","max-video-preview":"max-video-preview:-1"},"canonical":"https:\/\/veritasinfo.org\/?p=24005","og_locale":"en_US","og_type":"article","og_title":"Fried: Strategjia aktuale e SHBA-s\u00eb s\u2019e kritikon mb\u00ebshtetjen ndaj Kosov\u00ebs -","og_description":"Prishtin\u00eb, 14 dhjetor 2025 18:16 | Ish-ndihm\u00ebsi i sekretarit amerikan t\u00eb Shtetit, Daniel Fried, duke folur p\u00ebr Strategjin\u00eb e Siguris\u00eb Komb\u00ebtare t\u00eb SHBA-s\u00eb t\u00eb p\u00ebrpiluar","og_url":"https:\/\/veritasinfo.org\/?p=24005","article_published_time":"2025-12-14T17:14:41+00:00","article_modified_time":"2025-12-14T17:16:43+00:00","og_image":[{"width":752,"height":470,"url":"https:\/\/veritasinfo.org\/wp-content\/uploads\/2025\/12\/FSK-10.png","type":"image\/png"}],"author":"US6","twitter_card":"summary_large_image","twitter_misc":{"Written by":"US6","Est. reading time":"4 minutes"},"schema":{"@context":"https:\/\/schema.org","@graph":[{"@type":"WebPage","@id":"https:\/\/veritasinfo.org\/?p=24005","url":"https:\/\/veritasinfo.org\/?p=24005","name":"Fried: Strategjia aktuale e SHBA-s\u00eb s\u2019e kritikon mb\u00ebshtetjen ndaj Kosov\u00ebs -","isPartOf":{"@id":"https:\/\/veritasinfo.org\/#website"},"primaryImageOfPage":{"@id":"https:\/\/veritasinfo.org\/?p=24005#primaryimage"},"image":{"@id":"https:\/\/veritasinfo.org\/?p=24005#primaryimage"},"thumbnailUrl":"https:\/\/veritasinfo.org\/wp-content\/uploads\/2025\/12\/FSK-10.png","datePublished":"2025-12-14T17:14:41+00:00","dateModified":"2025-12-14T17:16:43+00:00","author":{"@id":"https:\/\/veritasinfo.org\/#\/schema\/person\/fe199eede04c3937362892b7444747cc"},"breadcrumb":{"@id":"https:\/\/veritasinfo.org\/?p=24005#breadcrumb"},"inLanguage":"en-US","potentialAction":[{"@type":"ReadAction","target":["https:\/\/veritasinfo.org\/?p=24005"]}]},{"@type":"ImageObject","inLanguage":"en-US","@id":"https:\/\/veritasinfo.org\/?p=24005#primaryimage","url":"https:\/\/veritasinfo.org\/wp-content\/uploads\/2025\/12\/FSK-10.png","contentUrl":"https:\/\/veritasinfo.org\/wp-content\/uploads\/2025\/12\/FSK-10.png","width":752,"height":470},{"@type":"BreadcrumbList","@id":"https:\/\/veritasinfo.org\/?p=24005#breadcrumb","itemListElement":[{"@type":"ListItem","position":1,"name":"Home","item":"https:\/\/veritasinfo.org\/"},{"@type":"ListItem","position":2,"name":"Fried: Strategjia aktuale e SHBA-s\u00eb s\u2019e kritikon mb\u00ebshtetjen ndaj Kosov\u00ebs"}]},{"@type":"WebSite","@id":"https:\/\/veritasinfo.org\/#website","url":"https:\/\/veritasinfo.org\/","name":"","description":"","potentialAction":[{"@type":"SearchAction","target":{"@type":"EntryPoint","urlTemplate":"https:\/\/veritasinfo.org\/?s={search_term_string}"},"query-input":{"@type":"PropertyValueSpecification","valueRequired":true,"valueName":"search_term_string"}}],"inLanguage":"en-US"},{"@type":"Person","@id":"https:\/\/veritasinfo.org\/#\/schema\/person\/fe199eede04c3937362892b7444747cc","name":"US6","image":{"@type":"ImageObject","inLanguage":"en-US","@id":"https:\/\/veritasinfo.org\/#\/schema\/person\/image\/","url":"https:\/\/secure.gravatar.com\/avatar\/cb16c3c31c9d23b9b8c705964598220b3014e42ff51eb540ff23cefa3ae8c15f?s=96&d=mm&r=g","contentUrl":"https:\/\/secure.gravatar.com\/avatar\/cb16c3c31c9d23b9b8c705964598220b3014e42ff51eb540ff23cefa3ae8c15f?s=96&d=mm&r=g","caption":"US6"},"url":"https:\/\/veritasinfo.org\/?author=7"}]}},"featured_image_urls":{"full":["https:\/\/veritasinfo.org\/wp-content\/uploads\/2025\/12\/FSK-10.png",752,470,false],"thumbnail":["https:\/\/veritasinfo.org\/wp-content\/uploads\/2025\/12\/FSK-10-150x150.png",150,150,true],"medium":["https:\/\/veritasinfo.org\/wp-content\/uploads\/2025\/12\/FSK-10-300x188.png",300,188,true],"medium_large":["https:\/\/veritasinfo.org\/wp-content\/uploads\/2025\/12\/FSK-10.png",640,400,false],"large":["https:\/\/veritasinfo.org\/wp-content\/uploads\/2025\/12\/FSK-10.png",640,400,false],"1536x1536":["https:\/\/veritasinfo.org\/wp-content\/uploads\/2025\/12\/FSK-10.png",752,470,false],"2048x2048":["https:\/\/veritasinfo.org\/wp-content\/uploads\/2025\/12\/FSK-10.png",752,470,false],"kreeti-slider-full":["https:\/\/veritasinfo.org\/wp-content\/uploads\/2025\/12\/FSK-10.png",752,470,false],"kreeti-featured":["https:\/\/veritasinfo.org\/wp-content\/uploads\/2025\/12\/FSK-10.png",752,470,false],"kreeti-medium":["https:\/\/veritasinfo.org\/wp-content\/uploads\/2025\/12\/FSK-10.png",720,450,false],"kreeti-medium-square":["https:\/\/veritasinfo.org\/wp-content\/uploads\/2025\/12\/FSK-10.png",350,219,false]},"author_info":{"info":["US6"]},"category_info":"<a href=\"https:\/\/veritasinfo.org\/?cat=58\" rel=\"category\">Politik\u00eb<\/a>","tag_info":"Politik\u00eb","comment_count":"0","_links":{"self":[{"href":"https:\/\/veritasinfo.org\/index.php?rest_route=\/wp\/v2\/posts\/24005","targetHints":{"allow":["GET"]}}],"collection":[{"href":"https:\/\/veritasinfo.org\/index.php?rest_route=\/wp\/v2\/posts"}],"about":[{"href":"https:\/\/veritasinfo.org\/index.php?rest_route=\/wp\/v2\/types\/post"}],"author":[{"embeddable":true,"href":"https:\/\/veritasinfo.org\/index.php?rest_route=\/wp\/v2\/users\/7"}],"replies":[{"embeddable":true,"href":"https:\/\/veritasinfo.org\/index.php?rest_route=%2Fwp%2Fv2%2Fcomments&post=24005"}],"version-history":[{"count":2,"href":"https:\/\/veritasinfo.org\/index.php?rest_route=\/wp\/v2\/posts\/24005\/revisions"}],"predecessor-version":[{"id":24010,"href":"https:\/\/veritasinfo.org\/index.php?rest_route=\/wp\/v2\/posts\/24005\/revisions\/24010"}],"wp:featuredmedia":[{"embeddable":true,"href":"https:\/\/veritasinfo.org\/index.php?rest_route=\/wp\/v2\/media\/24006"}],"wp:attachment":[{"href":"https:\/\/veritasinfo.org\/index.php?rest_route=%2Fwp%2Fv2%2Fmedia&parent=24005"}],"wp:term":[{"taxonomy":"category","embeddable":true,"href":"https:\/\/veritasinfo.org\/index.php?rest_route=%2Fwp%2Fv2%2Fcategories&post=24005"},{"taxonomy":"post_tag","embeddable":true,"href":"https:\/\/veritasinfo.org\/index.php?rest_route=%2Fwp%2Fv2%2Ftags&post=24005"}],"curies":[{"name":"wp","href":"https:\/\/api.w.org\/{rel}","templated":true}]}}