{"id":23973,"date":"2025-12-14T15:29:15","date_gmt":"2025-12-14T14:29:15","guid":{"rendered":"https:\/\/veritasinfo.org\/?p=23973"},"modified":"2025-12-14T15:29:15","modified_gmt":"2025-12-14T14:29:15","slug":"27-vjet-nga-rasti-panda-krimi-i-kryer-nga-serbia-per-tua-lene-fajin-shqiptareve","status":"publish","type":"post","link":"https:\/\/veritasinfo.org\/?p=23973","title":{"rendered":"27 vjet nga rasti \u201cPanda\u201d, krimi i kryer nga Serbia p\u00ebr t\u2019ua l\u00ebn\u00eb fajin shqiptar\u00ebve"},"content":{"rendered":"<p>Prishtin\u00eb 14 Dhjetor 2025 15:28<\/p>\n<p>Sot mbushen 27 vjet m\u00eb par\u00eb q\u00ebkur gjasht\u00eb t\u00eb rinj serb\u00eb u vran\u00eb n\u00eb nj\u00eb skenar t\u00eb kurdisur nga Serbia n\u00eb lokal t\u00eb vog\u00ebl n\u00eb Pej\u00eb i njohur si \u201cPanda\u201d.<\/p>\n<p>N\u00eb k\u00ebt\u00eb skenar t\u00eb kurdisur nga Serbia p\u00ebr t\u2019ua l\u00ebn\u00eb fajin shqiptar\u00ebve, n\u00eb lokalin \u201cPanda\u201d mbet\u00ebn t\u00eb vrar\u00eb mbet\u00ebn Ivan Radeviq (25), Ivan Obradoviq (14), Vukota Gvozdenoviq (16), Dragan Trifoviq (17), nd\u00ebrsa nga plag\u00ebt e marra n\u00eb spital vdiq\u00ebn Svetislav Ristiq (18) dhe Zoran Stanojeviq (17).<\/p>\n<p>Dy persona t\u00eb panjohur kishin hyr\u00eb t\u00eb armatosur dhe kishin sht\u00ebn\u00eb me arm\u00eb zjarri n\u00eb krimin e 14 dhjetorit 1998, p\u00ebr t\u00eb cilin faji u hodh mbi pes\u00eb t\u00eb rinj shqiptar\u00eb t\u00eb Pej\u00ebs. K\u00ebta t\u00eb fundit u d\u00ebnuan p\u00ebr vepr\u00ebn penale t\u00eb veprimtaris\u00eb armiq\u00ebsore. Ata u liruan nj\u00eb muaj pas fillimit t\u00eb vuajtjes s\u00eb d\u00ebnimit, me nd\u00ebrhyrje t\u00eb Kryqit t\u00eb Kuq, por ata nuk iu shp\u00ebtuan torturave n\u00eb burgjet e Serbis\u00eb.<\/p>\n<p>Mediumi \u201cM portal\u201d nga Mali i Zi pati raportuar se autor\u00ebt e vrasjes n\u00eb rastin \u201cPanda\u201d , kryen edhe masakr\u00ebn n\u00eb burgun e Dubrav\u00ebs. Pjes\u00ebmarr\u00ebs n\u00eb t\u00eb dyja aktet kriminale p\u00ebrmenden emrat e Sinisha Petriqit q\u00eb \u00ebsht\u00eb drejtues i klanit \u201cZenica\u201d dhe lideri i klanit \u201cShkalar\u201d, Radomir \u201cBoban\u201d Ba\u00e7oviq.<\/p>\n<p>Presidenti i Serbis\u00eb Aleksandar Vu\u00e7iq, pati deklaruar vite m\u00eb her\u00ebt se ky krim nuk \u00ebsht\u00eb kryer nga shqiptar\u00ebt sikurse ishte pretenduar me vite t\u00eb t\u00ebra. Serbia ende vazhdon t\u00eb fsheh\u00eb krimin e kryer edhe 27 vjet m\u00eb von\u00eb.<\/p>\n","protected":false},"excerpt":{"rendered":"<p>Prishtin\u00eb 14 Dhjetor 2025 15:28 Sot mbushen 27 vjet m\u00eb par\u00eb q\u00ebkur gjasht\u00eb t\u00eb rinj serb\u00eb u vran\u00eb n\u00eb nj\u00eb skenar t\u00eb kurdisur nga Serbia<\/p>\n","protected":false},"author":6,"featured_media":23974,"comment_status":"open","ping_status":"open","sticky":false,"template":"","format":"standard","meta":{"footnotes":""},"categories":[58],"tags":[],"class_list":["post-23973","post","type-post","status-publish","format-standard","has-post-thumbnail","hentry","category-politike-sq"],"yoast_head":"<!-- This site is optimized with the Yoast SEO plugin v25.3.1 - https:\/\/yoast.com\/wordpress\/plugins\/seo\/ -->\n<title>27 vjet nga rasti \u201cPanda\u201d, krimi i kryer nga Serbia p\u00ebr t\u2019ua l\u00ebn\u00eb fajin shqiptar\u00ebve -<\/title>\n<meta name=\"robots\" content=\"index, follow, max-snippet:-1, max-image-preview:large, max-video-preview:-1\" \/>\n<link rel=\"canonical\" href=\"https:\/\/veritasinfo.org\/?p=23973\" \/>\n<meta property=\"og:locale\" content=\"en_US\" \/>\n<meta property=\"og:type\" content=\"article\" \/>\n<meta property=\"og:title\" content=\"27 vjet nga rasti \u201cPanda\u201d, krimi i kryer nga Serbia p\u00ebr t\u2019ua l\u00ebn\u00eb fajin shqiptar\u00ebve -\" \/>\n<meta property=\"og:description\" content=\"Prishtin\u00eb 14 Dhjetor 2025 15:28 Sot mbushen 27 vjet m\u00eb par\u00eb q\u00ebkur gjasht\u00eb t\u00eb rinj serb\u00eb u vran\u00eb n\u00eb nj\u00eb skenar t\u00eb kurdisur nga Serbia\" \/>\n<meta property=\"og:url\" content=\"https:\/\/veritasinfo.org\/?p=23973\" \/>\n<meta property=\"article:published_time\" content=\"2025-12-14T14:29:15+00:00\" \/>\n<meta property=\"og:image\" content=\"https:\/\/veritasinfo.org\/wp-content\/uploads\/2025\/12\/co.jpg\" \/>\n\t<meta property=\"og:image:width\" content=\"745\" \/>\n\t<meta property=\"og:image:height\" content=\"452\" \/>\n\t<meta property=\"og:image:type\" content=\"image\/jpeg\" \/>\n<meta name=\"author\" content=\"US5\" \/>\n<meta name=\"twitter:card\" content=\"summary_large_image\" \/>\n<meta name=\"twitter:label1\" content=\"Written by\" \/>\n\t<meta name=\"twitter:data1\" content=\"US5\" \/>\n\t<meta name=\"twitter:label2\" content=\"Est. reading time\" \/>\n\t<meta name=\"twitter:data2\" content=\"1 minute\" \/>\n<script type=\"application\/ld+json\" class=\"yoast-schema-graph\">{\"@context\":\"https:\/\/schema.org\",\"@graph\":[{\"@type\":\"WebPage\",\"@id\":\"https:\/\/veritasinfo.org\/?p=23973\",\"url\":\"https:\/\/veritasinfo.org\/?p=23973\",\"name\":\"27 vjet nga rasti \u201cPanda\u201d, krimi i kryer nga Serbia p\u00ebr t\u2019ua l\u00ebn\u00eb fajin shqiptar\u00ebve -\",\"isPartOf\":{\"@id\":\"https:\/\/veritasinfo.org\/#website\"},\"primaryImageOfPage\":{\"@id\":\"https:\/\/veritasinfo.org\/?p=23973#primaryimage\"},\"image\":{\"@id\":\"https:\/\/veritasinfo.org\/?p=23973#primaryimage\"},\"thumbnailUrl\":\"https:\/\/veritasinfo.org\/wp-content\/uploads\/2025\/12\/co.jpg\",\"datePublished\":\"2025-12-14T14:29:15+00:00\",\"author\":{\"@id\":\"https:\/\/veritasinfo.org\/#\/schema\/person\/bc442336e35414d04494ab8fb45db4c6\"},\"breadcrumb\":{\"@id\":\"https:\/\/veritasinfo.org\/?p=23973#breadcrumb\"},\"inLanguage\":\"en-US\",\"potentialAction\":[{\"@type\":\"ReadAction\",\"target\":[\"https:\/\/veritasinfo.org\/?p=23973\"]}]},{\"@type\":\"ImageObject\",\"inLanguage\":\"en-US\",\"@id\":\"https:\/\/veritasinfo.org\/?p=23973#primaryimage\",\"url\":\"https:\/\/veritasinfo.org\/wp-content\/uploads\/2025\/12\/co.jpg\",\"contentUrl\":\"https:\/\/veritasinfo.org\/wp-content\/uploads\/2025\/12\/co.jpg\",\"width\":745,\"height\":452},{\"@type\":\"BreadcrumbList\",\"@id\":\"https:\/\/veritasinfo.org\/?p=23973#breadcrumb\",\"itemListElement\":[{\"@type\":\"ListItem\",\"position\":1,\"name\":\"Home\",\"item\":\"https:\/\/veritasinfo.org\/\"},{\"@type\":\"ListItem\",\"position\":2,\"name\":\"27 vjet nga rasti \u201cPanda\u201d, krimi i kryer nga Serbia p\u00ebr t\u2019ua l\u00ebn\u00eb fajin shqiptar\u00ebve\"}]},{\"@type\":\"WebSite\",\"@id\":\"https:\/\/veritasinfo.org\/#website\",\"url\":\"https:\/\/veritasinfo.org\/\",\"name\":\"\",\"description\":\"\",\"potentialAction\":[{\"@type\":\"SearchAction\",\"target\":{\"@type\":\"EntryPoint\",\"urlTemplate\":\"https:\/\/veritasinfo.org\/?s={search_term_string}\"},\"query-input\":{\"@type\":\"PropertyValueSpecification\",\"valueRequired\":true,\"valueName\":\"search_term_string\"}}],\"inLanguage\":\"en-US\"},{\"@type\":\"Person\",\"@id\":\"https:\/\/veritasinfo.org\/#\/schema\/person\/bc442336e35414d04494ab8fb45db4c6\",\"name\":\"US5\",\"image\":{\"@type\":\"ImageObject\",\"inLanguage\":\"en-US\",\"@id\":\"https:\/\/veritasinfo.org\/#\/schema\/person\/image\/\",\"url\":\"https:\/\/secure.gravatar.com\/avatar\/16a61e7272a0c5d001121ebb9e60e925d5816e4ac1e443ed3e640d9a6ae55d0c?s=96&d=mm&r=g\",\"contentUrl\":\"https:\/\/secure.gravatar.com\/avatar\/16a61e7272a0c5d001121ebb9e60e925d5816e4ac1e443ed3e640d9a6ae55d0c?s=96&d=mm&r=g\",\"caption\":\"US5\"},\"url\":\"https:\/\/veritasinfo.org\/?author=6\"}]}<\/script>\n<!-- \/ Yoast SEO plugin. -->","yoast_head_json":{"title":"27 vjet nga rasti \u201cPanda\u201d, krimi i kryer nga Serbia p\u00ebr t\u2019ua l\u00ebn\u00eb fajin shqiptar\u00ebve -","robots":{"index":"index","follow":"follow","max-snippet":"max-snippet:-1","max-image-preview":"max-image-preview:large","max-video-preview":"max-video-preview:-1"},"canonical":"https:\/\/veritasinfo.org\/?p=23973","og_locale":"en_US","og_type":"article","og_title":"27 vjet nga rasti \u201cPanda\u201d, krimi i kryer nga Serbia p\u00ebr t\u2019ua l\u00ebn\u00eb fajin shqiptar\u00ebve -","og_description":"Prishtin\u00eb 14 Dhjetor 2025 15:28 Sot mbushen 27 vjet m\u00eb par\u00eb q\u00ebkur gjasht\u00eb t\u00eb rinj serb\u00eb u vran\u00eb n\u00eb nj\u00eb skenar t\u00eb kurdisur nga Serbia","og_url":"https:\/\/veritasinfo.org\/?p=23973","article_published_time":"2025-12-14T14:29:15+00:00","og_image":[{"width":745,"height":452,"url":"https:\/\/veritasinfo.org\/wp-content\/uploads\/2025\/12\/co.jpg","type":"image\/jpeg"}],"author":"US5","twitter_card":"summary_large_image","twitter_misc":{"Written by":"US5","Est. reading time":"1 minute"},"schema":{"@context":"https:\/\/schema.org","@graph":[{"@type":"WebPage","@id":"https:\/\/veritasinfo.org\/?p=23973","url":"https:\/\/veritasinfo.org\/?p=23973","name":"27 vjet nga rasti \u201cPanda\u201d, krimi i kryer nga Serbia p\u00ebr t\u2019ua l\u00ebn\u00eb fajin shqiptar\u00ebve -","isPartOf":{"@id":"https:\/\/veritasinfo.org\/#website"},"primaryImageOfPage":{"@id":"https:\/\/veritasinfo.org\/?p=23973#primaryimage"},"image":{"@id":"https:\/\/veritasinfo.org\/?p=23973#primaryimage"},"thumbnailUrl":"https:\/\/veritasinfo.org\/wp-content\/uploads\/2025\/12\/co.jpg","datePublished":"2025-12-14T14:29:15+00:00","author":{"@id":"https:\/\/veritasinfo.org\/#\/schema\/person\/bc442336e35414d04494ab8fb45db4c6"},"breadcrumb":{"@id":"https:\/\/veritasinfo.org\/?p=23973#breadcrumb"},"inLanguage":"en-US","potentialAction":[{"@type":"ReadAction","target":["https:\/\/veritasinfo.org\/?p=23973"]}]},{"@type":"ImageObject","inLanguage":"en-US","@id":"https:\/\/veritasinfo.org\/?p=23973#primaryimage","url":"https:\/\/veritasinfo.org\/wp-content\/uploads\/2025\/12\/co.jpg","contentUrl":"https:\/\/veritasinfo.org\/wp-content\/uploads\/2025\/12\/co.jpg","width":745,"height":452},{"@type":"BreadcrumbList","@id":"https:\/\/veritasinfo.org\/?p=23973#breadcrumb","itemListElement":[{"@type":"ListItem","position":1,"name":"Home","item":"https:\/\/veritasinfo.org\/"},{"@type":"ListItem","position":2,"name":"27 vjet nga rasti \u201cPanda\u201d, krimi i kryer nga Serbia p\u00ebr t\u2019ua l\u00ebn\u00eb fajin shqiptar\u00ebve"}]},{"@type":"WebSite","@id":"https:\/\/veritasinfo.org\/#website","url":"https:\/\/veritasinfo.org\/","name":"","description":"","potentialAction":[{"@type":"SearchAction","target":{"@type":"EntryPoint","urlTemplate":"https:\/\/veritasinfo.org\/?s={search_term_string}"},"query-input":{"@type":"PropertyValueSpecification","valueRequired":true,"valueName":"search_term_string"}}],"inLanguage":"en-US"},{"@type":"Person","@id":"https:\/\/veritasinfo.org\/#\/schema\/person\/bc442336e35414d04494ab8fb45db4c6","name":"US5","image":{"@type":"ImageObject","inLanguage":"en-US","@id":"https:\/\/veritasinfo.org\/#\/schema\/person\/image\/","url":"https:\/\/secure.gravatar.com\/avatar\/16a61e7272a0c5d001121ebb9e60e925d5816e4ac1e443ed3e640d9a6ae55d0c?s=96&d=mm&r=g","contentUrl":"https:\/\/secure.gravatar.com\/avatar\/16a61e7272a0c5d001121ebb9e60e925d5816e4ac1e443ed3e640d9a6ae55d0c?s=96&d=mm&r=g","caption":"US5"},"url":"https:\/\/veritasinfo.org\/?author=6"}]}},"featured_image_urls":{"full":["https:\/\/veritasinfo.org\/wp-content\/uploads\/2025\/12\/co.jpg",745,452,false],"thumbnail":["https:\/\/veritasinfo.org\/wp-content\/uploads\/2025\/12\/co-150x150.jpg",150,150,true],"medium":["https:\/\/veritasinfo.org\/wp-content\/uploads\/2025\/12\/co-300x182.jpg",300,182,true],"medium_large":["https:\/\/veritasinfo.org\/wp-content\/uploads\/2025\/12\/co.jpg",640,388,false],"large":["https:\/\/veritasinfo.org\/wp-content\/uploads\/2025\/12\/co.jpg",640,388,false],"1536x1536":["https:\/\/veritasinfo.org\/wp-content\/uploads\/2025\/12\/co.jpg",745,452,false],"2048x2048":["https:\/\/veritasinfo.org\/wp-content\/uploads\/2025\/12\/co.jpg",745,452,false],"kreeti-slider-full":["https:\/\/veritasinfo.org\/wp-content\/uploads\/2025\/12\/co.jpg",745,452,false],"kreeti-featured":["https:\/\/veritasinfo.org\/wp-content\/uploads\/2025\/12\/co.jpg",745,452,false],"kreeti-medium":["https:\/\/veritasinfo.org\/wp-content\/uploads\/2025\/12\/co.jpg",720,437,false],"kreeti-medium-square":["https:\/\/veritasinfo.org\/wp-content\/uploads\/2025\/12\/co.jpg",350,212,false]},"author_info":{"info":["US5"]},"category_info":"<a href=\"https:\/\/veritasinfo.org\/?cat=58\" rel=\"category\">Politik\u00eb<\/a>","tag_info":"Politik\u00eb","comment_count":"0","_links":{"self":[{"href":"https:\/\/veritasinfo.org\/index.php?rest_route=\/wp\/v2\/posts\/23973","targetHints":{"allow":["GET"]}}],"collection":[{"href":"https:\/\/veritasinfo.org\/index.php?rest_route=\/wp\/v2\/posts"}],"about":[{"href":"https:\/\/veritasinfo.org\/index.php?rest_route=\/wp\/v2\/types\/post"}],"author":[{"embeddable":true,"href":"https:\/\/veritasinfo.org\/index.php?rest_route=\/wp\/v2\/users\/6"}],"replies":[{"embeddable":true,"href":"https:\/\/veritasinfo.org\/index.php?rest_route=%2Fwp%2Fv2%2Fcomments&post=23973"}],"version-history":[{"count":1,"href":"https:\/\/veritasinfo.org\/index.php?rest_route=\/wp\/v2\/posts\/23973\/revisions"}],"predecessor-version":[{"id":23975,"href":"https:\/\/veritasinfo.org\/index.php?rest_route=\/wp\/v2\/posts\/23973\/revisions\/23975"}],"wp:featuredmedia":[{"embeddable":true,"href":"https:\/\/veritasinfo.org\/index.php?rest_route=\/wp\/v2\/media\/23974"}],"wp:attachment":[{"href":"https:\/\/veritasinfo.org\/index.php?rest_route=%2Fwp%2Fv2%2Fmedia&parent=23973"}],"wp:term":[{"taxonomy":"category","embeddable":true,"href":"https:\/\/veritasinfo.org\/index.php?rest_route=%2Fwp%2Fv2%2Fcategories&post=23973"},{"taxonomy":"post_tag","embeddable":true,"href":"https:\/\/veritasinfo.org\/index.php?rest_route=%2Fwp%2Fv2%2Ftags&post=23973"}],"curies":[{"name":"wp","href":"https:\/\/api.w.org\/{rel}","templated":true}]}}