{"id":23971,"date":"2025-12-14T14:46:23","date_gmt":"2025-12-14T13:46:23","guid":{"rendered":"https:\/\/veritasinfo.org\/?p=23971"},"modified":"2025-12-14T14:48:16","modified_gmt":"2025-12-14T13:48:16","slug":"nemacka-uhapsila-pet-osumnjicenih-za-planiranje-napada-na-bozicni-sajam","status":"publish","type":"post","link":"https:\/\/veritasinfo.org\/?p=23971&lang=sr","title":{"rendered":"Nema\u010dka uhapsila pet osumnji\u010denih za planiranje napada na bo\u017ei\u0107ni sajam"},"content":{"rendered":"<p>Berlin, 14. decembar 2025. 14:42<\/p>\n<p>Nema\u010dke vlasti su uhapsile pet mu\u0161karaca osumnji\u010denih da su militantni islamisti koji su planirali napad na bo\u017ei\u0107ni sajam u ju\u017enoj Bavarskoj, saop\u0161tili su policija i tu\u017eioci u zajedni\u010dkoj izjavi.<\/p>\n<p>U Nema\u010dkoj je zabele\u017een niz napada vozilima otkako je jedan islamista 2016. godine ukradenim kamionom uleteo u bo\u017ei\u0107ni sajam u centru Berlina.<\/p>\n<p>Pro\u0161log decembra nekoliko ljudi je ubijeno u napadu u Magdeburgu, pi\u0161e Rojters, prenosi Klankosova.tv.<\/p>\n<p>Tri dr\u017eavljanina Maroka starosti 22, 28 i 30 godina, jedan dr\u017eavljanin Egipta star 56 godina i jedan Sirijac star 37 godina privedeni su u petak na grani\u010dnom prelazu Suben izme\u0111u Nema\u010dke i Austrije, navodi se u zajedni\u010dkoj izjavi objavljenoj kasno u subotu.<\/p>\n<p>Istra\u017eitelji su verovali da su mu\u0161karci nameravali da vozilom ulete u prepunu pijacu u oblasti Dingolfing-Landau sa ciljem da ubiju ili povrede \u0161to je mogu\u0107e vi\u0161e ljudi, navodi se u saop\u0161tenju, uz dodatak da vlasti sumnjaju na islamisti\u010dki motiv.<\/p>\n","protected":false},"excerpt":{"rendered":"<p>Berlin, 14. decembar 2025. 14:42 Nema\u010dke vlasti su uhapsile pet mu\u0161karaca osumnji\u010denih da su militantni islamisti koji su planirali napad na bo\u017ei\u0107ni sajam u ju\u017enoj<\/p>\n","protected":false},"author":6,"featured_media":23969,"comment_status":"open","ping_status":"open","sticky":false,"template":"","format":"standard","meta":{"footnotes":""},"categories":[74],"tags":[],"class_list":["post-23971","post","type-post","status-publish","format-standard","has-post-thumbnail","hentry","category-svet"],"yoast_head":"<!-- This site is optimized with the Yoast SEO plugin v25.3.1 - https:\/\/yoast.com\/wordpress\/plugins\/seo\/ -->\n<title>Nema\u010dka uhapsila pet osumnji\u010denih za planiranje napada na bo\u017ei\u0107ni sajam -<\/title>\n<meta name=\"robots\" content=\"index, follow, max-snippet:-1, max-image-preview:large, max-video-preview:-1\" \/>\n<link rel=\"canonical\" href=\"https:\/\/veritasinfo.org\/?p=23971&lang=sr\" \/>\n<meta property=\"og:locale\" content=\"en_US\" \/>\n<meta property=\"og:type\" content=\"article\" \/>\n<meta property=\"og:title\" content=\"Nema\u010dka uhapsila pet osumnji\u010denih za planiranje napada na bo\u017ei\u0107ni sajam -\" \/>\n<meta property=\"og:description\" content=\"Berlin, 14. decembar 2025. 14:42 Nema\u010dke vlasti su uhapsile pet mu\u0161karaca osumnji\u010denih da su militantni islamisti koji su planirali napad na bo\u017ei\u0107ni sajam u ju\u017enoj\" \/>\n<meta property=\"og:url\" content=\"https:\/\/veritasinfo.org\/?p=23971&amp;lang=sr\" \/>\n<meta property=\"article:published_time\" content=\"2025-12-14T13:46:23+00:00\" \/>\n<meta property=\"article:modified_time\" content=\"2025-12-14T13:48:16+00:00\" \/>\n<meta property=\"og:image\" content=\"https:\/\/veritasinfo.org\/wp-content\/uploads\/2025\/12\/4667793-508428962.jpg\" \/>\n\t<meta property=\"og:image:width\" content=\"670\" \/>\n\t<meta property=\"og:image:height\" content=\"392\" \/>\n\t<meta property=\"og:image:type\" content=\"image\/jpeg\" \/>\n<meta name=\"author\" content=\"US5\" \/>\n<meta name=\"twitter:card\" content=\"summary_large_image\" \/>\n<meta name=\"twitter:label1\" content=\"Written by\" \/>\n\t<meta name=\"twitter:data1\" content=\"US5\" \/>\n\t<meta name=\"twitter:label2\" content=\"Est. reading time\" \/>\n\t<meta name=\"twitter:data2\" content=\"1 minute\" \/>\n<script type=\"application\/ld+json\" class=\"yoast-schema-graph\">{\"@context\":\"https:\/\/schema.org\",\"@graph\":[{\"@type\":\"WebPage\",\"@id\":\"https:\/\/veritasinfo.org\/?p=23971&lang=sr\",\"url\":\"https:\/\/veritasinfo.org\/?p=23971&lang=sr\",\"name\":\"Nema\u010dka uhapsila pet osumnji\u010denih za planiranje napada na bo\u017ei\u0107ni sajam -\",\"isPartOf\":{\"@id\":\"https:\/\/veritasinfo.org\/#website\"},\"primaryImageOfPage\":{\"@id\":\"https:\/\/veritasinfo.org\/?p=23971&lang=sr#primaryimage\"},\"image\":{\"@id\":\"https:\/\/veritasinfo.org\/?p=23971&lang=sr#primaryimage\"},\"thumbnailUrl\":\"https:\/\/veritasinfo.org\/wp-content\/uploads\/2025\/12\/4667793-508428962.jpg\",\"datePublished\":\"2025-12-14T13:46:23+00:00\",\"dateModified\":\"2025-12-14T13:48:16+00:00\",\"author\":{\"@id\":\"https:\/\/veritasinfo.org\/#\/schema\/person\/bc442336e35414d04494ab8fb45db4c6\"},\"breadcrumb\":{\"@id\":\"https:\/\/veritasinfo.org\/?p=23971&lang=sr#breadcrumb\"},\"inLanguage\":\"en-US\",\"potentialAction\":[{\"@type\":\"ReadAction\",\"target\":[\"https:\/\/veritasinfo.org\/?p=23971&lang=sr\"]}]},{\"@type\":\"ImageObject\",\"inLanguage\":\"en-US\",\"@id\":\"https:\/\/veritasinfo.org\/?p=23971&lang=sr#primaryimage\",\"url\":\"https:\/\/veritasinfo.org\/wp-content\/uploads\/2025\/12\/4667793-508428962.jpg\",\"contentUrl\":\"https:\/\/veritasinfo.org\/wp-content\/uploads\/2025\/12\/4667793-508428962.jpg\",\"width\":670,\"height\":392},{\"@type\":\"BreadcrumbList\",\"@id\":\"https:\/\/veritasinfo.org\/?p=23971&lang=sr#breadcrumb\",\"itemListElement\":[{\"@type\":\"ListItem\",\"position\":1,\"name\":\"Home\",\"item\":\"https:\/\/veritasinfo.org\/\"},{\"@type\":\"ListItem\",\"position\":2,\"name\":\"Nema\u010dka uhapsila pet osumnji\u010denih za planiranje napada na bo\u017ei\u0107ni sajam\"}]},{\"@type\":\"WebSite\",\"@id\":\"https:\/\/veritasinfo.org\/#website\",\"url\":\"https:\/\/veritasinfo.org\/\",\"name\":\"\",\"description\":\"\",\"potentialAction\":[{\"@type\":\"SearchAction\",\"target\":{\"@type\":\"EntryPoint\",\"urlTemplate\":\"https:\/\/veritasinfo.org\/?s={search_term_string}\"},\"query-input\":{\"@type\":\"PropertyValueSpecification\",\"valueRequired\":true,\"valueName\":\"search_term_string\"}}],\"inLanguage\":\"en-US\"},{\"@type\":\"Person\",\"@id\":\"https:\/\/veritasinfo.org\/#\/schema\/person\/bc442336e35414d04494ab8fb45db4c6\",\"name\":\"US5\",\"image\":{\"@type\":\"ImageObject\",\"inLanguage\":\"en-US\",\"@id\":\"https:\/\/veritasinfo.org\/#\/schema\/person\/image\/\",\"url\":\"https:\/\/secure.gravatar.com\/avatar\/16a61e7272a0c5d001121ebb9e60e925d5816e4ac1e443ed3e640d9a6ae55d0c?s=96&d=mm&r=g\",\"contentUrl\":\"https:\/\/secure.gravatar.com\/avatar\/16a61e7272a0c5d001121ebb9e60e925d5816e4ac1e443ed3e640d9a6ae55d0c?s=96&d=mm&r=g\",\"caption\":\"US5\"},\"url\":\"https:\/\/veritasinfo.org\/?author=6\"}]}<\/script>\n<!-- \/ Yoast SEO plugin. -->","yoast_head_json":{"title":"Nema\u010dka uhapsila pet osumnji\u010denih za planiranje napada na bo\u017ei\u0107ni sajam -","robots":{"index":"index","follow":"follow","max-snippet":"max-snippet:-1","max-image-preview":"max-image-preview:large","max-video-preview":"max-video-preview:-1"},"canonical":"https:\/\/veritasinfo.org\/?p=23971&lang=sr","og_locale":"en_US","og_type":"article","og_title":"Nema\u010dka uhapsila pet osumnji\u010denih za planiranje napada na bo\u017ei\u0107ni sajam -","og_description":"Berlin, 14. decembar 2025. 14:42 Nema\u010dke vlasti su uhapsile pet mu\u0161karaca osumnji\u010denih da su militantni islamisti koji su planirali napad na bo\u017ei\u0107ni sajam u ju\u017enoj","og_url":"https:\/\/veritasinfo.org\/?p=23971&lang=sr","article_published_time":"2025-12-14T13:46:23+00:00","article_modified_time":"2025-12-14T13:48:16+00:00","og_image":[{"width":670,"height":392,"url":"https:\/\/veritasinfo.org\/wp-content\/uploads\/2025\/12\/4667793-508428962.jpg","type":"image\/jpeg"}],"author":"US5","twitter_card":"summary_large_image","twitter_misc":{"Written by":"US5","Est. reading time":"1 minute"},"schema":{"@context":"https:\/\/schema.org","@graph":[{"@type":"WebPage","@id":"https:\/\/veritasinfo.org\/?p=23971&lang=sr","url":"https:\/\/veritasinfo.org\/?p=23971&lang=sr","name":"Nema\u010dka uhapsila pet osumnji\u010denih za planiranje napada na bo\u017ei\u0107ni sajam -","isPartOf":{"@id":"https:\/\/veritasinfo.org\/#website"},"primaryImageOfPage":{"@id":"https:\/\/veritasinfo.org\/?p=23971&lang=sr#primaryimage"},"image":{"@id":"https:\/\/veritasinfo.org\/?p=23971&lang=sr#primaryimage"},"thumbnailUrl":"https:\/\/veritasinfo.org\/wp-content\/uploads\/2025\/12\/4667793-508428962.jpg","datePublished":"2025-12-14T13:46:23+00:00","dateModified":"2025-12-14T13:48:16+00:00","author":{"@id":"https:\/\/veritasinfo.org\/#\/schema\/person\/bc442336e35414d04494ab8fb45db4c6"},"breadcrumb":{"@id":"https:\/\/veritasinfo.org\/?p=23971&lang=sr#breadcrumb"},"inLanguage":"en-US","potentialAction":[{"@type":"ReadAction","target":["https:\/\/veritasinfo.org\/?p=23971&lang=sr"]}]},{"@type":"ImageObject","inLanguage":"en-US","@id":"https:\/\/veritasinfo.org\/?p=23971&lang=sr#primaryimage","url":"https:\/\/veritasinfo.org\/wp-content\/uploads\/2025\/12\/4667793-508428962.jpg","contentUrl":"https:\/\/veritasinfo.org\/wp-content\/uploads\/2025\/12\/4667793-508428962.jpg","width":670,"height":392},{"@type":"BreadcrumbList","@id":"https:\/\/veritasinfo.org\/?p=23971&lang=sr#breadcrumb","itemListElement":[{"@type":"ListItem","position":1,"name":"Home","item":"https:\/\/veritasinfo.org\/"},{"@type":"ListItem","position":2,"name":"Nema\u010dka uhapsila pet osumnji\u010denih za planiranje napada na bo\u017ei\u0107ni sajam"}]},{"@type":"WebSite","@id":"https:\/\/veritasinfo.org\/#website","url":"https:\/\/veritasinfo.org\/","name":"","description":"","potentialAction":[{"@type":"SearchAction","target":{"@type":"EntryPoint","urlTemplate":"https:\/\/veritasinfo.org\/?s={search_term_string}"},"query-input":{"@type":"PropertyValueSpecification","valueRequired":true,"valueName":"search_term_string"}}],"inLanguage":"en-US"},{"@type":"Person","@id":"https:\/\/veritasinfo.org\/#\/schema\/person\/bc442336e35414d04494ab8fb45db4c6","name":"US5","image":{"@type":"ImageObject","inLanguage":"en-US","@id":"https:\/\/veritasinfo.org\/#\/schema\/person\/image\/","url":"https:\/\/secure.gravatar.com\/avatar\/16a61e7272a0c5d001121ebb9e60e925d5816e4ac1e443ed3e640d9a6ae55d0c?s=96&d=mm&r=g","contentUrl":"https:\/\/secure.gravatar.com\/avatar\/16a61e7272a0c5d001121ebb9e60e925d5816e4ac1e443ed3e640d9a6ae55d0c?s=96&d=mm&r=g","caption":"US5"},"url":"https:\/\/veritasinfo.org\/?author=6"}]}},"featured_image_urls":{"full":["https:\/\/veritasinfo.org\/wp-content\/uploads\/2025\/12\/4667793-508428962.jpg",670,392,false],"thumbnail":["https:\/\/veritasinfo.org\/wp-content\/uploads\/2025\/12\/4667793-508428962-150x150.jpg",150,150,true],"medium":["https:\/\/veritasinfo.org\/wp-content\/uploads\/2025\/12\/4667793-508428962-300x176.jpg",300,176,true],"medium_large":["https:\/\/veritasinfo.org\/wp-content\/uploads\/2025\/12\/4667793-508428962.jpg",640,374,false],"large":["https:\/\/veritasinfo.org\/wp-content\/uploads\/2025\/12\/4667793-508428962.jpg",640,374,false],"1536x1536":["https:\/\/veritasinfo.org\/wp-content\/uploads\/2025\/12\/4667793-508428962.jpg",670,392,false],"2048x2048":["https:\/\/veritasinfo.org\/wp-content\/uploads\/2025\/12\/4667793-508428962.jpg",670,392,false],"kreeti-slider-full":["https:\/\/veritasinfo.org\/wp-content\/uploads\/2025\/12\/4667793-508428962.jpg",670,392,false],"kreeti-featured":["https:\/\/veritasinfo.org\/wp-content\/uploads\/2025\/12\/4667793-508428962.jpg",670,392,false],"kreeti-medium":["https:\/\/veritasinfo.org\/wp-content\/uploads\/2025\/12\/4667793-508428962.jpg",670,392,false],"kreeti-medium-square":["https:\/\/veritasinfo.org\/wp-content\/uploads\/2025\/12\/4667793-508428962.jpg",350,205,false]},"author_info":{"info":["US5"]},"category_info":"<a href=\"https:\/\/veritasinfo.org\/?cat=74&#038;lang=sr\" rel=\"category\">Svet<\/a>","tag_info":"Svet","comment_count":"0","_links":{"self":[{"href":"https:\/\/veritasinfo.org\/index.php?rest_route=\/wp\/v2\/posts\/23971","targetHints":{"allow":["GET"]}}],"collection":[{"href":"https:\/\/veritasinfo.org\/index.php?rest_route=\/wp\/v2\/posts"}],"about":[{"href":"https:\/\/veritasinfo.org\/index.php?rest_route=\/wp\/v2\/types\/post"}],"author":[{"embeddable":true,"href":"https:\/\/veritasinfo.org\/index.php?rest_route=\/wp\/v2\/users\/6"}],"replies":[{"embeddable":true,"href":"https:\/\/veritasinfo.org\/index.php?rest_route=%2Fwp%2Fv2%2Fcomments&post=23971"}],"version-history":[{"count":1,"href":"https:\/\/veritasinfo.org\/index.php?rest_route=\/wp\/v2\/posts\/23971\/revisions"}],"predecessor-version":[{"id":23972,"href":"https:\/\/veritasinfo.org\/index.php?rest_route=\/wp\/v2\/posts\/23971\/revisions\/23972"}],"wp:featuredmedia":[{"embeddable":true,"href":"https:\/\/veritasinfo.org\/index.php?rest_route=\/wp\/v2\/media\/23969"}],"wp:attachment":[{"href":"https:\/\/veritasinfo.org\/index.php?rest_route=%2Fwp%2Fv2%2Fmedia&parent=23971"}],"wp:term":[{"taxonomy":"category","embeddable":true,"href":"https:\/\/veritasinfo.org\/index.php?rest_route=%2Fwp%2Fv2%2Fcategories&post=23971"},{"taxonomy":"post_tag","embeddable":true,"href":"https:\/\/veritasinfo.org\/index.php?rest_route=%2Fwp%2Fv2%2Ftags&post=23971"}],"curies":[{"name":"wp","href":"https:\/\/api.w.org\/{rel}","templated":true}]}}