{"id":23942,"date":"2025-12-14T11:18:13","date_gmt":"2025-12-14T10:18:13","guid":{"rendered":"https:\/\/veritasinfo.org\/?p=23942"},"modified":"2025-12-14T11:18:13","modified_gmt":"2025-12-14T10:18:13","slug":"njerezit-pro-ruse-ne-krye-te-qeverise-serbe","status":"publish","type":"post","link":"https:\/\/veritasinfo.org\/?p=23942","title":{"rendered":"Njer\u00ebzit pro-rus\u00eb n\u00eb krye t\u00eb qeveris\u00eb serbe?"},"content":{"rendered":"<p><strong>Njer\u00ebzit pro-rus\u00eb n\u00eb krye t\u00eb qeveris\u00eb serbe?<\/strong><\/p>\n<p><strong>Beograd, 14 dhjetor 2025 11:18<\/strong><\/p>\n<p>Shkarkimi i Marko Parezanoviqit nga pozicioni i kreut t\u00eb BIA-s, p\u00ebr t\u00eb cilin po shkruajn\u00eb mediat, por q\u00eb nuk \u00ebsht\u00eb konfirmuar zyrtarisht, interpretohet nga publiku si nj\u00eb spastrim i kuadrove pro-rus\u00eb n\u00eb qeverin\u00eb e lart\u00eb. Ky interpretim rikthen n\u00eb fokus se kush jan\u00eb t\u00eb gjith\u00eb njer\u00ebzit nga elita qeveris\u00ebse, t\u00eb cil\u00ebt etiketohen n\u00eb publik si simpatizant\u00eb t\u00eb Rusis\u00eb.<\/p>\n<p>Konsiderohet se nuk ka shum\u00eb an\u00ebtar\u00eb t\u00eb hapur pro-rus\u00eb n\u00eb qeverin\u00eb e Gjuor Macut, por mjaftuesh\u00ebm, n\u00eb m\u00ebnyr\u00eb q\u00eb t\u00eb mos perceptohet nga elektorati i gjer\u00eb si nj\u00eb qeveri plot\u00ebsisht e orientuar drejt Per\u00ebndimit. V\u00ebmendja ndaj Mosk\u00ebs \u00ebsht\u00eb ve\u00e7an\u00ebrisht e dukshme p\u00ebr shkak t\u00eb kriz\u00ebs s\u00eb shkaktuar nga sanksionet amerikane mbi industrin\u00eb serbe t\u00eb naft\u00ebs, p\u00ebr shkak t\u00eb pron\u00ebsis\u00eb shumic\u00eb ruse, e cila mund t\u00eb thellohet dhe t\u00eb zhvillohet.<\/p>\n<p>N\u00eb k\u00ebt\u00eb drejtim, q\u00ebndrimi i vet\u00eb Kryeministrit Macut, \u00ebsht\u00eb i paqart\u00eb, pasi ai dyshohet se u p\u00ebrpoq t\u00eb organizonte nj\u00eb vizit\u00eb te Presidenti rus Vladimir Putin, gj\u00eb q\u00eb u refuzua. Pastaj n\u00eb mediat ruse u shfaq nj\u00eb lajm p\u00ebr nj\u00eb ndryshim n\u00eb kabinetin e Macut dhe at\u00eb t\u00eb kreut t\u00eb at\u00ebhersh\u00ebm t\u00eb kabinetit, Millosh Anxhiq, i cili konsiderohej nj\u00eb bashk\u00ebpun\u00ebtor i ngusht\u00eb i Aleksandar Vulinit.<\/p>\n<p>N\u00eb qeverin\u00eb aktuale dhe t\u00eb m\u00ebparshme, njer\u00ebzit m\u00eb t\u00eb njohur p\u00ebr dashurin\u00eb e tyre publike ndaj Rusis\u00eb, dhe p\u00ebr k\u00ebt\u00eb arsye m\u00eb t\u00eb spikaturit, jan\u00eb Ivica Da\u00e7i\u00e7 dhe Nenad Popovi\u00e7.<\/p>\n<p>Ivica Da\u00e7i\u00e7, Z\u00ebvend\u00ebskryeminist\u00ebr dhe Minist\u00ebr i Pun\u00ebve t\u00eb Brendshme, u dekorua me Urdhrin e Miq\u00ebsis\u00eb nga Presidenti i Rusis\u00eb Vladimir Putin n\u00eb vitin 2018. Ai ishte n\u00eb favor t\u00eb dh\u00ebnies s\u00eb statusit diplomatik punonj\u00ebsve t\u00eb qendr\u00ebs humanitare ruso-serbe n\u00eb Nish, t\u00eb cil\u00ebn SHBA-t\u00eb e kund\u00ebrshtuan p\u00ebr shkak t\u00eb dyshimeve n\u00eb lidhje me q\u00ebllimet e atij objekti.<\/p>\n<p>Ai gjithashtu deklaroi n\u00eb vitin 2022 se jan\u00eb Bashkimi Evropian dhe SHBA-t\u00eb ato q\u00eb po e detyrojn\u00eb Serbin\u00eb n\u00eb p\u00ebrqafimin e Rusis\u00eb. Nenad Popovi\u00e7, minist\u00ebr pa portofol p\u00ebrgjegj\u00ebs p\u00ebr bashk\u00ebpunimin ekonomik nd\u00ebrkomb\u00ebtar dhe pozicionin shoq\u00ebror t\u00eb kish\u00ebs n\u00eb vend dhe jasht\u00eb vendit, ka nj\u00eb histori t\u00eb gjat\u00eb marr\u00ebdh\u00ebniesh t\u00eb mira me Rusin\u00eb.<\/p>\n<p>Presidenti i Federat\u00ebs Ruse, Vladimir Putin, i dha atij Urdhrin e Miq\u00ebsis\u00eb n\u00eb vitin 2010, p\u00ebr kontributin e tij t\u00eb ve\u00e7ant\u00eb n\u00eb zhvillimin dhe forcimin e lidhjeve ekonomike dhe sociale midis Serbis\u00eb dhe Rusis\u00eb. Ai \u00ebsht\u00eb gjithashtu mbajt\u00ebs i disa mir\u00ebnjohjeve t\u00eb dh\u00ebna nga Kisha Ortodokse Ruse. Partia e Popoviqit, Partia Popullore Serbe (SNP), shfaqet gjithmon\u00eb si pjes\u00eb e list\u00ebs s\u00eb SNS-s\u00eb. Marr\u00ebdh\u00ebniet e tij t\u00eb mira me Rusin\u00eb jan\u00eb gjithashtu t\u00eb natyr\u00ebs ekonomike. Popoviqi konsiderohet si &#8220;njeriu rus&#8221; n\u00eb qeveri, i cili u b\u00eb minist\u00ebr p\u00ebr inovacionin dhe zhvillimin teknologjik n\u00eb vitin 2017. Kompanit\u00eb e tij bashk\u00ebpunojn\u00eb ngusht\u00eb me shtetin rus.<\/p>\n<p>Dushan Bajatoviq, deputet i SPS-s\u00eb dhe drejtor i Nd\u00ebrmarrjes Publike Srbijagas, konsiderohet gjithashtu nj\u00eb faktor i r\u00ebnd\u00ebsish\u00ebm i ndikimit rus n\u00eb Serbi. N\u00eb fund t\u00eb shtatorit t\u00eb k\u00ebtij viti, ai u b\u00eb konsull nderi p\u00ebr Vojvodin\u00ebn, dhe pozicioni iu caktua nga Ministria e Pun\u00ebve t\u00eb Jashtme e Federat\u00ebs Ruse. Bajatoviq \u00ebsht\u00eb gjithashtu an\u00ebtar i Grupit t\u00eb Pun\u00ebs p\u00ebr Monitorimin e Sanksioneve Amerikane ndaj Industris\u00eb s\u00eb Naft\u00ebs s\u00eb Serbis\u00eb (NIS). Q\u00ebllimi i k\u00ebtij grupi, si\u00e7 \u00ebsht\u00eb njoftuar, \u00ebsht\u00eb t\u00eb dal\u00eb me &#8220;zgjidhjet m\u00eb t\u00eb mira n\u00eb interes t\u00eb Republik\u00ebs s\u00eb Serbis\u00eb&#8221;. Ai ka qen\u00eb an\u00ebtar i parlamentit q\u00eb nga viti 2007.<\/p>\n<p>Si m\u00eb i af\u00ebrti me Rusin\u00eb, n\u00eb k\u00ebt\u00eb konkurrenc\u00eb t\u00eb ashp\u00ebr, n\u00eb Serbi, ish-z\u00ebvend\u00ebskryeministri, ish-ministri i policis\u00eb dhe mbrojtjes dhe ish-drejtori i BIA-s, Aleksandar Vulin, ende njihet. Vulin u nderua gjithashtu nga autoritetet ruse, me dy urdhra n\u00eb dy dit\u00eb. Ai u dekorua nga Presidenti i Rusis\u00eb, Vladimir Putin, me Urdhrin e Miq\u00ebsis\u00eb dhe Sh\u00ebrbimi Federal i Siguris\u00eb Ruse (FSB), me Urdhrin p\u00ebr &#8220;profesionaliz\u00ebm t\u00eb jasht\u00ebzakonsh\u00ebm dhe kontribut n\u00eb bashk\u00ebpunimin midis sh\u00ebrbimeve serbe dhe ruse&#8221;.<\/p>\n<p>N\u00eb dhjetor 2021, ai udh\u00ebtoi p\u00ebr n\u00eb Mosk\u00eb, ku u takua me Sekretarin e at\u00ebhersh\u00ebm t\u00eb K\u00ebshillit t\u00eb Siguris\u00eb s\u00eb Rusis\u00eb, Nikolai Patrushev, dhe diskutoi, nd\u00ebr t\u00eb tjera, &#8220;revolucionet me ngjyra&#8221;, dometh\u00ebn\u00eb planet e supozuara t\u00eb &#8220;qendr\u00ebs s\u00eb pushtetit&#8221; p\u00ebr t\u00eb shembur shtet\u00ebsin\u00eb dhe sovranitetin e vendeve p\u00ebrmes protestave, raportoi RSE. Vulin m\u00eb par\u00eb e ka kritikuar Per\u00ebndimin p\u00ebr bashk\u00ebpunimin e tij me Rusin\u00eb, nd\u00ebrsa n\u00eb korrik 2023 Shtetet e Bashkuara e vendos\u00ebn Vulin n\u00eb list\u00ebn e sanksioneve p\u00ebr korrupsion dhe p\u00ebrfshirje t\u00eb dyshuar n\u00eb trafikun e drog\u00ebs, si dhe lidhje me Rusin\u00eb.<\/p>\n<p>Milica Gjurgjeviq Stamenkovski, Ministrja e Pun\u00ebs, Pun\u00ebsimit, Veteran\u00ebve dhe \u00c7\u00ebshtjeve Sociale, njihet gjithashtu si e af\u00ebrt me Mosk\u00ebn dhe nj\u00eb person simpatik ndaj Rusis\u00eb. Ajo m\u00eb par\u00eb theksoi p\u00ebr Juron News se Serbia \u00ebsht\u00eb e p\u00ebrkushtuar p\u00ebr t\u00eb ruajtur marr\u00ebdh\u00ebniet me Federat\u00ebn Ruse dhe se, sipas sondazheve t\u00eb opinionit publik, m\u00eb shum\u00eb se 80 p\u00ebrqind e qytetar\u00ebve serb\u00eb nuk e mb\u00ebshtesin vendosjen e sanksioneve kund\u00ebr Rusis\u00eb, gj\u00eb q\u00eb tregon qart\u00eb q\u00ebndrimin e popullit p\u00ebr r\u00ebnd\u00ebsin\u00eb e miq\u00ebsis\u00eb serbo-ruse, njoftoi Ministria e Pun\u00ebs, Pun\u00ebsimit, Veteran\u00ebve dhe \u00c7\u00ebshtjeve Sociale.<\/p>\n<p>Ajo m\u00eb par\u00eb theksoi se Serbia nuk do t\u00eb vendos\u00eb sanksione ndaj Rusis\u00eb dhe se \u00ebsht\u00eb i vetmi vend n\u00eb Evrop\u00eb q\u00eb ndjek nj\u00eb politik\u00eb t\u00eb till\u00eb dhe se do t\u00eb mbetet e p\u00ebrkushtuar ndaj k\u00ebtij parimi.<\/p>\n","protected":false},"excerpt":{"rendered":"<p>Njer\u00ebzit pro-rus\u00eb n\u00eb krye t\u00eb qeveris\u00eb serbe? Beograd, 14 dhjetor 2025 11:18 Shkarkimi i Marko Parezanoviqit nga pozicioni i kreut t\u00eb BIA-s, p\u00ebr t\u00eb cilin<\/p>\n","protected":false},"author":2,"featured_media":23944,"comment_status":"open","ping_status":"open","sticky":false,"template":"","format":"standard","meta":{"footnotes":""},"categories":[58],"tags":[],"class_list":["post-23942","post","type-post","status-publish","format-standard","has-post-thumbnail","hentry","category-politike-sq"],"yoast_head":"<!-- This site is optimized with the Yoast SEO plugin v25.3.1 - https:\/\/yoast.com\/wordpress\/plugins\/seo\/ -->\n<title>Njer\u00ebzit pro-rus\u00eb n\u00eb krye t\u00eb qeveris\u00eb serbe? -<\/title>\n<meta name=\"robots\" content=\"index, follow, max-snippet:-1, max-image-preview:large, max-video-preview:-1\" \/>\n<link rel=\"canonical\" href=\"https:\/\/veritasinfo.org\/?p=23942\" \/>\n<meta property=\"og:locale\" content=\"en_US\" \/>\n<meta property=\"og:type\" content=\"article\" \/>\n<meta property=\"og:title\" content=\"Njer\u00ebzit pro-rus\u00eb n\u00eb krye t\u00eb qeveris\u00eb serbe? -\" \/>\n<meta property=\"og:description\" content=\"Njer\u00ebzit pro-rus\u00eb n\u00eb krye t\u00eb qeveris\u00eb serbe? Beograd, 14 dhjetor 2025 11:18 Shkarkimi i Marko Parezanoviqit nga pozicioni i kreut t\u00eb BIA-s, p\u00ebr t\u00eb cilin\" \/>\n<meta property=\"og:url\" content=\"https:\/\/veritasinfo.org\/?p=23942\" \/>\n<meta property=\"article:published_time\" content=\"2025-12-14T10:18:13+00:00\" \/>\n<meta property=\"og:image\" content=\"https:\/\/veritasinfo.org\/wp-content\/uploads\/2025\/12\/srb-rus.jpg\" \/>\n\t<meta property=\"og:image:width\" content=\"1000\" \/>\n\t<meta property=\"og:image:height\" content=\"560\" \/>\n\t<meta property=\"og:image:type\" content=\"image\/jpeg\" \/>\n<meta name=\"author\" content=\"US1\" \/>\n<meta name=\"twitter:card\" content=\"summary_large_image\" \/>\n<meta name=\"twitter:label1\" content=\"Written by\" \/>\n\t<meta name=\"twitter:data1\" content=\"US1\" \/>\n\t<meta name=\"twitter:label2\" content=\"Est. reading time\" \/>\n\t<meta name=\"twitter:data2\" content=\"4 minutes\" \/>\n<script type=\"application\/ld+json\" class=\"yoast-schema-graph\">{\"@context\":\"https:\/\/schema.org\",\"@graph\":[{\"@type\":\"WebPage\",\"@id\":\"https:\/\/veritasinfo.org\/?p=23942\",\"url\":\"https:\/\/veritasinfo.org\/?p=23942\",\"name\":\"Njer\u00ebzit pro-rus\u00eb n\u00eb krye t\u00eb qeveris\u00eb serbe? -\",\"isPartOf\":{\"@id\":\"https:\/\/veritasinfo.org\/#website\"},\"primaryImageOfPage\":{\"@id\":\"https:\/\/veritasinfo.org\/?p=23942#primaryimage\"},\"image\":{\"@id\":\"https:\/\/veritasinfo.org\/?p=23942#primaryimage\"},\"thumbnailUrl\":\"https:\/\/veritasinfo.org\/wp-content\/uploads\/2025\/12\/srb-rus.jpg\",\"datePublished\":\"2025-12-14T10:18:13+00:00\",\"author\":{\"@id\":\"https:\/\/veritasinfo.org\/#\/schema\/person\/c2b8be262ea994d0995addca692c5e98\"},\"breadcrumb\":{\"@id\":\"https:\/\/veritasinfo.org\/?p=23942#breadcrumb\"},\"inLanguage\":\"en-US\",\"potentialAction\":[{\"@type\":\"ReadAction\",\"target\":[\"https:\/\/veritasinfo.org\/?p=23942\"]}]},{\"@type\":\"ImageObject\",\"inLanguage\":\"en-US\",\"@id\":\"https:\/\/veritasinfo.org\/?p=23942#primaryimage\",\"url\":\"https:\/\/veritasinfo.org\/wp-content\/uploads\/2025\/12\/srb-rus.jpg\",\"contentUrl\":\"https:\/\/veritasinfo.org\/wp-content\/uploads\/2025\/12\/srb-rus.jpg\",\"width\":1000,\"height\":560},{\"@type\":\"BreadcrumbList\",\"@id\":\"https:\/\/veritasinfo.org\/?p=23942#breadcrumb\",\"itemListElement\":[{\"@type\":\"ListItem\",\"position\":1,\"name\":\"Home\",\"item\":\"https:\/\/veritasinfo.org\/\"},{\"@type\":\"ListItem\",\"position\":2,\"name\":\"Njer\u00ebzit pro-rus\u00eb n\u00eb krye t\u00eb qeveris\u00eb serbe?\"}]},{\"@type\":\"WebSite\",\"@id\":\"https:\/\/veritasinfo.org\/#website\",\"url\":\"https:\/\/veritasinfo.org\/\",\"name\":\"\",\"description\":\"\",\"potentialAction\":[{\"@type\":\"SearchAction\",\"target\":{\"@type\":\"EntryPoint\",\"urlTemplate\":\"https:\/\/veritasinfo.org\/?s={search_term_string}\"},\"query-input\":{\"@type\":\"PropertyValueSpecification\",\"valueRequired\":true,\"valueName\":\"search_term_string\"}}],\"inLanguage\":\"en-US\"},{\"@type\":\"Person\",\"@id\":\"https:\/\/veritasinfo.org\/#\/schema\/person\/c2b8be262ea994d0995addca692c5e98\",\"name\":\"US1\",\"image\":{\"@type\":\"ImageObject\",\"inLanguage\":\"en-US\",\"@id\":\"https:\/\/veritasinfo.org\/#\/schema\/person\/image\/\",\"url\":\"https:\/\/secure.gravatar.com\/avatar\/4e96a59bd256abf9956eb9963ac891a47461ffb364d47b0e9aab113328fdb75b?s=96&d=mm&r=g\",\"contentUrl\":\"https:\/\/secure.gravatar.com\/avatar\/4e96a59bd256abf9956eb9963ac891a47461ffb364d47b0e9aab113328fdb75b?s=96&d=mm&r=g\",\"caption\":\"US1\"},\"url\":\"https:\/\/veritasinfo.org\/?author=2\"}]}<\/script>\n<!-- \/ Yoast SEO plugin. -->","yoast_head_json":{"title":"Njer\u00ebzit pro-rus\u00eb n\u00eb krye t\u00eb qeveris\u00eb serbe? -","robots":{"index":"index","follow":"follow","max-snippet":"max-snippet:-1","max-image-preview":"max-image-preview:large","max-video-preview":"max-video-preview:-1"},"canonical":"https:\/\/veritasinfo.org\/?p=23942","og_locale":"en_US","og_type":"article","og_title":"Njer\u00ebzit pro-rus\u00eb n\u00eb krye t\u00eb qeveris\u00eb serbe? -","og_description":"Njer\u00ebzit pro-rus\u00eb n\u00eb krye t\u00eb qeveris\u00eb serbe? Beograd, 14 dhjetor 2025 11:18 Shkarkimi i Marko Parezanoviqit nga pozicioni i kreut t\u00eb BIA-s, p\u00ebr t\u00eb cilin","og_url":"https:\/\/veritasinfo.org\/?p=23942","article_published_time":"2025-12-14T10:18:13+00:00","og_image":[{"width":1000,"height":560,"url":"https:\/\/veritasinfo.org\/wp-content\/uploads\/2025\/12\/srb-rus.jpg","type":"image\/jpeg"}],"author":"US1","twitter_card":"summary_large_image","twitter_misc":{"Written by":"US1","Est. reading time":"4 minutes"},"schema":{"@context":"https:\/\/schema.org","@graph":[{"@type":"WebPage","@id":"https:\/\/veritasinfo.org\/?p=23942","url":"https:\/\/veritasinfo.org\/?p=23942","name":"Njer\u00ebzit pro-rus\u00eb n\u00eb krye t\u00eb qeveris\u00eb serbe? -","isPartOf":{"@id":"https:\/\/veritasinfo.org\/#website"},"primaryImageOfPage":{"@id":"https:\/\/veritasinfo.org\/?p=23942#primaryimage"},"image":{"@id":"https:\/\/veritasinfo.org\/?p=23942#primaryimage"},"thumbnailUrl":"https:\/\/veritasinfo.org\/wp-content\/uploads\/2025\/12\/srb-rus.jpg","datePublished":"2025-12-14T10:18:13+00:00","author":{"@id":"https:\/\/veritasinfo.org\/#\/schema\/person\/c2b8be262ea994d0995addca692c5e98"},"breadcrumb":{"@id":"https:\/\/veritasinfo.org\/?p=23942#breadcrumb"},"inLanguage":"en-US","potentialAction":[{"@type":"ReadAction","target":["https:\/\/veritasinfo.org\/?p=23942"]}]},{"@type":"ImageObject","inLanguage":"en-US","@id":"https:\/\/veritasinfo.org\/?p=23942#primaryimage","url":"https:\/\/veritasinfo.org\/wp-content\/uploads\/2025\/12\/srb-rus.jpg","contentUrl":"https:\/\/veritasinfo.org\/wp-content\/uploads\/2025\/12\/srb-rus.jpg","width":1000,"height":560},{"@type":"BreadcrumbList","@id":"https:\/\/veritasinfo.org\/?p=23942#breadcrumb","itemListElement":[{"@type":"ListItem","position":1,"name":"Home","item":"https:\/\/veritasinfo.org\/"},{"@type":"ListItem","position":2,"name":"Njer\u00ebzit pro-rus\u00eb n\u00eb krye t\u00eb qeveris\u00eb serbe?"}]},{"@type":"WebSite","@id":"https:\/\/veritasinfo.org\/#website","url":"https:\/\/veritasinfo.org\/","name":"","description":"","potentialAction":[{"@type":"SearchAction","target":{"@type":"EntryPoint","urlTemplate":"https:\/\/veritasinfo.org\/?s={search_term_string}"},"query-input":{"@type":"PropertyValueSpecification","valueRequired":true,"valueName":"search_term_string"}}],"inLanguage":"en-US"},{"@type":"Person","@id":"https:\/\/veritasinfo.org\/#\/schema\/person\/c2b8be262ea994d0995addca692c5e98","name":"US1","image":{"@type":"ImageObject","inLanguage":"en-US","@id":"https:\/\/veritasinfo.org\/#\/schema\/person\/image\/","url":"https:\/\/secure.gravatar.com\/avatar\/4e96a59bd256abf9956eb9963ac891a47461ffb364d47b0e9aab113328fdb75b?s=96&d=mm&r=g","contentUrl":"https:\/\/secure.gravatar.com\/avatar\/4e96a59bd256abf9956eb9963ac891a47461ffb364d47b0e9aab113328fdb75b?s=96&d=mm&r=g","caption":"US1"},"url":"https:\/\/veritasinfo.org\/?author=2"}]}},"featured_image_urls":{"full":["https:\/\/veritasinfo.org\/wp-content\/uploads\/2025\/12\/srb-rus.jpg",1000,560,false],"thumbnail":["https:\/\/veritasinfo.org\/wp-content\/uploads\/2025\/12\/srb-rus-150x150.jpg",150,150,true],"medium":["https:\/\/veritasinfo.org\/wp-content\/uploads\/2025\/12\/srb-rus-300x168.jpg",300,168,true],"medium_large":["https:\/\/veritasinfo.org\/wp-content\/uploads\/2025\/12\/srb-rus-768x430.jpg",640,358,true],"large":["https:\/\/veritasinfo.org\/wp-content\/uploads\/2025\/12\/srb-rus.jpg",640,358,false],"1536x1536":["https:\/\/veritasinfo.org\/wp-content\/uploads\/2025\/12\/srb-rus.jpg",1000,560,false],"2048x2048":["https:\/\/veritasinfo.org\/wp-content\/uploads\/2025\/12\/srb-rus.jpg",1000,560,false],"kreeti-slider-full":["https:\/\/veritasinfo.org\/wp-content\/uploads\/2025\/12\/srb-rus.jpg",1000,560,false],"kreeti-featured":["https:\/\/veritasinfo.org\/wp-content\/uploads\/2025\/12\/srb-rus.jpg",1000,560,false],"kreeti-medium":["https:\/\/veritasinfo.org\/wp-content\/uploads\/2025\/12\/srb-rus.jpg",720,403,false],"kreeti-medium-square":["https:\/\/veritasinfo.org\/wp-content\/uploads\/2025\/12\/srb-rus.jpg",350,196,false]},"author_info":{"info":["US1"]},"category_info":"<a href=\"https:\/\/veritasinfo.org\/?cat=58\" rel=\"category\">Politik\u00eb<\/a>","tag_info":"Politik\u00eb","comment_count":"0","_links":{"self":[{"href":"https:\/\/veritasinfo.org\/index.php?rest_route=\/wp\/v2\/posts\/23942","targetHints":{"allow":["GET"]}}],"collection":[{"href":"https:\/\/veritasinfo.org\/index.php?rest_route=\/wp\/v2\/posts"}],"about":[{"href":"https:\/\/veritasinfo.org\/index.php?rest_route=\/wp\/v2\/types\/post"}],"author":[{"embeddable":true,"href":"https:\/\/veritasinfo.org\/index.php?rest_route=\/wp\/v2\/users\/2"}],"replies":[{"embeddable":true,"href":"https:\/\/veritasinfo.org\/index.php?rest_route=%2Fwp%2Fv2%2Fcomments&post=23942"}],"version-history":[{"count":1,"href":"https:\/\/veritasinfo.org\/index.php?rest_route=\/wp\/v2\/posts\/23942\/revisions"}],"predecessor-version":[{"id":23945,"href":"https:\/\/veritasinfo.org\/index.php?rest_route=\/wp\/v2\/posts\/23942\/revisions\/23945"}],"wp:featuredmedia":[{"embeddable":true,"href":"https:\/\/veritasinfo.org\/index.php?rest_route=\/wp\/v2\/media\/23944"}],"wp:attachment":[{"href":"https:\/\/veritasinfo.org\/index.php?rest_route=%2Fwp%2Fv2%2Fmedia&parent=23942"}],"wp:term":[{"taxonomy":"category","embeddable":true,"href":"https:\/\/veritasinfo.org\/index.php?rest_route=%2Fwp%2Fv2%2Fcategories&post=23942"},{"taxonomy":"post_tag","embeddable":true,"href":"https:\/\/veritasinfo.org\/index.php?rest_route=%2Fwp%2Fv2%2Ftags&post=23942"}],"curies":[{"name":"wp","href":"https:\/\/api.w.org\/{rel}","templated":true}]}}