{"id":23912,"date":"2025-12-14T08:09:23","date_gmt":"2025-12-14T07:09:23","guid":{"rendered":"https:\/\/veritasinfo.org\/?p=23912"},"modified":"2025-12-14T08:09:23","modified_gmt":"2025-12-14T07:09:23","slug":"sot-nis-dergimi-i-fletevotimeve-per-votimin-me-poste-ne-diaspore","status":"publish","type":"post","link":"https:\/\/veritasinfo.org\/?p=23912","title":{"rendered":"Sot nis d\u00ebrgimi i flet\u00ebvotimeve p\u00ebr votimin me post\u00eb n\u00eb diaspor\u00eb"},"content":{"rendered":"<p><strong>Prishtin\u00eb, 14 dhjetor 2025 08:08<\/strong><\/p>\n<p>Komisioni Qendror i Zgjedhjeve, do t\u00eb nis\u00eb sot d\u00ebrgimin e e pakove me flet\u00ebvotime p\u00ebr votuesit e regjistruar jasht\u00eb Kosov\u00ebs, n\u00eb m\u00ebnyr\u00eb q\u00eb ata t\u00eb votojn\u00eb me post\u00eb, p\u00ebr zgjedhjet q\u00eb do t\u00eb mbahen n\u00eb vend me 28 dhjetor.<\/p>\n<p>K\u00ebshtu \u00ebsht\u00eb konfirmuar nj\u00eb dit\u00eb me par\u00eb nga Valmir Elezi, z\u00ebdh\u00ebn\u00ebs i KQZ-s\u00eb.<\/p>\n<p>\u2018\u2019Gjat\u00eb dit\u00ebs s\u00eb nes\u00ebrme (e diel, 14 dhjetor 2025, ora 10:45) Komisioni Qendror i Zgjedhjeve, p\u00ebrmes operatorit ekonomik, do t\u00eb nis\u00eb d\u00ebrgimin e pakove me flet\u00ebvotime p\u00ebr votuesit e regjistruar jasht\u00eb Kosov\u00ebs p\u00ebr t\u00eb votuar p\u00ebrmes post\u00ebs n\u00eb zgjedhjet e parakohshme p\u00ebr Kuvendin e Kosov\u00ebs\u2019\u2019, ka th\u00ebn\u00eb Elezi.<\/p>\n<p>Sa i p\u00ebrket numrit t\u00eb votuesve jasht\u00eb Kosov\u00ebs, KQZ dit\u00eb m\u00eb par\u00eb ka b\u00ebr\u00eb t\u00eb ditur se jan\u00eb rreth 57 mij\u00eb persona q\u00eb jan\u00eb regjistruar t\u00eb votojn\u00eb me post\u00eb.<\/p>\n<p>a<\/p>\n","protected":false},"excerpt":{"rendered":"<p>Prishtin\u00eb, 14 dhjetor 2025 08:08 Komisioni Qendror i Zgjedhjeve, do t\u00eb nis\u00eb sot d\u00ebrgimin e e pakove me flet\u00ebvotime p\u00ebr votuesit e regjistruar jasht\u00eb Kosov\u00ebs,<\/p>\n","protected":false},"author":7,"featured_media":23918,"comment_status":"open","ping_status":"open","sticky":false,"template":"","format":"standard","meta":{"footnotes":""},"categories":[8],"tags":[],"class_list":["post-23912","post","type-post","status-publish","format-standard","has-post-thumbnail","hentry","category-blog-sq"],"yoast_head":"<!-- This site is optimized with the Yoast SEO plugin v25.3.1 - https:\/\/yoast.com\/wordpress\/plugins\/seo\/ -->\n<title>Sot nis d\u00ebrgimi i flet\u00ebvotimeve p\u00ebr votimin me post\u00eb n\u00eb diaspor\u00eb -<\/title>\n<meta name=\"robots\" content=\"index, follow, max-snippet:-1, max-image-preview:large, max-video-preview:-1\" \/>\n<link rel=\"canonical\" href=\"https:\/\/veritasinfo.org\/?p=23912\" \/>\n<meta property=\"og:locale\" content=\"en_US\" \/>\n<meta property=\"og:type\" content=\"article\" \/>\n<meta property=\"og:title\" content=\"Sot nis d\u00ebrgimi i flet\u00ebvotimeve p\u00ebr votimin me post\u00eb n\u00eb diaspor\u00eb -\" \/>\n<meta property=\"og:description\" content=\"Prishtin\u00eb, 14 dhjetor 2025 08:08 Komisioni Qendror i Zgjedhjeve, do t\u00eb nis\u00eb sot d\u00ebrgimin e e pakove me flet\u00ebvotime p\u00ebr votuesit e regjistruar jasht\u00eb Kosov\u00ebs,\" \/>\n<meta property=\"og:url\" content=\"https:\/\/veritasinfo.org\/?p=23912\" \/>\n<meta property=\"article:published_time\" content=\"2025-12-14T07:09:23+00:00\" \/>\n<meta property=\"og:image\" content=\"https:\/\/veritasinfo.org\/wp-content\/uploads\/2025\/12\/KQZ-1.jpeg\" \/>\n\t<meta property=\"og:image:width\" content=\"949\" \/>\n\t<meta property=\"og:image:height\" content=\"972\" \/>\n\t<meta property=\"og:image:type\" content=\"image\/jpeg\" \/>\n<meta name=\"author\" content=\"US6\" \/>\n<meta name=\"twitter:card\" content=\"summary_large_image\" \/>\n<meta name=\"twitter:label1\" content=\"Written by\" \/>\n\t<meta name=\"twitter:data1\" content=\"US6\" \/>\n\t<meta name=\"twitter:label2\" content=\"Est. reading time\" \/>\n\t<meta name=\"twitter:data2\" content=\"1 minute\" \/>\n<script type=\"application\/ld+json\" class=\"yoast-schema-graph\">{\"@context\":\"https:\/\/schema.org\",\"@graph\":[{\"@type\":\"WebPage\",\"@id\":\"https:\/\/veritasinfo.org\/?p=23912\",\"url\":\"https:\/\/veritasinfo.org\/?p=23912\",\"name\":\"Sot nis d\u00ebrgimi i flet\u00ebvotimeve p\u00ebr votimin me post\u00eb n\u00eb diaspor\u00eb -\",\"isPartOf\":{\"@id\":\"https:\/\/veritasinfo.org\/#website\"},\"primaryImageOfPage\":{\"@id\":\"https:\/\/veritasinfo.org\/?p=23912#primaryimage\"},\"image\":{\"@id\":\"https:\/\/veritasinfo.org\/?p=23912#primaryimage\"},\"thumbnailUrl\":\"https:\/\/veritasinfo.org\/wp-content\/uploads\/2025\/12\/KQZ-1.jpeg\",\"datePublished\":\"2025-12-14T07:09:23+00:00\",\"author\":{\"@id\":\"https:\/\/veritasinfo.org\/#\/schema\/person\/fe199eede04c3937362892b7444747cc\"},\"breadcrumb\":{\"@id\":\"https:\/\/veritasinfo.org\/?p=23912#breadcrumb\"},\"inLanguage\":\"en-US\",\"potentialAction\":[{\"@type\":\"ReadAction\",\"target\":[\"https:\/\/veritasinfo.org\/?p=23912\"]}]},{\"@type\":\"ImageObject\",\"inLanguage\":\"en-US\",\"@id\":\"https:\/\/veritasinfo.org\/?p=23912#primaryimage\",\"url\":\"https:\/\/veritasinfo.org\/wp-content\/uploads\/2025\/12\/KQZ-1.jpeg\",\"contentUrl\":\"https:\/\/veritasinfo.org\/wp-content\/uploads\/2025\/12\/KQZ-1.jpeg\",\"width\":949,\"height\":972},{\"@type\":\"BreadcrumbList\",\"@id\":\"https:\/\/veritasinfo.org\/?p=23912#breadcrumb\",\"itemListElement\":[{\"@type\":\"ListItem\",\"position\":1,\"name\":\"Home\",\"item\":\"https:\/\/veritasinfo.org\/\"},{\"@type\":\"ListItem\",\"position\":2,\"name\":\"Sot nis d\u00ebrgimi i flet\u00ebvotimeve p\u00ebr votimin me post\u00eb n\u00eb diaspor\u00eb\"}]},{\"@type\":\"WebSite\",\"@id\":\"https:\/\/veritasinfo.org\/#website\",\"url\":\"https:\/\/veritasinfo.org\/\",\"name\":\"\",\"description\":\"\",\"potentialAction\":[{\"@type\":\"SearchAction\",\"target\":{\"@type\":\"EntryPoint\",\"urlTemplate\":\"https:\/\/veritasinfo.org\/?s={search_term_string}\"},\"query-input\":{\"@type\":\"PropertyValueSpecification\",\"valueRequired\":true,\"valueName\":\"search_term_string\"}}],\"inLanguage\":\"en-US\"},{\"@type\":\"Person\",\"@id\":\"https:\/\/veritasinfo.org\/#\/schema\/person\/fe199eede04c3937362892b7444747cc\",\"name\":\"US6\",\"image\":{\"@type\":\"ImageObject\",\"inLanguage\":\"en-US\",\"@id\":\"https:\/\/veritasinfo.org\/#\/schema\/person\/image\/\",\"url\":\"https:\/\/secure.gravatar.com\/avatar\/cb16c3c31c9d23b9b8c705964598220b3014e42ff51eb540ff23cefa3ae8c15f?s=96&d=mm&r=g\",\"contentUrl\":\"https:\/\/secure.gravatar.com\/avatar\/cb16c3c31c9d23b9b8c705964598220b3014e42ff51eb540ff23cefa3ae8c15f?s=96&d=mm&r=g\",\"caption\":\"US6\"},\"url\":\"https:\/\/veritasinfo.org\/?author=7\"}]}<\/script>\n<!-- \/ Yoast SEO plugin. -->","yoast_head_json":{"title":"Sot nis d\u00ebrgimi i flet\u00ebvotimeve p\u00ebr votimin me post\u00eb n\u00eb diaspor\u00eb -","robots":{"index":"index","follow":"follow","max-snippet":"max-snippet:-1","max-image-preview":"max-image-preview:large","max-video-preview":"max-video-preview:-1"},"canonical":"https:\/\/veritasinfo.org\/?p=23912","og_locale":"en_US","og_type":"article","og_title":"Sot nis d\u00ebrgimi i flet\u00ebvotimeve p\u00ebr votimin me post\u00eb n\u00eb diaspor\u00eb -","og_description":"Prishtin\u00eb, 14 dhjetor 2025 08:08 Komisioni Qendror i Zgjedhjeve, do t\u00eb nis\u00eb sot d\u00ebrgimin e e pakove me flet\u00ebvotime p\u00ebr votuesit e regjistruar jasht\u00eb Kosov\u00ebs,","og_url":"https:\/\/veritasinfo.org\/?p=23912","article_published_time":"2025-12-14T07:09:23+00:00","og_image":[{"width":949,"height":972,"url":"https:\/\/veritasinfo.org\/wp-content\/uploads\/2025\/12\/KQZ-1.jpeg","type":"image\/jpeg"}],"author":"US6","twitter_card":"summary_large_image","twitter_misc":{"Written by":"US6","Est. reading time":"1 minute"},"schema":{"@context":"https:\/\/schema.org","@graph":[{"@type":"WebPage","@id":"https:\/\/veritasinfo.org\/?p=23912","url":"https:\/\/veritasinfo.org\/?p=23912","name":"Sot nis d\u00ebrgimi i flet\u00ebvotimeve p\u00ebr votimin me post\u00eb n\u00eb diaspor\u00eb -","isPartOf":{"@id":"https:\/\/veritasinfo.org\/#website"},"primaryImageOfPage":{"@id":"https:\/\/veritasinfo.org\/?p=23912#primaryimage"},"image":{"@id":"https:\/\/veritasinfo.org\/?p=23912#primaryimage"},"thumbnailUrl":"https:\/\/veritasinfo.org\/wp-content\/uploads\/2025\/12\/KQZ-1.jpeg","datePublished":"2025-12-14T07:09:23+00:00","author":{"@id":"https:\/\/veritasinfo.org\/#\/schema\/person\/fe199eede04c3937362892b7444747cc"},"breadcrumb":{"@id":"https:\/\/veritasinfo.org\/?p=23912#breadcrumb"},"inLanguage":"en-US","potentialAction":[{"@type":"ReadAction","target":["https:\/\/veritasinfo.org\/?p=23912"]}]},{"@type":"ImageObject","inLanguage":"en-US","@id":"https:\/\/veritasinfo.org\/?p=23912#primaryimage","url":"https:\/\/veritasinfo.org\/wp-content\/uploads\/2025\/12\/KQZ-1.jpeg","contentUrl":"https:\/\/veritasinfo.org\/wp-content\/uploads\/2025\/12\/KQZ-1.jpeg","width":949,"height":972},{"@type":"BreadcrumbList","@id":"https:\/\/veritasinfo.org\/?p=23912#breadcrumb","itemListElement":[{"@type":"ListItem","position":1,"name":"Home","item":"https:\/\/veritasinfo.org\/"},{"@type":"ListItem","position":2,"name":"Sot nis d\u00ebrgimi i flet\u00ebvotimeve p\u00ebr votimin me post\u00eb n\u00eb diaspor\u00eb"}]},{"@type":"WebSite","@id":"https:\/\/veritasinfo.org\/#website","url":"https:\/\/veritasinfo.org\/","name":"","description":"","potentialAction":[{"@type":"SearchAction","target":{"@type":"EntryPoint","urlTemplate":"https:\/\/veritasinfo.org\/?s={search_term_string}"},"query-input":{"@type":"PropertyValueSpecification","valueRequired":true,"valueName":"search_term_string"}}],"inLanguage":"en-US"},{"@type":"Person","@id":"https:\/\/veritasinfo.org\/#\/schema\/person\/fe199eede04c3937362892b7444747cc","name":"US6","image":{"@type":"ImageObject","inLanguage":"en-US","@id":"https:\/\/veritasinfo.org\/#\/schema\/person\/image\/","url":"https:\/\/secure.gravatar.com\/avatar\/cb16c3c31c9d23b9b8c705964598220b3014e42ff51eb540ff23cefa3ae8c15f?s=96&d=mm&r=g","contentUrl":"https:\/\/secure.gravatar.com\/avatar\/cb16c3c31c9d23b9b8c705964598220b3014e42ff51eb540ff23cefa3ae8c15f?s=96&d=mm&r=g","caption":"US6"},"url":"https:\/\/veritasinfo.org\/?author=7"}]}},"featured_image_urls":{"full":["https:\/\/veritasinfo.org\/wp-content\/uploads\/2025\/12\/KQZ-1.jpeg",949,972,false],"thumbnail":["https:\/\/veritasinfo.org\/wp-content\/uploads\/2025\/12\/KQZ-1-150x150.jpeg",150,150,true],"medium":["https:\/\/veritasinfo.org\/wp-content\/uploads\/2025\/12\/KQZ-1-293x300.jpeg",293,300,true],"medium_large":["https:\/\/veritasinfo.org\/wp-content\/uploads\/2025\/12\/KQZ-1-768x787.jpeg",640,656,true],"large":["https:\/\/veritasinfo.org\/wp-content\/uploads\/2025\/12\/KQZ-1.jpeg",640,656,false],"1536x1536":["https:\/\/veritasinfo.org\/wp-content\/uploads\/2025\/12\/KQZ-1.jpeg",949,972,false],"2048x2048":["https:\/\/veritasinfo.org\/wp-content\/uploads\/2025\/12\/KQZ-1.jpeg",949,972,false],"kreeti-slider-full":["https:\/\/veritasinfo.org\/wp-content\/uploads\/2025\/12\/KQZ-1.jpeg",703,720,false],"kreeti-featured":["https:\/\/veritasinfo.org\/wp-content\/uploads\/2025\/12\/KQZ-1.jpeg",949,972,false],"kreeti-medium":["https:\/\/veritasinfo.org\/wp-content\/uploads\/2025\/12\/KQZ-1.jpeg",517,530,false],"kreeti-medium-square":["https:\/\/veritasinfo.org\/wp-content\/uploads\/2025\/12\/KQZ-1.jpeg",342,350,false]},"author_info":{"info":["US6"]},"category_info":"<a href=\"https:\/\/veritasinfo.org\/?cat=8\" rel=\"category\">Zgjedhjet parlamentare 2025<\/a>","tag_info":"Zgjedhjet parlamentare 2025","comment_count":"0","_links":{"self":[{"href":"https:\/\/veritasinfo.org\/index.php?rest_route=\/wp\/v2\/posts\/23912","targetHints":{"allow":["GET"]}}],"collection":[{"href":"https:\/\/veritasinfo.org\/index.php?rest_route=\/wp\/v2\/posts"}],"about":[{"href":"https:\/\/veritasinfo.org\/index.php?rest_route=\/wp\/v2\/types\/post"}],"author":[{"embeddable":true,"href":"https:\/\/veritasinfo.org\/index.php?rest_route=\/wp\/v2\/users\/7"}],"replies":[{"embeddable":true,"href":"https:\/\/veritasinfo.org\/index.php?rest_route=%2Fwp%2Fv2%2Fcomments&post=23912"}],"version-history":[{"count":1,"href":"https:\/\/veritasinfo.org\/index.php?rest_route=\/wp\/v2\/posts\/23912\/revisions"}],"predecessor-version":[{"id":23919,"href":"https:\/\/veritasinfo.org\/index.php?rest_route=\/wp\/v2\/posts\/23912\/revisions\/23919"}],"wp:featuredmedia":[{"embeddable":true,"href":"https:\/\/veritasinfo.org\/index.php?rest_route=\/wp\/v2\/media\/23918"}],"wp:attachment":[{"href":"https:\/\/veritasinfo.org\/index.php?rest_route=%2Fwp%2Fv2%2Fmedia&parent=23912"}],"wp:term":[{"taxonomy":"category","embeddable":true,"href":"https:\/\/veritasinfo.org\/index.php?rest_route=%2Fwp%2Fv2%2Fcategories&post=23912"},{"taxonomy":"post_tag","embeddable":true,"href":"https:\/\/veritasinfo.org\/index.php?rest_route=%2Fwp%2Fv2%2Ftags&post=23912"}],"curies":[{"name":"wp","href":"https:\/\/api.w.org\/{rel}","templated":true}]}}