{"id":23885,"date":"2025-12-13T19:07:48","date_gmt":"2025-12-13T18:07:48","guid":{"rendered":"https:\/\/veritasinfo.org\/?p=23885"},"modified":"2025-12-13T19:07:48","modified_gmt":"2025-12-13T18:07:48","slug":"osmani-takon-papa-leon-xiv-kerkon-njohjen-e-kosoves-nga-vatikani","status":"publish","type":"post","link":"https:\/\/veritasinfo.org\/?p=23885","title":{"rendered":"Osmani takon Papa Leon XIV, k\u00ebrkon njohjen e Kosov\u00ebs nga Vatikani"},"content":{"rendered":"<p><strong>Prishtin\u00eb, 13 dhjetor 2025 19:07<\/strong><\/p>\n<p>Presidentja e Republik\u00ebs s\u00eb Kosov\u00ebs, Vjosa Osmani, po q\u00ebndron p\u00ebr vizit\u00eb zyrtare n\u00eb Selin\u00eb e Shenjt\u00eb, ku \u00ebsht\u00eb pritur n\u00eb takim nga Papa Leo XIV n\u00eb Pallatin Apostolik.<\/p>\n<p>Gjat\u00eb vizit\u00ebs, presidentja Osmani ka zhvilluar po ashtu takime edhe me Sekretarin e Shtetit t\u00eb Vatikanit, Kardinalin Pietro Parolin, si dhe me Monsignor Paul Richard Gallagher, Sekretarin p\u00ebr Marr\u00ebdh\u00ebnie me Shtetet.<\/p>\n<p>Pas takimeve, Osmani ka deklaruar se kjo dit\u00eb p\u00ebrb\u00ebn nj\u00eb moment t\u00eb r\u00ebnd\u00ebsish\u00ebm n\u00eb marr\u00ebdh\u00ebniet nd\u00ebrmjet Republik\u00ebs s\u00eb Kosov\u00ebs dhe Vatikanit. Ajo theksoi se gjat\u00eb takimit me Pap\u00ebn ka p\u00ebrcjell\u00eb shpres\u00ebn dhe besimin e popullit t\u00eb Kosov\u00ebs q\u00eb Selia e Shenjt\u00eb t\u00eb marr\u00eb vendimin e shum\u00ebpritur p\u00ebr njohjen e pavar\u00ebsis\u00eb s\u00eb Kosov\u00ebs.<\/p>\n<p>\u201cParaqita shpres\u00ebn dhe besimin e gjith\u00eb popullit t\u00eb Kosov\u00ebs q\u00eb Vatikani m\u00eb n\u00eb fund t\u00eb marr\u00eb vendimin p\u00ebr njohjen e Republik\u00ebs s\u00eb Kosov\u00ebs, duke njohur vuajtjet e gjata t\u00eb popullit ton\u00eb p\u00ebr t\u00eb jetuar i lir\u00eb, i pavarur dhe n\u00eb demokraci\u201d, ka deklaruar Osmani.<\/p>\n<p>Sipas saj, nj\u00eb vendim i till\u00eb do t\u00eb kontribuonte jo vet\u00ebm n\u00eb mir\u00ebqenien dhe suksesin e Kosov\u00ebs, por edhe n\u00eb paqen dhe stabilitetin n\u00eb rajon dhe n\u00eb kontinentin evropian.<\/p>\n<p>Ajo theksoi gjithashtu kontributin historik t\u00eb Kosov\u00ebs, duke p\u00ebrmendur figura t\u00eb r\u00ebnd\u00ebsishme si Gjergj Kastrioti Sk\u00ebnderbeu dhe Sh\u00ebn Tereza, si dhe rolin e Dardanis\u00eb n\u00eb historin\u00eb e krishterimit dhe humanizmit evropian.<\/p>\n<p>Presidentja Osmani b\u00ebri t\u00eb ditur se gjat\u00eb vizit\u00ebs ka p\u00ebrcjell\u00eb urimet e popullit t\u00eb Kosov\u00ebs p\u00ebr Krishtlindje dhe Vitin e Ri, si dhe ka ftuar Papa Leon XIV q\u00eb t\u00eb vizitoj\u00eb Republik\u00ebn e Kosov\u00ebs.<\/p>\n<p>\u201cE ftova Shenjt\u00ebrin\u00eb e Tij q\u00eb t\u00eb vizitoj\u00eb Kosov\u00ebn, me shpres\u00ebn q\u00eb nj\u00eb vizit\u00eb e till\u00eb t\u00eb realizohet sa m\u00eb par\u00eb\u201d, u shpreh Osmani nga sheshi kryesor i Vatikanit.<\/p>\n","protected":false},"excerpt":{"rendered":"<p>Prishtin\u00eb, 13 dhjetor 2025 19:07 Presidentja e Republik\u00ebs s\u00eb Kosov\u00ebs, Vjosa Osmani, po q\u00ebndron p\u00ebr vizit\u00eb zyrtare n\u00eb Selin\u00eb e Shenjt\u00eb, ku \u00ebsht\u00eb pritur n\u00eb<\/p>\n","protected":false},"author":7,"featured_media":23886,"comment_status":"open","ping_status":"open","sticky":false,"template":"","format":"standard","meta":{"footnotes":""},"categories":[58],"tags":[],"class_list":["post-23885","post","type-post","status-publish","format-standard","has-post-thumbnail","hentry","category-politike-sq"],"yoast_head":"<!-- This site is optimized with the Yoast SEO plugin v25.3.1 - https:\/\/yoast.com\/wordpress\/plugins\/seo\/ -->\n<title>Osmani takon Papa Leon XIV, k\u00ebrkon njohjen e Kosov\u00ebs nga Vatikani -<\/title>\n<meta name=\"robots\" content=\"index, follow, max-snippet:-1, max-image-preview:large, max-video-preview:-1\" \/>\n<link rel=\"canonical\" href=\"https:\/\/veritasinfo.org\/?p=23885\" \/>\n<meta property=\"og:locale\" content=\"en_US\" \/>\n<meta property=\"og:type\" content=\"article\" \/>\n<meta property=\"og:title\" content=\"Osmani takon Papa Leon XIV, k\u00ebrkon njohjen e Kosov\u00ebs nga Vatikani -\" \/>\n<meta property=\"og:description\" content=\"Prishtin\u00eb, 13 dhjetor 2025 19:07 Presidentja e Republik\u00ebs s\u00eb Kosov\u00ebs, Vjosa Osmani, po q\u00ebndron p\u00ebr vizit\u00eb zyrtare n\u00eb Selin\u00eb e Shenjt\u00eb, ku \u00ebsht\u00eb pritur n\u00eb\" \/>\n<meta property=\"og:url\" content=\"https:\/\/veritasinfo.org\/?p=23885\" \/>\n<meta property=\"article:published_time\" content=\"2025-12-13T18:07:48+00:00\" \/>\n<meta property=\"og:image\" content=\"https:\/\/veritasinfo.org\/wp-content\/uploads\/2025\/12\/1-2.jpg\" \/>\n\t<meta property=\"og:image:width\" content=\"907\" \/>\n\t<meta property=\"og:image:height\" content=\"577\" \/>\n\t<meta property=\"og:image:type\" content=\"image\/jpeg\" \/>\n<meta name=\"author\" content=\"US6\" \/>\n<meta name=\"twitter:card\" content=\"summary_large_image\" \/>\n<meta name=\"twitter:label1\" content=\"Written by\" \/>\n\t<meta name=\"twitter:data1\" content=\"US6\" \/>\n\t<meta name=\"twitter:label2\" content=\"Est. reading time\" \/>\n\t<meta name=\"twitter:data2\" content=\"2 minutes\" \/>\n<script type=\"application\/ld+json\" class=\"yoast-schema-graph\">{\"@context\":\"https:\/\/schema.org\",\"@graph\":[{\"@type\":\"WebPage\",\"@id\":\"https:\/\/veritasinfo.org\/?p=23885\",\"url\":\"https:\/\/veritasinfo.org\/?p=23885\",\"name\":\"Osmani takon Papa Leon XIV, k\u00ebrkon njohjen e Kosov\u00ebs nga Vatikani -\",\"isPartOf\":{\"@id\":\"https:\/\/veritasinfo.org\/#website\"},\"primaryImageOfPage\":{\"@id\":\"https:\/\/veritasinfo.org\/?p=23885#primaryimage\"},\"image\":{\"@id\":\"https:\/\/veritasinfo.org\/?p=23885#primaryimage\"},\"thumbnailUrl\":\"https:\/\/veritasinfo.org\/wp-content\/uploads\/2025\/12\/1-2.jpg\",\"datePublished\":\"2025-12-13T18:07:48+00:00\",\"author\":{\"@id\":\"https:\/\/veritasinfo.org\/#\/schema\/person\/fe199eede04c3937362892b7444747cc\"},\"breadcrumb\":{\"@id\":\"https:\/\/veritasinfo.org\/?p=23885#breadcrumb\"},\"inLanguage\":\"en-US\",\"potentialAction\":[{\"@type\":\"ReadAction\",\"target\":[\"https:\/\/veritasinfo.org\/?p=23885\"]}]},{\"@type\":\"ImageObject\",\"inLanguage\":\"en-US\",\"@id\":\"https:\/\/veritasinfo.org\/?p=23885#primaryimage\",\"url\":\"https:\/\/veritasinfo.org\/wp-content\/uploads\/2025\/12\/1-2.jpg\",\"contentUrl\":\"https:\/\/veritasinfo.org\/wp-content\/uploads\/2025\/12\/1-2.jpg\",\"width\":907,\"height\":577},{\"@type\":\"BreadcrumbList\",\"@id\":\"https:\/\/veritasinfo.org\/?p=23885#breadcrumb\",\"itemListElement\":[{\"@type\":\"ListItem\",\"position\":1,\"name\":\"Home\",\"item\":\"https:\/\/veritasinfo.org\/\"},{\"@type\":\"ListItem\",\"position\":2,\"name\":\"Osmani takon Papa Leon XIV, k\u00ebrkon njohjen e Kosov\u00ebs nga Vatikani\"}]},{\"@type\":\"WebSite\",\"@id\":\"https:\/\/veritasinfo.org\/#website\",\"url\":\"https:\/\/veritasinfo.org\/\",\"name\":\"\",\"description\":\"\",\"potentialAction\":[{\"@type\":\"SearchAction\",\"target\":{\"@type\":\"EntryPoint\",\"urlTemplate\":\"https:\/\/veritasinfo.org\/?s={search_term_string}\"},\"query-input\":{\"@type\":\"PropertyValueSpecification\",\"valueRequired\":true,\"valueName\":\"search_term_string\"}}],\"inLanguage\":\"en-US\"},{\"@type\":\"Person\",\"@id\":\"https:\/\/veritasinfo.org\/#\/schema\/person\/fe199eede04c3937362892b7444747cc\",\"name\":\"US6\",\"image\":{\"@type\":\"ImageObject\",\"inLanguage\":\"en-US\",\"@id\":\"https:\/\/veritasinfo.org\/#\/schema\/person\/image\/\",\"url\":\"https:\/\/secure.gravatar.com\/avatar\/cb16c3c31c9d23b9b8c705964598220b3014e42ff51eb540ff23cefa3ae8c15f?s=96&d=mm&r=g\",\"contentUrl\":\"https:\/\/secure.gravatar.com\/avatar\/cb16c3c31c9d23b9b8c705964598220b3014e42ff51eb540ff23cefa3ae8c15f?s=96&d=mm&r=g\",\"caption\":\"US6\"},\"url\":\"https:\/\/veritasinfo.org\/?author=7\"}]}<\/script>\n<!-- \/ Yoast SEO plugin. -->","yoast_head_json":{"title":"Osmani takon Papa Leon XIV, k\u00ebrkon njohjen e Kosov\u00ebs nga Vatikani -","robots":{"index":"index","follow":"follow","max-snippet":"max-snippet:-1","max-image-preview":"max-image-preview:large","max-video-preview":"max-video-preview:-1"},"canonical":"https:\/\/veritasinfo.org\/?p=23885","og_locale":"en_US","og_type":"article","og_title":"Osmani takon Papa Leon XIV, k\u00ebrkon njohjen e Kosov\u00ebs nga Vatikani -","og_description":"Prishtin\u00eb, 13 dhjetor 2025 19:07 Presidentja e Republik\u00ebs s\u00eb Kosov\u00ebs, Vjosa Osmani, po q\u00ebndron p\u00ebr vizit\u00eb zyrtare n\u00eb Selin\u00eb e Shenjt\u00eb, ku \u00ebsht\u00eb pritur n\u00eb","og_url":"https:\/\/veritasinfo.org\/?p=23885","article_published_time":"2025-12-13T18:07:48+00:00","og_image":[{"width":907,"height":577,"url":"https:\/\/veritasinfo.org\/wp-content\/uploads\/2025\/12\/1-2.jpg","type":"image\/jpeg"}],"author":"US6","twitter_card":"summary_large_image","twitter_misc":{"Written by":"US6","Est. reading time":"2 minutes"},"schema":{"@context":"https:\/\/schema.org","@graph":[{"@type":"WebPage","@id":"https:\/\/veritasinfo.org\/?p=23885","url":"https:\/\/veritasinfo.org\/?p=23885","name":"Osmani takon Papa Leon XIV, k\u00ebrkon njohjen e Kosov\u00ebs nga Vatikani -","isPartOf":{"@id":"https:\/\/veritasinfo.org\/#website"},"primaryImageOfPage":{"@id":"https:\/\/veritasinfo.org\/?p=23885#primaryimage"},"image":{"@id":"https:\/\/veritasinfo.org\/?p=23885#primaryimage"},"thumbnailUrl":"https:\/\/veritasinfo.org\/wp-content\/uploads\/2025\/12\/1-2.jpg","datePublished":"2025-12-13T18:07:48+00:00","author":{"@id":"https:\/\/veritasinfo.org\/#\/schema\/person\/fe199eede04c3937362892b7444747cc"},"breadcrumb":{"@id":"https:\/\/veritasinfo.org\/?p=23885#breadcrumb"},"inLanguage":"en-US","potentialAction":[{"@type":"ReadAction","target":["https:\/\/veritasinfo.org\/?p=23885"]}]},{"@type":"ImageObject","inLanguage":"en-US","@id":"https:\/\/veritasinfo.org\/?p=23885#primaryimage","url":"https:\/\/veritasinfo.org\/wp-content\/uploads\/2025\/12\/1-2.jpg","contentUrl":"https:\/\/veritasinfo.org\/wp-content\/uploads\/2025\/12\/1-2.jpg","width":907,"height":577},{"@type":"BreadcrumbList","@id":"https:\/\/veritasinfo.org\/?p=23885#breadcrumb","itemListElement":[{"@type":"ListItem","position":1,"name":"Home","item":"https:\/\/veritasinfo.org\/"},{"@type":"ListItem","position":2,"name":"Osmani takon Papa Leon XIV, k\u00ebrkon njohjen e Kosov\u00ebs nga Vatikani"}]},{"@type":"WebSite","@id":"https:\/\/veritasinfo.org\/#website","url":"https:\/\/veritasinfo.org\/","name":"","description":"","potentialAction":[{"@type":"SearchAction","target":{"@type":"EntryPoint","urlTemplate":"https:\/\/veritasinfo.org\/?s={search_term_string}"},"query-input":{"@type":"PropertyValueSpecification","valueRequired":true,"valueName":"search_term_string"}}],"inLanguage":"en-US"},{"@type":"Person","@id":"https:\/\/veritasinfo.org\/#\/schema\/person\/fe199eede04c3937362892b7444747cc","name":"US6","image":{"@type":"ImageObject","inLanguage":"en-US","@id":"https:\/\/veritasinfo.org\/#\/schema\/person\/image\/","url":"https:\/\/secure.gravatar.com\/avatar\/cb16c3c31c9d23b9b8c705964598220b3014e42ff51eb540ff23cefa3ae8c15f?s=96&d=mm&r=g","contentUrl":"https:\/\/secure.gravatar.com\/avatar\/cb16c3c31c9d23b9b8c705964598220b3014e42ff51eb540ff23cefa3ae8c15f?s=96&d=mm&r=g","caption":"US6"},"url":"https:\/\/veritasinfo.org\/?author=7"}]}},"featured_image_urls":{"full":["https:\/\/veritasinfo.org\/wp-content\/uploads\/2025\/12\/1-2.jpg",907,577,false],"thumbnail":["https:\/\/veritasinfo.org\/wp-content\/uploads\/2025\/12\/1-2-150x150.jpg",150,150,true],"medium":["https:\/\/veritasinfo.org\/wp-content\/uploads\/2025\/12\/1-2-300x191.jpg",300,191,true],"medium_large":["https:\/\/veritasinfo.org\/wp-content\/uploads\/2025\/12\/1-2-768x489.jpg",640,408,true],"large":["https:\/\/veritasinfo.org\/wp-content\/uploads\/2025\/12\/1-2.jpg",640,407,false],"1536x1536":["https:\/\/veritasinfo.org\/wp-content\/uploads\/2025\/12\/1-2.jpg",907,577,false],"2048x2048":["https:\/\/veritasinfo.org\/wp-content\/uploads\/2025\/12\/1-2.jpg",907,577,false],"kreeti-slider-full":["https:\/\/veritasinfo.org\/wp-content\/uploads\/2025\/12\/1-2.jpg",907,577,false],"kreeti-featured":["https:\/\/veritasinfo.org\/wp-content\/uploads\/2025\/12\/1-2.jpg",907,577,false],"kreeti-medium":["https:\/\/veritasinfo.org\/wp-content\/uploads\/2025\/12\/1-2.jpg",720,458,false],"kreeti-medium-square":["https:\/\/veritasinfo.org\/wp-content\/uploads\/2025\/12\/1-2.jpg",350,223,false]},"author_info":{"info":["US6"]},"category_info":"<a href=\"https:\/\/veritasinfo.org\/?cat=58\" rel=\"category\">Politik\u00eb<\/a>","tag_info":"Politik\u00eb","comment_count":"0","_links":{"self":[{"href":"https:\/\/veritasinfo.org\/index.php?rest_route=\/wp\/v2\/posts\/23885","targetHints":{"allow":["GET"]}}],"collection":[{"href":"https:\/\/veritasinfo.org\/index.php?rest_route=\/wp\/v2\/posts"}],"about":[{"href":"https:\/\/veritasinfo.org\/index.php?rest_route=\/wp\/v2\/types\/post"}],"author":[{"embeddable":true,"href":"https:\/\/veritasinfo.org\/index.php?rest_route=\/wp\/v2\/users\/7"}],"replies":[{"embeddable":true,"href":"https:\/\/veritasinfo.org\/index.php?rest_route=%2Fwp%2Fv2%2Fcomments&post=23885"}],"version-history":[{"count":1,"href":"https:\/\/veritasinfo.org\/index.php?rest_route=\/wp\/v2\/posts\/23885\/revisions"}],"predecessor-version":[{"id":23887,"href":"https:\/\/veritasinfo.org\/index.php?rest_route=\/wp\/v2\/posts\/23885\/revisions\/23887"}],"wp:featuredmedia":[{"embeddable":true,"href":"https:\/\/veritasinfo.org\/index.php?rest_route=\/wp\/v2\/media\/23886"}],"wp:attachment":[{"href":"https:\/\/veritasinfo.org\/index.php?rest_route=%2Fwp%2Fv2%2Fmedia&parent=23885"}],"wp:term":[{"taxonomy":"category","embeddable":true,"href":"https:\/\/veritasinfo.org\/index.php?rest_route=%2Fwp%2Fv2%2Fcategories&post=23885"},{"taxonomy":"post_tag","embeddable":true,"href":"https:\/\/veritasinfo.org\/index.php?rest_route=%2Fwp%2Fv2%2Ftags&post=23885"}],"curies":[{"name":"wp","href":"https:\/\/api.w.org\/{rel}","templated":true}]}}