{"id":23846,"date":"2025-12-13T09:20:54","date_gmt":"2025-12-13T08:20:54","guid":{"rendered":"https:\/\/veritasinfo.org\/?p=23846"},"modified":"2025-12-13T09:20:54","modified_gmt":"2025-12-13T08:20:54","slug":"muskarac-pronadjen-mrtav-u-svom-stanu-u-prizrenu-slucaj-se-istrazuje","status":"publish","type":"post","link":"https:\/\/veritasinfo.org\/?p=23846&lang=sr","title":{"rendered":"Mu\u0161karac prona\u0111en mrtav u svom stanu u Prizrenu, slu\u010daj se istra\u017euje"},"content":{"rendered":"<p data-start=\"59\" data-end=\"161\"><strong>Prizren, 13. decembar 2025. 09:20<\/strong><\/p>\n<p data-start=\"163\" data-end=\"241\">Jedan mu\u0161karac prona\u0111en je bez znakova \u017eivota u svom stanu u petak u Prizrenu.<\/p>\n<p data-start=\"243\" data-end=\"439\">Prema navodima policije, na lice mesta su, pored relevantnih policijskih jedinica, iza\u0161li i vatrogasci koji su u prisustvu \u010dlanova porodice nasilno otvorili vrata stana u kojem je prona\u0111ena \u017ertva.<\/p>\n<p data-start=\"441\" data-end=\"569\">Po nalogu tu\u017eioca, be\u017eivotno telo \u017ertve upu\u0107eno je u Institut za sudsku medicinu (ISM) na obdukciju, a slu\u010daj je u fazi istrage.<\/p>\n<p data-start=\"571\" data-end=\"1014\">\u201ePrizren, 12.12.2025 \u2013 NN. Prijavljeno je da je kosovski mu\u0161karac prona\u0111en bez znakova \u017eivota u svom stanu, a smrt je konstatovao lekar. Na lice mesta su, pored relevantnih policijskih jedinica, iza\u0161li i vatrogasci koji su u prisustvu \u010dlanova porodice nasilno otvorili vrata stana u kojem je prona\u0111ena \u017ertva. Po nalogu tu\u017eioca, be\u017eivotno telo \u017ertve poslato je u ISM na obdukciju, a slu\u010daj je u fazi istrage\u201c, navodi se u policijskom izve\u0161taju.<\/p>\n","protected":false},"excerpt":{"rendered":"<p>Prizren, 13. decembar 2025. 09:20 Jedan mu\u0161karac prona\u0111en je bez znakova \u017eivota u svom stanu u petak u Prizrenu. Prema navodima policije, na lice mesta<\/p>\n","protected":false},"author":7,"featured_media":23844,"comment_status":"open","ping_status":"open","sticky":false,"template":"","format":"standard","meta":{"footnotes":""},"categories":[103],"tags":[],"class_list":["post-23846","post","type-post","status-publish","format-standard","has-post-thumbnail","hentry","category-hronika"],"yoast_head":"<!-- This site is optimized with the Yoast SEO plugin v25.3.1 - https:\/\/yoast.com\/wordpress\/plugins\/seo\/ -->\n<title>Mu\u0161karac prona\u0111en mrtav u svom stanu u Prizrenu, slu\u010daj se istra\u017euje -<\/title>\n<meta name=\"robots\" content=\"index, follow, max-snippet:-1, max-image-preview:large, max-video-preview:-1\" \/>\n<link rel=\"canonical\" href=\"https:\/\/veritasinfo.org\/?p=23846&lang=sr\" \/>\n<meta property=\"og:locale\" content=\"en_US\" \/>\n<meta property=\"og:type\" content=\"article\" \/>\n<meta property=\"og:title\" content=\"Mu\u0161karac prona\u0111en mrtav u svom stanu u Prizrenu, slu\u010daj se istra\u017euje -\" \/>\n<meta property=\"og:description\" content=\"Prizren, 13. decembar 2025. 09:20 Jedan mu\u0161karac prona\u0111en je bez znakova \u017eivota u svom stanu u petak u Prizrenu. Prema navodima policije, na lice mesta\" \/>\n<meta property=\"og:url\" content=\"https:\/\/veritasinfo.org\/?p=23846&amp;lang=sr\" \/>\n<meta property=\"article:published_time\" content=\"2025-12-13T08:20:54+00:00\" \/>\n<meta property=\"og:image\" content=\"https:\/\/veritasinfo.org\/wp-content\/uploads\/2025\/12\/FSK-5.png\" \/>\n\t<meta property=\"og:image:width\" content=\"808\" \/>\n\t<meta property=\"og:image:height\" content=\"410\" \/>\n\t<meta property=\"og:image:type\" content=\"image\/png\" \/>\n<meta name=\"author\" content=\"US6\" \/>\n<meta name=\"twitter:card\" content=\"summary_large_image\" \/>\n<meta name=\"twitter:label1\" content=\"Written by\" \/>\n\t<meta name=\"twitter:data1\" content=\"US6\" \/>\n\t<meta name=\"twitter:label2\" content=\"Est. reading time\" \/>\n\t<meta name=\"twitter:data2\" content=\"1 minute\" \/>\n<script type=\"application\/ld+json\" class=\"yoast-schema-graph\">{\"@context\":\"https:\/\/schema.org\",\"@graph\":[{\"@type\":\"WebPage\",\"@id\":\"https:\/\/veritasinfo.org\/?p=23846&lang=sr\",\"url\":\"https:\/\/veritasinfo.org\/?p=23846&lang=sr\",\"name\":\"Mu\u0161karac prona\u0111en mrtav u svom stanu u Prizrenu, slu\u010daj se istra\u017euje -\",\"isPartOf\":{\"@id\":\"https:\/\/veritasinfo.org\/#website\"},\"primaryImageOfPage\":{\"@id\":\"https:\/\/veritasinfo.org\/?p=23846&lang=sr#primaryimage\"},\"image\":{\"@id\":\"https:\/\/veritasinfo.org\/?p=23846&lang=sr#primaryimage\"},\"thumbnailUrl\":\"https:\/\/veritasinfo.org\/wp-content\/uploads\/2025\/12\/FSK-5.png\",\"datePublished\":\"2025-12-13T08:20:54+00:00\",\"author\":{\"@id\":\"https:\/\/veritasinfo.org\/#\/schema\/person\/fe199eede04c3937362892b7444747cc\"},\"breadcrumb\":{\"@id\":\"https:\/\/veritasinfo.org\/?p=23846&lang=sr#breadcrumb\"},\"inLanguage\":\"en-US\",\"potentialAction\":[{\"@type\":\"ReadAction\",\"target\":[\"https:\/\/veritasinfo.org\/?p=23846&lang=sr\"]}]},{\"@type\":\"ImageObject\",\"inLanguage\":\"en-US\",\"@id\":\"https:\/\/veritasinfo.org\/?p=23846&lang=sr#primaryimage\",\"url\":\"https:\/\/veritasinfo.org\/wp-content\/uploads\/2025\/12\/FSK-5.png\",\"contentUrl\":\"https:\/\/veritasinfo.org\/wp-content\/uploads\/2025\/12\/FSK-5.png\",\"width\":808,\"height\":410},{\"@type\":\"BreadcrumbList\",\"@id\":\"https:\/\/veritasinfo.org\/?p=23846&lang=sr#breadcrumb\",\"itemListElement\":[{\"@type\":\"ListItem\",\"position\":1,\"name\":\"Home\",\"item\":\"https:\/\/veritasinfo.org\/\"},{\"@type\":\"ListItem\",\"position\":2,\"name\":\"Mu\u0161karac prona\u0111en mrtav u svom stanu u Prizrenu, slu\u010daj se istra\u017euje\"}]},{\"@type\":\"WebSite\",\"@id\":\"https:\/\/veritasinfo.org\/#website\",\"url\":\"https:\/\/veritasinfo.org\/\",\"name\":\"\",\"description\":\"\",\"potentialAction\":[{\"@type\":\"SearchAction\",\"target\":{\"@type\":\"EntryPoint\",\"urlTemplate\":\"https:\/\/veritasinfo.org\/?s={search_term_string}\"},\"query-input\":{\"@type\":\"PropertyValueSpecification\",\"valueRequired\":true,\"valueName\":\"search_term_string\"}}],\"inLanguage\":\"en-US\"},{\"@type\":\"Person\",\"@id\":\"https:\/\/veritasinfo.org\/#\/schema\/person\/fe199eede04c3937362892b7444747cc\",\"name\":\"US6\",\"image\":{\"@type\":\"ImageObject\",\"inLanguage\":\"en-US\",\"@id\":\"https:\/\/veritasinfo.org\/#\/schema\/person\/image\/\",\"url\":\"https:\/\/secure.gravatar.com\/avatar\/cb16c3c31c9d23b9b8c705964598220b3014e42ff51eb540ff23cefa3ae8c15f?s=96&d=mm&r=g\",\"contentUrl\":\"https:\/\/secure.gravatar.com\/avatar\/cb16c3c31c9d23b9b8c705964598220b3014e42ff51eb540ff23cefa3ae8c15f?s=96&d=mm&r=g\",\"caption\":\"US6\"},\"url\":\"https:\/\/veritasinfo.org\/?author=7\"}]}<\/script>\n<!-- \/ Yoast SEO plugin. -->","yoast_head_json":{"title":"Mu\u0161karac prona\u0111en mrtav u svom stanu u Prizrenu, slu\u010daj se istra\u017euje -","robots":{"index":"index","follow":"follow","max-snippet":"max-snippet:-1","max-image-preview":"max-image-preview:large","max-video-preview":"max-video-preview:-1"},"canonical":"https:\/\/veritasinfo.org\/?p=23846&lang=sr","og_locale":"en_US","og_type":"article","og_title":"Mu\u0161karac prona\u0111en mrtav u svom stanu u Prizrenu, slu\u010daj se istra\u017euje -","og_description":"Prizren, 13. decembar 2025. 09:20 Jedan mu\u0161karac prona\u0111en je bez znakova \u017eivota u svom stanu u petak u Prizrenu. Prema navodima policije, na lice mesta","og_url":"https:\/\/veritasinfo.org\/?p=23846&lang=sr","article_published_time":"2025-12-13T08:20:54+00:00","og_image":[{"width":808,"height":410,"url":"https:\/\/veritasinfo.org\/wp-content\/uploads\/2025\/12\/FSK-5.png","type":"image\/png"}],"author":"US6","twitter_card":"summary_large_image","twitter_misc":{"Written by":"US6","Est. reading time":"1 minute"},"schema":{"@context":"https:\/\/schema.org","@graph":[{"@type":"WebPage","@id":"https:\/\/veritasinfo.org\/?p=23846&lang=sr","url":"https:\/\/veritasinfo.org\/?p=23846&lang=sr","name":"Mu\u0161karac prona\u0111en mrtav u svom stanu u Prizrenu, slu\u010daj se istra\u017euje -","isPartOf":{"@id":"https:\/\/veritasinfo.org\/#website"},"primaryImageOfPage":{"@id":"https:\/\/veritasinfo.org\/?p=23846&lang=sr#primaryimage"},"image":{"@id":"https:\/\/veritasinfo.org\/?p=23846&lang=sr#primaryimage"},"thumbnailUrl":"https:\/\/veritasinfo.org\/wp-content\/uploads\/2025\/12\/FSK-5.png","datePublished":"2025-12-13T08:20:54+00:00","author":{"@id":"https:\/\/veritasinfo.org\/#\/schema\/person\/fe199eede04c3937362892b7444747cc"},"breadcrumb":{"@id":"https:\/\/veritasinfo.org\/?p=23846&lang=sr#breadcrumb"},"inLanguage":"en-US","potentialAction":[{"@type":"ReadAction","target":["https:\/\/veritasinfo.org\/?p=23846&lang=sr"]}]},{"@type":"ImageObject","inLanguage":"en-US","@id":"https:\/\/veritasinfo.org\/?p=23846&lang=sr#primaryimage","url":"https:\/\/veritasinfo.org\/wp-content\/uploads\/2025\/12\/FSK-5.png","contentUrl":"https:\/\/veritasinfo.org\/wp-content\/uploads\/2025\/12\/FSK-5.png","width":808,"height":410},{"@type":"BreadcrumbList","@id":"https:\/\/veritasinfo.org\/?p=23846&lang=sr#breadcrumb","itemListElement":[{"@type":"ListItem","position":1,"name":"Home","item":"https:\/\/veritasinfo.org\/"},{"@type":"ListItem","position":2,"name":"Mu\u0161karac prona\u0111en mrtav u svom stanu u Prizrenu, slu\u010daj se istra\u017euje"}]},{"@type":"WebSite","@id":"https:\/\/veritasinfo.org\/#website","url":"https:\/\/veritasinfo.org\/","name":"","description":"","potentialAction":[{"@type":"SearchAction","target":{"@type":"EntryPoint","urlTemplate":"https:\/\/veritasinfo.org\/?s={search_term_string}"},"query-input":{"@type":"PropertyValueSpecification","valueRequired":true,"valueName":"search_term_string"}}],"inLanguage":"en-US"},{"@type":"Person","@id":"https:\/\/veritasinfo.org\/#\/schema\/person\/fe199eede04c3937362892b7444747cc","name":"US6","image":{"@type":"ImageObject","inLanguage":"en-US","@id":"https:\/\/veritasinfo.org\/#\/schema\/person\/image\/","url":"https:\/\/secure.gravatar.com\/avatar\/cb16c3c31c9d23b9b8c705964598220b3014e42ff51eb540ff23cefa3ae8c15f?s=96&d=mm&r=g","contentUrl":"https:\/\/secure.gravatar.com\/avatar\/cb16c3c31c9d23b9b8c705964598220b3014e42ff51eb540ff23cefa3ae8c15f?s=96&d=mm&r=g","caption":"US6"},"url":"https:\/\/veritasinfo.org\/?author=7"}]}},"featured_image_urls":{"full":["https:\/\/veritasinfo.org\/wp-content\/uploads\/2025\/12\/FSK-5.png",808,410,false],"thumbnail":["https:\/\/veritasinfo.org\/wp-content\/uploads\/2025\/12\/FSK-5-150x150.png",150,150,true],"medium":["https:\/\/veritasinfo.org\/wp-content\/uploads\/2025\/12\/FSK-5-300x152.png",300,152,true],"medium_large":["https:\/\/veritasinfo.org\/wp-content\/uploads\/2025\/12\/FSK-5-768x390.png",640,325,true],"large":["https:\/\/veritasinfo.org\/wp-content\/uploads\/2025\/12\/FSK-5.png",640,325,false],"1536x1536":["https:\/\/veritasinfo.org\/wp-content\/uploads\/2025\/12\/FSK-5.png",808,410,false],"2048x2048":["https:\/\/veritasinfo.org\/wp-content\/uploads\/2025\/12\/FSK-5.png",808,410,false],"kreeti-slider-full":["https:\/\/veritasinfo.org\/wp-content\/uploads\/2025\/12\/FSK-5.png",808,410,false],"kreeti-featured":["https:\/\/veritasinfo.org\/wp-content\/uploads\/2025\/12\/FSK-5.png",808,410,false],"kreeti-medium":["https:\/\/veritasinfo.org\/wp-content\/uploads\/2025\/12\/FSK-5.png",720,365,false],"kreeti-medium-square":["https:\/\/veritasinfo.org\/wp-content\/uploads\/2025\/12\/FSK-5.png",350,178,false]},"author_info":{"info":["US6"]},"category_info":"<a href=\"https:\/\/veritasinfo.org\/?cat=103&#038;lang=sr\" rel=\"category\">Hronika<\/a>","tag_info":"Hronika","comment_count":"0","_links":{"self":[{"href":"https:\/\/veritasinfo.org\/index.php?rest_route=\/wp\/v2\/posts\/23846","targetHints":{"allow":["GET"]}}],"collection":[{"href":"https:\/\/veritasinfo.org\/index.php?rest_route=\/wp\/v2\/posts"}],"about":[{"href":"https:\/\/veritasinfo.org\/index.php?rest_route=\/wp\/v2\/types\/post"}],"author":[{"embeddable":true,"href":"https:\/\/veritasinfo.org\/index.php?rest_route=\/wp\/v2\/users\/7"}],"replies":[{"embeddable":true,"href":"https:\/\/veritasinfo.org\/index.php?rest_route=%2Fwp%2Fv2%2Fcomments&post=23846"}],"version-history":[{"count":1,"href":"https:\/\/veritasinfo.org\/index.php?rest_route=\/wp\/v2\/posts\/23846\/revisions"}],"predecessor-version":[{"id":23847,"href":"https:\/\/veritasinfo.org\/index.php?rest_route=\/wp\/v2\/posts\/23846\/revisions\/23847"}],"wp:featuredmedia":[{"embeddable":true,"href":"https:\/\/veritasinfo.org\/index.php?rest_route=\/wp\/v2\/media\/23844"}],"wp:attachment":[{"href":"https:\/\/veritasinfo.org\/index.php?rest_route=%2Fwp%2Fv2%2Fmedia&parent=23846"}],"wp:term":[{"taxonomy":"category","embeddable":true,"href":"https:\/\/veritasinfo.org\/index.php?rest_route=%2Fwp%2Fv2%2Fcategories&post=23846"},{"taxonomy":"post_tag","embeddable":true,"href":"https:\/\/veritasinfo.org\/index.php?rest_route=%2Fwp%2Fv2%2Ftags&post=23846"}],"curies":[{"name":"wp","href":"https:\/\/api.w.org\/{rel}","templated":true}]}}