{"id":23830,"date":"2025-12-13T08:29:29","date_gmt":"2025-12-13T07:29:29","guid":{"rendered":"https:\/\/veritasinfo.org\/?p=23830"},"modified":"2025-12-13T08:29:29","modified_gmt":"2025-12-13T07:29:29","slug":"presidentja-osmani-takon-sot-papa-leon-ne-pallatin-apostolik-ne-vatikan","status":"publish","type":"post","link":"https:\/\/veritasinfo.org\/?p=23830","title":{"rendered":"Presidentja Osmani takon sot Papa Leon n\u00eb Pallatin Apostolik n\u00eb Vatikan"},"content":{"rendered":"<p><strong>Prishtin\u00eb, 13 dhjetor 2025 08:29<\/strong><\/p>\n<p>Sot, n\u00eb or\u00ebn 10:00, presidentja e Kosov\u00ebs, Vjosa Osmani, do t\u00eb takohet me Papa Leo XIV n\u00eb Pallatin Apostolik, njofton Presidenca.<\/p>\n<p>Presidentja do t\u00eb zhvilloj\u00eb takim edhe me Sekretarin e Shtetit t\u00eb Vatikanit, Kardinalin Pietro Parolin.<\/p>\n<p>\u201cGjat\u00eb vizit\u00ebs n\u00eb Vatikan, Presidentja Osmani do t\u00eb vizitoj\u00eb edhe Bazilik\u00ebn e Sh\u00ebn Pjetrit\u201d, thuhet n\u00eb njoftimin e Presidenc\u00ebs.<\/p>\n<p>Nd\u00ebrkaq, n\u00eb selin\u00eb e Misionit t\u00eb Posa\u00e7\u00ebm t\u00eb Kosov\u00ebs n\u00eb Selin\u00eb e Shenjt\u00eb, e para e shtetit do t\u00eb organizoj\u00eb nj\u00eb pritje t\u00eb fundvitit me p\u00ebrfaq\u00ebsues t\u00eb Selis\u00eb s\u00eb Shenjt\u00eb, p\u00ebrfaq\u00ebsues diplomatik\u00eb dhe personalitete t\u00eb tjera.<\/p>\n<p>Gjat\u00eb k\u00ebsaj vizite, ajo thuhet se do t\u00eb realizoj\u00eb edhe nj\u00eb s\u00ebr\u00eb aktivitetesh t\u00eb tjera me q\u00ebllim t\u00eb thellimit t\u00eb raporteve nd\u00ebrmjet shtetit ton\u00eb dhe Selis\u00eb s\u00eb Shenjt\u00eb.<\/p>\n<p>&nbsp;<\/p>\n","protected":false},"excerpt":{"rendered":"<p>Prishtin\u00eb, 13 dhjetor 2025 08:29 Sot, n\u00eb or\u00ebn 10:00, presidentja e Kosov\u00ebs, Vjosa Osmani, do t\u00eb takohet me Papa Leo XIV n\u00eb Pallatin Apostolik, njofton<\/p>\n","protected":false},"author":7,"featured_media":23831,"comment_status":"open","ping_status":"open","sticky":false,"template":"","format":"standard","meta":{"footnotes":""},"categories":[58],"tags":[],"class_list":["post-23830","post","type-post","status-publish","format-standard","has-post-thumbnail","hentry","category-politike-sq"],"yoast_head":"<!-- This site is optimized with the Yoast SEO plugin v25.3.1 - https:\/\/yoast.com\/wordpress\/plugins\/seo\/ -->\n<title>Presidentja Osmani takon sot Papa Leon n\u00eb Pallatin Apostolik n\u00eb Vatikan -<\/title>\n<meta name=\"robots\" content=\"index, follow, max-snippet:-1, max-image-preview:large, max-video-preview:-1\" \/>\n<link rel=\"canonical\" href=\"https:\/\/veritasinfo.org\/?p=23830\" \/>\n<meta property=\"og:locale\" content=\"en_US\" \/>\n<meta property=\"og:type\" content=\"article\" \/>\n<meta property=\"og:title\" content=\"Presidentja Osmani takon sot Papa Leon n\u00eb Pallatin Apostolik n\u00eb Vatikan -\" \/>\n<meta property=\"og:description\" content=\"Prishtin\u00eb, 13 dhjetor 2025 08:29 Sot, n\u00eb or\u00ebn 10:00, presidentja e Kosov\u00ebs, Vjosa Osmani, do t\u00eb takohet me Papa Leo XIV n\u00eb Pallatin Apostolik, njofton\" \/>\n<meta property=\"og:url\" content=\"https:\/\/veritasinfo.org\/?p=23830\" \/>\n<meta property=\"article:published_time\" content=\"2025-12-13T07:29:29+00:00\" \/>\n<meta property=\"og:image\" content=\"https:\/\/veritasinfo.org\/wp-content\/uploads\/2025\/12\/FSK-4.png\" \/>\n\t<meta property=\"og:image:width\" content=\"641\" \/>\n\t<meta property=\"og:image:height\" content=\"424\" \/>\n\t<meta property=\"og:image:type\" content=\"image\/png\" \/>\n<meta name=\"author\" content=\"US6\" \/>\n<meta name=\"twitter:card\" content=\"summary_large_image\" \/>\n<meta name=\"twitter:label1\" content=\"Written by\" \/>\n\t<meta name=\"twitter:data1\" content=\"US6\" \/>\n\t<meta name=\"twitter:label2\" content=\"Est. reading time\" \/>\n\t<meta name=\"twitter:data2\" content=\"1 minute\" \/>\n<script type=\"application\/ld+json\" class=\"yoast-schema-graph\">{\"@context\":\"https:\/\/schema.org\",\"@graph\":[{\"@type\":\"WebPage\",\"@id\":\"https:\/\/veritasinfo.org\/?p=23830\",\"url\":\"https:\/\/veritasinfo.org\/?p=23830\",\"name\":\"Presidentja Osmani takon sot Papa Leon n\u00eb Pallatin Apostolik n\u00eb Vatikan -\",\"isPartOf\":{\"@id\":\"https:\/\/veritasinfo.org\/#website\"},\"primaryImageOfPage\":{\"@id\":\"https:\/\/veritasinfo.org\/?p=23830#primaryimage\"},\"image\":{\"@id\":\"https:\/\/veritasinfo.org\/?p=23830#primaryimage\"},\"thumbnailUrl\":\"https:\/\/veritasinfo.org\/wp-content\/uploads\/2025\/12\/FSK-4.png\",\"datePublished\":\"2025-12-13T07:29:29+00:00\",\"author\":{\"@id\":\"https:\/\/veritasinfo.org\/#\/schema\/person\/fe199eede04c3937362892b7444747cc\"},\"breadcrumb\":{\"@id\":\"https:\/\/veritasinfo.org\/?p=23830#breadcrumb\"},\"inLanguage\":\"en-US\",\"potentialAction\":[{\"@type\":\"ReadAction\",\"target\":[\"https:\/\/veritasinfo.org\/?p=23830\"]}]},{\"@type\":\"ImageObject\",\"inLanguage\":\"en-US\",\"@id\":\"https:\/\/veritasinfo.org\/?p=23830#primaryimage\",\"url\":\"https:\/\/veritasinfo.org\/wp-content\/uploads\/2025\/12\/FSK-4.png\",\"contentUrl\":\"https:\/\/veritasinfo.org\/wp-content\/uploads\/2025\/12\/FSK-4.png\",\"width\":641,\"height\":424},{\"@type\":\"BreadcrumbList\",\"@id\":\"https:\/\/veritasinfo.org\/?p=23830#breadcrumb\",\"itemListElement\":[{\"@type\":\"ListItem\",\"position\":1,\"name\":\"Home\",\"item\":\"https:\/\/veritasinfo.org\/\"},{\"@type\":\"ListItem\",\"position\":2,\"name\":\"Presidentja Osmani takon sot Papa Leon n\u00eb Pallatin Apostolik n\u00eb Vatikan\"}]},{\"@type\":\"WebSite\",\"@id\":\"https:\/\/veritasinfo.org\/#website\",\"url\":\"https:\/\/veritasinfo.org\/\",\"name\":\"\",\"description\":\"\",\"potentialAction\":[{\"@type\":\"SearchAction\",\"target\":{\"@type\":\"EntryPoint\",\"urlTemplate\":\"https:\/\/veritasinfo.org\/?s={search_term_string}\"},\"query-input\":{\"@type\":\"PropertyValueSpecification\",\"valueRequired\":true,\"valueName\":\"search_term_string\"}}],\"inLanguage\":\"en-US\"},{\"@type\":\"Person\",\"@id\":\"https:\/\/veritasinfo.org\/#\/schema\/person\/fe199eede04c3937362892b7444747cc\",\"name\":\"US6\",\"image\":{\"@type\":\"ImageObject\",\"inLanguage\":\"en-US\",\"@id\":\"https:\/\/veritasinfo.org\/#\/schema\/person\/image\/\",\"url\":\"https:\/\/secure.gravatar.com\/avatar\/cb16c3c31c9d23b9b8c705964598220b3014e42ff51eb540ff23cefa3ae8c15f?s=96&d=mm&r=g\",\"contentUrl\":\"https:\/\/secure.gravatar.com\/avatar\/cb16c3c31c9d23b9b8c705964598220b3014e42ff51eb540ff23cefa3ae8c15f?s=96&d=mm&r=g\",\"caption\":\"US6\"},\"url\":\"https:\/\/veritasinfo.org\/?author=7\"}]}<\/script>\n<!-- \/ Yoast SEO plugin. -->","yoast_head_json":{"title":"Presidentja Osmani takon sot Papa Leon n\u00eb Pallatin Apostolik n\u00eb Vatikan -","robots":{"index":"index","follow":"follow","max-snippet":"max-snippet:-1","max-image-preview":"max-image-preview:large","max-video-preview":"max-video-preview:-1"},"canonical":"https:\/\/veritasinfo.org\/?p=23830","og_locale":"en_US","og_type":"article","og_title":"Presidentja Osmani takon sot Papa Leon n\u00eb Pallatin Apostolik n\u00eb Vatikan -","og_description":"Prishtin\u00eb, 13 dhjetor 2025 08:29 Sot, n\u00eb or\u00ebn 10:00, presidentja e Kosov\u00ebs, Vjosa Osmani, do t\u00eb takohet me Papa Leo XIV n\u00eb Pallatin Apostolik, njofton","og_url":"https:\/\/veritasinfo.org\/?p=23830","article_published_time":"2025-12-13T07:29:29+00:00","og_image":[{"width":641,"height":424,"url":"https:\/\/veritasinfo.org\/wp-content\/uploads\/2025\/12\/FSK-4.png","type":"image\/png"}],"author":"US6","twitter_card":"summary_large_image","twitter_misc":{"Written by":"US6","Est. reading time":"1 minute"},"schema":{"@context":"https:\/\/schema.org","@graph":[{"@type":"WebPage","@id":"https:\/\/veritasinfo.org\/?p=23830","url":"https:\/\/veritasinfo.org\/?p=23830","name":"Presidentja Osmani takon sot Papa Leon n\u00eb Pallatin Apostolik n\u00eb Vatikan -","isPartOf":{"@id":"https:\/\/veritasinfo.org\/#website"},"primaryImageOfPage":{"@id":"https:\/\/veritasinfo.org\/?p=23830#primaryimage"},"image":{"@id":"https:\/\/veritasinfo.org\/?p=23830#primaryimage"},"thumbnailUrl":"https:\/\/veritasinfo.org\/wp-content\/uploads\/2025\/12\/FSK-4.png","datePublished":"2025-12-13T07:29:29+00:00","author":{"@id":"https:\/\/veritasinfo.org\/#\/schema\/person\/fe199eede04c3937362892b7444747cc"},"breadcrumb":{"@id":"https:\/\/veritasinfo.org\/?p=23830#breadcrumb"},"inLanguage":"en-US","potentialAction":[{"@type":"ReadAction","target":["https:\/\/veritasinfo.org\/?p=23830"]}]},{"@type":"ImageObject","inLanguage":"en-US","@id":"https:\/\/veritasinfo.org\/?p=23830#primaryimage","url":"https:\/\/veritasinfo.org\/wp-content\/uploads\/2025\/12\/FSK-4.png","contentUrl":"https:\/\/veritasinfo.org\/wp-content\/uploads\/2025\/12\/FSK-4.png","width":641,"height":424},{"@type":"BreadcrumbList","@id":"https:\/\/veritasinfo.org\/?p=23830#breadcrumb","itemListElement":[{"@type":"ListItem","position":1,"name":"Home","item":"https:\/\/veritasinfo.org\/"},{"@type":"ListItem","position":2,"name":"Presidentja Osmani takon sot Papa Leon n\u00eb Pallatin Apostolik n\u00eb Vatikan"}]},{"@type":"WebSite","@id":"https:\/\/veritasinfo.org\/#website","url":"https:\/\/veritasinfo.org\/","name":"","description":"","potentialAction":[{"@type":"SearchAction","target":{"@type":"EntryPoint","urlTemplate":"https:\/\/veritasinfo.org\/?s={search_term_string}"},"query-input":{"@type":"PropertyValueSpecification","valueRequired":true,"valueName":"search_term_string"}}],"inLanguage":"en-US"},{"@type":"Person","@id":"https:\/\/veritasinfo.org\/#\/schema\/person\/fe199eede04c3937362892b7444747cc","name":"US6","image":{"@type":"ImageObject","inLanguage":"en-US","@id":"https:\/\/veritasinfo.org\/#\/schema\/person\/image\/","url":"https:\/\/secure.gravatar.com\/avatar\/cb16c3c31c9d23b9b8c705964598220b3014e42ff51eb540ff23cefa3ae8c15f?s=96&d=mm&r=g","contentUrl":"https:\/\/secure.gravatar.com\/avatar\/cb16c3c31c9d23b9b8c705964598220b3014e42ff51eb540ff23cefa3ae8c15f?s=96&d=mm&r=g","caption":"US6"},"url":"https:\/\/veritasinfo.org\/?author=7"}]}},"featured_image_urls":{"full":["https:\/\/veritasinfo.org\/wp-content\/uploads\/2025\/12\/FSK-4.png",641,424,false],"thumbnail":["https:\/\/veritasinfo.org\/wp-content\/uploads\/2025\/12\/FSK-4-150x150.png",150,150,true],"medium":["https:\/\/veritasinfo.org\/wp-content\/uploads\/2025\/12\/FSK-4-300x198.png",300,198,true],"medium_large":["https:\/\/veritasinfo.org\/wp-content\/uploads\/2025\/12\/FSK-4.png",640,423,false],"large":["https:\/\/veritasinfo.org\/wp-content\/uploads\/2025\/12\/FSK-4.png",640,423,false],"1536x1536":["https:\/\/veritasinfo.org\/wp-content\/uploads\/2025\/12\/FSK-4.png",641,424,false],"2048x2048":["https:\/\/veritasinfo.org\/wp-content\/uploads\/2025\/12\/FSK-4.png",641,424,false],"kreeti-slider-full":["https:\/\/veritasinfo.org\/wp-content\/uploads\/2025\/12\/FSK-4.png",641,424,false],"kreeti-featured":["https:\/\/veritasinfo.org\/wp-content\/uploads\/2025\/12\/FSK-4.png",641,424,false],"kreeti-medium":["https:\/\/veritasinfo.org\/wp-content\/uploads\/2025\/12\/FSK-4.png",641,424,false],"kreeti-medium-square":["https:\/\/veritasinfo.org\/wp-content\/uploads\/2025\/12\/FSK-4.png",350,232,false]},"author_info":{"info":["US6"]},"category_info":"<a href=\"https:\/\/veritasinfo.org\/?cat=58\" rel=\"category\">Politik\u00eb<\/a>","tag_info":"Politik\u00eb","comment_count":"0","_links":{"self":[{"href":"https:\/\/veritasinfo.org\/index.php?rest_route=\/wp\/v2\/posts\/23830","targetHints":{"allow":["GET"]}}],"collection":[{"href":"https:\/\/veritasinfo.org\/index.php?rest_route=\/wp\/v2\/posts"}],"about":[{"href":"https:\/\/veritasinfo.org\/index.php?rest_route=\/wp\/v2\/types\/post"}],"author":[{"embeddable":true,"href":"https:\/\/veritasinfo.org\/index.php?rest_route=\/wp\/v2\/users\/7"}],"replies":[{"embeddable":true,"href":"https:\/\/veritasinfo.org\/index.php?rest_route=%2Fwp%2Fv2%2Fcomments&post=23830"}],"version-history":[{"count":1,"href":"https:\/\/veritasinfo.org\/index.php?rest_route=\/wp\/v2\/posts\/23830\/revisions"}],"predecessor-version":[{"id":23832,"href":"https:\/\/veritasinfo.org\/index.php?rest_route=\/wp\/v2\/posts\/23830\/revisions\/23832"}],"wp:featuredmedia":[{"embeddable":true,"href":"https:\/\/veritasinfo.org\/index.php?rest_route=\/wp\/v2\/media\/23831"}],"wp:attachment":[{"href":"https:\/\/veritasinfo.org\/index.php?rest_route=%2Fwp%2Fv2%2Fmedia&parent=23830"}],"wp:term":[{"taxonomy":"category","embeddable":true,"href":"https:\/\/veritasinfo.org\/index.php?rest_route=%2Fwp%2Fv2%2Fcategories&post=23830"},{"taxonomy":"post_tag","embeddable":true,"href":"https:\/\/veritasinfo.org\/index.php?rest_route=%2Fwp%2Fv2%2Ftags&post=23830"}],"curies":[{"name":"wp","href":"https:\/\/api.w.org\/{rel}","templated":true}]}}