{"id":23826,"date":"2025-12-13T08:28:06","date_gmt":"2025-12-13T07:28:06","guid":{"rendered":"https:\/\/veritasinfo.org\/?p=23826"},"modified":"2025-12-13T08:28:06","modified_gmt":"2025-12-13T07:28:06","slug":"protesta-kunder-speciales-ne-shkup","status":"publish","type":"post","link":"https:\/\/veritasinfo.org\/?p=23826","title":{"rendered":"Protesta kund\u00ebr Speciales n\u00eb Shkup"},"content":{"rendered":"<p>Shkup 13 Dhjetor 2025 08:27<\/p>\n<p>Me iniciativ\u00eb t\u00eb Organizat\u00ebs s\u00eb Veteran\u00ebve t\u00eb Ushtris\u00eb \u00c7lirimtare, t\u00eb shtun\u00ebn, 13 dhjetor, n\u00eb Shkup do t\u00eb mbahet protest\u00eb n\u00eb mb\u00ebshtetje t\u00eb ish-udh\u00ebheq\u00ebsve t\u00eb U\u00c7K-s\u00eb, q\u00eb po gjykohen n\u00eb Hag\u00eb. Ajo organizohet pas protestave n\u00eb Prishtin\u00eb, Tiran\u00eb, Hag\u00eb e Strasbourg. Protesta nis n\u00eb or\u00ebn 13:00.<\/p>\n<p>Kryetari i OVL-U\u00c7K, Hysni Gucati, ka th\u00ebn\u00eb se kan\u00eb marr\u00eb edhe lejen nga shteti maqedonas p\u00ebr organizimin e protest\u00ebs, derisa ka k\u00ebrkuar q\u00eb n\u00eb dit\u00ebn e protest\u00ebs t\u00eb mos jen\u00eb t\u00eb pranish\u00ebm kufitar\u00eb serb\u00eb.<\/p>\n<p>Thirrja e protest\u00ebs pati nxitur debate n\u00eb Maqedonin\u00eb e Veriut. Kryeministri maqedonas, Hristijan Mickoski, nuk i ka dh\u00ebn\u00eb mb\u00ebshtetje protest\u00ebs, por edhe ka th\u00ebn\u00eb se t\u00eb nj\u00ebjt\u00ebn gj\u00eb pret ta b\u00ebj\u00eb edhe partneri shqiptar n\u00eb qeveri, koalicioni VLEN. Organizimin e saj Mickoski e cil\u00ebsoi si \u201cl\u00ebvizje t\u00eb gabuar t\u00eb Ali Ahmetit\u201d. <\/p>\n<p>Dit\u00eb m\u00eb von\u00eb, Mickoski ka deklaruar se ka formuar nj\u00eb \u201cshtab krize\u201d q\u00eb protesta, sipas tij, t\u00eb kaloj\u00eb n\u00eb qet\u00ebsi e pa incidente. OVL-U\u00c7K deklarat\u00ebn e tij e vler\u00ebsoi si p\u00ebrpjekje p\u00ebr tension t\u00eb panevojsh\u00ebm.<\/p>\n<p>Analisti politik nga Shkupi, Ibrahim Mehmeti, ka vler\u00ebsuar se kryeministri i Maqedonis\u00eb s\u00eb Veriut e ka politizuar protest\u00ebn e Organizat\u00ebs s\u00eb Veteran\u00ebve t\u00eb Luft\u00ebs s\u00eb U\u00c7K-s\u00eb (OVL-U\u00c7K), p\u00ebr shkak t\u00eb frik\u00ebs se ajo mund t\u00eb ndikoj\u00eb n\u00eb pozit\u00ebn e partner\u00ebve shqiptar\u00eb n\u00eb koalicionin qeveris\u00ebs.<\/p>\n<p>\u201cFrika se protesta masive e OVL-U\u00c7K-s\u00eb mund t\u00eb perceptohej si mb\u00ebshtetje p\u00ebr Ali Ahmetin ishte arsyeja kryesore pse kjo ngjarje u politizua\u201d, ka deklaruar Mehmeti n\u00eb \u201cInteraktiv\u201d t\u00eb KTV-s\u00eb.<\/p>\n<p>Protesta n\u00eb Shkup n\u00eb mb\u00ebshtetje t\u00eb ish-krer\u00ebve t\u00eb U\u00c7K-s\u00eb \u00ebsht\u00eb e pesta me radh\u00eb. M\u00eb 7 gusht t\u00eb k\u00ebtij viti \u00ebsht\u00eb mbajtur protesta e par\u00eb n\u00eb Prishtin\u00eb, pastaj n\u00eb Hag\u00eb, n\u00eb Tiran\u00eb dhe s\u00eb fundmi edhe n\u00eb Strasbourg.<\/p>\n<p>Hashim Tha\u00e7i, Kadri Veseli, Jakup Krasniqi dhe Rexhep Selimi, si an\u00ebtar\u00eb t\u00eb Shtabit t\u00eb P\u00ebrgjithsh\u00ebm t\u00eb U\u00c7K-s\u00eb, akuzohen nga Specialja p\u00ebr krime lufte e krime kund\u00ebr njer\u00ebzimit. Ata ndodhen n\u00eb paraburgim n\u00eb Hag\u00eb q\u00eb nga viti 2020, nd\u00ebrkaq verdikti pritet t\u00eb shpallet deri n\u00eb mesin e korrikut.<\/p>\n<p>T\u00eb kat\u00ebrtit jan\u00eb deklaruar t\u00eb pafajsh\u00ebm, nd\u00ebrkaq mbrojtja e tyre ka akuzuar edhe disa gjyqtar\u00eb p\u00ebr anim n\u00eb proces.<\/p>\n","protected":false},"excerpt":{"rendered":"<p>Shkup 13 Dhjetor 2025 08:27 Me iniciativ\u00eb t\u00eb Organizat\u00ebs s\u00eb Veteran\u00ebve t\u00eb Ushtris\u00eb \u00c7lirimtare, t\u00eb shtun\u00ebn, 13 dhjetor, n\u00eb Shkup do t\u00eb mbahet protest\u00eb n\u00eb<\/p>\n","protected":false},"author":6,"featured_media":23827,"comment_status":"open","ping_status":"open","sticky":false,"template":"","format":"standard","meta":{"footnotes":""},"categories":[58],"tags":[],"class_list":["post-23826","post","type-post","status-publish","format-standard","has-post-thumbnail","hentry","category-politike-sq"],"yoast_head":"<!-- This site is optimized with the Yoast SEO plugin v25.3.1 - https:\/\/yoast.com\/wordpress\/plugins\/seo\/ -->\n<title>Protesta kund\u00ebr Speciales n\u00eb Shkup -<\/title>\n<meta name=\"robots\" content=\"index, follow, max-snippet:-1, max-image-preview:large, max-video-preview:-1\" \/>\n<link rel=\"canonical\" href=\"https:\/\/veritasinfo.org\/?p=23826\" \/>\n<meta property=\"og:locale\" content=\"en_US\" \/>\n<meta property=\"og:type\" content=\"article\" \/>\n<meta property=\"og:title\" content=\"Protesta kund\u00ebr Speciales n\u00eb Shkup -\" \/>\n<meta property=\"og:description\" content=\"Shkup 13 Dhjetor 2025 08:27 Me iniciativ\u00eb t\u00eb Organizat\u00ebs s\u00eb Veteran\u00ebve t\u00eb Ushtris\u00eb \u00c7lirimtare, t\u00eb shtun\u00ebn, 13 dhjetor, n\u00eb Shkup do t\u00eb mbahet protest\u00eb n\u00eb\" \/>\n<meta property=\"og:url\" content=\"https:\/\/veritasinfo.org\/?p=23826\" \/>\n<meta property=\"article:published_time\" content=\"2025-12-13T07:28:06+00:00\" \/>\n<meta property=\"og:image\" content=\"https:\/\/veritasinfo.org\/wp-content\/uploads\/2025\/12\/auto_OVL-UCK-Proteste-Kunder-Gjykates-Speciale-Prishtine-09-07-2020-ab_115971823891602928562.webp\" \/>\n\t<meta property=\"og:image:width\" content=\"900\" \/>\n\t<meta property=\"og:image:height\" content=\"657\" \/>\n\t<meta property=\"og:image:type\" content=\"image\/webp\" \/>\n<meta name=\"author\" content=\"US5\" \/>\n<meta name=\"twitter:card\" content=\"summary_large_image\" \/>\n<meta name=\"twitter:label1\" content=\"Written by\" \/>\n\t<meta name=\"twitter:data1\" content=\"US5\" \/>\n<script type=\"application\/ld+json\" class=\"yoast-schema-graph\">{\"@context\":\"https:\/\/schema.org\",\"@graph\":[{\"@type\":\"WebPage\",\"@id\":\"https:\/\/veritasinfo.org\/?p=23826\",\"url\":\"https:\/\/veritasinfo.org\/?p=23826\",\"name\":\"Protesta kund\u00ebr Speciales n\u00eb Shkup -\",\"isPartOf\":{\"@id\":\"https:\/\/veritasinfo.org\/#website\"},\"primaryImageOfPage\":{\"@id\":\"https:\/\/veritasinfo.org\/?p=23826#primaryimage\"},\"image\":{\"@id\":\"https:\/\/veritasinfo.org\/?p=23826#primaryimage\"},\"thumbnailUrl\":\"https:\/\/veritasinfo.org\/wp-content\/uploads\/2025\/12\/auto_OVL-UCK-Proteste-Kunder-Gjykates-Speciale-Prishtine-09-07-2020-ab_115971823891602928562.webp\",\"datePublished\":\"2025-12-13T07:28:06+00:00\",\"author\":{\"@id\":\"https:\/\/veritasinfo.org\/#\/schema\/person\/bc442336e35414d04494ab8fb45db4c6\"},\"breadcrumb\":{\"@id\":\"https:\/\/veritasinfo.org\/?p=23826#breadcrumb\"},\"inLanguage\":\"en-US\",\"potentialAction\":[{\"@type\":\"ReadAction\",\"target\":[\"https:\/\/veritasinfo.org\/?p=23826\"]}]},{\"@type\":\"ImageObject\",\"inLanguage\":\"en-US\",\"@id\":\"https:\/\/veritasinfo.org\/?p=23826#primaryimage\",\"url\":\"https:\/\/veritasinfo.org\/wp-content\/uploads\/2025\/12\/auto_OVL-UCK-Proteste-Kunder-Gjykates-Speciale-Prishtine-09-07-2020-ab_115971823891602928562.webp\",\"contentUrl\":\"https:\/\/veritasinfo.org\/wp-content\/uploads\/2025\/12\/auto_OVL-UCK-Proteste-Kunder-Gjykates-Speciale-Prishtine-09-07-2020-ab_115971823891602928562.webp\",\"width\":900,\"height\":657},{\"@type\":\"BreadcrumbList\",\"@id\":\"https:\/\/veritasinfo.org\/?p=23826#breadcrumb\",\"itemListElement\":[{\"@type\":\"ListItem\",\"position\":1,\"name\":\"Home\",\"item\":\"https:\/\/veritasinfo.org\/\"},{\"@type\":\"ListItem\",\"position\":2,\"name\":\"Protesta kund\u00ebr Speciales n\u00eb Shkup\"}]},{\"@type\":\"WebSite\",\"@id\":\"https:\/\/veritasinfo.org\/#website\",\"url\":\"https:\/\/veritasinfo.org\/\",\"name\":\"\",\"description\":\"\",\"potentialAction\":[{\"@type\":\"SearchAction\",\"target\":{\"@type\":\"EntryPoint\",\"urlTemplate\":\"https:\/\/veritasinfo.org\/?s={search_term_string}\"},\"query-input\":{\"@type\":\"PropertyValueSpecification\",\"valueRequired\":true,\"valueName\":\"search_term_string\"}}],\"inLanguage\":\"en-US\"},{\"@type\":\"Person\",\"@id\":\"https:\/\/veritasinfo.org\/#\/schema\/person\/bc442336e35414d04494ab8fb45db4c6\",\"name\":\"US5\",\"image\":{\"@type\":\"ImageObject\",\"inLanguage\":\"en-US\",\"@id\":\"https:\/\/veritasinfo.org\/#\/schema\/person\/image\/\",\"url\":\"https:\/\/secure.gravatar.com\/avatar\/16a61e7272a0c5d001121ebb9e60e925d5816e4ac1e443ed3e640d9a6ae55d0c?s=96&d=mm&r=g\",\"contentUrl\":\"https:\/\/secure.gravatar.com\/avatar\/16a61e7272a0c5d001121ebb9e60e925d5816e4ac1e443ed3e640d9a6ae55d0c?s=96&d=mm&r=g\",\"caption\":\"US5\"},\"url\":\"https:\/\/veritasinfo.org\/?author=6\"}]}<\/script>\n<!-- \/ Yoast SEO plugin. -->","yoast_head_json":{"title":"Protesta kund\u00ebr Speciales n\u00eb Shkup -","robots":{"index":"index","follow":"follow","max-snippet":"max-snippet:-1","max-image-preview":"max-image-preview:large","max-video-preview":"max-video-preview:-1"},"canonical":"https:\/\/veritasinfo.org\/?p=23826","og_locale":"en_US","og_type":"article","og_title":"Protesta kund\u00ebr Speciales n\u00eb Shkup -","og_description":"Shkup 13 Dhjetor 2025 08:27 Me iniciativ\u00eb t\u00eb Organizat\u00ebs s\u00eb Veteran\u00ebve t\u00eb Ushtris\u00eb \u00c7lirimtare, t\u00eb shtun\u00ebn, 13 dhjetor, n\u00eb Shkup do t\u00eb mbahet protest\u00eb n\u00eb","og_url":"https:\/\/veritasinfo.org\/?p=23826","article_published_time":"2025-12-13T07:28:06+00:00","og_image":[{"width":900,"height":657,"url":"https:\/\/veritasinfo.org\/wp-content\/uploads\/2025\/12\/auto_OVL-UCK-Proteste-Kunder-Gjykates-Speciale-Prishtine-09-07-2020-ab_115971823891602928562.webp","type":"image\/webp"}],"author":"US5","twitter_card":"summary_large_image","twitter_misc":{"Written by":"US5"},"schema":{"@context":"https:\/\/schema.org","@graph":[{"@type":"WebPage","@id":"https:\/\/veritasinfo.org\/?p=23826","url":"https:\/\/veritasinfo.org\/?p=23826","name":"Protesta kund\u00ebr Speciales n\u00eb Shkup -","isPartOf":{"@id":"https:\/\/veritasinfo.org\/#website"},"primaryImageOfPage":{"@id":"https:\/\/veritasinfo.org\/?p=23826#primaryimage"},"image":{"@id":"https:\/\/veritasinfo.org\/?p=23826#primaryimage"},"thumbnailUrl":"https:\/\/veritasinfo.org\/wp-content\/uploads\/2025\/12\/auto_OVL-UCK-Proteste-Kunder-Gjykates-Speciale-Prishtine-09-07-2020-ab_115971823891602928562.webp","datePublished":"2025-12-13T07:28:06+00:00","author":{"@id":"https:\/\/veritasinfo.org\/#\/schema\/person\/bc442336e35414d04494ab8fb45db4c6"},"breadcrumb":{"@id":"https:\/\/veritasinfo.org\/?p=23826#breadcrumb"},"inLanguage":"en-US","potentialAction":[{"@type":"ReadAction","target":["https:\/\/veritasinfo.org\/?p=23826"]}]},{"@type":"ImageObject","inLanguage":"en-US","@id":"https:\/\/veritasinfo.org\/?p=23826#primaryimage","url":"https:\/\/veritasinfo.org\/wp-content\/uploads\/2025\/12\/auto_OVL-UCK-Proteste-Kunder-Gjykates-Speciale-Prishtine-09-07-2020-ab_115971823891602928562.webp","contentUrl":"https:\/\/veritasinfo.org\/wp-content\/uploads\/2025\/12\/auto_OVL-UCK-Proteste-Kunder-Gjykates-Speciale-Prishtine-09-07-2020-ab_115971823891602928562.webp","width":900,"height":657},{"@type":"BreadcrumbList","@id":"https:\/\/veritasinfo.org\/?p=23826#breadcrumb","itemListElement":[{"@type":"ListItem","position":1,"name":"Home","item":"https:\/\/veritasinfo.org\/"},{"@type":"ListItem","position":2,"name":"Protesta kund\u00ebr Speciales n\u00eb Shkup"}]},{"@type":"WebSite","@id":"https:\/\/veritasinfo.org\/#website","url":"https:\/\/veritasinfo.org\/","name":"","description":"","potentialAction":[{"@type":"SearchAction","target":{"@type":"EntryPoint","urlTemplate":"https:\/\/veritasinfo.org\/?s={search_term_string}"},"query-input":{"@type":"PropertyValueSpecification","valueRequired":true,"valueName":"search_term_string"}}],"inLanguage":"en-US"},{"@type":"Person","@id":"https:\/\/veritasinfo.org\/#\/schema\/person\/bc442336e35414d04494ab8fb45db4c6","name":"US5","image":{"@type":"ImageObject","inLanguage":"en-US","@id":"https:\/\/veritasinfo.org\/#\/schema\/person\/image\/","url":"https:\/\/secure.gravatar.com\/avatar\/16a61e7272a0c5d001121ebb9e60e925d5816e4ac1e443ed3e640d9a6ae55d0c?s=96&d=mm&r=g","contentUrl":"https:\/\/secure.gravatar.com\/avatar\/16a61e7272a0c5d001121ebb9e60e925d5816e4ac1e443ed3e640d9a6ae55d0c?s=96&d=mm&r=g","caption":"US5"},"url":"https:\/\/veritasinfo.org\/?author=6"}]}},"featured_image_urls":{"full":["https:\/\/veritasinfo.org\/wp-content\/uploads\/2025\/12\/auto_OVL-UCK-Proteste-Kunder-Gjykates-Speciale-Prishtine-09-07-2020-ab_115971823891602928562.webp",900,657,false],"thumbnail":["https:\/\/veritasinfo.org\/wp-content\/uploads\/2025\/12\/auto_OVL-UCK-Proteste-Kunder-Gjykates-Speciale-Prishtine-09-07-2020-ab_115971823891602928562-150x150.webp",150,150,true],"medium":["https:\/\/veritasinfo.org\/wp-content\/uploads\/2025\/12\/auto_OVL-UCK-Proteste-Kunder-Gjykates-Speciale-Prishtine-09-07-2020-ab_115971823891602928562-300x219.webp",300,219,true],"medium_large":["https:\/\/veritasinfo.org\/wp-content\/uploads\/2025\/12\/auto_OVL-UCK-Proteste-Kunder-Gjykates-Speciale-Prishtine-09-07-2020-ab_115971823891602928562-768x561.webp",640,468,true],"large":["https:\/\/veritasinfo.org\/wp-content\/uploads\/2025\/12\/auto_OVL-UCK-Proteste-Kunder-Gjykates-Speciale-Prishtine-09-07-2020-ab_115971823891602928562.webp",640,467,false],"1536x1536":["https:\/\/veritasinfo.org\/wp-content\/uploads\/2025\/12\/auto_OVL-UCK-Proteste-Kunder-Gjykates-Speciale-Prishtine-09-07-2020-ab_115971823891602928562.webp",900,657,false],"2048x2048":["https:\/\/veritasinfo.org\/wp-content\/uploads\/2025\/12\/auto_OVL-UCK-Proteste-Kunder-Gjykates-Speciale-Prishtine-09-07-2020-ab_115971823891602928562.webp",900,657,false],"kreeti-slider-full":["https:\/\/veritasinfo.org\/wp-content\/uploads\/2025\/12\/auto_OVL-UCK-Proteste-Kunder-Gjykates-Speciale-Prishtine-09-07-2020-ab_115971823891602928562.webp",900,657,false],"kreeti-featured":["https:\/\/veritasinfo.org\/wp-content\/uploads\/2025\/12\/auto_OVL-UCK-Proteste-Kunder-Gjykates-Speciale-Prishtine-09-07-2020-ab_115971823891602928562.webp",900,657,false],"kreeti-medium":["https:\/\/veritasinfo.org\/wp-content\/uploads\/2025\/12\/auto_OVL-UCK-Proteste-Kunder-Gjykates-Speciale-Prishtine-09-07-2020-ab_115971823891602928562.webp",720,526,false],"kreeti-medium-square":["https:\/\/veritasinfo.org\/wp-content\/uploads\/2025\/12\/auto_OVL-UCK-Proteste-Kunder-Gjykates-Speciale-Prishtine-09-07-2020-ab_115971823891602928562.webp",350,256,false]},"author_info":{"info":["US5"]},"category_info":"<a href=\"https:\/\/veritasinfo.org\/?cat=58\" rel=\"category\">Politik\u00eb<\/a>","tag_info":"Politik\u00eb","comment_count":"0","_links":{"self":[{"href":"https:\/\/veritasinfo.org\/index.php?rest_route=\/wp\/v2\/posts\/23826","targetHints":{"allow":["GET"]}}],"collection":[{"href":"https:\/\/veritasinfo.org\/index.php?rest_route=\/wp\/v2\/posts"}],"about":[{"href":"https:\/\/veritasinfo.org\/index.php?rest_route=\/wp\/v2\/types\/post"}],"author":[{"embeddable":true,"href":"https:\/\/veritasinfo.org\/index.php?rest_route=\/wp\/v2\/users\/6"}],"replies":[{"embeddable":true,"href":"https:\/\/veritasinfo.org\/index.php?rest_route=%2Fwp%2Fv2%2Fcomments&post=23826"}],"version-history":[{"count":1,"href":"https:\/\/veritasinfo.org\/index.php?rest_route=\/wp\/v2\/posts\/23826\/revisions"}],"predecessor-version":[{"id":23828,"href":"https:\/\/veritasinfo.org\/index.php?rest_route=\/wp\/v2\/posts\/23826\/revisions\/23828"}],"wp:featuredmedia":[{"embeddable":true,"href":"https:\/\/veritasinfo.org\/index.php?rest_route=\/wp\/v2\/media\/23827"}],"wp:attachment":[{"href":"https:\/\/veritasinfo.org\/index.php?rest_route=%2Fwp%2Fv2%2Fmedia&parent=23826"}],"wp:term":[{"taxonomy":"category","embeddable":true,"href":"https:\/\/veritasinfo.org\/index.php?rest_route=%2Fwp%2Fv2%2Fcategories&post=23826"},{"taxonomy":"post_tag","embeddable":true,"href":"https:\/\/veritasinfo.org\/index.php?rest_route=%2Fwp%2Fv2%2Ftags&post=23826"}],"curies":[{"name":"wp","href":"https:\/\/api.w.org\/{rel}","templated":true}]}}