{"id":23803,"date":"2025-12-12T19:12:45","date_gmt":"2025-12-12T18:12:45","guid":{"rendered":"https:\/\/veritasinfo.org\/?p=23803"},"modified":"2025-12-12T19:12:45","modified_gmt":"2025-12-12T18:12:45","slug":"politikani-serb-vuciq-ka-dore-ne-vrasjet-politike-perfshire-oliver-ivanoviqin-dhe-policit-afrim-bunjaku","status":"publish","type":"post","link":"https:\/\/veritasinfo.org\/?p=23803","title":{"rendered":"Politikani serb: Vu\u00e7iq ka dor\u00eb n\u00eb vrasjet politike, p\u00ebrfshir\u00eb Oliver Ivanoviqin dhe policit Afrim Bunjaku"},"content":{"rendered":"<p><strong>Prishtin\u00eb, 12 dhjetor 2025 19:11<\/strong><\/p>\n<p>Politikani serb Nikola Sanduloviq ka publikuar nj\u00eb deklarat\u00eb t\u00eb gjat\u00eb publike, n\u00eb t\u00eb cil\u00ebn ngre akuza ndaj presidentit serb Aleksandar Vu\u00e7iq dhe figurave t\u00eb tjera t\u00eb larta politike e institucionale t\u00eb Serbis\u00eb, duke i lidhur ato me vrasje politike, k\u00ebrc\u00ebnime dhe akte dhune gjat\u00eb dhe pas luft\u00ebrave n\u00eb Ballkan.<\/p>\n<p>N\u00eb deklarat\u00ebn e tij, Sanduloviq pretendon se Vu\u00e7iq \u201cka dor\u00eb n\u00eb \u00e7do vrasje politike\u201d, duke p\u00ebrmendur n\u00eb m\u00ebnyr\u00eb specifike vrasjen e politikanit serb Oliver Ivanoviq, si dhe vrasjen e policit t\u00eb Kosov\u00ebs, Afrim Bunjaku. Ai akuzon presidentin serb se ka menduar t\u00eb armatos\u00eb, si\u00e7 e cil\u00ebson ai, \u201cterroristin e tij privat\u201d, Milan Radoi\u00e7iq, dhe ta d\u00ebrgoj\u00eb n\u00eb Kosov\u00eb, duke e lidhur k\u00ebt\u00eb veprim me pasoja fatale.<\/p>\n<p>\u201cMendoi ta armatos\u00eb terroristin e tij privat Milan Radoi\u00e7iqin dhe ta d\u00ebrgoj\u00eb n\u00eb Kosov\u00eb \u2013 policing e Kosov\u00ebs n\u00eb detyr\u00eb u vra at\u00ebher\u00eb\u201d, ka deklaruar Sanduloviq.<\/p>\n<p>Sipas tij, k\u00ebto veprime p\u00ebrfaq\u00ebsojn\u00eb nj\u00eb model t\u00eb vazhduesh\u00ebm t\u00eb p\u00ebrdorimit t\u00eb dhun\u00ebs p\u00ebr q\u00ebllime politike. Sanduloviq p\u00ebrmend gjithashtu raste t\u00eb k\u00ebrc\u00ebnimeve t\u00eb supozuara ndaj gazetar\u00ebve dhe politikan\u00ebve serb\u00eb, t\u00eb cilat, sipas pretendimeve t\u00eb tij, jan\u00eb pasuar m\u00eb von\u00eb nga vrasje dhe eliminime fizike.<\/p>\n<p>N\u00eb deklarat\u00eb, ai i referohet edhe ngjarjeve t\u00eb r\u00ebnda gjat\u00eb luft\u00ebs n\u00eb Bosnje dhe Kosov\u00eb, duke i lidhur ato me deklarata publike t\u00eb atribuara ish-zyrtar\u00ebve shtet\u00ebror\u00eb serb\u00eb, t\u00eb cilat i cil\u00ebson si nxit\u00ebse t\u00eb dhun\u00ebs dhe p\u00ebrgjegj\u00ebse p\u00ebr pasoja tragjike ndaj civil\u00ebve.<\/p>\n<p>Sanduloviq pretendon se edhe vet\u00eb ka qen\u00eb objekt k\u00ebrc\u00ebnimesh serioze n\u00eb t\u00eb kaluar\u00ebn, nd\u00ebrsa paralajm\u00ebron se vazhdimi i t\u00eb nj\u00ebjt\u00ebs mend\u00ebsi politike dhe institucionale mund t\u00eb prodhoj\u00eb pasoja t\u00eb reja destabilizuese p\u00ebr rajonin.<\/p>\n<p>Deklarata e tij ka nxitur reagime dhe debat t\u00eb gjer\u00eb n\u00eb opinionin publik, nd\u00ebrsa institucionet p\u00ebrkat\u00ebse serbe nuk kan\u00eb komentuar ende mbi k\u00ebto pretendime. Verifikimi i akuzave mbetet \u00e7\u00ebshtje e organeve t\u00eb drejt\u00ebsis\u00eb dhe institucioneve relevante, vendore dhe nd\u00ebrkomb\u00ebtare.<\/p>\n<p>&nbsp;<\/p>\n","protected":false},"excerpt":{"rendered":"<p>Prishtin\u00eb, 12 dhjetor 2025 19:11 Politikani serb Nikola Sanduloviq ka publikuar nj\u00eb deklarat\u00eb t\u00eb gjat\u00eb publike, n\u00eb t\u00eb cil\u00ebn ngre akuza ndaj presidentit serb Aleksandar<\/p>\n","protected":false},"author":7,"featured_media":23804,"comment_status":"open","ping_status":"open","sticky":false,"template":"","format":"standard","meta":{"footnotes":""},"categories":[58],"tags":[],"class_list":["post-23803","post","type-post","status-publish","format-standard","has-post-thumbnail","hentry","category-politike-sq"],"yoast_head":"<!-- This site is optimized with the Yoast SEO plugin v25.3.1 - https:\/\/yoast.com\/wordpress\/plugins\/seo\/ -->\n<title>Politikani serb: Vu\u00e7iq ka dor\u00eb n\u00eb vrasjet politike, p\u00ebrfshir\u00eb Oliver Ivanoviqin dhe policit Afrim Bunjaku -<\/title>\n<meta name=\"robots\" content=\"index, follow, max-snippet:-1, max-image-preview:large, max-video-preview:-1\" \/>\n<link rel=\"canonical\" href=\"https:\/\/veritasinfo.org\/?p=23803\" \/>\n<meta property=\"og:locale\" content=\"en_US\" \/>\n<meta property=\"og:type\" content=\"article\" \/>\n<meta property=\"og:title\" content=\"Politikani serb: Vu\u00e7iq ka dor\u00eb n\u00eb vrasjet politike, p\u00ebrfshir\u00eb Oliver Ivanoviqin dhe policit Afrim Bunjaku -\" \/>\n<meta property=\"og:description\" content=\"Prishtin\u00eb, 12 dhjetor 2025 19:11 Politikani serb Nikola Sanduloviq ka publikuar nj\u00eb deklarat\u00eb t\u00eb gjat\u00eb publike, n\u00eb t\u00eb cil\u00ebn ngre akuza ndaj presidentit serb Aleksandar\" \/>\n<meta property=\"og:url\" content=\"https:\/\/veritasinfo.org\/?p=23803\" \/>\n<meta property=\"article:published_time\" content=\"2025-12-12T18:12:45+00:00\" \/>\n<meta property=\"og:image\" content=\"https:\/\/veritasinfo.org\/wp-content\/uploads\/2025\/12\/FSK-1.png\" \/>\n\t<meta property=\"og:image:width\" content=\"735\" \/>\n\t<meta property=\"og:image:height\" content=\"489\" \/>\n\t<meta property=\"og:image:type\" content=\"image\/png\" \/>\n<meta name=\"author\" content=\"US6\" \/>\n<meta name=\"twitter:card\" content=\"summary_large_image\" \/>\n<meta name=\"twitter:label1\" content=\"Written by\" \/>\n\t<meta name=\"twitter:data1\" content=\"US6\" \/>\n\t<meta name=\"twitter:label2\" content=\"Est. reading time\" \/>\n\t<meta name=\"twitter:data2\" content=\"2 minutes\" \/>\n<script type=\"application\/ld+json\" class=\"yoast-schema-graph\">{\"@context\":\"https:\/\/schema.org\",\"@graph\":[{\"@type\":\"WebPage\",\"@id\":\"https:\/\/veritasinfo.org\/?p=23803\",\"url\":\"https:\/\/veritasinfo.org\/?p=23803\",\"name\":\"Politikani serb: Vu\u00e7iq ka dor\u00eb n\u00eb vrasjet politike, p\u00ebrfshir\u00eb Oliver Ivanoviqin dhe policit Afrim Bunjaku -\",\"isPartOf\":{\"@id\":\"https:\/\/veritasinfo.org\/#website\"},\"primaryImageOfPage\":{\"@id\":\"https:\/\/veritasinfo.org\/?p=23803#primaryimage\"},\"image\":{\"@id\":\"https:\/\/veritasinfo.org\/?p=23803#primaryimage\"},\"thumbnailUrl\":\"https:\/\/veritasinfo.org\/wp-content\/uploads\/2025\/12\/FSK-1.png\",\"datePublished\":\"2025-12-12T18:12:45+00:00\",\"author\":{\"@id\":\"https:\/\/veritasinfo.org\/#\/schema\/person\/fe199eede04c3937362892b7444747cc\"},\"breadcrumb\":{\"@id\":\"https:\/\/veritasinfo.org\/?p=23803#breadcrumb\"},\"inLanguage\":\"en-US\",\"potentialAction\":[{\"@type\":\"ReadAction\",\"target\":[\"https:\/\/veritasinfo.org\/?p=23803\"]}]},{\"@type\":\"ImageObject\",\"inLanguage\":\"en-US\",\"@id\":\"https:\/\/veritasinfo.org\/?p=23803#primaryimage\",\"url\":\"https:\/\/veritasinfo.org\/wp-content\/uploads\/2025\/12\/FSK-1.png\",\"contentUrl\":\"https:\/\/veritasinfo.org\/wp-content\/uploads\/2025\/12\/FSK-1.png\",\"width\":735,\"height\":489},{\"@type\":\"BreadcrumbList\",\"@id\":\"https:\/\/veritasinfo.org\/?p=23803#breadcrumb\",\"itemListElement\":[{\"@type\":\"ListItem\",\"position\":1,\"name\":\"Home\",\"item\":\"https:\/\/veritasinfo.org\/\"},{\"@type\":\"ListItem\",\"position\":2,\"name\":\"Politikani serb: Vu\u00e7iq ka dor\u00eb n\u00eb vrasjet politike, p\u00ebrfshir\u00eb Oliver Ivanoviqin dhe policit Afrim Bunjaku\"}]},{\"@type\":\"WebSite\",\"@id\":\"https:\/\/veritasinfo.org\/#website\",\"url\":\"https:\/\/veritasinfo.org\/\",\"name\":\"\",\"description\":\"\",\"potentialAction\":[{\"@type\":\"SearchAction\",\"target\":{\"@type\":\"EntryPoint\",\"urlTemplate\":\"https:\/\/veritasinfo.org\/?s={search_term_string}\"},\"query-input\":{\"@type\":\"PropertyValueSpecification\",\"valueRequired\":true,\"valueName\":\"search_term_string\"}}],\"inLanguage\":\"en-US\"},{\"@type\":\"Person\",\"@id\":\"https:\/\/veritasinfo.org\/#\/schema\/person\/fe199eede04c3937362892b7444747cc\",\"name\":\"US6\",\"image\":{\"@type\":\"ImageObject\",\"inLanguage\":\"en-US\",\"@id\":\"https:\/\/veritasinfo.org\/#\/schema\/person\/image\/\",\"url\":\"https:\/\/secure.gravatar.com\/avatar\/cb16c3c31c9d23b9b8c705964598220b3014e42ff51eb540ff23cefa3ae8c15f?s=96&d=mm&r=g\",\"contentUrl\":\"https:\/\/secure.gravatar.com\/avatar\/cb16c3c31c9d23b9b8c705964598220b3014e42ff51eb540ff23cefa3ae8c15f?s=96&d=mm&r=g\",\"caption\":\"US6\"},\"url\":\"https:\/\/veritasinfo.org\/?author=7\"}]}<\/script>\n<!-- \/ Yoast SEO plugin. -->","yoast_head_json":{"title":"Politikani serb: Vu\u00e7iq ka dor\u00eb n\u00eb vrasjet politike, p\u00ebrfshir\u00eb Oliver Ivanoviqin dhe policit Afrim Bunjaku -","robots":{"index":"index","follow":"follow","max-snippet":"max-snippet:-1","max-image-preview":"max-image-preview:large","max-video-preview":"max-video-preview:-1"},"canonical":"https:\/\/veritasinfo.org\/?p=23803","og_locale":"en_US","og_type":"article","og_title":"Politikani serb: Vu\u00e7iq ka dor\u00eb n\u00eb vrasjet politike, p\u00ebrfshir\u00eb Oliver Ivanoviqin dhe policit Afrim Bunjaku -","og_description":"Prishtin\u00eb, 12 dhjetor 2025 19:11 Politikani serb Nikola Sanduloviq ka publikuar nj\u00eb deklarat\u00eb t\u00eb gjat\u00eb publike, n\u00eb t\u00eb cil\u00ebn ngre akuza ndaj presidentit serb Aleksandar","og_url":"https:\/\/veritasinfo.org\/?p=23803","article_published_time":"2025-12-12T18:12:45+00:00","og_image":[{"width":735,"height":489,"url":"https:\/\/veritasinfo.org\/wp-content\/uploads\/2025\/12\/FSK-1.png","type":"image\/png"}],"author":"US6","twitter_card":"summary_large_image","twitter_misc":{"Written by":"US6","Est. reading time":"2 minutes"},"schema":{"@context":"https:\/\/schema.org","@graph":[{"@type":"WebPage","@id":"https:\/\/veritasinfo.org\/?p=23803","url":"https:\/\/veritasinfo.org\/?p=23803","name":"Politikani serb: Vu\u00e7iq ka dor\u00eb n\u00eb vrasjet politike, p\u00ebrfshir\u00eb Oliver Ivanoviqin dhe policit Afrim Bunjaku -","isPartOf":{"@id":"https:\/\/veritasinfo.org\/#website"},"primaryImageOfPage":{"@id":"https:\/\/veritasinfo.org\/?p=23803#primaryimage"},"image":{"@id":"https:\/\/veritasinfo.org\/?p=23803#primaryimage"},"thumbnailUrl":"https:\/\/veritasinfo.org\/wp-content\/uploads\/2025\/12\/FSK-1.png","datePublished":"2025-12-12T18:12:45+00:00","author":{"@id":"https:\/\/veritasinfo.org\/#\/schema\/person\/fe199eede04c3937362892b7444747cc"},"breadcrumb":{"@id":"https:\/\/veritasinfo.org\/?p=23803#breadcrumb"},"inLanguage":"en-US","potentialAction":[{"@type":"ReadAction","target":["https:\/\/veritasinfo.org\/?p=23803"]}]},{"@type":"ImageObject","inLanguage":"en-US","@id":"https:\/\/veritasinfo.org\/?p=23803#primaryimage","url":"https:\/\/veritasinfo.org\/wp-content\/uploads\/2025\/12\/FSK-1.png","contentUrl":"https:\/\/veritasinfo.org\/wp-content\/uploads\/2025\/12\/FSK-1.png","width":735,"height":489},{"@type":"BreadcrumbList","@id":"https:\/\/veritasinfo.org\/?p=23803#breadcrumb","itemListElement":[{"@type":"ListItem","position":1,"name":"Home","item":"https:\/\/veritasinfo.org\/"},{"@type":"ListItem","position":2,"name":"Politikani serb: Vu\u00e7iq ka dor\u00eb n\u00eb vrasjet politike, p\u00ebrfshir\u00eb Oliver Ivanoviqin dhe policit Afrim Bunjaku"}]},{"@type":"WebSite","@id":"https:\/\/veritasinfo.org\/#website","url":"https:\/\/veritasinfo.org\/","name":"","description":"","potentialAction":[{"@type":"SearchAction","target":{"@type":"EntryPoint","urlTemplate":"https:\/\/veritasinfo.org\/?s={search_term_string}"},"query-input":{"@type":"PropertyValueSpecification","valueRequired":true,"valueName":"search_term_string"}}],"inLanguage":"en-US"},{"@type":"Person","@id":"https:\/\/veritasinfo.org\/#\/schema\/person\/fe199eede04c3937362892b7444747cc","name":"US6","image":{"@type":"ImageObject","inLanguage":"en-US","@id":"https:\/\/veritasinfo.org\/#\/schema\/person\/image\/","url":"https:\/\/secure.gravatar.com\/avatar\/cb16c3c31c9d23b9b8c705964598220b3014e42ff51eb540ff23cefa3ae8c15f?s=96&d=mm&r=g","contentUrl":"https:\/\/secure.gravatar.com\/avatar\/cb16c3c31c9d23b9b8c705964598220b3014e42ff51eb540ff23cefa3ae8c15f?s=96&d=mm&r=g","caption":"US6"},"url":"https:\/\/veritasinfo.org\/?author=7"}]}},"featured_image_urls":{"full":["https:\/\/veritasinfo.org\/wp-content\/uploads\/2025\/12\/FSK-1.png",735,489,false],"thumbnail":["https:\/\/veritasinfo.org\/wp-content\/uploads\/2025\/12\/FSK-1-150x150.png",150,150,true],"medium":["https:\/\/veritasinfo.org\/wp-content\/uploads\/2025\/12\/FSK-1-300x200.png",300,200,true],"medium_large":["https:\/\/veritasinfo.org\/wp-content\/uploads\/2025\/12\/FSK-1.png",640,426,false],"large":["https:\/\/veritasinfo.org\/wp-content\/uploads\/2025\/12\/FSK-1.png",640,426,false],"1536x1536":["https:\/\/veritasinfo.org\/wp-content\/uploads\/2025\/12\/FSK-1.png",735,489,false],"2048x2048":["https:\/\/veritasinfo.org\/wp-content\/uploads\/2025\/12\/FSK-1.png",735,489,false],"kreeti-slider-full":["https:\/\/veritasinfo.org\/wp-content\/uploads\/2025\/12\/FSK-1.png",735,489,false],"kreeti-featured":["https:\/\/veritasinfo.org\/wp-content\/uploads\/2025\/12\/FSK-1.png",735,489,false],"kreeti-medium":["https:\/\/veritasinfo.org\/wp-content\/uploads\/2025\/12\/FSK-1.png",720,479,false],"kreeti-medium-square":["https:\/\/veritasinfo.org\/wp-content\/uploads\/2025\/12\/FSK-1.png",350,233,false]},"author_info":{"info":["US6"]},"category_info":"<a href=\"https:\/\/veritasinfo.org\/?cat=58\" rel=\"category\">Politik\u00eb<\/a>","tag_info":"Politik\u00eb","comment_count":"0","_links":{"self":[{"href":"https:\/\/veritasinfo.org\/index.php?rest_route=\/wp\/v2\/posts\/23803","targetHints":{"allow":["GET"]}}],"collection":[{"href":"https:\/\/veritasinfo.org\/index.php?rest_route=\/wp\/v2\/posts"}],"about":[{"href":"https:\/\/veritasinfo.org\/index.php?rest_route=\/wp\/v2\/types\/post"}],"author":[{"embeddable":true,"href":"https:\/\/veritasinfo.org\/index.php?rest_route=\/wp\/v2\/users\/7"}],"replies":[{"embeddable":true,"href":"https:\/\/veritasinfo.org\/index.php?rest_route=%2Fwp%2Fv2%2Fcomments&post=23803"}],"version-history":[{"count":1,"href":"https:\/\/veritasinfo.org\/index.php?rest_route=\/wp\/v2\/posts\/23803\/revisions"}],"predecessor-version":[{"id":23805,"href":"https:\/\/veritasinfo.org\/index.php?rest_route=\/wp\/v2\/posts\/23803\/revisions\/23805"}],"wp:featuredmedia":[{"embeddable":true,"href":"https:\/\/veritasinfo.org\/index.php?rest_route=\/wp\/v2\/media\/23804"}],"wp:attachment":[{"href":"https:\/\/veritasinfo.org\/index.php?rest_route=%2Fwp%2Fv2%2Fmedia&parent=23803"}],"wp:term":[{"taxonomy":"category","embeddable":true,"href":"https:\/\/veritasinfo.org\/index.php?rest_route=%2Fwp%2Fv2%2Fcategories&post=23803"},{"taxonomy":"post_tag","embeddable":true,"href":"https:\/\/veritasinfo.org\/index.php?rest_route=%2Fwp%2Fv2%2Ftags&post=23803"}],"curies":[{"name":"wp","href":"https:\/\/api.w.org\/{rel}","templated":true}]}}