{"id":23711,"date":"2025-12-12T08:47:21","date_gmt":"2025-12-12T07:47:21","guid":{"rendered":"https:\/\/veritasinfo.org\/?p=23711"},"modified":"2025-12-12T08:47:21","modified_gmt":"2025-12-12T07:47:21","slug":"regjimi-i-vuciqit-ne-krize-te-thelle-protestat-masive-te-studenteve-tirania-e-pashtetesise-dhe-cmenduria-e-strukturave-pro-regjimit","status":"publish","type":"post","link":"https:\/\/veritasinfo.org\/?p=23711","title":{"rendered":"Regjimi i Vu\u00e7iqit n\u00eb kriz\u00eb t\u00eb thell\u00eb: Protestat masive t\u00eb student\u00ebve, tirania e pashtet\u00ebsis\u00eb dhe \u00e7menduria e strukturave pro-regjimit"},"content":{"rendered":"<p><strong>Prishtin\u00eb, 12 dhjetor 2025 08:46<\/strong><\/p>\n<p>Protestat antikorrupsion n\u00eb Serbi, t\u00eb cilat shp\u00ebrthyen pas shembjes tragjike t\u00eb \u00e7atis\u00eb s\u00eb stacionit hekurudhor n\u00eb Novi Sad m\u00eb 1 n\u00ebntor 2024, ku humb\u00ebn jet\u00ebn 16 persona, sh\u00ebnuan nj\u00eb vit t\u00eb plot\u00eb mobilizimi qytetar, duke u shnd\u00ebrruar n\u00eb l\u00ebvizjen m\u00eb t\u00eb madhe shoq\u00ebrore n\u00eb Serbi q\u00eb nga rr\u00ebzimi i regjimit t\u00eb Sllobodan Millosheviqit.<\/p>\n<p>K\u00ebto protesta, t\u00eb udh\u00ebhequra kryesisht nga student\u00ebt, zbuluan dob\u00ebsit\u00eb e thella t\u00eb regjimit t\u00eb presidentit Aleksandar Vu\u00e7iq, duke e shtyr\u00eb at\u00eb n\u00eb nj\u00eb pozit\u00eb gjithnj\u00eb e m\u00eb t\u00eb izoluar si brenda vendit, ashtu edhe n\u00eb sken\u00ebn nd\u00ebrkomb\u00ebtare, shkruan The Geopost.<\/p>\n<p>Tragjedia n\u00eb Novi Sad nuk ishte vet\u00ebm nj\u00eb incident infrastrukturor, por nj\u00eb simbol i korrupsionit sistemik q\u00eb ka p\u00ebrfshir\u00eb shtetin serb n\u00ebn pushtetin e Partis\u00eb P\u00ebrparimtare Serbe (SNS). Rikonstruksioni i stacionit, i kryer nga kompani kineze n\u00eb kuad\u00ebr t\u00eb marr\u00ebveshjeve nd\u00ebrmjet shteteve, jasht\u00eb procedurave standarde t\u00eb prokurimit publik, ishte paraqitur si nj\u00eb sukses i madh i regjimit, por p\u00ebr shkak t\u00eb neglizhenc\u00ebs dhe keqp\u00ebrdorimeve p\u00ebrfundoi me pasoja vdekjeprur\u00ebse.<\/p>\n<p>Qytetar\u00ebt akuzojn\u00eb drejtp\u00ebrdrejt Vu\u00e7iqin dhe bashk\u00ebpun\u00ebtor\u00ebt e tij p\u00ebr p\u00ebrgjegj\u00ebsi, duke k\u00ebrkuar hetim t\u00eb plot\u00eb dhe nd\u00ebshkimin e fajtor\u00ebve. N\u00eb vend t\u00eb k\u00ebsaj, regjimi u p\u00ebrpoq t\u00eb minimizoj\u00eb ngjarjen, duke e akuzuar Per\u00ebndimin p\u00ebr nj\u00eb \u201crevolucion me ngjyra\u201d \u2013 nj\u00eb narrativ\u00eb q\u00eb ka humbur \u00e7do kredibilitet n\u00eb syt\u00eb e shumic\u00ebs s\u00eb qytetar\u00ebve.<\/p>\n<p>Gjat\u00eb vitit 2025, protestat u p\u00ebrhap\u00ebn n\u00eb m\u00eb shum\u00eb se 400 qytete dhe fshatra, me bllokada fakultetesh, ecje paq\u00ebsore dhe bllokada simbolike 16-minut\u00ebshe t\u00eb trafikut n\u00eb nder t\u00eb viktimave. Kulmi ishte m\u00eb 15 mars 2025, kur n\u00eb Beograd u mblodh\u00ebn qindra mij\u00ebra njer\u00ebz \u2013 protesta m\u00eb e madhe n\u00eb historin\u00eb moderne t\u00eb Serbis\u00eb. Student\u00ebt, t\u00eb organizuar n\u00eb plenume pa lider\u00eb formal\u00eb, refuzuan bashk\u00ebpunimin e drejtp\u00ebrdrejt\u00eb me partit\u00eb opozitare p\u00ebr t\u00eb shmangur politizimin. Ky qasje gandiane i \u00e7liroi qytetar\u00ebt nga frika dhe krijoi nj\u00eb val\u00eb t\u00eb papar\u00eb solidariteti.<\/p>\n<p>Regjimi u p\u00ebrgjigj me masa gjithnj\u00eb e m\u00eb brutale: nga sulmet me arm\u00eb sonike n\u00eb mars, te dhuna policore gjat\u00eb ver\u00ebs 2025, me gaz lotsjell\u00ebs, shkopinj gome dhe arrestime t\u00eb rast\u00ebsishme. Dhuna kulmoi n\u00eb gusht dhe shtator, me rrahje t\u00eb protestuesve, tortura dhe sulme seksuale t\u00eb dokumentuara ndaj student\u00ebve. Regjimi mobilizoi edhe struktura paramilitare dhe p\u00ebrkrah\u00ebs p\u00ebr kund\u00ebrprotesta. Ky kamp, i cili okupoi qendr\u00ebn e Beogradit p\u00ebr muaj t\u00eb t\u00ebr\u00eb, u b\u00eb epiqendra e sulmeve ndaj protestuesve paq\u00ebsor\u00eb \u2013 nga goditjet me shkopinj deri te piroteknika dhe gur\u00ebt. Parlamenti Evropian e d\u00ebnoi at\u00eb n\u00eb nj\u00eb rezolut\u00eb zyrtare si \u201ckamp ilegal\u201d dhe shprehu shqet\u00ebsim t\u00eb thell\u00eb p\u00ebr mobilizimin e strukturave kriminale nga partia n\u00eb pushtet. Incidente si t\u00eb sht\u00ebnat dhe zjarri n\u00eb tetor 2025 treguan rrezikun e qart\u00eb p\u00ebr sigurin\u00eb publike, por regjimi i mbrojti banor\u00ebt e kampit, i fali sulmuesit dhe akuzoi protestuesit p\u00ebr dhun\u00eb.<\/p>\n<p>Kjo strategji e izoloi edhe m\u00eb shum\u00eb Vu\u00e7iqin n\u00eb planin nd\u00ebrkomb\u00ebtar. Rezoluta e Parlamentit Evropian e 22 tetorit 2025, e miratuar me 457 vota, p\u00ebrfaq\u00ebson kritik\u00ebn m\u00eb t\u00eb ashp\u00ebr t\u00eb adresuar ndonj\u00ebher\u00eb ndaj Serbis\u00eb: d\u00ebnon represionin, polarizimin dhe dhun\u00ebn shtet\u00ebrore, mb\u00ebshtet protestat paq\u00ebsore dhe k\u00ebrkon nj\u00eb mision t\u00eb BE-s\u00eb p\u00ebr mbledhjen e fakteve n\u00eb Serbi. Akuzat e Vu\u00e7iqit se Per\u00ebndimi po organizon nj\u00eb \u201crevolucion me ngjyra\u201d, madje duke cituar Putinin, e thelluan m\u00eb tej hendekun me Brukselin. Sanksionet amerikane kund\u00ebr Industris\u00eb s\u00eb Naft\u00ebs s\u00eb Serbis\u00eb (NIS) \u2013 kompani n\u00ebn kontrollin rus \u2013 godit\u00ebn r\u00ebnd\u00eb ekonomin\u00eb, duke zbuluar var\u00ebsin\u00eb e regjimit nga Moska dhe Pekini.<\/p>\n<p>N\u00eb k\u00ebt\u00eb kontekst, thirrjet p\u00ebr nj\u00eb \u201cproces t\u00eb plot\u00eb lustracioni\u201d u b\u00ebn\u00eb k\u00ebrkes\u00eb qendrore e protestave. Demonstruesit k\u00ebrkojn\u00eb largimin sistematik nga funksionet publike t\u00eb t\u00eb gjith\u00eb atyre q\u00eb kan\u00eb keqp\u00ebrdorur pushtetin, kan\u00eb qen\u00eb pjes\u00eb e strukturave represive ose kan\u00eb marr\u00eb pjes\u00eb n\u00eb korrupsion \u2013 nga gjyqtar\u00eb e prokuror\u00eb t\u00eb korruptuar deri te drejtues t\u00eb mediave publike dhe funksionar\u00eb t\u00eb lart\u00eb t\u00eb SNS-s\u00eb. Lustracioni, q\u00eb d\u00ebshtoi pas vitit 2003 p\u00ebr shkak t\u00eb munges\u00ebs s\u00eb vullnetit politik, tani konsiderohet hapi i par\u00eb dhe i domosdosh\u00ebm p\u00ebr pastrimin e institucioneve. Pa k\u00ebt\u00eb, Serbia mbetet n\u00eb nj\u00eb rreth vicioz: t\u00eb nj\u00ebjtit njer\u00ebz q\u00eb kan\u00eb shkelur ligjin vazhdojn\u00eb t\u00eb kontrollojn\u00eb gjyq\u00ebsorin, policin\u00eb dhe mediat.<\/p>\n<p>Pas r\u00ebnies s\u00eb regjimit t\u00eb Vu\u00e7iqit \u2013 q\u00eb duket gjithnj\u00eb e m\u00eb i mundsh\u00ebm n\u00eb nj\u00eb afat t\u00eb shkurt\u00ebr \u2013 do t\u00eb jet\u00eb i domosdosh\u00ebm nj\u00eb proces i gjer\u00eb lustracioni, i shoq\u00ebruar me miratimin e nj\u00eb kushtetute t\u00eb re. Kjo do t\u00eb rikthente ndarjen e pushteteve, gjyq\u00ebsorin e pavarur dhe lirit\u00eb mediatike, duke larguar \u201cm\u00ebkatin\u201d e vazhdim\u00ebsis\u00eb autoritare.<\/p>\n<p>Protestat treguan se regjimi i Vu\u00e7iqit \u00ebsht\u00eb nj\u00eb nd\u00ebrtim bosh, i mbajtur n\u00eb k\u00ebmb\u00eb nga frika dhe manipulimi, por i pafuqish\u00ebm p\u00ebrball\u00eb unitetit qytetar. Student\u00ebt dhe qytetar\u00ebt e \u201c\u00e7liruan\u201d Serbin\u00eb nga frika, duke hapur rrug\u00ebn drejt nj\u00eb t\u00eb ardhmeje demokratike. Koha e p\u00ebrgjegj\u00ebsis\u00eb po vjen \u2013 jo p\u00ebr protestuesit, por p\u00ebr ata q\u00eb e shkat\u00ebrruan shtetin.<\/p>\n","protected":false},"excerpt":{"rendered":"<p>Prishtin\u00eb, 12 dhjetor 2025 08:46 Protestat antikorrupsion n\u00eb Serbi, t\u00eb cilat shp\u00ebrthyen pas shembjes tragjike t\u00eb \u00e7atis\u00eb s\u00eb stacionit hekurudhor n\u00eb Novi Sad m\u00eb 1<\/p>\n","protected":false},"author":7,"featured_media":23707,"comment_status":"open","ping_status":"open","sticky":false,"template":"","format":"standard","meta":{"footnotes":""},"categories":[58],"tags":[],"class_list":["post-23711","post","type-post","status-publish","format-standard","has-post-thumbnail","hentry","category-politike-sq"],"yoast_head":"<!-- This site is optimized with the Yoast SEO plugin v25.3.1 - https:\/\/yoast.com\/wordpress\/plugins\/seo\/ -->\n<title>Regjimi i Vu\u00e7iqit n\u00eb kriz\u00eb t\u00eb thell\u00eb: Protestat masive t\u00eb student\u00ebve, tirania e pashtet\u00ebsis\u00eb dhe \u00e7menduria e strukturave pro-regjimit -<\/title>\n<meta name=\"robots\" content=\"index, follow, max-snippet:-1, max-image-preview:large, max-video-preview:-1\" \/>\n<link rel=\"canonical\" href=\"https:\/\/veritasinfo.org\/?p=23711\" \/>\n<meta property=\"og:locale\" content=\"en_US\" \/>\n<meta property=\"og:type\" content=\"article\" \/>\n<meta property=\"og:title\" content=\"Regjimi i Vu\u00e7iqit n\u00eb kriz\u00eb t\u00eb thell\u00eb: Protestat masive t\u00eb student\u00ebve, tirania e pashtet\u00ebsis\u00eb dhe \u00e7menduria e strukturave pro-regjimit -\" \/>\n<meta property=\"og:description\" content=\"Prishtin\u00eb, 12 dhjetor 2025 08:46 Protestat antikorrupsion n\u00eb Serbi, t\u00eb cilat shp\u00ebrthyen pas shembjes tragjike t\u00eb \u00e7atis\u00eb s\u00eb stacionit hekurudhor n\u00eb Novi Sad m\u00eb 1\" \/>\n<meta property=\"og:url\" content=\"https:\/\/veritasinfo.org\/?p=23711\" \/>\n<meta property=\"article:published_time\" content=\"2025-12-12T07:47:21+00:00\" \/>\n<meta property=\"og:image\" content=\"https:\/\/veritasinfo.org\/wp-content\/uploads\/2025\/12\/1756720460vxzjn5s4hg56stuy-i_1068x712.jpg\" \/>\n\t<meta property=\"og:image:width\" content=\"1068\" \/>\n\t<meta property=\"og:image:height\" content=\"712\" \/>\n\t<meta property=\"og:image:type\" content=\"image\/jpeg\" \/>\n<meta name=\"author\" content=\"US6\" \/>\n<meta name=\"twitter:card\" content=\"summary_large_image\" \/>\n<meta name=\"twitter:label1\" content=\"Written by\" \/>\n\t<meta name=\"twitter:data1\" content=\"US6\" \/>\n\t<meta name=\"twitter:label2\" content=\"Est. reading time\" \/>\n\t<meta name=\"twitter:data2\" content=\"4 minutes\" \/>\n<script type=\"application\/ld+json\" class=\"yoast-schema-graph\">{\"@context\":\"https:\/\/schema.org\",\"@graph\":[{\"@type\":\"WebPage\",\"@id\":\"https:\/\/veritasinfo.org\/?p=23711\",\"url\":\"https:\/\/veritasinfo.org\/?p=23711\",\"name\":\"Regjimi i Vu\u00e7iqit n\u00eb kriz\u00eb t\u00eb thell\u00eb: Protestat masive t\u00eb student\u00ebve, tirania e pashtet\u00ebsis\u00eb dhe \u00e7menduria e strukturave pro-regjimit -\",\"isPartOf\":{\"@id\":\"https:\/\/veritasinfo.org\/#website\"},\"primaryImageOfPage\":{\"@id\":\"https:\/\/veritasinfo.org\/?p=23711#primaryimage\"},\"image\":{\"@id\":\"https:\/\/veritasinfo.org\/?p=23711#primaryimage\"},\"thumbnailUrl\":\"https:\/\/veritasinfo.org\/wp-content\/uploads\/2025\/12\/1756720460vxzjn5s4hg56stuy-i_1068x712.jpg\",\"datePublished\":\"2025-12-12T07:47:21+00:00\",\"author\":{\"@id\":\"https:\/\/veritasinfo.org\/#\/schema\/person\/fe199eede04c3937362892b7444747cc\"},\"breadcrumb\":{\"@id\":\"https:\/\/veritasinfo.org\/?p=23711#breadcrumb\"},\"inLanguage\":\"en-US\",\"potentialAction\":[{\"@type\":\"ReadAction\",\"target\":[\"https:\/\/veritasinfo.org\/?p=23711\"]}]},{\"@type\":\"ImageObject\",\"inLanguage\":\"en-US\",\"@id\":\"https:\/\/veritasinfo.org\/?p=23711#primaryimage\",\"url\":\"https:\/\/veritasinfo.org\/wp-content\/uploads\/2025\/12\/1756720460vxzjn5s4hg56stuy-i_1068x712.jpg\",\"contentUrl\":\"https:\/\/veritasinfo.org\/wp-content\/uploads\/2025\/12\/1756720460vxzjn5s4hg56stuy-i_1068x712.jpg\",\"width\":1068,\"height\":712},{\"@type\":\"BreadcrumbList\",\"@id\":\"https:\/\/veritasinfo.org\/?p=23711#breadcrumb\",\"itemListElement\":[{\"@type\":\"ListItem\",\"position\":1,\"name\":\"Home\",\"item\":\"https:\/\/veritasinfo.org\/\"},{\"@type\":\"ListItem\",\"position\":2,\"name\":\"Regjimi i Vu\u00e7iqit n\u00eb kriz\u00eb t\u00eb thell\u00eb: Protestat masive t\u00eb student\u00ebve, tirania e pashtet\u00ebsis\u00eb dhe \u00e7menduria e strukturave pro-regjimit\"}]},{\"@type\":\"WebSite\",\"@id\":\"https:\/\/veritasinfo.org\/#website\",\"url\":\"https:\/\/veritasinfo.org\/\",\"name\":\"\",\"description\":\"\",\"potentialAction\":[{\"@type\":\"SearchAction\",\"target\":{\"@type\":\"EntryPoint\",\"urlTemplate\":\"https:\/\/veritasinfo.org\/?s={search_term_string}\"},\"query-input\":{\"@type\":\"PropertyValueSpecification\",\"valueRequired\":true,\"valueName\":\"search_term_string\"}}],\"inLanguage\":\"en-US\"},{\"@type\":\"Person\",\"@id\":\"https:\/\/veritasinfo.org\/#\/schema\/person\/fe199eede04c3937362892b7444747cc\",\"name\":\"US6\",\"image\":{\"@type\":\"ImageObject\",\"inLanguage\":\"en-US\",\"@id\":\"https:\/\/veritasinfo.org\/#\/schema\/person\/image\/\",\"url\":\"https:\/\/secure.gravatar.com\/avatar\/cb16c3c31c9d23b9b8c705964598220b3014e42ff51eb540ff23cefa3ae8c15f?s=96&d=mm&r=g\",\"contentUrl\":\"https:\/\/secure.gravatar.com\/avatar\/cb16c3c31c9d23b9b8c705964598220b3014e42ff51eb540ff23cefa3ae8c15f?s=96&d=mm&r=g\",\"caption\":\"US6\"},\"url\":\"https:\/\/veritasinfo.org\/?author=7\"}]}<\/script>\n<!-- \/ Yoast SEO plugin. -->","yoast_head_json":{"title":"Regjimi i Vu\u00e7iqit n\u00eb kriz\u00eb t\u00eb thell\u00eb: Protestat masive t\u00eb student\u00ebve, tirania e pashtet\u00ebsis\u00eb dhe \u00e7menduria e strukturave pro-regjimit -","robots":{"index":"index","follow":"follow","max-snippet":"max-snippet:-1","max-image-preview":"max-image-preview:large","max-video-preview":"max-video-preview:-1"},"canonical":"https:\/\/veritasinfo.org\/?p=23711","og_locale":"en_US","og_type":"article","og_title":"Regjimi i Vu\u00e7iqit n\u00eb kriz\u00eb t\u00eb thell\u00eb: Protestat masive t\u00eb student\u00ebve, tirania e pashtet\u00ebsis\u00eb dhe \u00e7menduria e strukturave pro-regjimit -","og_description":"Prishtin\u00eb, 12 dhjetor 2025 08:46 Protestat antikorrupsion n\u00eb Serbi, t\u00eb cilat shp\u00ebrthyen pas shembjes tragjike t\u00eb \u00e7atis\u00eb s\u00eb stacionit hekurudhor n\u00eb Novi Sad m\u00eb 1","og_url":"https:\/\/veritasinfo.org\/?p=23711","article_published_time":"2025-12-12T07:47:21+00:00","og_image":[{"width":1068,"height":712,"url":"https:\/\/veritasinfo.org\/wp-content\/uploads\/2025\/12\/1756720460vxzjn5s4hg56stuy-i_1068x712.jpg","type":"image\/jpeg"}],"author":"US6","twitter_card":"summary_large_image","twitter_misc":{"Written by":"US6","Est. reading time":"4 minutes"},"schema":{"@context":"https:\/\/schema.org","@graph":[{"@type":"WebPage","@id":"https:\/\/veritasinfo.org\/?p=23711","url":"https:\/\/veritasinfo.org\/?p=23711","name":"Regjimi i Vu\u00e7iqit n\u00eb kriz\u00eb t\u00eb thell\u00eb: Protestat masive t\u00eb student\u00ebve, tirania e pashtet\u00ebsis\u00eb dhe \u00e7menduria e strukturave pro-regjimit -","isPartOf":{"@id":"https:\/\/veritasinfo.org\/#website"},"primaryImageOfPage":{"@id":"https:\/\/veritasinfo.org\/?p=23711#primaryimage"},"image":{"@id":"https:\/\/veritasinfo.org\/?p=23711#primaryimage"},"thumbnailUrl":"https:\/\/veritasinfo.org\/wp-content\/uploads\/2025\/12\/1756720460vxzjn5s4hg56stuy-i_1068x712.jpg","datePublished":"2025-12-12T07:47:21+00:00","author":{"@id":"https:\/\/veritasinfo.org\/#\/schema\/person\/fe199eede04c3937362892b7444747cc"},"breadcrumb":{"@id":"https:\/\/veritasinfo.org\/?p=23711#breadcrumb"},"inLanguage":"en-US","potentialAction":[{"@type":"ReadAction","target":["https:\/\/veritasinfo.org\/?p=23711"]}]},{"@type":"ImageObject","inLanguage":"en-US","@id":"https:\/\/veritasinfo.org\/?p=23711#primaryimage","url":"https:\/\/veritasinfo.org\/wp-content\/uploads\/2025\/12\/1756720460vxzjn5s4hg56stuy-i_1068x712.jpg","contentUrl":"https:\/\/veritasinfo.org\/wp-content\/uploads\/2025\/12\/1756720460vxzjn5s4hg56stuy-i_1068x712.jpg","width":1068,"height":712},{"@type":"BreadcrumbList","@id":"https:\/\/veritasinfo.org\/?p=23711#breadcrumb","itemListElement":[{"@type":"ListItem","position":1,"name":"Home","item":"https:\/\/veritasinfo.org\/"},{"@type":"ListItem","position":2,"name":"Regjimi i Vu\u00e7iqit n\u00eb kriz\u00eb t\u00eb thell\u00eb: Protestat masive t\u00eb student\u00ebve, tirania e pashtet\u00ebsis\u00eb dhe \u00e7menduria e strukturave pro-regjimit"}]},{"@type":"WebSite","@id":"https:\/\/veritasinfo.org\/#website","url":"https:\/\/veritasinfo.org\/","name":"","description":"","potentialAction":[{"@type":"SearchAction","target":{"@type":"EntryPoint","urlTemplate":"https:\/\/veritasinfo.org\/?s={search_term_string}"},"query-input":{"@type":"PropertyValueSpecification","valueRequired":true,"valueName":"search_term_string"}}],"inLanguage":"en-US"},{"@type":"Person","@id":"https:\/\/veritasinfo.org\/#\/schema\/person\/fe199eede04c3937362892b7444747cc","name":"US6","image":{"@type":"ImageObject","inLanguage":"en-US","@id":"https:\/\/veritasinfo.org\/#\/schema\/person\/image\/","url":"https:\/\/secure.gravatar.com\/avatar\/cb16c3c31c9d23b9b8c705964598220b3014e42ff51eb540ff23cefa3ae8c15f?s=96&d=mm&r=g","contentUrl":"https:\/\/secure.gravatar.com\/avatar\/cb16c3c31c9d23b9b8c705964598220b3014e42ff51eb540ff23cefa3ae8c15f?s=96&d=mm&r=g","caption":"US6"},"url":"https:\/\/veritasinfo.org\/?author=7"}]}},"featured_image_urls":{"full":["https:\/\/veritasinfo.org\/wp-content\/uploads\/2025\/12\/1756720460vxzjn5s4hg56stuy-i_1068x712.jpg",1068,712,false],"thumbnail":["https:\/\/veritasinfo.org\/wp-content\/uploads\/2025\/12\/1756720460vxzjn5s4hg56stuy-i_1068x712-150x150.jpg",150,150,true],"medium":["https:\/\/veritasinfo.org\/wp-content\/uploads\/2025\/12\/1756720460vxzjn5s4hg56stuy-i_1068x712-300x200.jpg",300,200,true],"medium_large":["https:\/\/veritasinfo.org\/wp-content\/uploads\/2025\/12\/1756720460vxzjn5s4hg56stuy-i_1068x712-768x512.jpg",640,427,true],"large":["https:\/\/veritasinfo.org\/wp-content\/uploads\/2025\/12\/1756720460vxzjn5s4hg56stuy-i_1068x712-1024x683.jpg",640,427,true],"1536x1536":["https:\/\/veritasinfo.org\/wp-content\/uploads\/2025\/12\/1756720460vxzjn5s4hg56stuy-i_1068x712.jpg",1068,712,false],"2048x2048":["https:\/\/veritasinfo.org\/wp-content\/uploads\/2025\/12\/1756720460vxzjn5s4hg56stuy-i_1068x712.jpg",1068,712,false],"kreeti-slider-full":["https:\/\/veritasinfo.org\/wp-content\/uploads\/2025\/12\/1756720460vxzjn5s4hg56stuy-i_1068x712.jpg",1068,712,false],"kreeti-featured":["https:\/\/veritasinfo.org\/wp-content\/uploads\/2025\/12\/1756720460vxzjn5s4hg56stuy-i_1068x712.jpg",1024,683,false],"kreeti-medium":["https:\/\/veritasinfo.org\/wp-content\/uploads\/2025\/12\/1756720460vxzjn5s4hg56stuy-i_1068x712.jpg",720,480,false],"kreeti-medium-square":["https:\/\/veritasinfo.org\/wp-content\/uploads\/2025\/12\/1756720460vxzjn5s4hg56stuy-i_1068x712.jpg",350,233,false]},"author_info":{"info":["US6"]},"category_info":"<a href=\"https:\/\/veritasinfo.org\/?cat=58\" rel=\"category\">Politik\u00eb<\/a>","tag_info":"Politik\u00eb","comment_count":"0","_links":{"self":[{"href":"https:\/\/veritasinfo.org\/index.php?rest_route=\/wp\/v2\/posts\/23711","targetHints":{"allow":["GET"]}}],"collection":[{"href":"https:\/\/veritasinfo.org\/index.php?rest_route=\/wp\/v2\/posts"}],"about":[{"href":"https:\/\/veritasinfo.org\/index.php?rest_route=\/wp\/v2\/types\/post"}],"author":[{"embeddable":true,"href":"https:\/\/veritasinfo.org\/index.php?rest_route=\/wp\/v2\/users\/7"}],"replies":[{"embeddable":true,"href":"https:\/\/veritasinfo.org\/index.php?rest_route=%2Fwp%2Fv2%2Fcomments&post=23711"}],"version-history":[{"count":1,"href":"https:\/\/veritasinfo.org\/index.php?rest_route=\/wp\/v2\/posts\/23711\/revisions"}],"predecessor-version":[{"id":23712,"href":"https:\/\/veritasinfo.org\/index.php?rest_route=\/wp\/v2\/posts\/23711\/revisions\/23712"}],"wp:featuredmedia":[{"embeddable":true,"href":"https:\/\/veritasinfo.org\/index.php?rest_route=\/wp\/v2\/media\/23707"}],"wp:attachment":[{"href":"https:\/\/veritasinfo.org\/index.php?rest_route=%2Fwp%2Fv2%2Fmedia&parent=23711"}],"wp:term":[{"taxonomy":"category","embeddable":true,"href":"https:\/\/veritasinfo.org\/index.php?rest_route=%2Fwp%2Fv2%2Fcategories&post=23711"},{"taxonomy":"post_tag","embeddable":true,"href":"https:\/\/veritasinfo.org\/index.php?rest_route=%2Fwp%2Fv2%2Ftags&post=23711"}],"curies":[{"name":"wp","href":"https:\/\/api.w.org\/{rel}","templated":true}]}}