{"id":2364,"date":"2025-07-03T12:11:46","date_gmt":"2025-07-03T10:11:46","guid":{"rendered":"https:\/\/veritasinfo.org\/?p=2364"},"modified":"2025-07-03T12:11:46","modified_gmt":"2025-07-03T10:11:46","slug":"gjashtedhjete-police-shtyejne-tri-gra-protestuese-gjate-protestes-ne-beograd","status":"publish","type":"post","link":"https:\/\/veritasinfo.org\/?p=2364","title":{"rendered":"Gjasht\u00ebdhjet\u00eb polic\u00eb shtyejn\u00eb tri gra protestuese gjat\u00eb protest\u00ebs n\u00eb Beograd"},"content":{"rendered":"<p>Beograd, 03 Korrik 2025<\/p>\n<p>T\u00eb m\u00ebrkur\u00ebn n\u00eb mbr\u00ebmje, n\u00eb Serbi nj\u00eb num\u00ebr i madh qytetar\u00ebsh u arrestuan dhe u sulmuan, n\u00eb nj\u00eb operacion policor p\u00ebr t\u00eb thyer bllokadat e student\u00ebve.<\/p>\n<p>Gjat\u00eb nat\u00ebs me stuhi, por edhe n\u00eb m\u00ebngjes, nj\u00eb num\u00ebr i madh videosh u shfaq\u00ebn n\u00eb rrjetet sociale q\u00eb tregonin se si policia i trajtonte qytetar\u00ebt.<\/p>\n<div class=\"code-block code-block-45 code-block-futureads-para-paragrafi1\">\n<div id=\"telegrafi_async_1864771998\" data-zone=\"a0923d53-4bd5-4787-b134-a72bb441a32b\" data-sender=\"telegrafi\" data-parent-id=\"futureads_1748d37fc0ef4e6394a41c4536009fcd_zone_103963_sect_47407_site_31670\">\n<div class=\"resize-sensor\" dir=\"ltr\">\n<div class=\"resize-sensor-expand\">\n<div>Reagimet m\u00eb t\u00eb nxehta u shkaktuan nga nj\u00eb video e postuar n\u00eb profilet e Instagram-it \u201cFTN se budi\u201d dhe \u201cstudent\u00ebt n\u00eb bllokad\u00eb\u201d n\u00ebn titullin \u201cbravo, burra\u201d.<\/div>\n<\/div>\n<\/div>\n<\/div>\n<\/div>\n<div class=\"code-block code-block-43 code-block-pas-paragrafit-2t-inarticle-outstream\">\n<div data-id=\"jBsDrr2VjZQa\">\n<div class=\"orp-player-wrapper orp-aspectRateFixed orp-tiny-size orp-player-ipm orp-player-ipm-hidden orp-force-hide-player\">Konkretisht, videoja tregon dhjet\u00ebra oficer\u00eb policie me vajza q\u00eb ecin para tyre, dhe oficeri i policis\u00eb vazhdimisht shtyn nj\u00ebr\u00ebn prej tyre dhe i thot\u00eb t\u00eb ec\u00eb m\u00eb shpejt.<\/div>\n<div>\n<p>\u201cImagjinoni sikur ky t\u00eb ishte i dashuri ose burri juaj\u201d, \u201cDo t\u00eb b\u00ebj di\u00e7ka shtes\u00eb p\u00ebr t\u00eb rritur dy djemt\u00eb e mi. Do t\u00eb kthehem menj\u00ebher\u00eb\u201d, \u201cGrat\u00eb e mia t\u00eb mrekullueshme dhe t\u00eb guximshme\u201d, \u201c60 prej tyre p\u00ebr tre gra\u201d, \u201cNe supozojm\u00eb se ju i trajtoni n\u00ebnat, motrat, t\u00eb dashurat dhe grat\u00eb tuaja n\u00eb t\u00eb nj\u00ebjt\u00ebn m\u00ebnyr\u00eb\u201d, jan\u00eb disa nga qindra komentet posht\u00eb videos.<\/p>\n<div class=\"code-block code-block-1 code-block-inarticle-desktop\">\n<div id=\"div-gpt-ad-1407836244895-0\" data-google-query-id=\"CNmDoKG5oI4DFcpIHQkdmYYczA\">\n<div id=\"google_ads_iframe_\/22646657118\/In-article_box_2_0__container__\">Situata nuk \u00ebsht\u00eb qet\u00ebsuar q\u00eb nga protesta n\u00eb Vidovdan, e cila u shoq\u00ebrua me bllokada dhe reagime nga qytetar\u00ebt e pak\u00ebnaqur.<\/div>\n<\/div>\n<\/div>\n<p>Pas ngjarjeve t\u00eb mbr\u00ebmjes s\u00eb s\u00eb m\u00ebrkur\u00ebs dhe reagimit t\u00eb dhunsh\u00ebm t\u00eb policis\u00eb, k\u00ebt\u00eb m\u00ebngjes bllokadat vazhduan, t\u00eb cilat filluan n\u00eb or\u00ebn 7 t\u00eb m\u00ebngjesit n\u00eb Beograd.<\/p>\n<\/div>\n<\/div>\n<\/div>\n<p>&nbsp;<\/p>\n","protected":false},"excerpt":{"rendered":"<p>Beograd, 03 Korrik 2025 T\u00eb m\u00ebrkur\u00ebn n\u00eb mbr\u00ebmje, n\u00eb Serbi nj\u00eb num\u00ebr i madh qytetar\u00ebsh u arrestuan dhe u sulmuan, n\u00eb nj\u00eb operacion policor p\u00ebr<\/p>\n","protected":false},"author":1,"featured_media":2367,"comment_status":"open","ping_status":"open","sticky":false,"template":"","format":"standard","meta":{"footnotes":""},"categories":[72],"tags":[],"class_list":["post-2364","post","type-post","status-publish","format-standard","has-post-thumbnail","hentry","category-bota"],"yoast_head":"<!-- This site is optimized with the Yoast SEO plugin v25.3.1 - https:\/\/yoast.com\/wordpress\/plugins\/seo\/ -->\n<title>Gjasht\u00ebdhjet\u00eb polic\u00eb shtyejn\u00eb tri gra protestuese gjat\u00eb protest\u00ebs n\u00eb Beograd -<\/title>\n<meta name=\"robots\" content=\"index, follow, max-snippet:-1, max-image-preview:large, max-video-preview:-1\" \/>\n<link rel=\"canonical\" href=\"https:\/\/veritasinfo.org\/?p=2364\" \/>\n<meta property=\"og:locale\" content=\"en_US\" \/>\n<meta property=\"og:type\" content=\"article\" \/>\n<meta property=\"og:title\" content=\"Gjasht\u00ebdhjet\u00eb polic\u00eb shtyejn\u00eb tri gra protestuese gjat\u00eb protest\u00ebs n\u00eb Beograd -\" \/>\n<meta property=\"og:description\" content=\"Beograd, 03 Korrik 2025 T\u00eb m\u00ebrkur\u00ebn n\u00eb mbr\u00ebmje, n\u00eb Serbi nj\u00eb num\u00ebr i madh qytetar\u00ebsh u arrestuan dhe u sulmuan, n\u00eb nj\u00eb operacion policor p\u00ebr\" \/>\n<meta property=\"og:url\" content=\"https:\/\/veritasinfo.org\/?p=2364\" \/>\n<meta property=\"article:published_time\" content=\"2025-07-03T10:11:46+00:00\" \/>\n<meta property=\"og:image\" content=\"https:\/\/veritasinfo.org\/wp-content\/uploads\/2025\/07\/IMG_1690.jpeg\" \/>\n\t<meta property=\"og:image:width\" content=\"780\" \/>\n\t<meta property=\"og:image:height\" content=\"439\" \/>\n\t<meta property=\"og:image:type\" content=\"image\/jpeg\" \/>\n<meta name=\"author\" content=\"admin\" \/>\n<meta name=\"twitter:card\" content=\"summary_large_image\" \/>\n<meta name=\"twitter:label1\" content=\"Written by\" \/>\n\t<meta name=\"twitter:data1\" content=\"admin\" \/>\n\t<meta name=\"twitter:label2\" content=\"Est. reading time\" \/>\n\t<meta name=\"twitter:data2\" content=\"2 minutes\" \/>\n<script type=\"application\/ld+json\" class=\"yoast-schema-graph\">{\"@context\":\"https:\/\/schema.org\",\"@graph\":[{\"@type\":\"WebPage\",\"@id\":\"https:\/\/veritasinfo.org\/?p=2364\",\"url\":\"https:\/\/veritasinfo.org\/?p=2364\",\"name\":\"Gjasht\u00ebdhjet\u00eb polic\u00eb shtyejn\u00eb tri gra protestuese gjat\u00eb protest\u00ebs n\u00eb Beograd -\",\"isPartOf\":{\"@id\":\"https:\/\/veritasinfo.org\/#website\"},\"primaryImageOfPage\":{\"@id\":\"https:\/\/veritasinfo.org\/?p=2364#primaryimage\"},\"image\":{\"@id\":\"https:\/\/veritasinfo.org\/?p=2364#primaryimage\"},\"thumbnailUrl\":\"https:\/\/veritasinfo.org\/wp-content\/uploads\/2025\/07\/IMG_1690.jpeg\",\"datePublished\":\"2025-07-03T10:11:46+00:00\",\"author\":{\"@id\":\"https:\/\/veritasinfo.org\/#\/schema\/person\/7701f8c088bece422266b100a712374f\"},\"breadcrumb\":{\"@id\":\"https:\/\/veritasinfo.org\/?p=2364#breadcrumb\"},\"inLanguage\":\"en-US\",\"potentialAction\":[{\"@type\":\"ReadAction\",\"target\":[\"https:\/\/veritasinfo.org\/?p=2364\"]}]},{\"@type\":\"ImageObject\",\"inLanguage\":\"en-US\",\"@id\":\"https:\/\/veritasinfo.org\/?p=2364#primaryimage\",\"url\":\"https:\/\/veritasinfo.org\/wp-content\/uploads\/2025\/07\/IMG_1690.jpeg\",\"contentUrl\":\"https:\/\/veritasinfo.org\/wp-content\/uploads\/2025\/07\/IMG_1690.jpeg\",\"width\":780,\"height\":439},{\"@type\":\"BreadcrumbList\",\"@id\":\"https:\/\/veritasinfo.org\/?p=2364#breadcrumb\",\"itemListElement\":[{\"@type\":\"ListItem\",\"position\":1,\"name\":\"Home\",\"item\":\"https:\/\/veritasinfo.org\/\"},{\"@type\":\"ListItem\",\"position\":2,\"name\":\"Gjasht\u00ebdhjet\u00eb polic\u00eb shtyejn\u00eb tri gra protestuese gjat\u00eb protest\u00ebs n\u00eb Beograd\"}]},{\"@type\":\"WebSite\",\"@id\":\"https:\/\/veritasinfo.org\/#website\",\"url\":\"https:\/\/veritasinfo.org\/\",\"name\":\"\",\"description\":\"\",\"potentialAction\":[{\"@type\":\"SearchAction\",\"target\":{\"@type\":\"EntryPoint\",\"urlTemplate\":\"https:\/\/veritasinfo.org\/?s={search_term_string}\"},\"query-input\":{\"@type\":\"PropertyValueSpecification\",\"valueRequired\":true,\"valueName\":\"search_term_string\"}}],\"inLanguage\":\"en-US\"},{\"@type\":\"Person\",\"@id\":\"https:\/\/veritasinfo.org\/#\/schema\/person\/7701f8c088bece422266b100a712374f\",\"name\":\"admin\",\"image\":{\"@type\":\"ImageObject\",\"inLanguage\":\"en-US\",\"@id\":\"https:\/\/veritasinfo.org\/#\/schema\/person\/image\/\",\"url\":\"https:\/\/secure.gravatar.com\/avatar\/ea53aa3bf6c9a12d5fde8ce4deff43fef3885ae33cf60184161a50d6987cfd2f?s=96&d=mm&r=g\",\"contentUrl\":\"https:\/\/secure.gravatar.com\/avatar\/ea53aa3bf6c9a12d5fde8ce4deff43fef3885ae33cf60184161a50d6987cfd2f?s=96&d=mm&r=g\",\"caption\":\"admin\"},\"sameAs\":[\"https:\/\/veritasinfo.org\"],\"url\":\"https:\/\/veritasinfo.org\/?author=1\"}]}<\/script>\n<!-- \/ Yoast SEO plugin. -->","yoast_head_json":{"title":"Gjasht\u00ebdhjet\u00eb polic\u00eb shtyejn\u00eb tri gra protestuese gjat\u00eb protest\u00ebs n\u00eb Beograd -","robots":{"index":"index","follow":"follow","max-snippet":"max-snippet:-1","max-image-preview":"max-image-preview:large","max-video-preview":"max-video-preview:-1"},"canonical":"https:\/\/veritasinfo.org\/?p=2364","og_locale":"en_US","og_type":"article","og_title":"Gjasht\u00ebdhjet\u00eb polic\u00eb shtyejn\u00eb tri gra protestuese gjat\u00eb protest\u00ebs n\u00eb Beograd -","og_description":"Beograd, 03 Korrik 2025 T\u00eb m\u00ebrkur\u00ebn n\u00eb mbr\u00ebmje, n\u00eb Serbi nj\u00eb num\u00ebr i madh qytetar\u00ebsh u arrestuan dhe u sulmuan, n\u00eb nj\u00eb operacion policor p\u00ebr","og_url":"https:\/\/veritasinfo.org\/?p=2364","article_published_time":"2025-07-03T10:11:46+00:00","og_image":[{"width":780,"height":439,"url":"https:\/\/veritasinfo.org\/wp-content\/uploads\/2025\/07\/IMG_1690.jpeg","type":"image\/jpeg"}],"author":"admin","twitter_card":"summary_large_image","twitter_misc":{"Written by":"admin","Est. reading time":"2 minutes"},"schema":{"@context":"https:\/\/schema.org","@graph":[{"@type":"WebPage","@id":"https:\/\/veritasinfo.org\/?p=2364","url":"https:\/\/veritasinfo.org\/?p=2364","name":"Gjasht\u00ebdhjet\u00eb polic\u00eb shtyejn\u00eb tri gra protestuese gjat\u00eb protest\u00ebs n\u00eb Beograd -","isPartOf":{"@id":"https:\/\/veritasinfo.org\/#website"},"primaryImageOfPage":{"@id":"https:\/\/veritasinfo.org\/?p=2364#primaryimage"},"image":{"@id":"https:\/\/veritasinfo.org\/?p=2364#primaryimage"},"thumbnailUrl":"https:\/\/veritasinfo.org\/wp-content\/uploads\/2025\/07\/IMG_1690.jpeg","datePublished":"2025-07-03T10:11:46+00:00","author":{"@id":"https:\/\/veritasinfo.org\/#\/schema\/person\/7701f8c088bece422266b100a712374f"},"breadcrumb":{"@id":"https:\/\/veritasinfo.org\/?p=2364#breadcrumb"},"inLanguage":"en-US","potentialAction":[{"@type":"ReadAction","target":["https:\/\/veritasinfo.org\/?p=2364"]}]},{"@type":"ImageObject","inLanguage":"en-US","@id":"https:\/\/veritasinfo.org\/?p=2364#primaryimage","url":"https:\/\/veritasinfo.org\/wp-content\/uploads\/2025\/07\/IMG_1690.jpeg","contentUrl":"https:\/\/veritasinfo.org\/wp-content\/uploads\/2025\/07\/IMG_1690.jpeg","width":780,"height":439},{"@type":"BreadcrumbList","@id":"https:\/\/veritasinfo.org\/?p=2364#breadcrumb","itemListElement":[{"@type":"ListItem","position":1,"name":"Home","item":"https:\/\/veritasinfo.org\/"},{"@type":"ListItem","position":2,"name":"Gjasht\u00ebdhjet\u00eb polic\u00eb shtyejn\u00eb tri gra protestuese gjat\u00eb protest\u00ebs n\u00eb Beograd"}]},{"@type":"WebSite","@id":"https:\/\/veritasinfo.org\/#website","url":"https:\/\/veritasinfo.org\/","name":"","description":"","potentialAction":[{"@type":"SearchAction","target":{"@type":"EntryPoint","urlTemplate":"https:\/\/veritasinfo.org\/?s={search_term_string}"},"query-input":{"@type":"PropertyValueSpecification","valueRequired":true,"valueName":"search_term_string"}}],"inLanguage":"en-US"},{"@type":"Person","@id":"https:\/\/veritasinfo.org\/#\/schema\/person\/7701f8c088bece422266b100a712374f","name":"admin","image":{"@type":"ImageObject","inLanguage":"en-US","@id":"https:\/\/veritasinfo.org\/#\/schema\/person\/image\/","url":"https:\/\/secure.gravatar.com\/avatar\/ea53aa3bf6c9a12d5fde8ce4deff43fef3885ae33cf60184161a50d6987cfd2f?s=96&d=mm&r=g","contentUrl":"https:\/\/secure.gravatar.com\/avatar\/ea53aa3bf6c9a12d5fde8ce4deff43fef3885ae33cf60184161a50d6987cfd2f?s=96&d=mm&r=g","caption":"admin"},"sameAs":["https:\/\/veritasinfo.org"],"url":"https:\/\/veritasinfo.org\/?author=1"}]}},"featured_image_urls":{"full":["https:\/\/veritasinfo.org\/wp-content\/uploads\/2025\/07\/IMG_1690.jpeg",780,439,false],"thumbnail":["https:\/\/veritasinfo.org\/wp-content\/uploads\/2025\/07\/IMG_1690-150x150.jpeg",150,150,true],"medium":["https:\/\/veritasinfo.org\/wp-content\/uploads\/2025\/07\/IMG_1690-300x169.jpeg",300,169,true],"medium_large":["https:\/\/veritasinfo.org\/wp-content\/uploads\/2025\/07\/IMG_1690-768x432.jpeg",640,360,true],"large":["https:\/\/veritasinfo.org\/wp-content\/uploads\/2025\/07\/IMG_1690.jpeg",640,360,false],"1536x1536":["https:\/\/veritasinfo.org\/wp-content\/uploads\/2025\/07\/IMG_1690.jpeg",780,439,false],"2048x2048":["https:\/\/veritasinfo.org\/wp-content\/uploads\/2025\/07\/IMG_1690.jpeg",780,439,false],"kreeti-slider-full":["https:\/\/veritasinfo.org\/wp-content\/uploads\/2025\/07\/IMG_1690.jpeg",780,439,false],"kreeti-featured":["https:\/\/veritasinfo.org\/wp-content\/uploads\/2025\/07\/IMG_1690.jpeg",780,439,false],"kreeti-medium":["https:\/\/veritasinfo.org\/wp-content\/uploads\/2025\/07\/IMG_1690.jpeg",720,405,false],"kreeti-medium-square":["https:\/\/veritasinfo.org\/wp-content\/uploads\/2025\/07\/IMG_1690.jpeg",350,197,false]},"author_info":{"info":["admin"]},"category_info":"<a href=\"https:\/\/veritasinfo.org\/?cat=72\" rel=\"category\">Bota<\/a>","tag_info":"Bota","comment_count":"0","_links":{"self":[{"href":"https:\/\/veritasinfo.org\/index.php?rest_route=\/wp\/v2\/posts\/2364","targetHints":{"allow":["GET"]}}],"collection":[{"href":"https:\/\/veritasinfo.org\/index.php?rest_route=\/wp\/v2\/posts"}],"about":[{"href":"https:\/\/veritasinfo.org\/index.php?rest_route=\/wp\/v2\/types\/post"}],"author":[{"embeddable":true,"href":"https:\/\/veritasinfo.org\/index.php?rest_route=\/wp\/v2\/users\/1"}],"replies":[{"embeddable":true,"href":"https:\/\/veritasinfo.org\/index.php?rest_route=%2Fwp%2Fv2%2Fcomments&post=2364"}],"version-history":[{"count":1,"href":"https:\/\/veritasinfo.org\/index.php?rest_route=\/wp\/v2\/posts\/2364\/revisions"}],"predecessor-version":[{"id":2368,"href":"https:\/\/veritasinfo.org\/index.php?rest_route=\/wp\/v2\/posts\/2364\/revisions\/2368"}],"wp:featuredmedia":[{"embeddable":true,"href":"https:\/\/veritasinfo.org\/index.php?rest_route=\/wp\/v2\/media\/2367"}],"wp:attachment":[{"href":"https:\/\/veritasinfo.org\/index.php?rest_route=%2Fwp%2Fv2%2Fmedia&parent=2364"}],"wp:term":[{"taxonomy":"category","embeddable":true,"href":"https:\/\/veritasinfo.org\/index.php?rest_route=%2Fwp%2Fv2%2Fcategories&post=2364"},{"taxonomy":"post_tag","embeddable":true,"href":"https:\/\/veritasinfo.org\/index.php?rest_route=%2Fwp%2Fv2%2Ftags&post=2364"}],"curies":[{"name":"wp","href":"https:\/\/api.w.org\/{rel}","templated":true}]}}