{"id":23594,"date":"2025-12-11T13:19:55","date_gmt":"2025-12-11T12:19:55","guid":{"rendered":"https:\/\/veritasinfo.org\/?p=23594"},"modified":"2025-12-11T13:19:55","modified_gmt":"2025-12-11T12:19:55","slug":"dimiq-partite-qe-veprojne-kunder-kosoves-te-perjashtohen-nga-zgjedhjet","status":"publish","type":"post","link":"https:\/\/veritasinfo.org\/?p=23594","title":{"rendered":"Dimiq: Partit\u00eb q\u00eb veprojn\u00eb kund\u00ebr Kosov\u00ebs t\u00eb p\u00ebrjashtohen nga zgjedhjet"},"content":{"rendered":"<p>Prishtin\u00eb 11 Dhjetor 2025 13:17<\/p>\n<p>Radimir Dimiq, kryetari i Multietnikes s\u00eb Kosov\u00ebs(MEK), n\u00eb nj\u00eb deklarat\u00eb p\u00ebr media, tha se partit\u00eb politike q\u00eb veprojn\u00eb kund\u00ebr shtetit t\u00eb Kosov\u00ebs duhet t\u00eb p\u00ebrjashtohen nga zgjedhjet e 28 dhjetorit.<\/p>\n<p>\u201cIniciativa Politike Multi Etnika angazhohet me parimin q\u00eb \u00e7do parti politike e cila zhvillon aktivitet anti shtet\u00ebror dhe rrezikon rregullimin e rendit  kushtetuese, nuk i respekton ligjet e shteti n\u00eb \u00e7far\u00ebdo forme duke krijuar edhe pasoja t\u00eb d\u00ebmshme ndaj shtetit t\u00eb Kosov\u00ebs t\u00eb ndalohet s\u00eb vepruar n\u00eb m\u00ebnyr\u00eb automatike dhe pa asnj\u00eb kompromis. Dikush do t\u00eb mendoj\u00eb e pyes se p\u00ebr cilin subjekt politik konkretisht  b\u00ebhet fjal\u00eb? N\u00eb k\u00ebt\u00eb kuptim dhe n\u00eb k\u00ebt\u00eb drejtim e mb\u00ebshtes n\u00eb m\u00ebnyr\u00eb absolute dhe fuqish\u00ebm k\u00ebrkes\u00ebn e t\u00eb gjitha atyre partive politike dhe t\u00eb shoq\u00ebris\u00eb civile t\u00eb cilat kan\u00eb k\u00ebrkuar nga institucionet p\u00ebrgjegj\u00ebse q\u00eb me nj\u00eb vendim t\u00eb prer\u00eb dhe t\u00eb padiskutuesh\u00ebm, n\u00eb p\u00ebrputhje me ligjin dhe rregullativ\u00ebn gjithp\u00ebrfshir\u00ebse juridike, t\u2019i ndalohet pjes\u00ebmarrja n\u00eb zgjedhjet parlamentare t\u00eb 28 dhjetorit 2025 List\u00ebs Serpska\u201d, tha ai.<\/p>\n<p>K\u00ebt\u00eb Q\u00ebndrim dhe k\u00ebrkes\u00eb ai thot\u00eb se bazon n\u00eb faktet e ditura publike t\u00eb cilat flasin p\u00ebr veprimtarin\u00eb politike kund\u00ebr kushtetuese t\u00eb List\u00ebs Serpska, jo vet\u00ebm kund\u00ebr shtetit ton\u00eb,  t\u00eb Kosov\u00ebs s\u00eb pavarur, por ka vepruar dhe po vazhdon t\u00eb veproj\u00eb akoma edhe kund\u00ebr vet\u00eb interesave t\u00eb popullat\u00ebs serbe q\u00eb jan\u00eb qytetar\u00eb lojal t\u00eb shtetit ton\u00eb t\u00eb p\u00ebrbashk\u00ebt.<\/p>\n<p>\u201cDihet ashiqare q\u00eb kjo veprimtari armiq\u00ebsor \u00ebsht\u00eb duke u zhvilluar n\u00eb koordinim t\u00eb ngusht\u00eb me institucionet zyrtare shtet\u00ebrore t\u00eb shtetit serb  n\u00eb Beograd, i cili shtet po p\u00ebrzihet drejtp\u00ebrdrejt\u00ebn n\u00eb pun\u00ebt e brendshme t\u00eb Kosov\u00ebs dhe po i infiltron strukturat e sh\u00ebrbimit t\u00eb fsheht\u00eb p\u00ebr t\u00eb ndikuar n\u00eb procesin e zgjedhjeve parlamentare. Subjekti politik t\u00eb cilin un\u00eb e p\u00ebrfaq\u00ebsoj Multi Etnika, \u00ebsht\u00eb kategorikisht dhe pa asnj\u00eb hamendje kund\u00ebr nj\u00eb politike t\u00eb till\u00eb ndaj Kosov\u00ebs e cila udh\u00ebhiqet n\u00eb m\u00ebnyr\u00eb destruktive nga Aleksand\u00ebr Vu\u00e7iq presidenti serb\u00eb, i cili po e favorizon edhe financiarisht, edhe politikisht, edhe materialisht me financa vet\u00ebm satelitin e vet\u00eb politik List\u00ebn Serpska. N\u00eb k\u00ebt\u00eb m\u00ebnyr\u00eb ai po ndikon edhe n\u00eb thellimin e p\u00ebr\u00e7arjes mes serb\u00ebve t\u00eb Kosov\u00ebs, duke i manipuluar ata e duke i ndar\u00eb n\u00eb patriot, ata q\u00eb jan\u00eb p\u00ebrkrah\u00ebs t\u00eb tij dhe n\u00eb   tradh\u00ebtar ata q\u00eb jan\u00eb kund\u00ebr politik\u00ebs s\u00eb Vu\u00e7iqit. Kjo \u00ebsht\u00eb ar\u00ebsyeja pse un\u00eb po apeloj\u00eb tek organet p\u00ebrgjegj\u00ebse, e m\u00eb konkretisht tek KQZ-ja, q\u00eb t\u00eb mund\u00ebsojn\u00eb vet\u00ebm pjes\u00ebmarrje t\u00eb barabart\u00eb dhe demokratike n\u00eb k\u00ebto zgjedhje q\u00eb jan\u00eb para nesh ,  p\u00ebr t\u00eb gjitha subjektet politike n\u00eb Republik\u00ebn e Kosov\u00ebs.  Pra edhe nj\u00ebher\u00eb po them\u00eb se p\u00ebrse jan kund\u00ebr pjes\u00ebmarrjes s\u00eb List\u00ebs Serpska. Kjo parti politike gjat\u00eb gjith\u00eb koh\u00ebs s\u00eb veprimtaris\u00eb s\u00eb saj\u00eb ka p\u00ebrkrahur nj\u00eb sistem mafioz i cili \u00ebsht\u00eb instaluar n\u00eb veri t\u00eb Kosov\u00ebs n\u00eb krye me bandit\u00ebt e d\u00ebshmuar Veselinoviq dhe Radoj\u00e7iq. Lista Serbia duhet t\u00eb detyrohet t&#8217;a pranon shtetin e Kosov\u00ebs, shtet n\u00eb t\u00eb cilin \u00ebsht\u00eb regjistruar dhe vepron. Vet\u00ebm k\u00ebshtu do t\u00eb mund\u00eb ti lejohet pjes\u00ebmarrja n\u00eb zgjedhjet p\u00ebr parlamentin e shtetit t\u00eb p\u00ebrbashk\u00ebt me nj\u00eb p\u00ebrb\u00ebrje, por duke kultivuar politik integruese  multietnike. Kjo do t\u00eb ishte krejt\u00ebsisht normale\u201d, tha ai<\/p>\n","protected":false},"excerpt":{"rendered":"<p>Prishtin\u00eb 11 Dhjetor 2025 13:17 Radimir Dimiq, kryetari i Multietnikes s\u00eb Kosov\u00ebs(MEK), n\u00eb nj\u00eb deklarat\u00eb p\u00ebr media, tha se partit\u00eb politike q\u00eb veprojn\u00eb kund\u00ebr shtetit<\/p>\n","protected":false},"author":6,"featured_media":23595,"comment_status":"open","ping_status":"open","sticky":false,"template":"","format":"standard","meta":{"footnotes":""},"categories":[8],"tags":[],"class_list":["post-23594","post","type-post","status-publish","format-standard","has-post-thumbnail","hentry","category-blog-sq"],"yoast_head":"<!-- This site is optimized with the Yoast SEO plugin v25.3.1 - https:\/\/yoast.com\/wordpress\/plugins\/seo\/ -->\n<title>Dimiq: Partit\u00eb q\u00eb veprojn\u00eb kund\u00ebr Kosov\u00ebs t\u00eb p\u00ebrjashtohen nga zgjedhjet -<\/title>\n<meta name=\"robots\" content=\"index, follow, max-snippet:-1, max-image-preview:large, max-video-preview:-1\" \/>\n<link rel=\"canonical\" href=\"https:\/\/veritasinfo.org\/?p=23594\" \/>\n<meta property=\"og:locale\" content=\"en_US\" \/>\n<meta property=\"og:type\" content=\"article\" \/>\n<meta property=\"og:title\" content=\"Dimiq: Partit\u00eb q\u00eb veprojn\u00eb kund\u00ebr Kosov\u00ebs t\u00eb p\u00ebrjashtohen nga zgjedhjet -\" \/>\n<meta property=\"og:description\" content=\"Prishtin\u00eb 11 Dhjetor 2025 13:17 Radimir Dimiq, kryetari i Multietnikes s\u00eb Kosov\u00ebs(MEK), n\u00eb nj\u00eb deklarat\u00eb p\u00ebr media, tha se partit\u00eb politike q\u00eb veprojn\u00eb kund\u00ebr shtetit\" \/>\n<meta property=\"og:url\" content=\"https:\/\/veritasinfo.org\/?p=23594\" \/>\n<meta property=\"article:published_time\" content=\"2025-12-11T12:19:55+00:00\" \/>\n<meta property=\"og:image\" content=\"https:\/\/veritasinfo.org\/wp-content\/uploads\/2025\/12\/711775-fEyipmqOVM.jpg\" \/>\n\t<meta property=\"og:image:width\" content=\"780\" \/>\n\t<meta property=\"og:image:height\" content=\"500\" \/>\n\t<meta property=\"og:image:type\" content=\"image\/jpeg\" \/>\n<meta name=\"author\" content=\"US5\" \/>\n<meta name=\"twitter:card\" content=\"summary_large_image\" \/>\n<meta name=\"twitter:label1\" content=\"Written by\" \/>\n\t<meta name=\"twitter:data1\" content=\"US5\" \/>\n<script type=\"application\/ld+json\" class=\"yoast-schema-graph\">{\"@context\":\"https:\/\/schema.org\",\"@graph\":[{\"@type\":\"WebPage\",\"@id\":\"https:\/\/veritasinfo.org\/?p=23594\",\"url\":\"https:\/\/veritasinfo.org\/?p=23594\",\"name\":\"Dimiq: Partit\u00eb q\u00eb veprojn\u00eb kund\u00ebr Kosov\u00ebs t\u00eb p\u00ebrjashtohen nga zgjedhjet -\",\"isPartOf\":{\"@id\":\"https:\/\/veritasinfo.org\/#website\"},\"primaryImageOfPage\":{\"@id\":\"https:\/\/veritasinfo.org\/?p=23594#primaryimage\"},\"image\":{\"@id\":\"https:\/\/veritasinfo.org\/?p=23594#primaryimage\"},\"thumbnailUrl\":\"https:\/\/veritasinfo.org\/wp-content\/uploads\/2025\/12\/711775-fEyipmqOVM.jpg\",\"datePublished\":\"2025-12-11T12:19:55+00:00\",\"author\":{\"@id\":\"https:\/\/veritasinfo.org\/#\/schema\/person\/bc442336e35414d04494ab8fb45db4c6\"},\"breadcrumb\":{\"@id\":\"https:\/\/veritasinfo.org\/?p=23594#breadcrumb\"},\"inLanguage\":\"en-US\",\"potentialAction\":[{\"@type\":\"ReadAction\",\"target\":[\"https:\/\/veritasinfo.org\/?p=23594\"]}]},{\"@type\":\"ImageObject\",\"inLanguage\":\"en-US\",\"@id\":\"https:\/\/veritasinfo.org\/?p=23594#primaryimage\",\"url\":\"https:\/\/veritasinfo.org\/wp-content\/uploads\/2025\/12\/711775-fEyipmqOVM.jpg\",\"contentUrl\":\"https:\/\/veritasinfo.org\/wp-content\/uploads\/2025\/12\/711775-fEyipmqOVM.jpg\",\"width\":780,\"height\":500},{\"@type\":\"BreadcrumbList\",\"@id\":\"https:\/\/veritasinfo.org\/?p=23594#breadcrumb\",\"itemListElement\":[{\"@type\":\"ListItem\",\"position\":1,\"name\":\"Home\",\"item\":\"https:\/\/veritasinfo.org\/\"},{\"@type\":\"ListItem\",\"position\":2,\"name\":\"Dimiq: Partit\u00eb q\u00eb veprojn\u00eb kund\u00ebr Kosov\u00ebs t\u00eb p\u00ebrjashtohen nga zgjedhjet\"}]},{\"@type\":\"WebSite\",\"@id\":\"https:\/\/veritasinfo.org\/#website\",\"url\":\"https:\/\/veritasinfo.org\/\",\"name\":\"\",\"description\":\"\",\"potentialAction\":[{\"@type\":\"SearchAction\",\"target\":{\"@type\":\"EntryPoint\",\"urlTemplate\":\"https:\/\/veritasinfo.org\/?s={search_term_string}\"},\"query-input\":{\"@type\":\"PropertyValueSpecification\",\"valueRequired\":true,\"valueName\":\"search_term_string\"}}],\"inLanguage\":\"en-US\"},{\"@type\":\"Person\",\"@id\":\"https:\/\/veritasinfo.org\/#\/schema\/person\/bc442336e35414d04494ab8fb45db4c6\",\"name\":\"US5\",\"image\":{\"@type\":\"ImageObject\",\"inLanguage\":\"en-US\",\"@id\":\"https:\/\/veritasinfo.org\/#\/schema\/person\/image\/\",\"url\":\"https:\/\/secure.gravatar.com\/avatar\/16a61e7272a0c5d001121ebb9e60e925d5816e4ac1e443ed3e640d9a6ae55d0c?s=96&d=mm&r=g\",\"contentUrl\":\"https:\/\/secure.gravatar.com\/avatar\/16a61e7272a0c5d001121ebb9e60e925d5816e4ac1e443ed3e640d9a6ae55d0c?s=96&d=mm&r=g\",\"caption\":\"US5\"},\"url\":\"https:\/\/veritasinfo.org\/?author=6\"}]}<\/script>\n<!-- \/ Yoast SEO plugin. -->","yoast_head_json":{"title":"Dimiq: Partit\u00eb q\u00eb veprojn\u00eb kund\u00ebr Kosov\u00ebs t\u00eb p\u00ebrjashtohen nga zgjedhjet -","robots":{"index":"index","follow":"follow","max-snippet":"max-snippet:-1","max-image-preview":"max-image-preview:large","max-video-preview":"max-video-preview:-1"},"canonical":"https:\/\/veritasinfo.org\/?p=23594","og_locale":"en_US","og_type":"article","og_title":"Dimiq: Partit\u00eb q\u00eb veprojn\u00eb kund\u00ebr Kosov\u00ebs t\u00eb p\u00ebrjashtohen nga zgjedhjet -","og_description":"Prishtin\u00eb 11 Dhjetor 2025 13:17 Radimir Dimiq, kryetari i Multietnikes s\u00eb Kosov\u00ebs(MEK), n\u00eb nj\u00eb deklarat\u00eb p\u00ebr media, tha se partit\u00eb politike q\u00eb veprojn\u00eb kund\u00ebr shtetit","og_url":"https:\/\/veritasinfo.org\/?p=23594","article_published_time":"2025-12-11T12:19:55+00:00","og_image":[{"width":780,"height":500,"url":"https:\/\/veritasinfo.org\/wp-content\/uploads\/2025\/12\/711775-fEyipmqOVM.jpg","type":"image\/jpeg"}],"author":"US5","twitter_card":"summary_large_image","twitter_misc":{"Written by":"US5"},"schema":{"@context":"https:\/\/schema.org","@graph":[{"@type":"WebPage","@id":"https:\/\/veritasinfo.org\/?p=23594","url":"https:\/\/veritasinfo.org\/?p=23594","name":"Dimiq: Partit\u00eb q\u00eb veprojn\u00eb kund\u00ebr Kosov\u00ebs t\u00eb p\u00ebrjashtohen nga zgjedhjet -","isPartOf":{"@id":"https:\/\/veritasinfo.org\/#website"},"primaryImageOfPage":{"@id":"https:\/\/veritasinfo.org\/?p=23594#primaryimage"},"image":{"@id":"https:\/\/veritasinfo.org\/?p=23594#primaryimage"},"thumbnailUrl":"https:\/\/veritasinfo.org\/wp-content\/uploads\/2025\/12\/711775-fEyipmqOVM.jpg","datePublished":"2025-12-11T12:19:55+00:00","author":{"@id":"https:\/\/veritasinfo.org\/#\/schema\/person\/bc442336e35414d04494ab8fb45db4c6"},"breadcrumb":{"@id":"https:\/\/veritasinfo.org\/?p=23594#breadcrumb"},"inLanguage":"en-US","potentialAction":[{"@type":"ReadAction","target":["https:\/\/veritasinfo.org\/?p=23594"]}]},{"@type":"ImageObject","inLanguage":"en-US","@id":"https:\/\/veritasinfo.org\/?p=23594#primaryimage","url":"https:\/\/veritasinfo.org\/wp-content\/uploads\/2025\/12\/711775-fEyipmqOVM.jpg","contentUrl":"https:\/\/veritasinfo.org\/wp-content\/uploads\/2025\/12\/711775-fEyipmqOVM.jpg","width":780,"height":500},{"@type":"BreadcrumbList","@id":"https:\/\/veritasinfo.org\/?p=23594#breadcrumb","itemListElement":[{"@type":"ListItem","position":1,"name":"Home","item":"https:\/\/veritasinfo.org\/"},{"@type":"ListItem","position":2,"name":"Dimiq: Partit\u00eb q\u00eb veprojn\u00eb kund\u00ebr Kosov\u00ebs t\u00eb p\u00ebrjashtohen nga zgjedhjet"}]},{"@type":"WebSite","@id":"https:\/\/veritasinfo.org\/#website","url":"https:\/\/veritasinfo.org\/","name":"","description":"","potentialAction":[{"@type":"SearchAction","target":{"@type":"EntryPoint","urlTemplate":"https:\/\/veritasinfo.org\/?s={search_term_string}"},"query-input":{"@type":"PropertyValueSpecification","valueRequired":true,"valueName":"search_term_string"}}],"inLanguage":"en-US"},{"@type":"Person","@id":"https:\/\/veritasinfo.org\/#\/schema\/person\/bc442336e35414d04494ab8fb45db4c6","name":"US5","image":{"@type":"ImageObject","inLanguage":"en-US","@id":"https:\/\/veritasinfo.org\/#\/schema\/person\/image\/","url":"https:\/\/secure.gravatar.com\/avatar\/16a61e7272a0c5d001121ebb9e60e925d5816e4ac1e443ed3e640d9a6ae55d0c?s=96&d=mm&r=g","contentUrl":"https:\/\/secure.gravatar.com\/avatar\/16a61e7272a0c5d001121ebb9e60e925d5816e4ac1e443ed3e640d9a6ae55d0c?s=96&d=mm&r=g","caption":"US5"},"url":"https:\/\/veritasinfo.org\/?author=6"}]}},"featured_image_urls":{"full":["https:\/\/veritasinfo.org\/wp-content\/uploads\/2025\/12\/711775-fEyipmqOVM.jpg",780,500,false],"thumbnail":["https:\/\/veritasinfo.org\/wp-content\/uploads\/2025\/12\/711775-fEyipmqOVM-150x150.jpg",150,150,true],"medium":["https:\/\/veritasinfo.org\/wp-content\/uploads\/2025\/12\/711775-fEyipmqOVM-300x192.jpg",300,192,true],"medium_large":["https:\/\/veritasinfo.org\/wp-content\/uploads\/2025\/12\/711775-fEyipmqOVM-768x492.jpg",640,410,true],"large":["https:\/\/veritasinfo.org\/wp-content\/uploads\/2025\/12\/711775-fEyipmqOVM.jpg",640,410,false],"1536x1536":["https:\/\/veritasinfo.org\/wp-content\/uploads\/2025\/12\/711775-fEyipmqOVM.jpg",780,500,false],"2048x2048":["https:\/\/veritasinfo.org\/wp-content\/uploads\/2025\/12\/711775-fEyipmqOVM.jpg",780,500,false],"kreeti-slider-full":["https:\/\/veritasinfo.org\/wp-content\/uploads\/2025\/12\/711775-fEyipmqOVM.jpg",780,500,false],"kreeti-featured":["https:\/\/veritasinfo.org\/wp-content\/uploads\/2025\/12\/711775-fEyipmqOVM.jpg",780,500,false],"kreeti-medium":["https:\/\/veritasinfo.org\/wp-content\/uploads\/2025\/12\/711775-fEyipmqOVM.jpg",720,462,false],"kreeti-medium-square":["https:\/\/veritasinfo.org\/wp-content\/uploads\/2025\/12\/711775-fEyipmqOVM.jpg",350,224,false]},"author_info":{"info":["US5"]},"category_info":"<a href=\"https:\/\/veritasinfo.org\/?cat=8\" rel=\"category\">Zgjedhjet parlamentare 2025<\/a>","tag_info":"Zgjedhjet parlamentare 2025","comment_count":"0","_links":{"self":[{"href":"https:\/\/veritasinfo.org\/index.php?rest_route=\/wp\/v2\/posts\/23594","targetHints":{"allow":["GET"]}}],"collection":[{"href":"https:\/\/veritasinfo.org\/index.php?rest_route=\/wp\/v2\/posts"}],"about":[{"href":"https:\/\/veritasinfo.org\/index.php?rest_route=\/wp\/v2\/types\/post"}],"author":[{"embeddable":true,"href":"https:\/\/veritasinfo.org\/index.php?rest_route=\/wp\/v2\/users\/6"}],"replies":[{"embeddable":true,"href":"https:\/\/veritasinfo.org\/index.php?rest_route=%2Fwp%2Fv2%2Fcomments&post=23594"}],"version-history":[{"count":1,"href":"https:\/\/veritasinfo.org\/index.php?rest_route=\/wp\/v2\/posts\/23594\/revisions"}],"predecessor-version":[{"id":23596,"href":"https:\/\/veritasinfo.org\/index.php?rest_route=\/wp\/v2\/posts\/23594\/revisions\/23596"}],"wp:featuredmedia":[{"embeddable":true,"href":"https:\/\/veritasinfo.org\/index.php?rest_route=\/wp\/v2\/media\/23595"}],"wp:attachment":[{"href":"https:\/\/veritasinfo.org\/index.php?rest_route=%2Fwp%2Fv2%2Fmedia&parent=23594"}],"wp:term":[{"taxonomy":"category","embeddable":true,"href":"https:\/\/veritasinfo.org\/index.php?rest_route=%2Fwp%2Fv2%2Fcategories&post=23594"},{"taxonomy":"post_tag","embeddable":true,"href":"https:\/\/veritasinfo.org\/index.php?rest_route=%2Fwp%2Fv2%2Ftags&post=23594"}],"curies":[{"name":"wp","href":"https:\/\/api.w.org\/{rel}","templated":true}]}}