{"id":23579,"date":"2025-12-11T10:09:14","date_gmt":"2025-12-11T09:09:14","guid":{"rendered":"https:\/\/veritasinfo.org\/?p=23579"},"modified":"2025-12-11T10:09:14","modified_gmt":"2025-12-11T09:09:14","slug":"filloi-regjistrimi-per-votim-te-personave-me-nevoja-te-vecanta","status":"publish","type":"post","link":"https:\/\/veritasinfo.org\/?p=23579","title":{"rendered":"Filloi regjistrimi p\u00ebr votim t\u00eb personave me nevoja t\u00eb ve\u00e7anta"},"content":{"rendered":"<p>Prishtin\u00eb 11 Dhjetor 2025. 10:07<\/p>\n<p>Komisioni Qendror i Zgjedhjeve, njofton se ka filluar regjistrimi p\u00ebr votim t\u00eb personave me nevoja t\u00eb ve\u00e7anta.<\/p>\n<p>&#8220;N\u00ebse p\u00ebr shkak t\u00eb aft\u00ebsis\u00eb s\u00eb kufizuar ose nevojave t\u00eb ve\u00e7anta nuk mund t\u00eb votoni n\u00eb vendvotimin tuaj, KQZ mund\u00ebson votimin n\u00eb adres\u00ebn tuaj p\u00ebrmes ekipeve mobile&#8221;, njofton KQZ.<\/p>\n<p>KQZ njofton se afati p\u00ebr regjistrim: 11 &#8211; 21 dhjetor 2025<br \/>\n&#8220;P\u00ebrmes platform\u00ebs s\u00eb KQZ-s\u00eb: https:\/\/vpnv.kqz-ks.org\/sq\/ Zyr\u00ebn e Komisionit Komunal t\u00eb Zgjedhjeve, p\u00ebr m\u00eb shum\u00eb informata: WhatsApp \/ Viber: +383 46 13 00 13 telefono pa pages\u00eb: 0800 55 555&#8221;, njofton KQZ.<\/p>\n","protected":false},"excerpt":{"rendered":"<p>Prishtin\u00eb 11 Dhjetor 2025. 10:07 Komisioni Qendror i Zgjedhjeve, njofton se ka filluar regjistrimi p\u00ebr votim t\u00eb personave me nevoja t\u00eb ve\u00e7anta. &#8220;N\u00ebse p\u00ebr shkak<\/p>\n","protected":false},"author":6,"featured_media":23580,"comment_status":"open","ping_status":"open","sticky":false,"template":"","format":"standard","meta":{"footnotes":""},"categories":[8],"tags":[],"class_list":["post-23579","post","type-post","status-publish","format-standard","has-post-thumbnail","hentry","category-blog-sq"],"yoast_head":"<!-- This site is optimized with the Yoast SEO plugin v25.3.1 - https:\/\/yoast.com\/wordpress\/plugins\/seo\/ -->\n<title>Filloi regjistrimi p\u00ebr votim t\u00eb personave me nevoja t\u00eb ve\u00e7anta -<\/title>\n<meta name=\"robots\" content=\"index, follow, max-snippet:-1, max-image-preview:large, max-video-preview:-1\" \/>\n<link rel=\"canonical\" href=\"https:\/\/veritasinfo.org\/?p=23579\" \/>\n<meta property=\"og:locale\" content=\"en_US\" \/>\n<meta property=\"og:type\" content=\"article\" \/>\n<meta property=\"og:title\" content=\"Filloi regjistrimi p\u00ebr votim t\u00eb personave me nevoja t\u00eb ve\u00e7anta -\" \/>\n<meta property=\"og:description\" content=\"Prishtin\u00eb 11 Dhjetor 2025. 10:07 Komisioni Qendror i Zgjedhjeve, njofton se ka filluar regjistrimi p\u00ebr votim t\u00eb personave me nevoja t\u00eb ve\u00e7anta. &#8220;N\u00ebse p\u00ebr shkak\" \/>\n<meta property=\"og:url\" content=\"https:\/\/veritasinfo.org\/?p=23579\" \/>\n<meta property=\"article:published_time\" content=\"2025-12-11T09:09:14+00:00\" \/>\n<meta property=\"og:image\" content=\"https:\/\/veritasinfo.org\/wp-content\/uploads\/2025\/12\/711752-rBGIBMxfXe.jpg\" \/>\n\t<meta property=\"og:image:width\" content=\"780\" \/>\n\t<meta property=\"og:image:height\" content=\"500\" \/>\n\t<meta property=\"og:image:type\" content=\"image\/jpeg\" \/>\n<meta name=\"author\" content=\"US5\" \/>\n<meta name=\"twitter:card\" content=\"summary_large_image\" \/>\n<meta name=\"twitter:label1\" content=\"Written by\" \/>\n\t<meta name=\"twitter:data1\" content=\"US5\" \/>\n<script type=\"application\/ld+json\" class=\"yoast-schema-graph\">{\"@context\":\"https:\/\/schema.org\",\"@graph\":[{\"@type\":\"WebPage\",\"@id\":\"https:\/\/veritasinfo.org\/?p=23579\",\"url\":\"https:\/\/veritasinfo.org\/?p=23579\",\"name\":\"Filloi regjistrimi p\u00ebr votim t\u00eb personave me nevoja t\u00eb ve\u00e7anta -\",\"isPartOf\":{\"@id\":\"https:\/\/veritasinfo.org\/#website\"},\"primaryImageOfPage\":{\"@id\":\"https:\/\/veritasinfo.org\/?p=23579#primaryimage\"},\"image\":{\"@id\":\"https:\/\/veritasinfo.org\/?p=23579#primaryimage\"},\"thumbnailUrl\":\"https:\/\/veritasinfo.org\/wp-content\/uploads\/2025\/12\/711752-rBGIBMxfXe.jpg\",\"datePublished\":\"2025-12-11T09:09:14+00:00\",\"author\":{\"@id\":\"https:\/\/veritasinfo.org\/#\/schema\/person\/bc442336e35414d04494ab8fb45db4c6\"},\"breadcrumb\":{\"@id\":\"https:\/\/veritasinfo.org\/?p=23579#breadcrumb\"},\"inLanguage\":\"en-US\",\"potentialAction\":[{\"@type\":\"ReadAction\",\"target\":[\"https:\/\/veritasinfo.org\/?p=23579\"]}]},{\"@type\":\"ImageObject\",\"inLanguage\":\"en-US\",\"@id\":\"https:\/\/veritasinfo.org\/?p=23579#primaryimage\",\"url\":\"https:\/\/veritasinfo.org\/wp-content\/uploads\/2025\/12\/711752-rBGIBMxfXe.jpg\",\"contentUrl\":\"https:\/\/veritasinfo.org\/wp-content\/uploads\/2025\/12\/711752-rBGIBMxfXe.jpg\",\"width\":780,\"height\":500},{\"@type\":\"BreadcrumbList\",\"@id\":\"https:\/\/veritasinfo.org\/?p=23579#breadcrumb\",\"itemListElement\":[{\"@type\":\"ListItem\",\"position\":1,\"name\":\"Home\",\"item\":\"https:\/\/veritasinfo.org\/\"},{\"@type\":\"ListItem\",\"position\":2,\"name\":\"Filloi regjistrimi p\u00ebr votim t\u00eb personave me nevoja t\u00eb ve\u00e7anta\"}]},{\"@type\":\"WebSite\",\"@id\":\"https:\/\/veritasinfo.org\/#website\",\"url\":\"https:\/\/veritasinfo.org\/\",\"name\":\"\",\"description\":\"\",\"potentialAction\":[{\"@type\":\"SearchAction\",\"target\":{\"@type\":\"EntryPoint\",\"urlTemplate\":\"https:\/\/veritasinfo.org\/?s={search_term_string}\"},\"query-input\":{\"@type\":\"PropertyValueSpecification\",\"valueRequired\":true,\"valueName\":\"search_term_string\"}}],\"inLanguage\":\"en-US\"},{\"@type\":\"Person\",\"@id\":\"https:\/\/veritasinfo.org\/#\/schema\/person\/bc442336e35414d04494ab8fb45db4c6\",\"name\":\"US5\",\"image\":{\"@type\":\"ImageObject\",\"inLanguage\":\"en-US\",\"@id\":\"https:\/\/veritasinfo.org\/#\/schema\/person\/image\/\",\"url\":\"https:\/\/secure.gravatar.com\/avatar\/16a61e7272a0c5d001121ebb9e60e925d5816e4ac1e443ed3e640d9a6ae55d0c?s=96&d=mm&r=g\",\"contentUrl\":\"https:\/\/secure.gravatar.com\/avatar\/16a61e7272a0c5d001121ebb9e60e925d5816e4ac1e443ed3e640d9a6ae55d0c?s=96&d=mm&r=g\",\"caption\":\"US5\"},\"url\":\"https:\/\/veritasinfo.org\/?author=6\"}]}<\/script>\n<!-- \/ Yoast SEO plugin. -->","yoast_head_json":{"title":"Filloi regjistrimi p\u00ebr votim t\u00eb personave me nevoja t\u00eb ve\u00e7anta -","robots":{"index":"index","follow":"follow","max-snippet":"max-snippet:-1","max-image-preview":"max-image-preview:large","max-video-preview":"max-video-preview:-1"},"canonical":"https:\/\/veritasinfo.org\/?p=23579","og_locale":"en_US","og_type":"article","og_title":"Filloi regjistrimi p\u00ebr votim t\u00eb personave me nevoja t\u00eb ve\u00e7anta -","og_description":"Prishtin\u00eb 11 Dhjetor 2025. 10:07 Komisioni Qendror i Zgjedhjeve, njofton se ka filluar regjistrimi p\u00ebr votim t\u00eb personave me nevoja t\u00eb ve\u00e7anta. &#8220;N\u00ebse p\u00ebr shkak","og_url":"https:\/\/veritasinfo.org\/?p=23579","article_published_time":"2025-12-11T09:09:14+00:00","og_image":[{"width":780,"height":500,"url":"https:\/\/veritasinfo.org\/wp-content\/uploads\/2025\/12\/711752-rBGIBMxfXe.jpg","type":"image\/jpeg"}],"author":"US5","twitter_card":"summary_large_image","twitter_misc":{"Written by":"US5"},"schema":{"@context":"https:\/\/schema.org","@graph":[{"@type":"WebPage","@id":"https:\/\/veritasinfo.org\/?p=23579","url":"https:\/\/veritasinfo.org\/?p=23579","name":"Filloi regjistrimi p\u00ebr votim t\u00eb personave me nevoja t\u00eb ve\u00e7anta -","isPartOf":{"@id":"https:\/\/veritasinfo.org\/#website"},"primaryImageOfPage":{"@id":"https:\/\/veritasinfo.org\/?p=23579#primaryimage"},"image":{"@id":"https:\/\/veritasinfo.org\/?p=23579#primaryimage"},"thumbnailUrl":"https:\/\/veritasinfo.org\/wp-content\/uploads\/2025\/12\/711752-rBGIBMxfXe.jpg","datePublished":"2025-12-11T09:09:14+00:00","author":{"@id":"https:\/\/veritasinfo.org\/#\/schema\/person\/bc442336e35414d04494ab8fb45db4c6"},"breadcrumb":{"@id":"https:\/\/veritasinfo.org\/?p=23579#breadcrumb"},"inLanguage":"en-US","potentialAction":[{"@type":"ReadAction","target":["https:\/\/veritasinfo.org\/?p=23579"]}]},{"@type":"ImageObject","inLanguage":"en-US","@id":"https:\/\/veritasinfo.org\/?p=23579#primaryimage","url":"https:\/\/veritasinfo.org\/wp-content\/uploads\/2025\/12\/711752-rBGIBMxfXe.jpg","contentUrl":"https:\/\/veritasinfo.org\/wp-content\/uploads\/2025\/12\/711752-rBGIBMxfXe.jpg","width":780,"height":500},{"@type":"BreadcrumbList","@id":"https:\/\/veritasinfo.org\/?p=23579#breadcrumb","itemListElement":[{"@type":"ListItem","position":1,"name":"Home","item":"https:\/\/veritasinfo.org\/"},{"@type":"ListItem","position":2,"name":"Filloi regjistrimi p\u00ebr votim t\u00eb personave me nevoja t\u00eb ve\u00e7anta"}]},{"@type":"WebSite","@id":"https:\/\/veritasinfo.org\/#website","url":"https:\/\/veritasinfo.org\/","name":"","description":"","potentialAction":[{"@type":"SearchAction","target":{"@type":"EntryPoint","urlTemplate":"https:\/\/veritasinfo.org\/?s={search_term_string}"},"query-input":{"@type":"PropertyValueSpecification","valueRequired":true,"valueName":"search_term_string"}}],"inLanguage":"en-US"},{"@type":"Person","@id":"https:\/\/veritasinfo.org\/#\/schema\/person\/bc442336e35414d04494ab8fb45db4c6","name":"US5","image":{"@type":"ImageObject","inLanguage":"en-US","@id":"https:\/\/veritasinfo.org\/#\/schema\/person\/image\/","url":"https:\/\/secure.gravatar.com\/avatar\/16a61e7272a0c5d001121ebb9e60e925d5816e4ac1e443ed3e640d9a6ae55d0c?s=96&d=mm&r=g","contentUrl":"https:\/\/secure.gravatar.com\/avatar\/16a61e7272a0c5d001121ebb9e60e925d5816e4ac1e443ed3e640d9a6ae55d0c?s=96&d=mm&r=g","caption":"US5"},"url":"https:\/\/veritasinfo.org\/?author=6"}]}},"featured_image_urls":{"full":["https:\/\/veritasinfo.org\/wp-content\/uploads\/2025\/12\/711752-rBGIBMxfXe.jpg",780,500,false],"thumbnail":["https:\/\/veritasinfo.org\/wp-content\/uploads\/2025\/12\/711752-rBGIBMxfXe-150x150.jpg",150,150,true],"medium":["https:\/\/veritasinfo.org\/wp-content\/uploads\/2025\/12\/711752-rBGIBMxfXe-300x192.jpg",300,192,true],"medium_large":["https:\/\/veritasinfo.org\/wp-content\/uploads\/2025\/12\/711752-rBGIBMxfXe-768x492.jpg",640,410,true],"large":["https:\/\/veritasinfo.org\/wp-content\/uploads\/2025\/12\/711752-rBGIBMxfXe.jpg",640,410,false],"1536x1536":["https:\/\/veritasinfo.org\/wp-content\/uploads\/2025\/12\/711752-rBGIBMxfXe.jpg",780,500,false],"2048x2048":["https:\/\/veritasinfo.org\/wp-content\/uploads\/2025\/12\/711752-rBGIBMxfXe.jpg",780,500,false],"kreeti-slider-full":["https:\/\/veritasinfo.org\/wp-content\/uploads\/2025\/12\/711752-rBGIBMxfXe.jpg",780,500,false],"kreeti-featured":["https:\/\/veritasinfo.org\/wp-content\/uploads\/2025\/12\/711752-rBGIBMxfXe.jpg",780,500,false],"kreeti-medium":["https:\/\/veritasinfo.org\/wp-content\/uploads\/2025\/12\/711752-rBGIBMxfXe.jpg",720,462,false],"kreeti-medium-square":["https:\/\/veritasinfo.org\/wp-content\/uploads\/2025\/12\/711752-rBGIBMxfXe.jpg",350,224,false]},"author_info":{"info":["US5"]},"category_info":"<a href=\"https:\/\/veritasinfo.org\/?cat=8\" rel=\"category\">Zgjedhjet parlamentare 2025<\/a>","tag_info":"Zgjedhjet parlamentare 2025","comment_count":"0","_links":{"self":[{"href":"https:\/\/veritasinfo.org\/index.php?rest_route=\/wp\/v2\/posts\/23579","targetHints":{"allow":["GET"]}}],"collection":[{"href":"https:\/\/veritasinfo.org\/index.php?rest_route=\/wp\/v2\/posts"}],"about":[{"href":"https:\/\/veritasinfo.org\/index.php?rest_route=\/wp\/v2\/types\/post"}],"author":[{"embeddable":true,"href":"https:\/\/veritasinfo.org\/index.php?rest_route=\/wp\/v2\/users\/6"}],"replies":[{"embeddable":true,"href":"https:\/\/veritasinfo.org\/index.php?rest_route=%2Fwp%2Fv2%2Fcomments&post=23579"}],"version-history":[{"count":1,"href":"https:\/\/veritasinfo.org\/index.php?rest_route=\/wp\/v2\/posts\/23579\/revisions"}],"predecessor-version":[{"id":23581,"href":"https:\/\/veritasinfo.org\/index.php?rest_route=\/wp\/v2\/posts\/23579\/revisions\/23581"}],"wp:featuredmedia":[{"embeddable":true,"href":"https:\/\/veritasinfo.org\/index.php?rest_route=\/wp\/v2\/media\/23580"}],"wp:attachment":[{"href":"https:\/\/veritasinfo.org\/index.php?rest_route=%2Fwp%2Fv2%2Fmedia&parent=23579"}],"wp:term":[{"taxonomy":"category","embeddable":true,"href":"https:\/\/veritasinfo.org\/index.php?rest_route=%2Fwp%2Fv2%2Fcategories&post=23579"},{"taxonomy":"post_tag","embeddable":true,"href":"https:\/\/veritasinfo.org\/index.php?rest_route=%2Fwp%2Fv2%2Ftags&post=23579"}],"curies":[{"name":"wp","href":"https:\/\/api.w.org\/{rel}","templated":true}]}}