{"id":2354,"date":"2025-07-03T11:23:44","date_gmt":"2025-07-03T09:23:44","guid":{"rendered":"https:\/\/veritasinfo.org\/?p=2354"},"modified":"2025-07-03T11:23:44","modified_gmt":"2025-07-03T09:23:44","slug":"qytetaret-e-mitrovices-veriore-per-ndertimin-e-urave-do-te-jete-me-e-lehte-per-te-gjithe","status":"publish","type":"post","link":"https:\/\/veritasinfo.org\/?p=2354","title":{"rendered":"Qytetar\u00ebt e Mitrovic\u00ebs Veriore p\u00ebr nd\u00ebrtimin e urave: &#8220;Do t\u00eb jet\u00eb m\u00eb e leht\u00eb p\u00ebr t\u00eb gjith\u00eb&#8221;"},"content":{"rendered":"<p><strong>Mitrovic\u00eb Veriore, 3 korrik 2025<\/strong><\/p>\n<p>Ura q\u00eb \u00ebsht\u00eb mbyllur p\u00ebr trafik n\u00eb Mitrovic\u00eb nuk \u00ebsht\u00eb m\u00eb tema kryesore. Nd\u00ebrtimi i dy urave t\u00eb reja ka filluar n\u00eb af\u00ebrsi t\u00eb saj. Kjo ka qen\u00eb tema kryesore midis qytetar\u00ebve n\u00eb dit\u00ebt e fundit. Pik\u00ebrisht p\u00ebr k\u00ebt\u00eb arsye, portali \u201cVeritas.info\u201d, i pyeti qytetar\u00ebt se \u00e7far\u00eb mendojn\u00eb p\u00ebr t\u00eb dhe \u00e7far\u00eb do t\u00eb thot\u00eb p\u00ebr ta.<\/p>\n<p>Qytetari i par\u00eb q\u00eb pyet\u00ebm, \u00ebsht\u00eb nj\u00eb serb tridhjet\u00ebvje\u00e7ar nga veriu i qytetit t\u00eb Mitrovic\u00ebs, D.P. . Ai u p\u00ebrgjigj shkurt: &#8220;Ato ura duhen nd\u00ebrtuar, kjo \u00ebsht\u00eb mir\u00eb. Do t\u00eb jet\u00eb m\u00eb e leht\u00eb p\u00ebr qytetar\u00ebt t\u00eb funksionojn\u00eb. Ata nuk do t\u00eb duhet t\u00eb shkojn\u00eb m\u00eb p\u00ebrmes Suhodollit kur duan t\u00eb shkojn\u00eb n\u00eb an\u00ebn jugore.<\/p>\n<p>Bashk\u00ebbiseduesi tjet\u00ebr \u0110.D., pyetjes son\u00eb se \u00e7far\u00eb mendon p\u00ebr nd\u00ebrtimin e urave t\u00eb reja n\u00eb qytetin ton\u00eb, p\u00ebrgjigjet si m\u00eb posht\u00eb: \u201cPo t\u00eb m\u00eb pyeste dikush mua, un\u00eb do thosha se p\u00ebrvec urave do duhej t\u00eb nd\u00ebrtohej edhe nj\u00eb sh\u00ebtitore, si n\u00eb nj\u00ebr\u00ebn an\u00eb ashtu edhe n\u00eb an\u00ebn tjet\u00ebr, n\u00eb m\u00ebnyr\u00eb q\u00eb qytetar\u00ebt t\u00eb mund t\u00eb ecin dhe t\u00eb arg\u00ebtohen.<\/p>\n<p>Ne gjithashtu pyet\u00ebm edhe nj\u00eb burr\u00eb nga komuniteti boshnjak E.P., i cili jeton n\u00eb veri. Ai p\u00ebrgjigjet p\u00ebr portalin ton\u00eb si m\u00eb posht\u00eb: &#8220;Duhet t\u00eb nd\u00ebrtohet. Kjo \u00ebsht\u00eb shum\u00eb mir\u00eb. Kur t\u00eb huajt nuk do ta b\u00ebjn\u00eb, do t&#8217;i nd\u00ebrtojm\u00eb vet\u00eb. T\u00eb gjith\u00eb do t\u00eb jen\u00eb m\u00eb mir\u00eb m\u00eb pas. Duhet gjithashtu q\u00eb edhe ura kryesore do t\u00eb hapet, k\u00ebshtu q\u00eb kushdo q\u00eb d\u00ebshiron ta p\u00ebrdor\u00eb at\u00eb, kurse kushdo q\u00eb nuk d\u00ebshiron, le t\u00eb q\u00ebndroj\u00eb i bllokuar dhe t\u00eb jetoj\u00eb k\u00ebshtu.&#8221;<\/p>\n<p>&nbsp;<\/p>\n","protected":false},"excerpt":{"rendered":"<p>Mitrovic\u00eb Veriore, 3 korrik 2025 Ura q\u00eb \u00ebsht\u00eb mbyllur p\u00ebr trafik n\u00eb Mitrovic\u00eb nuk \u00ebsht\u00eb m\u00eb tema kryesore. Nd\u00ebrtimi i dy urave t\u00eb reja ka<\/p>\n","protected":false},"author":2,"featured_media":2355,"comment_status":"open","ping_status":"open","sticky":false,"template":"","format":"standard","meta":{"footnotes":""},"categories":[58],"tags":[],"class_list":["post-2354","post","type-post","status-publish","format-standard","has-post-thumbnail","hentry","category-politike-sq"],"yoast_head":"<!-- This site is optimized with the Yoast SEO plugin v25.3.1 - https:\/\/yoast.com\/wordpress\/plugins\/seo\/ -->\n<title>Qytetar\u00ebt e Mitrovic\u00ebs Veriore p\u00ebr nd\u00ebrtimin e urave: &quot;Do t\u00eb jet\u00eb m\u00eb e leht\u00eb p\u00ebr t\u00eb gjith\u00eb&quot; -<\/title>\n<meta name=\"robots\" content=\"index, follow, max-snippet:-1, max-image-preview:large, max-video-preview:-1\" \/>\n<link rel=\"canonical\" href=\"https:\/\/veritasinfo.org\/?p=2354\" \/>\n<meta property=\"og:locale\" content=\"en_US\" \/>\n<meta property=\"og:type\" content=\"article\" \/>\n<meta property=\"og:title\" content=\"Qytetar\u00ebt e Mitrovic\u00ebs Veriore p\u00ebr nd\u00ebrtimin e urave: &quot;Do t\u00eb jet\u00eb m\u00eb e leht\u00eb p\u00ebr t\u00eb gjith\u00eb&quot; -\" \/>\n<meta property=\"og:description\" content=\"Mitrovic\u00eb Veriore, 3 korrik 2025 Ura q\u00eb \u00ebsht\u00eb mbyllur p\u00ebr trafik n\u00eb Mitrovic\u00eb nuk \u00ebsht\u00eb m\u00eb tema kryesore. Nd\u00ebrtimi i dy urave t\u00eb reja ka\" \/>\n<meta property=\"og:url\" content=\"https:\/\/veritasinfo.org\/?p=2354\" \/>\n<meta property=\"article:published_time\" content=\"2025-07-03T09:23:44+00:00\" \/>\n<meta property=\"og:image\" content=\"https:\/\/veritasinfo.org\/wp-content\/uploads\/2025\/07\/Ndertimi-i-Urave.jpg\" \/>\n\t<meta property=\"og:image:width\" content=\"1156\" \/>\n\t<meta property=\"og:image:height\" content=\"520\" \/>\n\t<meta property=\"og:image:type\" content=\"image\/jpeg\" \/>\n<meta name=\"author\" content=\"US1\" \/>\n<meta name=\"twitter:card\" content=\"summary_large_image\" \/>\n<meta name=\"twitter:label1\" content=\"Written by\" \/>\n\t<meta name=\"twitter:data1\" content=\"US1\" \/>\n\t<meta name=\"twitter:label2\" content=\"Est. reading time\" \/>\n\t<meta name=\"twitter:data2\" content=\"2 minutes\" \/>\n<script type=\"application\/ld+json\" class=\"yoast-schema-graph\">{\"@context\":\"https:\/\/schema.org\",\"@graph\":[{\"@type\":\"WebPage\",\"@id\":\"https:\/\/veritasinfo.org\/?p=2354\",\"url\":\"https:\/\/veritasinfo.org\/?p=2354\",\"name\":\"Qytetar\u00ebt e Mitrovic\u00ebs Veriore p\u00ebr nd\u00ebrtimin e urave: \\\"Do t\u00eb jet\u00eb m\u00eb e leht\u00eb p\u00ebr t\u00eb gjith\u00eb\\\" -\",\"isPartOf\":{\"@id\":\"https:\/\/veritasinfo.org\/#website\"},\"primaryImageOfPage\":{\"@id\":\"https:\/\/veritasinfo.org\/?p=2354#primaryimage\"},\"image\":{\"@id\":\"https:\/\/veritasinfo.org\/?p=2354#primaryimage\"},\"thumbnailUrl\":\"https:\/\/veritasinfo.org\/wp-content\/uploads\/2025\/07\/Ndertimi-i-Urave.jpg\",\"datePublished\":\"2025-07-03T09:23:44+00:00\",\"author\":{\"@id\":\"https:\/\/veritasinfo.org\/#\/schema\/person\/c2b8be262ea994d0995addca692c5e98\"},\"breadcrumb\":{\"@id\":\"https:\/\/veritasinfo.org\/?p=2354#breadcrumb\"},\"inLanguage\":\"en-US\",\"potentialAction\":[{\"@type\":\"ReadAction\",\"target\":[\"https:\/\/veritasinfo.org\/?p=2354\"]}]},{\"@type\":\"ImageObject\",\"inLanguage\":\"en-US\",\"@id\":\"https:\/\/veritasinfo.org\/?p=2354#primaryimage\",\"url\":\"https:\/\/veritasinfo.org\/wp-content\/uploads\/2025\/07\/Ndertimi-i-Urave.jpg\",\"contentUrl\":\"https:\/\/veritasinfo.org\/wp-content\/uploads\/2025\/07\/Ndertimi-i-Urave.jpg\",\"width\":1156,\"height\":520},{\"@type\":\"BreadcrumbList\",\"@id\":\"https:\/\/veritasinfo.org\/?p=2354#breadcrumb\",\"itemListElement\":[{\"@type\":\"ListItem\",\"position\":1,\"name\":\"Home\",\"item\":\"https:\/\/veritasinfo.org\/\"},{\"@type\":\"ListItem\",\"position\":2,\"name\":\"Qytetar\u00ebt e Mitrovic\u00ebs Veriore p\u00ebr nd\u00ebrtimin e urave: &#8220;Do t\u00eb jet\u00eb m\u00eb e leht\u00eb p\u00ebr t\u00eb gjith\u00eb&#8221;\"}]},{\"@type\":\"WebSite\",\"@id\":\"https:\/\/veritasinfo.org\/#website\",\"url\":\"https:\/\/veritasinfo.org\/\",\"name\":\"\",\"description\":\"\",\"potentialAction\":[{\"@type\":\"SearchAction\",\"target\":{\"@type\":\"EntryPoint\",\"urlTemplate\":\"https:\/\/veritasinfo.org\/?s={search_term_string}\"},\"query-input\":{\"@type\":\"PropertyValueSpecification\",\"valueRequired\":true,\"valueName\":\"search_term_string\"}}],\"inLanguage\":\"en-US\"},{\"@type\":\"Person\",\"@id\":\"https:\/\/veritasinfo.org\/#\/schema\/person\/c2b8be262ea994d0995addca692c5e98\",\"name\":\"US1\",\"image\":{\"@type\":\"ImageObject\",\"inLanguage\":\"en-US\",\"@id\":\"https:\/\/veritasinfo.org\/#\/schema\/person\/image\/\",\"url\":\"https:\/\/secure.gravatar.com\/avatar\/4e96a59bd256abf9956eb9963ac891a47461ffb364d47b0e9aab113328fdb75b?s=96&d=mm&r=g\",\"contentUrl\":\"https:\/\/secure.gravatar.com\/avatar\/4e96a59bd256abf9956eb9963ac891a47461ffb364d47b0e9aab113328fdb75b?s=96&d=mm&r=g\",\"caption\":\"US1\"},\"url\":\"https:\/\/veritasinfo.org\/?author=2\"}]}<\/script>\n<!-- \/ Yoast SEO plugin. -->","yoast_head_json":{"title":"Qytetar\u00ebt e Mitrovic\u00ebs Veriore p\u00ebr nd\u00ebrtimin e urave: \"Do t\u00eb jet\u00eb m\u00eb e leht\u00eb p\u00ebr t\u00eb gjith\u00eb\" -","robots":{"index":"index","follow":"follow","max-snippet":"max-snippet:-1","max-image-preview":"max-image-preview:large","max-video-preview":"max-video-preview:-1"},"canonical":"https:\/\/veritasinfo.org\/?p=2354","og_locale":"en_US","og_type":"article","og_title":"Qytetar\u00ebt e Mitrovic\u00ebs Veriore p\u00ebr nd\u00ebrtimin e urave: \"Do t\u00eb jet\u00eb m\u00eb e leht\u00eb p\u00ebr t\u00eb gjith\u00eb\" -","og_description":"Mitrovic\u00eb Veriore, 3 korrik 2025 Ura q\u00eb \u00ebsht\u00eb mbyllur p\u00ebr trafik n\u00eb Mitrovic\u00eb nuk \u00ebsht\u00eb m\u00eb tema kryesore. Nd\u00ebrtimi i dy urave t\u00eb reja ka","og_url":"https:\/\/veritasinfo.org\/?p=2354","article_published_time":"2025-07-03T09:23:44+00:00","og_image":[{"width":1156,"height":520,"url":"https:\/\/veritasinfo.org\/wp-content\/uploads\/2025\/07\/Ndertimi-i-Urave.jpg","type":"image\/jpeg"}],"author":"US1","twitter_card":"summary_large_image","twitter_misc":{"Written by":"US1","Est. reading time":"2 minutes"},"schema":{"@context":"https:\/\/schema.org","@graph":[{"@type":"WebPage","@id":"https:\/\/veritasinfo.org\/?p=2354","url":"https:\/\/veritasinfo.org\/?p=2354","name":"Qytetar\u00ebt e Mitrovic\u00ebs Veriore p\u00ebr nd\u00ebrtimin e urave: \"Do t\u00eb jet\u00eb m\u00eb e leht\u00eb p\u00ebr t\u00eb gjith\u00eb\" -","isPartOf":{"@id":"https:\/\/veritasinfo.org\/#website"},"primaryImageOfPage":{"@id":"https:\/\/veritasinfo.org\/?p=2354#primaryimage"},"image":{"@id":"https:\/\/veritasinfo.org\/?p=2354#primaryimage"},"thumbnailUrl":"https:\/\/veritasinfo.org\/wp-content\/uploads\/2025\/07\/Ndertimi-i-Urave.jpg","datePublished":"2025-07-03T09:23:44+00:00","author":{"@id":"https:\/\/veritasinfo.org\/#\/schema\/person\/c2b8be262ea994d0995addca692c5e98"},"breadcrumb":{"@id":"https:\/\/veritasinfo.org\/?p=2354#breadcrumb"},"inLanguage":"en-US","potentialAction":[{"@type":"ReadAction","target":["https:\/\/veritasinfo.org\/?p=2354"]}]},{"@type":"ImageObject","inLanguage":"en-US","@id":"https:\/\/veritasinfo.org\/?p=2354#primaryimage","url":"https:\/\/veritasinfo.org\/wp-content\/uploads\/2025\/07\/Ndertimi-i-Urave.jpg","contentUrl":"https:\/\/veritasinfo.org\/wp-content\/uploads\/2025\/07\/Ndertimi-i-Urave.jpg","width":1156,"height":520},{"@type":"BreadcrumbList","@id":"https:\/\/veritasinfo.org\/?p=2354#breadcrumb","itemListElement":[{"@type":"ListItem","position":1,"name":"Home","item":"https:\/\/veritasinfo.org\/"},{"@type":"ListItem","position":2,"name":"Qytetar\u00ebt e Mitrovic\u00ebs Veriore p\u00ebr nd\u00ebrtimin e urave: &#8220;Do t\u00eb jet\u00eb m\u00eb e leht\u00eb p\u00ebr t\u00eb gjith\u00eb&#8221;"}]},{"@type":"WebSite","@id":"https:\/\/veritasinfo.org\/#website","url":"https:\/\/veritasinfo.org\/","name":"","description":"","potentialAction":[{"@type":"SearchAction","target":{"@type":"EntryPoint","urlTemplate":"https:\/\/veritasinfo.org\/?s={search_term_string}"},"query-input":{"@type":"PropertyValueSpecification","valueRequired":true,"valueName":"search_term_string"}}],"inLanguage":"en-US"},{"@type":"Person","@id":"https:\/\/veritasinfo.org\/#\/schema\/person\/c2b8be262ea994d0995addca692c5e98","name":"US1","image":{"@type":"ImageObject","inLanguage":"en-US","@id":"https:\/\/veritasinfo.org\/#\/schema\/person\/image\/","url":"https:\/\/secure.gravatar.com\/avatar\/4e96a59bd256abf9956eb9963ac891a47461ffb364d47b0e9aab113328fdb75b?s=96&d=mm&r=g","contentUrl":"https:\/\/secure.gravatar.com\/avatar\/4e96a59bd256abf9956eb9963ac891a47461ffb364d47b0e9aab113328fdb75b?s=96&d=mm&r=g","caption":"US1"},"url":"https:\/\/veritasinfo.org\/?author=2"}]}},"featured_image_urls":{"full":["https:\/\/veritasinfo.org\/wp-content\/uploads\/2025\/07\/Ndertimi-i-Urave.jpg",1156,520,false],"thumbnail":["https:\/\/veritasinfo.org\/wp-content\/uploads\/2025\/07\/Ndertimi-i-Urave-150x150.jpg",150,150,true],"medium":["https:\/\/veritasinfo.org\/wp-content\/uploads\/2025\/07\/Ndertimi-i-Urave-300x135.jpg",300,135,true],"medium_large":["https:\/\/veritasinfo.org\/wp-content\/uploads\/2025\/07\/Ndertimi-i-Urave-768x345.jpg",640,288,true],"large":["https:\/\/veritasinfo.org\/wp-content\/uploads\/2025\/07\/Ndertimi-i-Urave-1024x461.jpg",640,288,true],"1536x1536":["https:\/\/veritasinfo.org\/wp-content\/uploads\/2025\/07\/Ndertimi-i-Urave.jpg",1156,520,false],"2048x2048":["https:\/\/veritasinfo.org\/wp-content\/uploads\/2025\/07\/Ndertimi-i-Urave.jpg",1156,520,false],"kreeti-slider-full":["https:\/\/veritasinfo.org\/wp-content\/uploads\/2025\/07\/Ndertimi-i-Urave.jpg",1156,520,false],"kreeti-featured":["https:\/\/veritasinfo.org\/wp-content\/uploads\/2025\/07\/Ndertimi-i-Urave.jpg",1024,461,false],"kreeti-medium":["https:\/\/veritasinfo.org\/wp-content\/uploads\/2025\/07\/Ndertimi-i-Urave.jpg",720,324,false],"kreeti-medium-square":["https:\/\/veritasinfo.org\/wp-content\/uploads\/2025\/07\/Ndertimi-i-Urave.jpg",350,157,false]},"author_info":{"info":["US1"]},"category_info":"<a href=\"https:\/\/veritasinfo.org\/?cat=58\" rel=\"category\">Politik\u00eb<\/a>","tag_info":"Politik\u00eb","comment_count":"0","_links":{"self":[{"href":"https:\/\/veritasinfo.org\/index.php?rest_route=\/wp\/v2\/posts\/2354","targetHints":{"allow":["GET"]}}],"collection":[{"href":"https:\/\/veritasinfo.org\/index.php?rest_route=\/wp\/v2\/posts"}],"about":[{"href":"https:\/\/veritasinfo.org\/index.php?rest_route=\/wp\/v2\/types\/post"}],"author":[{"embeddable":true,"href":"https:\/\/veritasinfo.org\/index.php?rest_route=\/wp\/v2\/users\/2"}],"replies":[{"embeddable":true,"href":"https:\/\/veritasinfo.org\/index.php?rest_route=%2Fwp%2Fv2%2Fcomments&post=2354"}],"version-history":[{"count":1,"href":"https:\/\/veritasinfo.org\/index.php?rest_route=\/wp\/v2\/posts\/2354\/revisions"}],"predecessor-version":[{"id":2356,"href":"https:\/\/veritasinfo.org\/index.php?rest_route=\/wp\/v2\/posts\/2354\/revisions\/2356"}],"wp:featuredmedia":[{"embeddable":true,"href":"https:\/\/veritasinfo.org\/index.php?rest_route=\/wp\/v2\/media\/2355"}],"wp:attachment":[{"href":"https:\/\/veritasinfo.org\/index.php?rest_route=%2Fwp%2Fv2%2Fmedia&parent=2354"}],"wp:term":[{"taxonomy":"category","embeddable":true,"href":"https:\/\/veritasinfo.org\/index.php?rest_route=%2Fwp%2Fv2%2Fcategories&post=2354"},{"taxonomy":"post_tag","embeddable":true,"href":"https:\/\/veritasinfo.org\/index.php?rest_route=%2Fwp%2Fv2%2Ftags&post=2354"}],"curies":[{"name":"wp","href":"https:\/\/api.w.org\/{rel}","templated":true}]}}