{"id":23529,"date":"2025-12-10T17:18:02","date_gmt":"2025-12-10T16:18:02","guid":{"rendered":"https:\/\/veritasinfo.org\/?p=23529"},"modified":"2025-12-10T17:18:02","modified_gmt":"2025-12-10T16:18:02","slug":"kqz-ja-nuk-certifikon-kandidatet-e-listes-serbe-per-zgjedhjet-e-28-dhjetorit","status":"publish","type":"post","link":"https:\/\/veritasinfo.org\/?p=23529","title":{"rendered":"KQZ-ja nuk certifikon kandidat\u00ebt e List\u00ebs Serbe p\u00ebr zgjedhjet e 28 dhjetorit"},"content":{"rendered":"<p>Prishtin\u00eb 10 Dhjetor 2025 17:17<br \/>\nKomisioni Qendror i Zgjedhjeve nuk i ka certifikuar kandidat\u00ebt e List\u00ebs Serbe p\u00ebr pjes\u00ebmarrje n\u00eb zgjedhjet e parakohshme t\u00eb 28 dhjetorit.<\/p>\n<p>K\u00ebshtu ka m\u00ebsuar gazetarja e Klan Kosova, Q\u00ebndresa T\u00ebrshani nga burime brenda k\u00ebtij institucioni.<\/p>\n<p>KQZ-ja nuk e kishte certifikuar fillimisht as List\u00ebn Serbe p\u00ebr zgjedhjet e 28 dhjetorit, por q\u00eb pas ankes\u00ebs s\u00eb k\u00ebtij subjekti politik n\u00eb PZAP, ky i fundit e kishte rr\u00ebzuar vendimin e Komisionit dhe kishte urdh\u00ebruar t\u00eb nj\u00ebjtin ta ndryshoj\u00eb vendimin e par\u00eb.<\/p>\n","protected":false},"excerpt":{"rendered":"<p>Prishtin\u00eb 10 Dhjetor 2025 17:17 Komisioni Qendror i Zgjedhjeve nuk i ka certifikuar kandidat\u00ebt e List\u00ebs Serbe p\u00ebr pjes\u00ebmarrje n\u00eb zgjedhjet e parakohshme t\u00eb 28<\/p>\n","protected":false},"author":6,"featured_media":23530,"comment_status":"open","ping_status":"open","sticky":false,"template":"","format":"standard","meta":{"footnotes":""},"categories":[8],"tags":[],"class_list":["post-23529","post","type-post","status-publish","format-standard","has-post-thumbnail","hentry","category-blog-sq"],"yoast_head":"<!-- This site is optimized with the Yoast SEO plugin v25.3.1 - https:\/\/yoast.com\/wordpress\/plugins\/seo\/ -->\n<title>KQZ-ja nuk certifikon kandidat\u00ebt e List\u00ebs Serbe p\u00ebr zgjedhjet e 28 dhjetorit -<\/title>\n<meta name=\"robots\" content=\"index, follow, max-snippet:-1, max-image-preview:large, max-video-preview:-1\" \/>\n<link rel=\"canonical\" href=\"https:\/\/veritasinfo.org\/?p=23529\" \/>\n<meta property=\"og:locale\" content=\"en_US\" \/>\n<meta property=\"og:type\" content=\"article\" \/>\n<meta property=\"og:title\" content=\"KQZ-ja nuk certifikon kandidat\u00ebt e List\u00ebs Serbe p\u00ebr zgjedhjet e 28 dhjetorit -\" \/>\n<meta property=\"og:description\" content=\"Prishtin\u00eb 10 Dhjetor 2025 17:17 Komisioni Qendror i Zgjedhjeve nuk i ka certifikuar kandidat\u00ebt e List\u00ebs Serbe p\u00ebr pjes\u00ebmarrje n\u00eb zgjedhjet e parakohshme t\u00eb 28\" \/>\n<meta property=\"og:url\" content=\"https:\/\/veritasinfo.org\/?p=23529\" \/>\n<meta property=\"article:published_time\" content=\"2025-12-10T16:18:02+00:00\" \/>\n<meta property=\"og:image\" content=\"https:\/\/veritasinfo.org\/wp-content\/uploads\/2025\/12\/images-2.jpeg\" \/>\n\t<meta property=\"og:image:width\" content=\"640\" \/>\n\t<meta property=\"og:image:height\" content=\"480\" \/>\n\t<meta property=\"og:image:type\" content=\"image\/jpeg\" \/>\n<meta name=\"author\" content=\"US5\" \/>\n<meta name=\"twitter:card\" content=\"summary_large_image\" \/>\n<meta name=\"twitter:label1\" content=\"Written by\" \/>\n\t<meta name=\"twitter:data1\" content=\"US5\" \/>\n\t<meta name=\"twitter:label2\" content=\"Est. reading time\" \/>\n\t<meta name=\"twitter:data2\" content=\"1 minute\" \/>\n<script type=\"application\/ld+json\" class=\"yoast-schema-graph\">{\"@context\":\"https:\/\/schema.org\",\"@graph\":[{\"@type\":\"WebPage\",\"@id\":\"https:\/\/veritasinfo.org\/?p=23529\",\"url\":\"https:\/\/veritasinfo.org\/?p=23529\",\"name\":\"KQZ-ja nuk certifikon kandidat\u00ebt e List\u00ebs Serbe p\u00ebr zgjedhjet e 28 dhjetorit -\",\"isPartOf\":{\"@id\":\"https:\/\/veritasinfo.org\/#website\"},\"primaryImageOfPage\":{\"@id\":\"https:\/\/veritasinfo.org\/?p=23529#primaryimage\"},\"image\":{\"@id\":\"https:\/\/veritasinfo.org\/?p=23529#primaryimage\"},\"thumbnailUrl\":\"https:\/\/veritasinfo.org\/wp-content\/uploads\/2025\/12\/images-2.jpeg\",\"datePublished\":\"2025-12-10T16:18:02+00:00\",\"author\":{\"@id\":\"https:\/\/veritasinfo.org\/#\/schema\/person\/bc442336e35414d04494ab8fb45db4c6\"},\"breadcrumb\":{\"@id\":\"https:\/\/veritasinfo.org\/?p=23529#breadcrumb\"},\"inLanguage\":\"en-US\",\"potentialAction\":[{\"@type\":\"ReadAction\",\"target\":[\"https:\/\/veritasinfo.org\/?p=23529\"]}]},{\"@type\":\"ImageObject\",\"inLanguage\":\"en-US\",\"@id\":\"https:\/\/veritasinfo.org\/?p=23529#primaryimage\",\"url\":\"https:\/\/veritasinfo.org\/wp-content\/uploads\/2025\/12\/images-2.jpeg\",\"contentUrl\":\"https:\/\/veritasinfo.org\/wp-content\/uploads\/2025\/12\/images-2.jpeg\",\"width\":640,\"height\":480},{\"@type\":\"BreadcrumbList\",\"@id\":\"https:\/\/veritasinfo.org\/?p=23529#breadcrumb\",\"itemListElement\":[{\"@type\":\"ListItem\",\"position\":1,\"name\":\"Home\",\"item\":\"https:\/\/veritasinfo.org\/\"},{\"@type\":\"ListItem\",\"position\":2,\"name\":\"KQZ-ja nuk certifikon kandidat\u00ebt e List\u00ebs Serbe p\u00ebr zgjedhjet e 28 dhjetorit\"}]},{\"@type\":\"WebSite\",\"@id\":\"https:\/\/veritasinfo.org\/#website\",\"url\":\"https:\/\/veritasinfo.org\/\",\"name\":\"\",\"description\":\"\",\"potentialAction\":[{\"@type\":\"SearchAction\",\"target\":{\"@type\":\"EntryPoint\",\"urlTemplate\":\"https:\/\/veritasinfo.org\/?s={search_term_string}\"},\"query-input\":{\"@type\":\"PropertyValueSpecification\",\"valueRequired\":true,\"valueName\":\"search_term_string\"}}],\"inLanguage\":\"en-US\"},{\"@type\":\"Person\",\"@id\":\"https:\/\/veritasinfo.org\/#\/schema\/person\/bc442336e35414d04494ab8fb45db4c6\",\"name\":\"US5\",\"image\":{\"@type\":\"ImageObject\",\"inLanguage\":\"en-US\",\"@id\":\"https:\/\/veritasinfo.org\/#\/schema\/person\/image\/\",\"url\":\"https:\/\/secure.gravatar.com\/avatar\/16a61e7272a0c5d001121ebb9e60e925d5816e4ac1e443ed3e640d9a6ae55d0c?s=96&d=mm&r=g\",\"contentUrl\":\"https:\/\/secure.gravatar.com\/avatar\/16a61e7272a0c5d001121ebb9e60e925d5816e4ac1e443ed3e640d9a6ae55d0c?s=96&d=mm&r=g\",\"caption\":\"US5\"},\"url\":\"https:\/\/veritasinfo.org\/?author=6\"}]}<\/script>\n<!-- \/ Yoast SEO plugin. -->","yoast_head_json":{"title":"KQZ-ja nuk certifikon kandidat\u00ebt e List\u00ebs Serbe p\u00ebr zgjedhjet e 28 dhjetorit -","robots":{"index":"index","follow":"follow","max-snippet":"max-snippet:-1","max-image-preview":"max-image-preview:large","max-video-preview":"max-video-preview:-1"},"canonical":"https:\/\/veritasinfo.org\/?p=23529","og_locale":"en_US","og_type":"article","og_title":"KQZ-ja nuk certifikon kandidat\u00ebt e List\u00ebs Serbe p\u00ebr zgjedhjet e 28 dhjetorit -","og_description":"Prishtin\u00eb 10 Dhjetor 2025 17:17 Komisioni Qendror i Zgjedhjeve nuk i ka certifikuar kandidat\u00ebt e List\u00ebs Serbe p\u00ebr pjes\u00ebmarrje n\u00eb zgjedhjet e parakohshme t\u00eb 28","og_url":"https:\/\/veritasinfo.org\/?p=23529","article_published_time":"2025-12-10T16:18:02+00:00","og_image":[{"width":640,"height":480,"url":"https:\/\/veritasinfo.org\/wp-content\/uploads\/2025\/12\/images-2.jpeg","type":"image\/jpeg"}],"author":"US5","twitter_card":"summary_large_image","twitter_misc":{"Written by":"US5","Est. reading time":"1 minute"},"schema":{"@context":"https:\/\/schema.org","@graph":[{"@type":"WebPage","@id":"https:\/\/veritasinfo.org\/?p=23529","url":"https:\/\/veritasinfo.org\/?p=23529","name":"KQZ-ja nuk certifikon kandidat\u00ebt e List\u00ebs Serbe p\u00ebr zgjedhjet e 28 dhjetorit -","isPartOf":{"@id":"https:\/\/veritasinfo.org\/#website"},"primaryImageOfPage":{"@id":"https:\/\/veritasinfo.org\/?p=23529#primaryimage"},"image":{"@id":"https:\/\/veritasinfo.org\/?p=23529#primaryimage"},"thumbnailUrl":"https:\/\/veritasinfo.org\/wp-content\/uploads\/2025\/12\/images-2.jpeg","datePublished":"2025-12-10T16:18:02+00:00","author":{"@id":"https:\/\/veritasinfo.org\/#\/schema\/person\/bc442336e35414d04494ab8fb45db4c6"},"breadcrumb":{"@id":"https:\/\/veritasinfo.org\/?p=23529#breadcrumb"},"inLanguage":"en-US","potentialAction":[{"@type":"ReadAction","target":["https:\/\/veritasinfo.org\/?p=23529"]}]},{"@type":"ImageObject","inLanguage":"en-US","@id":"https:\/\/veritasinfo.org\/?p=23529#primaryimage","url":"https:\/\/veritasinfo.org\/wp-content\/uploads\/2025\/12\/images-2.jpeg","contentUrl":"https:\/\/veritasinfo.org\/wp-content\/uploads\/2025\/12\/images-2.jpeg","width":640,"height":480},{"@type":"BreadcrumbList","@id":"https:\/\/veritasinfo.org\/?p=23529#breadcrumb","itemListElement":[{"@type":"ListItem","position":1,"name":"Home","item":"https:\/\/veritasinfo.org\/"},{"@type":"ListItem","position":2,"name":"KQZ-ja nuk certifikon kandidat\u00ebt e List\u00ebs Serbe p\u00ebr zgjedhjet e 28 dhjetorit"}]},{"@type":"WebSite","@id":"https:\/\/veritasinfo.org\/#website","url":"https:\/\/veritasinfo.org\/","name":"","description":"","potentialAction":[{"@type":"SearchAction","target":{"@type":"EntryPoint","urlTemplate":"https:\/\/veritasinfo.org\/?s={search_term_string}"},"query-input":{"@type":"PropertyValueSpecification","valueRequired":true,"valueName":"search_term_string"}}],"inLanguage":"en-US"},{"@type":"Person","@id":"https:\/\/veritasinfo.org\/#\/schema\/person\/bc442336e35414d04494ab8fb45db4c6","name":"US5","image":{"@type":"ImageObject","inLanguage":"en-US","@id":"https:\/\/veritasinfo.org\/#\/schema\/person\/image\/","url":"https:\/\/secure.gravatar.com\/avatar\/16a61e7272a0c5d001121ebb9e60e925d5816e4ac1e443ed3e640d9a6ae55d0c?s=96&d=mm&r=g","contentUrl":"https:\/\/secure.gravatar.com\/avatar\/16a61e7272a0c5d001121ebb9e60e925d5816e4ac1e443ed3e640d9a6ae55d0c?s=96&d=mm&r=g","caption":"US5"},"url":"https:\/\/veritasinfo.org\/?author=6"}]}},"featured_image_urls":{"full":["https:\/\/veritasinfo.org\/wp-content\/uploads\/2025\/12\/images-2.jpeg",640,480,false],"thumbnail":["https:\/\/veritasinfo.org\/wp-content\/uploads\/2025\/12\/images-2-150x150.jpeg",150,150,true],"medium":["https:\/\/veritasinfo.org\/wp-content\/uploads\/2025\/12\/images-2-300x225.jpeg",300,225,true],"medium_large":["https:\/\/veritasinfo.org\/wp-content\/uploads\/2025\/12\/images-2.jpeg",640,480,false],"large":["https:\/\/veritasinfo.org\/wp-content\/uploads\/2025\/12\/images-2.jpeg",640,480,false],"1536x1536":["https:\/\/veritasinfo.org\/wp-content\/uploads\/2025\/12\/images-2.jpeg",640,480,false],"2048x2048":["https:\/\/veritasinfo.org\/wp-content\/uploads\/2025\/12\/images-2.jpeg",640,480,false],"kreeti-slider-full":["https:\/\/veritasinfo.org\/wp-content\/uploads\/2025\/12\/images-2.jpeg",640,480,false],"kreeti-featured":["https:\/\/veritasinfo.org\/wp-content\/uploads\/2025\/12\/images-2.jpeg",640,480,false],"kreeti-medium":["https:\/\/veritasinfo.org\/wp-content\/uploads\/2025\/12\/images-2.jpeg",640,480,false],"kreeti-medium-square":["https:\/\/veritasinfo.org\/wp-content\/uploads\/2025\/12\/images-2.jpeg",350,263,false]},"author_info":{"info":["US5"]},"category_info":"<a href=\"https:\/\/veritasinfo.org\/?cat=8\" rel=\"category\">Zgjedhjet parlamentare 2025<\/a>","tag_info":"Zgjedhjet parlamentare 2025","comment_count":"0","_links":{"self":[{"href":"https:\/\/veritasinfo.org\/index.php?rest_route=\/wp\/v2\/posts\/23529","targetHints":{"allow":["GET"]}}],"collection":[{"href":"https:\/\/veritasinfo.org\/index.php?rest_route=\/wp\/v2\/posts"}],"about":[{"href":"https:\/\/veritasinfo.org\/index.php?rest_route=\/wp\/v2\/types\/post"}],"author":[{"embeddable":true,"href":"https:\/\/veritasinfo.org\/index.php?rest_route=\/wp\/v2\/users\/6"}],"replies":[{"embeddable":true,"href":"https:\/\/veritasinfo.org\/index.php?rest_route=%2Fwp%2Fv2%2Fcomments&post=23529"}],"version-history":[{"count":1,"href":"https:\/\/veritasinfo.org\/index.php?rest_route=\/wp\/v2\/posts\/23529\/revisions"}],"predecessor-version":[{"id":23531,"href":"https:\/\/veritasinfo.org\/index.php?rest_route=\/wp\/v2\/posts\/23529\/revisions\/23531"}],"wp:featuredmedia":[{"embeddable":true,"href":"https:\/\/veritasinfo.org\/index.php?rest_route=\/wp\/v2\/media\/23530"}],"wp:attachment":[{"href":"https:\/\/veritasinfo.org\/index.php?rest_route=%2Fwp%2Fv2%2Fmedia&parent=23529"}],"wp:term":[{"taxonomy":"category","embeddable":true,"href":"https:\/\/veritasinfo.org\/index.php?rest_route=%2Fwp%2Fv2%2Fcategories&post=23529"},{"taxonomy":"post_tag","embeddable":true,"href":"https:\/\/veritasinfo.org\/index.php?rest_route=%2Fwp%2Fv2%2Ftags&post=23529"}],"curies":[{"name":"wp","href":"https:\/\/api.w.org\/{rel}","templated":true}]}}