{"id":23521,"date":"2025-12-10T15:35:37","date_gmt":"2025-12-10T14:35:37","guid":{"rendered":"https:\/\/veritasinfo.org\/?p=23521"},"modified":"2025-12-10T15:35:37","modified_gmt":"2025-12-10T14:35:37","slug":"osmani-gjenocidi-i-millosheviqit-shkaktoi-dhimbje-te-thella-qe-sdo-te-shuhet-kurre","status":"publish","type":"post","link":"https:\/\/veritasinfo.org\/?p=23521","title":{"rendered":"Osmani: Gjenocidi i Millosheviqit shkaktoi dhimbje t\u00eb thella q\u00eb s\u2019do t\u00eb shuhet kurr\u00eb"},"content":{"rendered":"<p>Prishtin\u00eb 10 Dhjetor 2025 15:33<\/p>\n<p>Presidentja e Kosov\u00ebs, Vjosa Osmani, ka folur p\u00ebr viktimat e luft\u00ebs s\u00eb fundit gjat\u00eb vizit\u00ebs n\u00eb ekspozit\u00ebn \u201cE v\u00ebrteta, kujtesa, drejt\u00ebsia\u201d.<\/p>\n<p>Ajo theksoi se, fatkeq\u00ebsisht, n\u00eb \u00e7do konflikt m\u00eb s\u00eb shumti preken ata q\u00eb jan\u00eb m\u00eb t\u00eb pambrojturit: grat\u00eb, t\u00eb moshuarit dhe ve\u00e7an\u00ebrisht f\u00ebmij\u00ebt.<\/p>\n<p>Me rastin e Dit\u00ebs Nd\u00ebrkomb\u00ebtare t\u00eb t\u00eb Drejtave t\u00eb Njeriut, Osmani kujtoi r\u00ebnd\u00ebsin\u00eb e k\u00ebsaj date, q\u00eb simbolizon dinjitetin dhe barazin\u00eb universale.<\/p>\n<p>Ajo p\u00ebrmendi 10 dhjetorin e vitit 1948, kur u themelua Organizata e Kombeve t\u00eb Bashkuara p\u00ebr t\u00eb Drejtat e Njeriut dhe u form\u00ebsua juridikisht e drejta p\u00ebr t\u00eb jetuar, duke theksuar se \u00e7do jet\u00eb njer\u00ebzore ka vler\u00eb dhe meriton t\u00eb mbrohet, nd\u00ebrsa citoi edhe sloganin e asaj kohe: \u201cKurr\u00eb m\u00eb!\u201d.<\/p>\n<p>\u201cFatkeq\u00ebsisht, shprehja \u2018Kurr\u00eb m\u00eb\u2019 mbeti ve\u00e7 slogan, p\u00ebr shkak se ajo q\u00eb njer\u00ebzimi e pa gjat\u00eb Luft\u00ebs s\u00eb Dyt\u00eb Bot\u00ebrore, n\u00eb nj\u00eb mas\u00eb u p\u00ebrs\u00ebrit edhe n\u00eb rajonin ton\u00eb n\u00eb vitet \u201990-ta\u201d, tha presidentja, duke shtuar se edhe sot bota p\u00ebrballet me fatkeq\u00ebsi, dhun\u00eb dhe shkelje t\u00eb t\u00eb drejtave themelore t\u00eb njeriut.<\/p>\n<p>Osmani theksoi se populli i Kosov\u00ebs e di shum\u00eb mir\u00eb \u00e7far\u00eb n\u00ebnkupton kjo: krimet e luft\u00ebs, krimet kund\u00ebr njer\u00ebzimit dhe gjenocidi i ushtruar nga regjimi i Millosheviqit shkaktuan dhimbje t\u00eb thella q\u00eb nuk do t\u00eb shuhet kurr\u00eb.<\/p>\n<p>\u201cMij\u00ebra t\u00eb vrar\u00eb, p\u00ebrfshir\u00eb shum\u00eb f\u00ebmij\u00eb, mij\u00ebra gra e burra t\u00eb dhunuar, mij\u00ebra persona t\u00eb zhdukur me dhun\u00eb q\u00eb ende u mungojn\u00eb familjeve dhe gjith\u00eb Kosov\u00ebs. Dhimbja e tyre nuk njeh koh\u00eb, \u00ebsht\u00eb nj\u00eb plag\u00eb e hapur, plag\u00eb e gjall\u00eb, plag\u00eb q\u00eb kullon \u00e7do dit\u00eb dhe k\u00ebrkon drejt\u00ebsi\u201d, theksoi Osmani.<\/p>\n<p>Presidentja p\u00ebrmendi edhe vuajtjet e N\u00ebn\u00ebs Ferdonije, e cila humbi t\u00eb gjith\u00eb an\u00ebtar\u00ebt e familjes s\u00eb saj gjat\u00eb luft\u00ebs s\u00eb fundit, p\u00ebrfshir\u00eb djemt\u00eb dhe burrin, si dhe vuajtjet e shum\u00eb t\u00eb tjer\u00ebve q\u00eb kan\u00eb p\u00ebsuar r\u00ebnd\u00eb nga konflikti.<\/p>\n","protected":false},"excerpt":{"rendered":"<p>Prishtin\u00eb 10 Dhjetor 2025 15:33 Presidentja e Kosov\u00ebs, Vjosa Osmani, ka folur p\u00ebr viktimat e luft\u00ebs s\u00eb fundit gjat\u00eb vizit\u00ebs n\u00eb ekspozit\u00ebn \u201cE v\u00ebrteta, kujtesa,<\/p>\n","protected":false},"author":6,"featured_media":23522,"comment_status":"open","ping_status":"open","sticky":false,"template":"","format":"standard","meta":{"footnotes":""},"categories":[58],"tags":[],"class_list":["post-23521","post","type-post","status-publish","format-standard","has-post-thumbnail","hentry","category-politike-sq"],"yoast_head":"<!-- This site is optimized with the Yoast SEO plugin v25.3.1 - https:\/\/yoast.com\/wordpress\/plugins\/seo\/ -->\n<title>Osmani: Gjenocidi i Millosheviqit shkaktoi dhimbje t\u00eb thella q\u00eb s\u2019do t\u00eb shuhet kurr\u00eb -<\/title>\n<meta name=\"robots\" content=\"index, follow, max-snippet:-1, max-image-preview:large, max-video-preview:-1\" \/>\n<link rel=\"canonical\" href=\"https:\/\/veritasinfo.org\/?p=23521\" \/>\n<meta property=\"og:locale\" content=\"en_US\" \/>\n<meta property=\"og:type\" content=\"article\" \/>\n<meta property=\"og:title\" content=\"Osmani: Gjenocidi i Millosheviqit shkaktoi dhimbje t\u00eb thella q\u00eb s\u2019do t\u00eb shuhet kurr\u00eb -\" \/>\n<meta property=\"og:description\" content=\"Prishtin\u00eb 10 Dhjetor 2025 15:33 Presidentja e Kosov\u00ebs, Vjosa Osmani, ka folur p\u00ebr viktimat e luft\u00ebs s\u00eb fundit gjat\u00eb vizit\u00ebs n\u00eb ekspozit\u00ebn \u201cE v\u00ebrteta, kujtesa,\" \/>\n<meta property=\"og:url\" content=\"https:\/\/veritasinfo.org\/?p=23521\" \/>\n<meta property=\"article:published_time\" content=\"2025-12-10T14:35:37+00:00\" \/>\n<meta property=\"og:image\" content=\"https:\/\/veritasinfo.org\/wp-content\/uploads\/2025\/12\/images-1-1.jpeg\" \/>\n\t<meta property=\"og:image:width\" content=\"682\" \/>\n\t<meta property=\"og:image:height\" content=\"383\" \/>\n\t<meta property=\"og:image:type\" content=\"image\/jpeg\" \/>\n<meta name=\"author\" content=\"US5\" \/>\n<meta name=\"twitter:card\" content=\"summary_large_image\" \/>\n<meta name=\"twitter:label1\" content=\"Written by\" \/>\n\t<meta name=\"twitter:data1\" content=\"US5\" \/>\n<script type=\"application\/ld+json\" class=\"yoast-schema-graph\">{\"@context\":\"https:\/\/schema.org\",\"@graph\":[{\"@type\":\"WebPage\",\"@id\":\"https:\/\/veritasinfo.org\/?p=23521\",\"url\":\"https:\/\/veritasinfo.org\/?p=23521\",\"name\":\"Osmani: Gjenocidi i Millosheviqit shkaktoi dhimbje t\u00eb thella q\u00eb s\u2019do t\u00eb shuhet kurr\u00eb -\",\"isPartOf\":{\"@id\":\"https:\/\/veritasinfo.org\/#website\"},\"primaryImageOfPage\":{\"@id\":\"https:\/\/veritasinfo.org\/?p=23521#primaryimage\"},\"image\":{\"@id\":\"https:\/\/veritasinfo.org\/?p=23521#primaryimage\"},\"thumbnailUrl\":\"https:\/\/veritasinfo.org\/wp-content\/uploads\/2025\/12\/images-1-1.jpeg\",\"datePublished\":\"2025-12-10T14:35:37+00:00\",\"author\":{\"@id\":\"https:\/\/veritasinfo.org\/#\/schema\/person\/bc442336e35414d04494ab8fb45db4c6\"},\"breadcrumb\":{\"@id\":\"https:\/\/veritasinfo.org\/?p=23521#breadcrumb\"},\"inLanguage\":\"en-US\",\"potentialAction\":[{\"@type\":\"ReadAction\",\"target\":[\"https:\/\/veritasinfo.org\/?p=23521\"]}]},{\"@type\":\"ImageObject\",\"inLanguage\":\"en-US\",\"@id\":\"https:\/\/veritasinfo.org\/?p=23521#primaryimage\",\"url\":\"https:\/\/veritasinfo.org\/wp-content\/uploads\/2025\/12\/images-1-1.jpeg\",\"contentUrl\":\"https:\/\/veritasinfo.org\/wp-content\/uploads\/2025\/12\/images-1-1.jpeg\",\"width\":682,\"height\":383},{\"@type\":\"BreadcrumbList\",\"@id\":\"https:\/\/veritasinfo.org\/?p=23521#breadcrumb\",\"itemListElement\":[{\"@type\":\"ListItem\",\"position\":1,\"name\":\"Home\",\"item\":\"https:\/\/veritasinfo.org\/\"},{\"@type\":\"ListItem\",\"position\":2,\"name\":\"Osmani: Gjenocidi i Millosheviqit shkaktoi dhimbje t\u00eb thella q\u00eb s\u2019do t\u00eb shuhet kurr\u00eb\"}]},{\"@type\":\"WebSite\",\"@id\":\"https:\/\/veritasinfo.org\/#website\",\"url\":\"https:\/\/veritasinfo.org\/\",\"name\":\"\",\"description\":\"\",\"potentialAction\":[{\"@type\":\"SearchAction\",\"target\":{\"@type\":\"EntryPoint\",\"urlTemplate\":\"https:\/\/veritasinfo.org\/?s={search_term_string}\"},\"query-input\":{\"@type\":\"PropertyValueSpecification\",\"valueRequired\":true,\"valueName\":\"search_term_string\"}}],\"inLanguage\":\"en-US\"},{\"@type\":\"Person\",\"@id\":\"https:\/\/veritasinfo.org\/#\/schema\/person\/bc442336e35414d04494ab8fb45db4c6\",\"name\":\"US5\",\"image\":{\"@type\":\"ImageObject\",\"inLanguage\":\"en-US\",\"@id\":\"https:\/\/veritasinfo.org\/#\/schema\/person\/image\/\",\"url\":\"https:\/\/secure.gravatar.com\/avatar\/16a61e7272a0c5d001121ebb9e60e925d5816e4ac1e443ed3e640d9a6ae55d0c?s=96&d=mm&r=g\",\"contentUrl\":\"https:\/\/secure.gravatar.com\/avatar\/16a61e7272a0c5d001121ebb9e60e925d5816e4ac1e443ed3e640d9a6ae55d0c?s=96&d=mm&r=g\",\"caption\":\"US5\"},\"url\":\"https:\/\/veritasinfo.org\/?author=6\"}]}<\/script>\n<!-- \/ Yoast SEO plugin. -->","yoast_head_json":{"title":"Osmani: Gjenocidi i Millosheviqit shkaktoi dhimbje t\u00eb thella q\u00eb s\u2019do t\u00eb shuhet kurr\u00eb -","robots":{"index":"index","follow":"follow","max-snippet":"max-snippet:-1","max-image-preview":"max-image-preview:large","max-video-preview":"max-video-preview:-1"},"canonical":"https:\/\/veritasinfo.org\/?p=23521","og_locale":"en_US","og_type":"article","og_title":"Osmani: Gjenocidi i Millosheviqit shkaktoi dhimbje t\u00eb thella q\u00eb s\u2019do t\u00eb shuhet kurr\u00eb -","og_description":"Prishtin\u00eb 10 Dhjetor 2025 15:33 Presidentja e Kosov\u00ebs, Vjosa Osmani, ka folur p\u00ebr viktimat e luft\u00ebs s\u00eb fundit gjat\u00eb vizit\u00ebs n\u00eb ekspozit\u00ebn \u201cE v\u00ebrteta, kujtesa,","og_url":"https:\/\/veritasinfo.org\/?p=23521","article_published_time":"2025-12-10T14:35:37+00:00","og_image":[{"width":682,"height":383,"url":"https:\/\/veritasinfo.org\/wp-content\/uploads\/2025\/12\/images-1-1.jpeg","type":"image\/jpeg"}],"author":"US5","twitter_card":"summary_large_image","twitter_misc":{"Written by":"US5"},"schema":{"@context":"https:\/\/schema.org","@graph":[{"@type":"WebPage","@id":"https:\/\/veritasinfo.org\/?p=23521","url":"https:\/\/veritasinfo.org\/?p=23521","name":"Osmani: Gjenocidi i Millosheviqit shkaktoi dhimbje t\u00eb thella q\u00eb s\u2019do t\u00eb shuhet kurr\u00eb -","isPartOf":{"@id":"https:\/\/veritasinfo.org\/#website"},"primaryImageOfPage":{"@id":"https:\/\/veritasinfo.org\/?p=23521#primaryimage"},"image":{"@id":"https:\/\/veritasinfo.org\/?p=23521#primaryimage"},"thumbnailUrl":"https:\/\/veritasinfo.org\/wp-content\/uploads\/2025\/12\/images-1-1.jpeg","datePublished":"2025-12-10T14:35:37+00:00","author":{"@id":"https:\/\/veritasinfo.org\/#\/schema\/person\/bc442336e35414d04494ab8fb45db4c6"},"breadcrumb":{"@id":"https:\/\/veritasinfo.org\/?p=23521#breadcrumb"},"inLanguage":"en-US","potentialAction":[{"@type":"ReadAction","target":["https:\/\/veritasinfo.org\/?p=23521"]}]},{"@type":"ImageObject","inLanguage":"en-US","@id":"https:\/\/veritasinfo.org\/?p=23521#primaryimage","url":"https:\/\/veritasinfo.org\/wp-content\/uploads\/2025\/12\/images-1-1.jpeg","contentUrl":"https:\/\/veritasinfo.org\/wp-content\/uploads\/2025\/12\/images-1-1.jpeg","width":682,"height":383},{"@type":"BreadcrumbList","@id":"https:\/\/veritasinfo.org\/?p=23521#breadcrumb","itemListElement":[{"@type":"ListItem","position":1,"name":"Home","item":"https:\/\/veritasinfo.org\/"},{"@type":"ListItem","position":2,"name":"Osmani: Gjenocidi i Millosheviqit shkaktoi dhimbje t\u00eb thella q\u00eb s\u2019do t\u00eb shuhet kurr\u00eb"}]},{"@type":"WebSite","@id":"https:\/\/veritasinfo.org\/#website","url":"https:\/\/veritasinfo.org\/","name":"","description":"","potentialAction":[{"@type":"SearchAction","target":{"@type":"EntryPoint","urlTemplate":"https:\/\/veritasinfo.org\/?s={search_term_string}"},"query-input":{"@type":"PropertyValueSpecification","valueRequired":true,"valueName":"search_term_string"}}],"inLanguage":"en-US"},{"@type":"Person","@id":"https:\/\/veritasinfo.org\/#\/schema\/person\/bc442336e35414d04494ab8fb45db4c6","name":"US5","image":{"@type":"ImageObject","inLanguage":"en-US","@id":"https:\/\/veritasinfo.org\/#\/schema\/person\/image\/","url":"https:\/\/secure.gravatar.com\/avatar\/16a61e7272a0c5d001121ebb9e60e925d5816e4ac1e443ed3e640d9a6ae55d0c?s=96&d=mm&r=g","contentUrl":"https:\/\/secure.gravatar.com\/avatar\/16a61e7272a0c5d001121ebb9e60e925d5816e4ac1e443ed3e640d9a6ae55d0c?s=96&d=mm&r=g","caption":"US5"},"url":"https:\/\/veritasinfo.org\/?author=6"}]}},"featured_image_urls":{"full":["https:\/\/veritasinfo.org\/wp-content\/uploads\/2025\/12\/images-1-1.jpeg",682,383,false],"thumbnail":["https:\/\/veritasinfo.org\/wp-content\/uploads\/2025\/12\/images-1-1-150x150.jpeg",150,150,true],"medium":["https:\/\/veritasinfo.org\/wp-content\/uploads\/2025\/12\/images-1-1-300x168.jpeg",300,168,true],"medium_large":["https:\/\/veritasinfo.org\/wp-content\/uploads\/2025\/12\/images-1-1.jpeg",640,359,false],"large":["https:\/\/veritasinfo.org\/wp-content\/uploads\/2025\/12\/images-1-1.jpeg",640,359,false],"1536x1536":["https:\/\/veritasinfo.org\/wp-content\/uploads\/2025\/12\/images-1-1.jpeg",682,383,false],"2048x2048":["https:\/\/veritasinfo.org\/wp-content\/uploads\/2025\/12\/images-1-1.jpeg",682,383,false],"kreeti-slider-full":["https:\/\/veritasinfo.org\/wp-content\/uploads\/2025\/12\/images-1-1.jpeg",682,383,false],"kreeti-featured":["https:\/\/veritasinfo.org\/wp-content\/uploads\/2025\/12\/images-1-1.jpeg",682,383,false],"kreeti-medium":["https:\/\/veritasinfo.org\/wp-content\/uploads\/2025\/12\/images-1-1.jpeg",682,383,false],"kreeti-medium-square":["https:\/\/veritasinfo.org\/wp-content\/uploads\/2025\/12\/images-1-1.jpeg",350,197,false]},"author_info":{"info":["US5"]},"category_info":"<a href=\"https:\/\/veritasinfo.org\/?cat=58\" rel=\"category\">Politik\u00eb<\/a>","tag_info":"Politik\u00eb","comment_count":"0","_links":{"self":[{"href":"https:\/\/veritasinfo.org\/index.php?rest_route=\/wp\/v2\/posts\/23521","targetHints":{"allow":["GET"]}}],"collection":[{"href":"https:\/\/veritasinfo.org\/index.php?rest_route=\/wp\/v2\/posts"}],"about":[{"href":"https:\/\/veritasinfo.org\/index.php?rest_route=\/wp\/v2\/types\/post"}],"author":[{"embeddable":true,"href":"https:\/\/veritasinfo.org\/index.php?rest_route=\/wp\/v2\/users\/6"}],"replies":[{"embeddable":true,"href":"https:\/\/veritasinfo.org\/index.php?rest_route=%2Fwp%2Fv2%2Fcomments&post=23521"}],"version-history":[{"count":1,"href":"https:\/\/veritasinfo.org\/index.php?rest_route=\/wp\/v2\/posts\/23521\/revisions"}],"predecessor-version":[{"id":23523,"href":"https:\/\/veritasinfo.org\/index.php?rest_route=\/wp\/v2\/posts\/23521\/revisions\/23523"}],"wp:featuredmedia":[{"embeddable":true,"href":"https:\/\/veritasinfo.org\/index.php?rest_route=\/wp\/v2\/media\/23522"}],"wp:attachment":[{"href":"https:\/\/veritasinfo.org\/index.php?rest_route=%2Fwp%2Fv2%2Fmedia&parent=23521"}],"wp:term":[{"taxonomy":"category","embeddable":true,"href":"https:\/\/veritasinfo.org\/index.php?rest_route=%2Fwp%2Fv2%2Fcategories&post=23521"},{"taxonomy":"post_tag","embeddable":true,"href":"https:\/\/veritasinfo.org\/index.php?rest_route=%2Fwp%2Fv2%2Ftags&post=23521"}],"curies":[{"name":"wp","href":"https:\/\/api.w.org\/{rel}","templated":true}]}}